{"id":7123,"date":"2024-10-03T11:30:26","date_gmt":"2024-10-03T11:30:26","guid":{"rendered":"https:\/\/challengeseconomiques.com\/?p=7123"},"modified":"2024-10-03T11:32:53","modified_gmt":"2024-10-03T11:32:53","slug":"senegal-turquie-cooperation-les-echanges-commerciaux-entre-dakar-et-ankara-passent-de-425-milliards-en-2010-a-185-milliards-fca-en-2023","status":"publish","type":"post","link":"https:\/\/challengeseconomiques.com\/?p=7123","title":{"rendered":"SENEGAL-TURQUIE-COOPERATION \/ Les \u00e9changes commerciaux entre Dakar et Ankara passent de 42,5 milliards en 2010 \u00e0 185 milliards FCA en 2023"},"content":{"rendered":"<p><strong>\u00a0Les \u00e9changes commerciaux entre le S\u00e9n\u00e9gal et la Turquie sont pass\u00e9s de 42,5 milliards de FCFA en 2010 \u00e0 185 milliards de francs CFA en 2023, avec un pic de 261 milliards 2022, a indiqu\u00e9, lundi, Khare Diouf, secr\u00e9taire g\u00e9n\u00e9ral du minist\u00e8re de l\u2019Int\u00e9gration africaine et des Affaires \u00e9trang\u00e8re.<\/strong><\/p>\n<p>\u201dCes chiffres t\u00e9moignent de la volont\u00e9 d\u2019atteindre l\u2019objectif de porter ce volume \u00e0 500 milliards de FCFA dans les prochaines ann\u00e9es\u201d, a dit M. Diouf lors\u00a0d\u2019une rencontre avec une d\u00e9l\u00e9gation turque, conduite par Burhanettin Duran, vice-ministre turc des Affaires \u00e9trang\u00e8res, coupl\u00e9e \u00e0 la tenue \u00e0 la 3e session des consultations politiques entre les deux pays.<\/p>\n<p>\u201dCette visite, a-t-il pr\u00e9cis\u00e9, s\u2019inscrit dans le cadre de la dynamique bien ancr\u00e9e de consolidation des relations d\u2019amiti\u00e9, de confiance et de partenariat f\u00e9cond qui unissent nos deux pays. Elle co\u00efncide avec la tenue de la 3e session des consultations politiques entre les deux pays\u201d.<\/p>\n<p>Selon lui, cette visite ambitionne vise \u00e9galement de pr\u00e9parer la premi\u00e8re visite du pr\u00e9sident Bassirou Diomaye Diakhar Faye, en Turquie, le 31 octobre 2024.<\/p>\n<p>Plusieurs sujets relatifs aux \u00e9changes commerciaux, aux relations politiques bilat\u00e9rales, \u00e0 la coop\u00e9ration militaire, \u00e0 l\u2019industrie, \u00e0 la d\u00e9fense et \u00e0 la s\u00e9curit\u00e9 ainsi que dans les domaines du commerce, de l\u2019\u00e9conomie et de l\u2019industrie ont \u00e9t\u00e9 abord\u00e9s au cours de cette rencontre.<\/p>\n<p>Le domaine du d\u00e9veloppement et des affaires sociales, la coop\u00e9ration dans les domaines consulaires et de la migration ont \u00e9t\u00e9 \u00e9galement au menu de m\u00eame que les accords \u00e0 signer dans le cadre de la visite prochaine du pr\u00e9sident de la R\u00e9publique du S\u00e9n\u00e9gal en Turquie.<\/p>\n<p>Khare Diouf a rappel\u00e9 que la coop\u00e9ration s\u00e9n\u00e9galo-turque remonte \u00e0 1962. \u201dDes avanc\u00e9es notables ont \u00e9t\u00e9 r\u00e9alis\u00e9es, particuli\u00e8rement ces derni\u00e8res ann\u00e9es gr\u00e2ce \u00e0 l\u2019exploitation du fort potentiel, dans un cadre gagnant-gagnant, et \u00e0 l\u2019engagement du gouvernement turc \u00e0 soutenir les efforts de d\u00e9veloppement du S\u00e9n\u00e9gal\u201d, a-t-il soulign\u00e9.<\/p>\n<p>M. Diouf a salu\u00e9 la \u201drichesse d\u2019un cadre juridique regroupant plusieurs accords et protocoles dans les domaines de l\u2019\u00e9conomie, du commerce, de l\u2019industrie, de l\u2019\u00e9ducation, de l\u2019agriculture, de la s\u00e9curit\u00e9\u201d.<\/p>\n<p>Par ailleurs, il a insist\u00e9 sur la n\u00e9cessit\u00e9 d\u2019\u0153uvrer \u00e0 augmenter le volume des investissements directs \u00e9trangers (IDE), \u00e0 inciter \u00e0 davantage de d\u00e9localisation d\u2019entreprises turques au S\u00e9n\u00e9gal et \u00e0 favoriser le financement de projets \u00e0 fort impact social, destin\u00e9s \u00e0 servir de socle pour l\u2019atteinte des objectifs de d\u00e9veloppement durable.<\/p>\n<p><strong>(APS)<br \/>\n<\/strong><\/p>\n","protected":false},"excerpt":{"rendered":"<p>\u00a0Les \u00e9changes commerciaux entre le S\u00e9n\u00e9gal et la Turquie sont pass\u00e9s de 42,5 milliards de FCFA en 2010 \u00e0 185 milliards de francs CFA en&#8230;<\/p>\n","protected":false},"author":1,"featured_media":7124,"comment_status":"closed","ping_status":"open","sticky":false,"template":"","format":"standard","meta":{"_jetpack_memberships_contains_paid_content":false,"footnotes":""},"categories":[23],"tags":[],"class_list":["post-7123","post","type-post","status-publish","format-standard","has-post-thumbnail","hentry","category-a-la-une","wpcat-23-id"],"yoast_head":"<!-- This site is optimized with the Yoast SEO plugin v27.1.1 - https:\/\/yoast.com\/product\/yoast-seo-wordpress\/ -->\n<title>SENEGAL-TURQUIE-COOPERATION \/ Les \u00e9changes commerciaux entre Dakar et Ankara passent de 42,5 milliards en 2010 \u00e0 185 milliards FCA en 2023 - challenges economiques<\/title>\n<meta name=\"robots\" content=\"index, follow, max-snippet:-1, max-image-preview:large, max-video-preview:-1\" \/>\n<link rel=\"canonical\" href=\"https:\/\/challengeseconomiques.com\/?p=7123\" \/>\n<meta property=\"og:locale\" content=\"fr_FR\" \/>\n<meta property=\"og:type\" content=\"article\" \/>\n<meta property=\"og:title\" content=\"SENEGAL-TURQUIE-COOPERATION \/ Les \u00e9changes commerciaux entre Dakar et Ankara passent de 42,5 milliards en 2010 \u00e0 185 milliards FCA en 2023 - challenges economiques\" \/>\n<meta property=\"og:description\" content=\"\u00a0Les \u00e9changes commerciaux entre le S\u00e9n\u00e9gal et la Turquie sont pass\u00e9s de 42,5 milliards de FCFA en 2010 \u00e0 185 milliards de francs CFA en...\" \/>\n<meta property=\"og:url\" content=\"https:\/\/challengeseconomiques.com\/?p=7123\" \/>\n<meta property=\"og:site_name\" content=\"challenges economiques\" \/>\n<meta property=\"article:published_time\" content=\"2024-10-03T11:30:26+00:00\" \/>\n<meta property=\"article:modified_time\" content=\"2024-10-03T11:32:53+00:00\" \/>\n<meta property=\"og:image\" content=\"https:\/\/challengeseconomiques.com\/wp-content\/uploads\/2024\/10\/turquie.jpg\" \/>\n\t<meta property=\"og:image:width\" content=\"1300\" \/>\n\t<meta property=\"og:image:height\" content=\"780\" \/>\n\t<meta property=\"og:image:type\" content=\"image\/jpeg\" \/>\n<meta name=\"author\" content=\"admin\" \/>\n<meta name=\"twitter:card\" content=\"summary_large_image\" \/>\n<meta name=\"twitter:label1\" content=\"\u00c9crit par\" \/>\n\t<meta name=\"twitter:data1\" content=\"admin\" \/>\n\t<meta name=\"twitter:label2\" content=\"Dur\u00e9e de lecture estim\u00e9e\" \/>\n\t<meta name=\"twitter:data2\" content=\"2 minutes\" \/>\n<script type=\"application\/ld+json\" class=\"yoast-schema-graph\">{\"@context\":\"https:\/\/schema.org\",\"@graph\":[{\"@type\":\"Article\",\"@id\":\"https:\/\/challengeseconomiques.com\/?p=7123#article\",\"isPartOf\":{\"@id\":\"https:\/\/challengeseconomiques.com\/?p=7123\"},\"author\":{\"name\":\"admin\",\"@id\":\"https:\/\/challengeseconomiques.com\/#\/schema\/person\/b4568c9afebc5a9238a771873801e349\"},\"headline\":\"SENEGAL-TURQUIE-COOPERATION \/ Les \u00e9changes commerciaux entre Dakar et Ankara passent de 42,5 milliards en 2010 \u00e0 185 milliards FCA en 2023\",\"datePublished\":\"2024-10-03T11:30:26+00:00\",\"dateModified\":\"2024-10-03T11:32:53+00:00\",\"mainEntityOfPage\":{\"@id\":\"https:\/\/challengeseconomiques.com\/?p=7123\"},\"wordCount\":451,\"image\":{\"@id\":\"https:\/\/challengeseconomiques.com\/?p=7123#primaryimage\"},\"thumbnailUrl\":\"https:\/\/challengeseconomiques.com\/wp-content\/uploads\/2024\/10\/turquie.jpg\",\"articleSection\":[\"A la une\"],\"inLanguage\":\"fr-FR\"},{\"@type\":\"WebPage\",\"@id\":\"https:\/\/challengeseconomiques.com\/?p=7123\",\"url\":\"https:\/\/challengeseconomiques.com\/?p=7123\",\"name\":\"SENEGAL-TURQUIE-COOPERATION \/ Les \u00e9changes commerciaux entre Dakar et Ankara passent de 42,5 milliards en 2010 \u00e0 185 milliards FCA en 2023 - challenges economiques\",\"isPartOf\":{\"@id\":\"https:\/\/challengeseconomiques.com\/#website\"},\"primaryImageOfPage\":{\"@id\":\"https:\/\/challengeseconomiques.com\/?p=7123#primaryimage\"},\"image\":{\"@id\":\"https:\/\/challengeseconomiques.com\/?p=7123#primaryimage\"},\"thumbnailUrl\":\"https:\/\/challengeseconomiques.com\/wp-content\/uploads\/2024\/10\/turquie.jpg\",\"datePublished\":\"2024-10-03T11:30:26+00:00\",\"dateModified\":\"2024-10-03T11:32:53+00:00\",\"author\":{\"@id\":\"https:\/\/challengeseconomiques.com\/#\/schema\/person\/b4568c9afebc5a9238a771873801e349\"},\"breadcrumb\":{\"@id\":\"https:\/\/challengeseconomiques.com\/?p=7123#breadcrumb\"},\"inLanguage\":\"fr-FR\",\"potentialAction\":[{\"@type\":\"ReadAction\",\"target\":[\"https:\/\/challengeseconomiques.com\/?p=7123\"]}]},{\"@type\":\"ImageObject\",\"inLanguage\":\"fr-FR\",\"@id\":\"https:\/\/challengeseconomiques.com\/?p=7123#primaryimage\",\"url\":\"https:\/\/challengeseconomiques.com\/wp-content\/uploads\/2024\/10\/turquie.jpg\",\"contentUrl\":\"https:\/\/challengeseconomiques.com\/wp-content\/uploads\/2024\/10\/turquie.jpg\",\"width\":1300,\"height\":780,\"caption\":\"Senegal flag with Turkey flag, 3D rendering\"},{\"@type\":\"BreadcrumbList\",\"@id\":\"https:\/\/challengeseconomiques.com\/?p=7123#breadcrumb\",\"itemListElement\":[{\"@type\":\"ListItem\",\"position\":1,\"name\":\"Home\",\"item\":\"https:\/\/challengeseconomiques.com\/\"},{\"@type\":\"ListItem\",\"position\":2,\"name\":\"SENEGAL-TURQUIE-COOPERATION \/ Les \u00e9changes commerciaux entre Dakar et Ankara passent de 42,5 milliards en 2010 \u00e0 185 milliards FCA en 2023\"}]},{\"@type\":\"WebSite\",\"@id\":\"https:\/\/challengeseconomiques.com\/#website\",\"url\":\"https:\/\/challengeseconomiques.com\/\",\"name\":\"challenges economiques\",\"description\":\"\",\"potentialAction\":[{\"@type\":\"SearchAction\",\"target\":{\"@type\":\"EntryPoint\",\"urlTemplate\":\"https:\/\/challengeseconomiques.com\/?s={search_term_string}\"},\"query-input\":{\"@type\":\"PropertyValueSpecification\",\"valueRequired\":true,\"valueName\":\"search_term_string\"}}],\"inLanguage\":\"fr-FR\"},{\"@type\":\"Person\",\"@id\":\"https:\/\/challengeseconomiques.com\/#\/schema\/person\/b4568c9afebc5a9238a771873801e349\",\"name\":\"admin\",\"image\":{\"@type\":\"ImageObject\",\"inLanguage\":\"fr-FR\",\"@id\":\"https:\/\/challengeseconomiques.com\/#\/schema\/person\/image\/\",\"url\":\"https:\/\/secure.gravatar.com\/avatar\/099e42240b5eea11acdb72751fcce0dd918603f0749d24974b7984ea47ed9fd9?s=96&d=mm&r=g\",\"contentUrl\":\"https:\/\/secure.gravatar.com\/avatar\/099e42240b5eea11acdb72751fcce0dd918603f0749d24974b7984ea47ed9fd9?s=96&d=mm&r=g\",\"caption\":\"admin\"},\"sameAs\":[\"https:\/\/challengeseconomiques.com\"],\"url\":\"https:\/\/challengeseconomiques.com\/?author=1\"}]}<\/script>\n<!-- \/ Yoast SEO plugin. -->","yoast_head_json":{"title":"SENEGAL-TURQUIE-COOPERATION \/ Les \u00e9changes commerciaux entre Dakar et Ankara passent de 42,5 milliards en 2010 \u00e0 185 milliards FCA en 2023 - challenges economiques","robots":{"index":"index","follow":"follow","max-snippet":"max-snippet:-1","max-image-preview":"max-image-preview:large","max-video-preview":"max-video-preview:-1"},"canonical":"https:\/\/challengeseconomiques.com\/?p=7123","og_locale":"fr_FR","og_type":"article","og_title":"SENEGAL-TURQUIE-COOPERATION \/ Les \u00e9changes commerciaux entre Dakar et Ankara passent de 42,5 milliards en 2010 \u00e0 185 milliards FCA en 2023 - challenges economiques","og_description":"\u00a0Les \u00e9changes commerciaux entre le S\u00e9n\u00e9gal et la Turquie sont pass\u00e9s de 42,5 milliards de FCFA en 2010 \u00e0 185 milliards de francs CFA en...","og_url":"https:\/\/challengeseconomiques.com\/?p=7123","og_site_name":"challenges economiques","article_published_time":"2024-10-03T11:30:26+00:00","article_modified_time":"2024-10-03T11:32:53+00:00","og_image":[{"width":1300,"height":780,"url":"https:\/\/challengeseconomiques.com\/wp-content\/uploads\/2024\/10\/turquie.jpg","type":"image\/jpeg"}],"author":"admin","twitter_card":"summary_large_image","twitter_misc":{"\u00c9crit par":"admin","Dur\u00e9e de lecture estim\u00e9e":"2 minutes"},"schema":{"@context":"https:\/\/schema.org","@graph":[{"@type":"Article","@id":"https:\/\/challengeseconomiques.com\/?p=7123#article","isPartOf":{"@id":"https:\/\/challengeseconomiques.com\/?p=7123"},"author":{"name":"admin","@id":"https:\/\/challengeseconomiques.com\/#\/schema\/person\/b4568c9afebc5a9238a771873801e349"},"headline":"SENEGAL-TURQUIE-COOPERATION \/ Les \u00e9changes commerciaux entre Dakar et Ankara passent de 42,5 milliards en 2010 \u00e0 185 milliards FCA en 2023","datePublished":"2024-10-03T11:30:26+00:00","dateModified":"2024-10-03T11:32:53+00:00","mainEntityOfPage":{"@id":"https:\/\/challengeseconomiques.com\/?p=7123"},"wordCount":451,"image":{"@id":"https:\/\/challengeseconomiques.com\/?p=7123#primaryimage"},"thumbnailUrl":"https:\/\/challengeseconomiques.com\/wp-content\/uploads\/2024\/10\/turquie.jpg","articleSection":["A la une"],"inLanguage":"fr-FR"},{"@type":"WebPage","@id":"https:\/\/challengeseconomiques.com\/?p=7123","url":"https:\/\/challengeseconomiques.com\/?p=7123","name":"SENEGAL-TURQUIE-COOPERATION \/ Les \u00e9changes commerciaux entre Dakar et Ankara passent de 42,5 milliards en 2010 \u00e0 185 milliards FCA en 2023 - challenges economiques","isPartOf":{"@id":"https:\/\/challengeseconomiques.com\/#website"},"primaryImageOfPage":{"@id":"https:\/\/challengeseconomiques.com\/?p=7123#primaryimage"},"image":{"@id":"https:\/\/challengeseconomiques.com\/?p=7123#primaryimage"},"thumbnailUrl":"https:\/\/challengeseconomiques.com\/wp-content\/uploads\/2024\/10\/turquie.jpg","datePublished":"2024-10-03T11:30:26+00:00","dateModified":"2024-10-03T11:32:53+00:00","author":{"@id":"https:\/\/challengeseconomiques.com\/#\/schema\/person\/b4568c9afebc5a9238a771873801e349"},"breadcrumb":{"@id":"https:\/\/challengeseconomiques.com\/?p=7123#breadcrumb"},"inLanguage":"fr-FR","potentialAction":[{"@type":"ReadAction","target":["https:\/\/challengeseconomiques.com\/?p=7123"]}]},{"@type":"ImageObject","inLanguage":"fr-FR","@id":"https:\/\/challengeseconomiques.com\/?p=7123#primaryimage","url":"https:\/\/challengeseconomiques.com\/wp-content\/uploads\/2024\/10\/turquie.jpg","contentUrl":"https:\/\/challengeseconomiques.com\/wp-content\/uploads\/2024\/10\/turquie.jpg","width":1300,"height":780,"caption":"Senegal flag with Turkey flag, 3D rendering"},{"@type":"BreadcrumbList","@id":"https:\/\/challengeseconomiques.com\/?p=7123#breadcrumb","itemListElement":[{"@type":"ListItem","position":1,"name":"Home","item":"https:\/\/challengeseconomiques.com\/"},{"@type":"ListItem","position":2,"name":"SENEGAL-TURQUIE-COOPERATION \/ Les \u00e9changes commerciaux entre Dakar et Ankara passent de 42,5 milliards en 2010 \u00e0 185 milliards FCA en 2023"}]},{"@type":"WebSite","@id":"https:\/\/challengeseconomiques.com\/#website","url":"https:\/\/challengeseconomiques.com\/","name":"challenges economiques","description":"","potentialAction":[{"@type":"SearchAction","target":{"@type":"EntryPoint","urlTemplate":"https:\/\/challengeseconomiques.com\/?s={search_term_string}"},"query-input":{"@type":"PropertyValueSpecification","valueRequired":true,"valueName":"search_term_string"}}],"inLanguage":"fr-FR"},{"@type":"Person","@id":"https:\/\/challengeseconomiques.com\/#\/schema\/person\/b4568c9afebc5a9238a771873801e349","name":"admin","image":{"@type":"ImageObject","inLanguage":"fr-FR","@id":"https:\/\/challengeseconomiques.com\/#\/schema\/person\/image\/","url":"https:\/\/secure.gravatar.com\/avatar\/099e42240b5eea11acdb72751fcce0dd918603f0749d24974b7984ea47ed9fd9?s=96&d=mm&r=g","contentUrl":"https:\/\/secure.gravatar.com\/avatar\/099e42240b5eea11acdb72751fcce0dd918603f0749d24974b7984ea47ed9fd9?s=96&d=mm&r=g","caption":"admin"},"sameAs":["https:\/\/challengeseconomiques.com"],"url":"https:\/\/challengeseconomiques.com\/?author=1"}]}},"jetpack_featured_media_url":"https:\/\/challengeseconomiques.com\/wp-content\/uploads\/2024\/10\/turquie.jpg","jetpack_sharing_enabled":true,"_links":{"self":[{"href":"https:\/\/challengeseconomiques.com\/index.php?rest_route=\/wp\/v2\/posts\/7123","targetHints":{"allow":["GET"]}}],"collection":[{"href":"https:\/\/challengeseconomiques.com\/index.php?rest_route=\/wp\/v2\/posts"}],"about":[{"href":"https:\/\/challengeseconomiques.com\/index.php?rest_route=\/wp\/v2\/types\/post"}],"author":[{"embeddable":true,"href":"https:\/\/challengeseconomiques.com\/index.php?rest_route=\/wp\/v2\/users\/1"}],"replies":[{"embeddable":true,"href":"https:\/\/challengeseconomiques.com\/index.php?rest_route=%2Fwp%2Fv2%2Fcomments&post=7123"}],"version-history":[{"count":2,"href":"https:\/\/challengeseconomiques.com\/index.php?rest_route=\/wp\/v2\/posts\/7123\/revisions"}],"predecessor-version":[{"id":7126,"href":"https:\/\/challengeseconomiques.com\/index.php?rest_route=\/wp\/v2\/posts\/7123\/revisions\/7126"}],"wp:featuredmedia":[{"embeddable":true,"href":"https:\/\/challengeseconomiques.com\/index.php?rest_route=\/wp\/v2\/media\/7124"}],"wp:attachment":[{"href":"https:\/\/challengeseconomiques.com\/index.php?rest_route=%2Fwp%2Fv2%2Fmedia&parent=7123"}],"wp:term":[{"taxonomy":"category","embeddable":true,"href":"https:\/\/challengeseconomiques.com\/index.php?rest_route=%2Fwp%2Fv2%2Fcategories&post=7123"},{"taxonomy":"post_tag","embeddable":true,"href":"https:\/\/challengeseconomiques.com\/index.php?rest_route=%2Fwp%2Fv2%2Ftags&post=7123"}],"curies":[{"name":"wp","href":"https:\/\/api.w.org\/{rel}","templated":true}]}}