{"id":7121,"date":"2024-10-02T12:43:18","date_gmt":"2024-10-02T12:43:18","guid":{"rendered":"https:\/\/challengeseconomiques.com\/?p=7121"},"modified":"2024-10-02T12:44:12","modified_gmt":"2024-10-02T12:44:12","slug":"le-senegal-se-positionne-pour-reprendre-la-filiale-locale-de-societe-generale","status":"publish","type":"post","link":"https:\/\/challengeseconomiques.com\/?p=7121","title":{"rendered":"Le S\u00e9n\u00e9gal se positionne pour reprendre la filiale locale de Soci\u00e9t\u00e9 G\u00e9n\u00e9rale"},"content":{"rendered":"<div class=\"itemIntroText\">\n<p class=\"texte textearticle\"><strong>\u00a0Alors que les banques europ\u00e9ennes r\u00e9duisent leur voilure en Afrique, les \u00c9tats voient une opportunit\u00e9 de renforcer leur arsenal de financement. \u00c0 l&rsquo;instar du B\u00e9nin et de la C\u00f4te d&rsquo;Ivoire, l&rsquo;Etat s\u00e9n\u00e9galais jette son d\u00e9volu sur Soci\u00e9t\u00e9 G\u00e9n\u00e9rale, deuxi\u00e8me acteur du secteur bancaire s\u00e9n\u00e9galais, alors que le groupe fran\u00e7ais cherche un repreneur pour se retirer du pays.<\/strong><\/p>\n<p class=\"texte textearticle\">Alors que Soci\u00e9t\u00e9 G\u00e9n\u00e9rale poursuit son plan de d\u00e9sengagement de plusieurs march\u00e9s africains, l\u2019\u00c9tat du S\u00e9n\u00e9gal se positionne pour racheter sa filiale locale. Une transaction valoris\u00e9e \u00e0 environ 260 millions d\u2019euros (287,6 millions\u00a0$), selon <em>Africa Intelligence<\/em>, qui pourrait \u00eatre pilot\u00e9e par la Banque nationale pour le d\u00e9veloppement \u00e9conomique (BNDE) ou un consortium national dirig\u00e9 par celle-ci.<\/p>\n<p class=\"texte textearticle\">Le groupe bancaire fran\u00e7ais, qui se retire de march\u00e9s comme le B\u00e9nin, le Togo, le Burkina Faso ou encore la Guin\u00e9e \u00c9quatoriale, cherche \u00e0 recentrer ses activit\u00e9s sur des zones jug\u00e9es plus strat\u00e9giques. Cette volont\u00e9 de rationalisation touche \u00e9galement le S\u00e9n\u00e9gal, o\u00f9 Soci\u00e9t\u00e9 G\u00e9n\u00e9rale est pr\u00e9sente depuis plusieurs d\u00e9cennies. Actuellement, Soci\u00e9t\u00e9 G\u00e9n\u00e9rale d\u00e9tient 63,31\u00a0% du capital de sa filiale s\u00e9n\u00e9galaise. En outre, 35,13\u00a0% des parts sont d\u00e9tenues par des priv\u00e9s s\u00e9n\u00e9galais, et une petite part, soit 1,56\u00a0%, est \u00e9galement d\u00e9tenue par la Soci\u00e9t\u00e9 G\u00e9n\u00e9rale de Banques en C\u00f4te d&rsquo;Ivoire (SGBCI)\u200b, premi\u00e8re banque de l\u2019Uemoa.<\/p>\n<p class=\"texte textearticle\"><strong>BNDE en premi\u00e8re ligne<\/strong><\/p>\n<p class=\"texte textearticle\">Du c\u00f4t\u00e9 de Dakar, les autorit\u00e9s s\u00e9n\u00e9galaises ont clairement affich\u00e9 leur intention de reprendre la main. Selon des sources proches du dossier, plusieurs options sont \u00e0 l\u2019\u00e9tude, avec une nette pr\u00e9f\u00e9rence pour une reprise par un acteur local. La BNDE, majoritairement d\u00e9tenue par l\u2019\u00c9tat \u00e0 hauteur de 81,8\u00a0%, est en p\u00f4le position pour mener cette op\u00e9ration.<\/p>\n<p class=\"texte textearticle\">Cr\u00e9\u00e9e en 2014 pour soutenir les PME et PMI, la BNDE a connu une croissance rapide, avec un total bilan passant de 76 milliards FCFA en 2015 \u00e0 555 milliards FCFA en 2023. Renforc\u00e9e par une augmentation de son capital social, qui est pass\u00e9 de 11 milliards \u00e0 52 milliards FCFA en novembre 2023, la banque affiche aujourd\u2019hui des fondamentaux solides. Elle a enregistr\u00e9 un produit net bancaire (PNB) de 25,8 milliards FCFA en 2023, en hausse de 47\u00a0%, et des fonds propres consolid\u00e9s \u00e0 pr\u00e8s de 70 milliards FCFA.<\/p>\n<p class=\"texte textearticle\"><strong>Soci\u00e9t\u00e9 G\u00e9n\u00e9rale, un poids lourd du secteur bancaire s\u00e9n\u00e9galais<\/strong><\/p>\n<p class=\"texte textearticle\">Avec un total actif de 1\u00a0391 milliards FCFA, soit 10,8\u00a0% des parts de march\u00e9 en termes d\u2019actifs sur le march\u00e9 s\u00e9n\u00e9galais, Soci\u00e9t\u00e9 G\u00e9n\u00e9rale S\u00e9n\u00e9gal se classait en deuxi\u00e8me position du secteur bancaire du pays, juste derri\u00e8re la CBAO (Compagnie Bancaire de l\u2019Afrique Occidentale), filiale d\u2019Attijariwafa Bank, qui reste le leader, mais loin devant\u00a0 la BNDE qui ne d\u00e9tenait que 4,26\u00a0% de parts de march\u00e9 avec son total bilan de 555 milliards FCFA.<\/p>\n<p class=\"texte textearticle\"><strong>Se doter d\u2019un levier de financement plus puissant<\/strong><\/p>\n<p class=\"texte textearticle\">Le S\u00e9n\u00e9gal s\u2019inspire de son voisin b\u00e9ninois, qui a annonc\u00e9, en juillet 2024, son intention d&rsquo;acqu\u00e9rir la filiale locale de Soci\u00e9t\u00e9 G\u00e9n\u00e9rale. \u00c0 l\u2019instar de Cotonou, Dakar voit dans cette op\u00e9ration une opportunit\u00e9 de se doter d\u2019un bras financier plus important.<\/p>\n<p class=\"texte textearticle\">L\u2019objectif est de mieux contr\u00f4ler les leviers de financement d\u2019une \u00e9conomie domin\u00e9e par les PME, dont les besoins restent encore largement insatisfaits. En 2023, les PME s\u00e9n\u00e9galaises ne captaient que moins de 10\u00a0% de l&rsquo;encours total des cr\u00e9dits accord\u00e9s aux entreprises, un chiffre bien inf\u00e9rieur \u00e0 la moyenne de 14\u00a0% observ\u00e9e au sein de l&rsquo;Union \u00e9conomique et mon\u00e9taire ouest-africaine (UEMOA). Parall\u00e8lement, le d\u00e9ficit budg\u00e9taire du S\u00e9n\u00e9gal s&rsquo;est aggrav\u00e9, atteignant 915 milliards FCFA, soit environ 5,5\u00a0% du PIB. L&rsquo;\u00c9tat avait d\u00fb emprunter plus de 1063 milliards FCFA sur les march\u00e9s financiers r\u00e9gionaux pour couvrir une partie de ce d\u00e9ficit.<\/p>\n<p class=\"texte textearticle\">Le processus de d\u00e9sengagement de Soci\u00e9t\u00e9 G\u00e9n\u00e9rale en Afrique se poursuit, avec des cessions envisag\u00e9es dans plusieurs autres pays, notamment au Ghana et au Cameroun.<\/p>\n<p class=\"texte textearticle\"><strong><em>(Agence Ecofin)<br \/>\n<\/em><\/strong><\/p>\n<\/div>\n","protected":false},"excerpt":{"rendered":"<p>\u00a0Alors que les banques europ\u00e9ennes r\u00e9duisent leur voilure en Afrique, les \u00c9tats voient une opportunit\u00e9 de renforcer leur arsenal de financement. \u00c0 l&rsquo;instar du B\u00e9nin&#8230;<\/p>\n","protected":false},"author":1,"featured_media":6176,"comment_status":"closed","ping_status":"open","sticky":false,"template":"","format":"standard","meta":{"_jetpack_memberships_contains_paid_content":false,"footnotes":""},"categories":[8,10],"tags":[],"class_list":["post-7121","post","type-post","status-publish","format-standard","has-post-thumbnail","hentry","category-actualite-economique","category-infos-eco","wpcat-8-id","wpcat-10-id"],"yoast_head":"<!-- This site is optimized with the Yoast SEO plugin v27.1.1 - https:\/\/yoast.com\/product\/yoast-seo-wordpress\/ -->\n<title>Le S\u00e9n\u00e9gal se positionne pour reprendre la filiale locale de Soci\u00e9t\u00e9 G\u00e9n\u00e9rale - challenges economiques<\/title>\n<meta name=\"robots\" content=\"index, follow, max-snippet:-1, max-image-preview:large, max-video-preview:-1\" \/>\n<link rel=\"canonical\" href=\"https:\/\/challengeseconomiques.com\/?p=7121\" \/>\n<meta property=\"og:locale\" content=\"fr_FR\" \/>\n<meta property=\"og:type\" content=\"article\" \/>\n<meta property=\"og:title\" content=\"Le S\u00e9n\u00e9gal se positionne pour reprendre la filiale locale de Soci\u00e9t\u00e9 G\u00e9n\u00e9rale - challenges economiques\" \/>\n<meta property=\"og:description\" content=\"\u00a0Alors que les banques europ\u00e9ennes r\u00e9duisent leur voilure en Afrique, les \u00c9tats voient une opportunit\u00e9 de renforcer leur arsenal de financement. \u00c0 l&rsquo;instar du B\u00e9nin...\" \/>\n<meta property=\"og:url\" content=\"https:\/\/challengeseconomiques.com\/?p=7121\" \/>\n<meta property=\"og:site_name\" content=\"challenges economiques\" \/>\n<meta property=\"article:published_time\" content=\"2024-10-02T12:43:18+00:00\" \/>\n<meta property=\"article:modified_time\" content=\"2024-10-02T12:44:12+00:00\" \/>\n<meta property=\"og:image\" content=\"https:\/\/challengeseconomiques.com\/wp-content\/uploads\/2024\/04\/sgs.jpg\" \/>\n\t<meta property=\"og:image:width\" content=\"600\" \/>\n\t<meta property=\"og:image:height\" content=\"355\" \/>\n\t<meta property=\"og:image:type\" content=\"image\/jpeg\" \/>\n<meta name=\"author\" content=\"admin\" \/>\n<meta name=\"twitter:card\" content=\"summary_large_image\" \/>\n<meta name=\"twitter:label1\" content=\"\u00c9crit par\" \/>\n\t<meta name=\"twitter:data1\" content=\"admin\" \/>\n\t<meta name=\"twitter:label2\" content=\"Dur\u00e9e de lecture estim\u00e9e\" \/>\n\t<meta name=\"twitter:data2\" content=\"4 minutes\" \/>\n<script type=\"application\/ld+json\" class=\"yoast-schema-graph\">{\"@context\":\"https:\/\/schema.org\",\"@graph\":[{\"@type\":\"Article\",\"@id\":\"https:\/\/challengeseconomiques.com\/?p=7121#article\",\"isPartOf\":{\"@id\":\"https:\/\/challengeseconomiques.com\/?p=7121\"},\"author\":{\"name\":\"admin\",\"@id\":\"https:\/\/challengeseconomiques.com\/#\/schema\/person\/b4568c9afebc5a9238a771873801e349\"},\"headline\":\"Le S\u00e9n\u00e9gal se positionne pour reprendre la filiale locale de Soci\u00e9t\u00e9 G\u00e9n\u00e9rale\",\"datePublished\":\"2024-10-02T12:43:18+00:00\",\"dateModified\":\"2024-10-02T12:44:12+00:00\",\"mainEntityOfPage\":{\"@id\":\"https:\/\/challengeseconomiques.com\/?p=7121\"},\"wordCount\":727,\"image\":{\"@id\":\"https:\/\/challengeseconomiques.com\/?p=7121#primaryimage\"},\"thumbnailUrl\":\"https:\/\/challengeseconomiques.com\/wp-content\/uploads\/2024\/04\/sgs.jpg\",\"articleSection\":[\"Actualit\u00e9 \u00e9conomique\",\"Infos \u00e9co\"],\"inLanguage\":\"fr-FR\"},{\"@type\":\"WebPage\",\"@id\":\"https:\/\/challengeseconomiques.com\/?p=7121\",\"url\":\"https:\/\/challengeseconomiques.com\/?p=7121\",\"name\":\"Le S\u00e9n\u00e9gal se positionne pour reprendre la filiale locale de Soci\u00e9t\u00e9 G\u00e9n\u00e9rale - challenges economiques\",\"isPartOf\":{\"@id\":\"https:\/\/challengeseconomiques.com\/#website\"},\"primaryImageOfPage\":{\"@id\":\"https:\/\/challengeseconomiques.com\/?p=7121#primaryimage\"},\"image\":{\"@id\":\"https:\/\/challengeseconomiques.com\/?p=7121#primaryimage\"},\"thumbnailUrl\":\"https:\/\/challengeseconomiques.com\/wp-content\/uploads\/2024\/04\/sgs.jpg\",\"datePublished\":\"2024-10-02T12:43:18+00:00\",\"dateModified\":\"2024-10-02T12:44:12+00:00\",\"author\":{\"@id\":\"https:\/\/challengeseconomiques.com\/#\/schema\/person\/b4568c9afebc5a9238a771873801e349\"},\"breadcrumb\":{\"@id\":\"https:\/\/challengeseconomiques.com\/?p=7121#breadcrumb\"},\"inLanguage\":\"fr-FR\",\"potentialAction\":[{\"@type\":\"ReadAction\",\"target\":[\"https:\/\/challengeseconomiques.com\/?p=7121\"]}]},{\"@type\":\"ImageObject\",\"inLanguage\":\"fr-FR\",\"@id\":\"https:\/\/challengeseconomiques.com\/?p=7121#primaryimage\",\"url\":\"https:\/\/challengeseconomiques.com\/wp-content\/uploads\/2024\/04\/sgs.jpg\",\"contentUrl\":\"https:\/\/challengeseconomiques.com\/wp-content\/uploads\/2024\/04\/sgs.jpg\",\"width\":600,\"height\":355},{\"@type\":\"BreadcrumbList\",\"@id\":\"https:\/\/challengeseconomiques.com\/?p=7121#breadcrumb\",\"itemListElement\":[{\"@type\":\"ListItem\",\"position\":1,\"name\":\"Home\",\"item\":\"https:\/\/challengeseconomiques.com\/\"},{\"@type\":\"ListItem\",\"position\":2,\"name\":\"Le S\u00e9n\u00e9gal se positionne pour reprendre la filiale locale de Soci\u00e9t\u00e9 G\u00e9n\u00e9rale\"}]},{\"@type\":\"WebSite\",\"@id\":\"https:\/\/challengeseconomiques.com\/#website\",\"url\":\"https:\/\/challengeseconomiques.com\/\",\"name\":\"challenges economiques\",\"description\":\"\",\"potentialAction\":[{\"@type\":\"SearchAction\",\"target\":{\"@type\":\"EntryPoint\",\"urlTemplate\":\"https:\/\/challengeseconomiques.com\/?s={search_term_string}\"},\"query-input\":{\"@type\":\"PropertyValueSpecification\",\"valueRequired\":true,\"valueName\":\"search_term_string\"}}],\"inLanguage\":\"fr-FR\"},{\"@type\":\"Person\",\"@id\":\"https:\/\/challengeseconomiques.com\/#\/schema\/person\/b4568c9afebc5a9238a771873801e349\",\"name\":\"admin\",\"image\":{\"@type\":\"ImageObject\",\"inLanguage\":\"fr-FR\",\"@id\":\"https:\/\/challengeseconomiques.com\/#\/schema\/person\/image\/\",\"url\":\"https:\/\/secure.gravatar.com\/avatar\/099e42240b5eea11acdb72751fcce0dd918603f0749d24974b7984ea47ed9fd9?s=96&d=mm&r=g\",\"contentUrl\":\"https:\/\/secure.gravatar.com\/avatar\/099e42240b5eea11acdb72751fcce0dd918603f0749d24974b7984ea47ed9fd9?s=96&d=mm&r=g\",\"caption\":\"admin\"},\"sameAs\":[\"https:\/\/challengeseconomiques.com\"],\"url\":\"https:\/\/challengeseconomiques.com\/?author=1\"}]}<\/script>\n<!-- \/ Yoast SEO plugin. -->","yoast_head_json":{"title":"Le S\u00e9n\u00e9gal se positionne pour reprendre la filiale locale de Soci\u00e9t\u00e9 G\u00e9n\u00e9rale - challenges economiques","robots":{"index":"index","follow":"follow","max-snippet":"max-snippet:-1","max-image-preview":"max-image-preview:large","max-video-preview":"max-video-preview:-1"},"canonical":"https:\/\/challengeseconomiques.com\/?p=7121","og_locale":"fr_FR","og_type":"article","og_title":"Le S\u00e9n\u00e9gal se positionne pour reprendre la filiale locale de Soci\u00e9t\u00e9 G\u00e9n\u00e9rale - challenges economiques","og_description":"\u00a0Alors que les banques europ\u00e9ennes r\u00e9duisent leur voilure en Afrique, les \u00c9tats voient une opportunit\u00e9 de renforcer leur arsenal de financement. \u00c0 l&rsquo;instar du B\u00e9nin...","og_url":"https:\/\/challengeseconomiques.com\/?p=7121","og_site_name":"challenges economiques","article_published_time":"2024-10-02T12:43:18+00:00","article_modified_time":"2024-10-02T12:44:12+00:00","og_image":[{"width":600,"height":355,"url":"https:\/\/challengeseconomiques.com\/wp-content\/uploads\/2024\/04\/sgs.jpg","type":"image\/jpeg"}],"author":"admin","twitter_card":"summary_large_image","twitter_misc":{"\u00c9crit par":"admin","Dur\u00e9e de lecture estim\u00e9e":"4 minutes"},"schema":{"@context":"https:\/\/schema.org","@graph":[{"@type":"Article","@id":"https:\/\/challengeseconomiques.com\/?p=7121#article","isPartOf":{"@id":"https:\/\/challengeseconomiques.com\/?p=7121"},"author":{"name":"admin","@id":"https:\/\/challengeseconomiques.com\/#\/schema\/person\/b4568c9afebc5a9238a771873801e349"},"headline":"Le S\u00e9n\u00e9gal se positionne pour reprendre la filiale locale de Soci\u00e9t\u00e9 G\u00e9n\u00e9rale","datePublished":"2024-10-02T12:43:18+00:00","dateModified":"2024-10-02T12:44:12+00:00","mainEntityOfPage":{"@id":"https:\/\/challengeseconomiques.com\/?p=7121"},"wordCount":727,"image":{"@id":"https:\/\/challengeseconomiques.com\/?p=7121#primaryimage"},"thumbnailUrl":"https:\/\/challengeseconomiques.com\/wp-content\/uploads\/2024\/04\/sgs.jpg","articleSection":["Actualit\u00e9 \u00e9conomique","Infos \u00e9co"],"inLanguage":"fr-FR"},{"@type":"WebPage","@id":"https:\/\/challengeseconomiques.com\/?p=7121","url":"https:\/\/challengeseconomiques.com\/?p=7121","name":"Le S\u00e9n\u00e9gal se positionne pour reprendre la filiale locale de Soci\u00e9t\u00e9 G\u00e9n\u00e9rale - challenges economiques","isPartOf":{"@id":"https:\/\/challengeseconomiques.com\/#website"},"primaryImageOfPage":{"@id":"https:\/\/challengeseconomiques.com\/?p=7121#primaryimage"},"image":{"@id":"https:\/\/challengeseconomiques.com\/?p=7121#primaryimage"},"thumbnailUrl":"https:\/\/challengeseconomiques.com\/wp-content\/uploads\/2024\/04\/sgs.jpg","datePublished":"2024-10-02T12:43:18+00:00","dateModified":"2024-10-02T12:44:12+00:00","author":{"@id":"https:\/\/challengeseconomiques.com\/#\/schema\/person\/b4568c9afebc5a9238a771873801e349"},"breadcrumb":{"@id":"https:\/\/challengeseconomiques.com\/?p=7121#breadcrumb"},"inLanguage":"fr-FR","potentialAction":[{"@type":"ReadAction","target":["https:\/\/challengeseconomiques.com\/?p=7121"]}]},{"@type":"ImageObject","inLanguage":"fr-FR","@id":"https:\/\/challengeseconomiques.com\/?p=7121#primaryimage","url":"https:\/\/challengeseconomiques.com\/wp-content\/uploads\/2024\/04\/sgs.jpg","contentUrl":"https:\/\/challengeseconomiques.com\/wp-content\/uploads\/2024\/04\/sgs.jpg","width":600,"height":355},{"@type":"BreadcrumbList","@id":"https:\/\/challengeseconomiques.com\/?p=7121#breadcrumb","itemListElement":[{"@type":"ListItem","position":1,"name":"Home","item":"https:\/\/challengeseconomiques.com\/"},{"@type":"ListItem","position":2,"name":"Le S\u00e9n\u00e9gal se positionne pour reprendre la filiale locale de Soci\u00e9t\u00e9 G\u00e9n\u00e9rale"}]},{"@type":"WebSite","@id":"https:\/\/challengeseconomiques.com\/#website","url":"https:\/\/challengeseconomiques.com\/","name":"challenges economiques","description":"","potentialAction":[{"@type":"SearchAction","target":{"@type":"EntryPoint","urlTemplate":"https:\/\/challengeseconomiques.com\/?s={search_term_string}"},"query-input":{"@type":"PropertyValueSpecification","valueRequired":true,"valueName":"search_term_string"}}],"inLanguage":"fr-FR"},{"@type":"Person","@id":"https:\/\/challengeseconomiques.com\/#\/schema\/person\/b4568c9afebc5a9238a771873801e349","name":"admin","image":{"@type":"ImageObject","inLanguage":"fr-FR","@id":"https:\/\/challengeseconomiques.com\/#\/schema\/person\/image\/","url":"https:\/\/secure.gravatar.com\/avatar\/099e42240b5eea11acdb72751fcce0dd918603f0749d24974b7984ea47ed9fd9?s=96&d=mm&r=g","contentUrl":"https:\/\/secure.gravatar.com\/avatar\/099e42240b5eea11acdb72751fcce0dd918603f0749d24974b7984ea47ed9fd9?s=96&d=mm&r=g","caption":"admin"},"sameAs":["https:\/\/challengeseconomiques.com"],"url":"https:\/\/challengeseconomiques.com\/?author=1"}]}},"jetpack_featured_media_url":"https:\/\/challengeseconomiques.com\/wp-content\/uploads\/2024\/04\/sgs.jpg","jetpack_sharing_enabled":true,"_links":{"self":[{"href":"https:\/\/challengeseconomiques.com\/index.php?rest_route=\/wp\/v2\/posts\/7121","targetHints":{"allow":["GET"]}}],"collection":[{"href":"https:\/\/challengeseconomiques.com\/index.php?rest_route=\/wp\/v2\/posts"}],"about":[{"href":"https:\/\/challengeseconomiques.com\/index.php?rest_route=\/wp\/v2\/types\/post"}],"author":[{"embeddable":true,"href":"https:\/\/challengeseconomiques.com\/index.php?rest_route=\/wp\/v2\/users\/1"}],"replies":[{"embeddable":true,"href":"https:\/\/challengeseconomiques.com\/index.php?rest_route=%2Fwp%2Fv2%2Fcomments&post=7121"}],"version-history":[{"count":1,"href":"https:\/\/challengeseconomiques.com\/index.php?rest_route=\/wp\/v2\/posts\/7121\/revisions"}],"predecessor-version":[{"id":7122,"href":"https:\/\/challengeseconomiques.com\/index.php?rest_route=\/wp\/v2\/posts\/7121\/revisions\/7122"}],"wp:featuredmedia":[{"embeddable":true,"href":"https:\/\/challengeseconomiques.com\/index.php?rest_route=\/wp\/v2\/media\/6176"}],"wp:attachment":[{"href":"https:\/\/challengeseconomiques.com\/index.php?rest_route=%2Fwp%2Fv2%2Fmedia&parent=7121"}],"wp:term":[{"taxonomy":"category","embeddable":true,"href":"https:\/\/challengeseconomiques.com\/index.php?rest_route=%2Fwp%2Fv2%2Fcategories&post=7121"},{"taxonomy":"post_tag","embeddable":true,"href":"https:\/\/challengeseconomiques.com\/index.php?rest_route=%2Fwp%2Fv2%2Ftags&post=7121"}],"curies":[{"name":"wp","href":"https:\/\/api.w.org\/{rel}","templated":true}]}}