{"id":7097,"date":"2024-09-30T12:36:33","date_gmt":"2024-09-30T12:36:33","guid":{"rendered":"https:\/\/challengeseconomiques.com\/?p=7097"},"modified":"2024-09-30T12:37:41","modified_gmt":"2024-09-30T12:37:41","slug":"eclaircissements-sur-le-role-du-directeur-de-la-programmation-budgetaire","status":"publish","type":"post","link":"https:\/\/challengeseconomiques.com\/?p=7097","title":{"rendered":"\u00c9claircissements sur le r\u00f4le du directeur de la programmation budg\u00e9taire"},"content":{"rendered":"<p><strong>Moustapha Ba,ancien ministre des finances et Cheikh Diba l&rsquo; actuel ministre des Finances du S\u00e9n\u00e9gal, lors de la passation de service<\/strong><\/p>\n<p>Le Minist\u00e8re des Finances et du Budget a, \u00e0 travers un communiqu\u00e9, r\u00e9tabli la v\u00e9rit\u00e9 sur l&rsquo;implication de l&rsquo;actuel ministre, Cheikh Diba concernant l&rsquo;audit sur les irr\u00e9gularit\u00e9s de l&rsquo;ancien r\u00e9gime. Il ressort du d\u00e9menti que conform\u00e9ment au d\u00e9cret 2019-120 du 16 janvier 2019 sur la pr\u00e9paration budg\u00e9taire, le r\u00f4le du Directeur de la programmation budg\u00e9taire est \u00a0\u00ab\u00a0purement technique\u00a0\u00bb. Il consiste \u00a0\u00ab\u00a0exclusivement \u00e0 coordonner la programmation de la loi des finances vot\u00e9e par l&rsquo;Assembl\u00e9e nationale, avec la contribution des diff\u00e9rents services du gouvernement\u00a0\u00bb.<\/p>\n<p>Le Minist\u00e8re juge infond\u00e9e toute confusion \u00a0entre la programmation budg\u00e9taire d&rsquo;une ann\u00e9e donn\u00e9e et l&rsquo;ex\u00e9cution budg\u00e9taire intervenant l&rsquo;ann\u00e9e suivante apr\u00e8s le vote. Par ailleurs, le Minist\u00e8re a mis en exergue le professionnalisme et la rigueur de l&rsquo;actuel ministre dans le respect des principes et r\u00e8gles r\u00e9gissant la programmation budg\u00e9taire.<\/p>\n<p>En outre, Cheikh Diba est engag\u00e9 \u00e0 mettre en en \u0153uvre les r\u00e9formes n\u00e9cessaires pour garantir une gestion exemplaire des finances publiques.<\/p>\n","protected":false},"excerpt":{"rendered":"<p>Moustapha Ba,ancien ministre des finances et Cheikh Diba l&rsquo; actuel ministre des Finances du S\u00e9n\u00e9gal, lors de la passation de service Le Minist\u00e8re des Finances&#8230;<\/p>\n","protected":false},"author":1,"featured_media":6203,"comment_status":"closed","ping_status":"open","sticky":false,"template":"","format":"standard","meta":{"_jetpack_memberships_contains_paid_content":false,"footnotes":""},"categories":[23,10],"tags":[],"class_list":["post-7097","post","type-post","status-publish","format-standard","has-post-thumbnail","hentry","category-a-la-une","category-infos-eco","wpcat-23-id","wpcat-10-id"],"yoast_head":"<!-- This site is optimized with the Yoast SEO plugin v27.1.1 - https:\/\/yoast.com\/product\/yoast-seo-wordpress\/ -->\n<title>\u00c9claircissements sur le r\u00f4le du directeur de la programmation budg\u00e9taire - challenges economiques<\/title>\n<meta name=\"robots\" content=\"index, follow, max-snippet:-1, max-image-preview:large, max-video-preview:-1\" \/>\n<link rel=\"canonical\" href=\"https:\/\/challengeseconomiques.com\/?p=7097\" \/>\n<meta property=\"og:locale\" content=\"fr_FR\" \/>\n<meta property=\"og:type\" content=\"article\" \/>\n<meta property=\"og:title\" content=\"\u00c9claircissements sur le r\u00f4le du directeur de la programmation budg\u00e9taire - challenges economiques\" \/>\n<meta property=\"og:description\" content=\"Moustapha Ba,ancien ministre des finances et Cheikh Diba l&rsquo; actuel ministre des Finances du S\u00e9n\u00e9gal, lors de la passation de service Le Minist\u00e8re des Finances...\" \/>\n<meta property=\"og:url\" content=\"https:\/\/challengeseconomiques.com\/?p=7097\" \/>\n<meta property=\"og:site_name\" content=\"challenges economiques\" \/>\n<meta property=\"article:published_time\" content=\"2024-09-30T12:36:33+00:00\" \/>\n<meta property=\"article:modified_time\" content=\"2024-09-30T12:37:41+00:00\" \/>\n<meta property=\"og:image\" content=\"https:\/\/challengeseconomiques.com\/wp-content\/uploads\/2024\/04\/dibaetba.jpg\" \/>\n\t<meta property=\"og:image:width\" content=\"928\" \/>\n\t<meta property=\"og:image:height\" content=\"619\" \/>\n\t<meta property=\"og:image:type\" content=\"image\/jpeg\" \/>\n<meta name=\"author\" content=\"admin\" \/>\n<meta name=\"twitter:card\" content=\"summary_large_image\" \/>\n<meta name=\"twitter:label1\" content=\"\u00c9crit par\" \/>\n\t<meta name=\"twitter:data1\" content=\"admin\" \/>\n\t<meta name=\"twitter:label2\" content=\"Dur\u00e9e de lecture estim\u00e9e\" \/>\n\t<meta name=\"twitter:data2\" content=\"1 minute\" \/>\n<script type=\"application\/ld+json\" class=\"yoast-schema-graph\">{\"@context\":\"https:\/\/schema.org\",\"@graph\":[{\"@type\":\"Article\",\"@id\":\"https:\/\/challengeseconomiques.com\/?p=7097#article\",\"isPartOf\":{\"@id\":\"https:\/\/challengeseconomiques.com\/?p=7097\"},\"author\":{\"name\":\"admin\",\"@id\":\"https:\/\/challengeseconomiques.com\/#\/schema\/person\/b4568c9afebc5a9238a771873801e349\"},\"headline\":\"\u00c9claircissements sur le r\u00f4le du directeur de la programmation budg\u00e9taire\",\"datePublished\":\"2024-09-30T12:36:33+00:00\",\"dateModified\":\"2024-09-30T12:37:41+00:00\",\"mainEntityOfPage\":{\"@id\":\"https:\/\/challengeseconomiques.com\/?p=7097\"},\"wordCount\":224,\"image\":{\"@id\":\"https:\/\/challengeseconomiques.com\/?p=7097#primaryimage\"},\"thumbnailUrl\":\"https:\/\/challengeseconomiques.com\/wp-content\/uploads\/2024\/04\/dibaetba.jpg\",\"articleSection\":[\"A la une\",\"Infos \u00e9co\"],\"inLanguage\":\"fr-FR\"},{\"@type\":\"WebPage\",\"@id\":\"https:\/\/challengeseconomiques.com\/?p=7097\",\"url\":\"https:\/\/challengeseconomiques.com\/?p=7097\",\"name\":\"\u00c9claircissements sur le r\u00f4le du directeur de la programmation budg\u00e9taire - challenges economiques\",\"isPartOf\":{\"@id\":\"https:\/\/challengeseconomiques.com\/#website\"},\"primaryImageOfPage\":{\"@id\":\"https:\/\/challengeseconomiques.com\/?p=7097#primaryimage\"},\"image\":{\"@id\":\"https:\/\/challengeseconomiques.com\/?p=7097#primaryimage\"},\"thumbnailUrl\":\"https:\/\/challengeseconomiques.com\/wp-content\/uploads\/2024\/04\/dibaetba.jpg\",\"datePublished\":\"2024-09-30T12:36:33+00:00\",\"dateModified\":\"2024-09-30T12:37:41+00:00\",\"author\":{\"@id\":\"https:\/\/challengeseconomiques.com\/#\/schema\/person\/b4568c9afebc5a9238a771873801e349\"},\"breadcrumb\":{\"@id\":\"https:\/\/challengeseconomiques.com\/?p=7097#breadcrumb\"},\"inLanguage\":\"fr-FR\",\"potentialAction\":[{\"@type\":\"ReadAction\",\"target\":[\"https:\/\/challengeseconomiques.com\/?p=7097\"]}]},{\"@type\":\"ImageObject\",\"inLanguage\":\"fr-FR\",\"@id\":\"https:\/\/challengeseconomiques.com\/?p=7097#primaryimage\",\"url\":\"https:\/\/challengeseconomiques.com\/wp-content\/uploads\/2024\/04\/dibaetba.jpg\",\"contentUrl\":\"https:\/\/challengeseconomiques.com\/wp-content\/uploads\/2024\/04\/dibaetba.jpg\",\"width\":928,\"height\":619},{\"@type\":\"BreadcrumbList\",\"@id\":\"https:\/\/challengeseconomiques.com\/?p=7097#breadcrumb\",\"itemListElement\":[{\"@type\":\"ListItem\",\"position\":1,\"name\":\"Home\",\"item\":\"https:\/\/challengeseconomiques.com\/\"},{\"@type\":\"ListItem\",\"position\":2,\"name\":\"\u00c9claircissements sur le r\u00f4le du directeur de la programmation budg\u00e9taire\"}]},{\"@type\":\"WebSite\",\"@id\":\"https:\/\/challengeseconomiques.com\/#website\",\"url\":\"https:\/\/challengeseconomiques.com\/\",\"name\":\"challenges economiques\",\"description\":\"\",\"potentialAction\":[{\"@type\":\"SearchAction\",\"target\":{\"@type\":\"EntryPoint\",\"urlTemplate\":\"https:\/\/challengeseconomiques.com\/?s={search_term_string}\"},\"query-input\":{\"@type\":\"PropertyValueSpecification\",\"valueRequired\":true,\"valueName\":\"search_term_string\"}}],\"inLanguage\":\"fr-FR\"},{\"@type\":\"Person\",\"@id\":\"https:\/\/challengeseconomiques.com\/#\/schema\/person\/b4568c9afebc5a9238a771873801e349\",\"name\":\"admin\",\"image\":{\"@type\":\"ImageObject\",\"inLanguage\":\"fr-FR\",\"@id\":\"https:\/\/challengeseconomiques.com\/#\/schema\/person\/image\/\",\"url\":\"https:\/\/secure.gravatar.com\/avatar\/099e42240b5eea11acdb72751fcce0dd918603f0749d24974b7984ea47ed9fd9?s=96&d=mm&r=g\",\"contentUrl\":\"https:\/\/secure.gravatar.com\/avatar\/099e42240b5eea11acdb72751fcce0dd918603f0749d24974b7984ea47ed9fd9?s=96&d=mm&r=g\",\"caption\":\"admin\"},\"sameAs\":[\"https:\/\/challengeseconomiques.com\"],\"url\":\"https:\/\/challengeseconomiques.com\/?author=1\"}]}<\/script>\n<!-- \/ Yoast SEO plugin. -->","yoast_head_json":{"title":"\u00c9claircissements sur le r\u00f4le du directeur de la programmation budg\u00e9taire - challenges economiques","robots":{"index":"index","follow":"follow","max-snippet":"max-snippet:-1","max-image-preview":"max-image-preview:large","max-video-preview":"max-video-preview:-1"},"canonical":"https:\/\/challengeseconomiques.com\/?p=7097","og_locale":"fr_FR","og_type":"article","og_title":"\u00c9claircissements sur le r\u00f4le du directeur de la programmation budg\u00e9taire - challenges economiques","og_description":"Moustapha Ba,ancien ministre des finances et Cheikh Diba l&rsquo; actuel ministre des Finances du S\u00e9n\u00e9gal, lors de la passation de service Le Minist\u00e8re des Finances...","og_url":"https:\/\/challengeseconomiques.com\/?p=7097","og_site_name":"challenges economiques","article_published_time":"2024-09-30T12:36:33+00:00","article_modified_time":"2024-09-30T12:37:41+00:00","og_image":[{"width":928,"height":619,"url":"https:\/\/challengeseconomiques.com\/wp-content\/uploads\/2024\/04\/dibaetba.jpg","type":"image\/jpeg"}],"author":"admin","twitter_card":"summary_large_image","twitter_misc":{"\u00c9crit par":"admin","Dur\u00e9e de lecture estim\u00e9e":"1 minute"},"schema":{"@context":"https:\/\/schema.org","@graph":[{"@type":"Article","@id":"https:\/\/challengeseconomiques.com\/?p=7097#article","isPartOf":{"@id":"https:\/\/challengeseconomiques.com\/?p=7097"},"author":{"name":"admin","@id":"https:\/\/challengeseconomiques.com\/#\/schema\/person\/b4568c9afebc5a9238a771873801e349"},"headline":"\u00c9claircissements sur le r\u00f4le du directeur de la programmation budg\u00e9taire","datePublished":"2024-09-30T12:36:33+00:00","dateModified":"2024-09-30T12:37:41+00:00","mainEntityOfPage":{"@id":"https:\/\/challengeseconomiques.com\/?p=7097"},"wordCount":224,"image":{"@id":"https:\/\/challengeseconomiques.com\/?p=7097#primaryimage"},"thumbnailUrl":"https:\/\/challengeseconomiques.com\/wp-content\/uploads\/2024\/04\/dibaetba.jpg","articleSection":["A la une","Infos \u00e9co"],"inLanguage":"fr-FR"},{"@type":"WebPage","@id":"https:\/\/challengeseconomiques.com\/?p=7097","url":"https:\/\/challengeseconomiques.com\/?p=7097","name":"\u00c9claircissements sur le r\u00f4le du directeur de la programmation budg\u00e9taire - challenges economiques","isPartOf":{"@id":"https:\/\/challengeseconomiques.com\/#website"},"primaryImageOfPage":{"@id":"https:\/\/challengeseconomiques.com\/?p=7097#primaryimage"},"image":{"@id":"https:\/\/challengeseconomiques.com\/?p=7097#primaryimage"},"thumbnailUrl":"https:\/\/challengeseconomiques.com\/wp-content\/uploads\/2024\/04\/dibaetba.jpg","datePublished":"2024-09-30T12:36:33+00:00","dateModified":"2024-09-30T12:37:41+00:00","author":{"@id":"https:\/\/challengeseconomiques.com\/#\/schema\/person\/b4568c9afebc5a9238a771873801e349"},"breadcrumb":{"@id":"https:\/\/challengeseconomiques.com\/?p=7097#breadcrumb"},"inLanguage":"fr-FR","potentialAction":[{"@type":"ReadAction","target":["https:\/\/challengeseconomiques.com\/?p=7097"]}]},{"@type":"ImageObject","inLanguage":"fr-FR","@id":"https:\/\/challengeseconomiques.com\/?p=7097#primaryimage","url":"https:\/\/challengeseconomiques.com\/wp-content\/uploads\/2024\/04\/dibaetba.jpg","contentUrl":"https:\/\/challengeseconomiques.com\/wp-content\/uploads\/2024\/04\/dibaetba.jpg","width":928,"height":619},{"@type":"BreadcrumbList","@id":"https:\/\/challengeseconomiques.com\/?p=7097#breadcrumb","itemListElement":[{"@type":"ListItem","position":1,"name":"Home","item":"https:\/\/challengeseconomiques.com\/"},{"@type":"ListItem","position":2,"name":"\u00c9claircissements sur le r\u00f4le du directeur de la programmation budg\u00e9taire"}]},{"@type":"WebSite","@id":"https:\/\/challengeseconomiques.com\/#website","url":"https:\/\/challengeseconomiques.com\/","name":"challenges economiques","description":"","potentialAction":[{"@type":"SearchAction","target":{"@type":"EntryPoint","urlTemplate":"https:\/\/challengeseconomiques.com\/?s={search_term_string}"},"query-input":{"@type":"PropertyValueSpecification","valueRequired":true,"valueName":"search_term_string"}}],"inLanguage":"fr-FR"},{"@type":"Person","@id":"https:\/\/challengeseconomiques.com\/#\/schema\/person\/b4568c9afebc5a9238a771873801e349","name":"admin","image":{"@type":"ImageObject","inLanguage":"fr-FR","@id":"https:\/\/challengeseconomiques.com\/#\/schema\/person\/image\/","url":"https:\/\/secure.gravatar.com\/avatar\/099e42240b5eea11acdb72751fcce0dd918603f0749d24974b7984ea47ed9fd9?s=96&d=mm&r=g","contentUrl":"https:\/\/secure.gravatar.com\/avatar\/099e42240b5eea11acdb72751fcce0dd918603f0749d24974b7984ea47ed9fd9?s=96&d=mm&r=g","caption":"admin"},"sameAs":["https:\/\/challengeseconomiques.com"],"url":"https:\/\/challengeseconomiques.com\/?author=1"}]}},"jetpack_featured_media_url":"https:\/\/challengeseconomiques.com\/wp-content\/uploads\/2024\/04\/dibaetba.jpg","jetpack_sharing_enabled":true,"_links":{"self":[{"href":"https:\/\/challengeseconomiques.com\/index.php?rest_route=\/wp\/v2\/posts\/7097","targetHints":{"allow":["GET"]}}],"collection":[{"href":"https:\/\/challengeseconomiques.com\/index.php?rest_route=\/wp\/v2\/posts"}],"about":[{"href":"https:\/\/challengeseconomiques.com\/index.php?rest_route=\/wp\/v2\/types\/post"}],"author":[{"embeddable":true,"href":"https:\/\/challengeseconomiques.com\/index.php?rest_route=\/wp\/v2\/users\/1"}],"replies":[{"embeddable":true,"href":"https:\/\/challengeseconomiques.com\/index.php?rest_route=%2Fwp%2Fv2%2Fcomments&post=7097"}],"version-history":[{"count":1,"href":"https:\/\/challengeseconomiques.com\/index.php?rest_route=\/wp\/v2\/posts\/7097\/revisions"}],"predecessor-version":[{"id":7098,"href":"https:\/\/challengeseconomiques.com\/index.php?rest_route=\/wp\/v2\/posts\/7097\/revisions\/7098"}],"wp:featuredmedia":[{"embeddable":true,"href":"https:\/\/challengeseconomiques.com\/index.php?rest_route=\/wp\/v2\/media\/6203"}],"wp:attachment":[{"href":"https:\/\/challengeseconomiques.com\/index.php?rest_route=%2Fwp%2Fv2%2Fmedia&parent=7097"}],"wp:term":[{"taxonomy":"category","embeddable":true,"href":"https:\/\/challengeseconomiques.com\/index.php?rest_route=%2Fwp%2Fv2%2Fcategories&post=7097"},{"taxonomy":"post_tag","embeddable":true,"href":"https:\/\/challengeseconomiques.com\/index.php?rest_route=%2Fwp%2Fv2%2Ftags&post=7097"}],"curies":[{"name":"wp","href":"https:\/\/api.w.org\/{rel}","templated":true}]}}