{"id":7094,"date":"2024-09-30T12:30:27","date_gmt":"2024-09-30T12:30:27","guid":{"rendered":"https:\/\/challengeseconomiques.com\/?p=7094"},"modified":"2024-09-30T11:29:40","modified_gmt":"2024-09-30T11:29:40","slug":"le-cetud-et-la-sfi-signent-un-accord-en-vue-de-la-reduction-de-la-pollution-dans-les-infrastructures-de-transport","status":"publish","type":"post","link":"https:\/\/challengeseconomiques.com\/?p=7094","title":{"rendered":"Le CETUD et la SFI signent un accord en vue de la r\u00e9duction de la pollution dans les infrastructures de transport"},"content":{"rendered":"<p>Le Conseil ex\u00e9cutif des transports urbains durables (CETUD) annonce avoir sign\u00e9 avec la Soci\u00e9t\u00e9 financi\u00e8re internationale (SFI) un \u201caccord-cadre\u201d en vue de la r\u00e9duction des \u00e9missions de gaz carbonique dans les infrastructures de transport au S\u00e9n\u00e9gal.<\/p>\n<p>\u201cCe partenariat sera fond\u00e9 sur une approche durable visant \u00e0 r\u00e9duire les \u00e9missions de CO2 (gaz carbonique) et la pollution li\u00e9e au transport. Ce programme de transport mettra l\u2019accent sur la mobilit\u00e9 collective et active, qualitative et multimodale, avec des modes de transport urbain sobres en carbone\u201d, explique un communiqu\u00e9 du CETUD.<\/p>\n<p>Il ajoute que le programme qu\u2019il va d\u00e9rouler avec le partenariat de la SFI \u201centend apporter une contribution d\u00e9terminante \u00e0 l\u2019ambition [des pouvoirs publics s\u00e9n\u00e9galais] de construire des villes viables et vivables\u201d.<\/p>\n<p>\u201cL\u2019accompagnement de la SFI, pour la pr\u00e9paration de projets de PPP (partenariats public-priv\u00e9), portera notamment sur l\u2019examen sp\u00e9cifique de besoins de mobilit\u00e9 pour les axes ou territoires retenus, les aspects commerciaux, le cadre juridique et de r\u00e9gulation, les aspects techniques et financiers\u201d, pr\u00e9cise le Conseil ex\u00e9cutif des transports urbains durables.<\/p>\n<p>La Soci\u00e9t\u00e9 financi\u00e8re internationale, l\u2019organe de la Banque mondiale charg\u00e9 du secteur priv\u00e9, va contribuer, sur la base de l\u2019accord-cadre, \u00e0 la prise en charge des \u201cquestions environnementales et sociales\u201d dans les infrastructures de transport au S\u00e9n\u00e9gal.<\/p>\n<p>Elle fournira en m\u00eame temps \u201ctoute analyse permettant d\u2019\u00e9valuer la bancabilit\u00e9 des projets\u201d \u00e0 mettre en \u0153uvre dans ce secteur.<\/p>\n<p>\u201cUne fois l\u2019\u00e9tat de pr\u00e9paration confirm\u00e9 suivant la r\u00e9glementation en vigueur en mati\u00e8re de maturation et de s\u00e9lection de projets, la SFI accompagnera le CETUD dans les phases d\u2019analyse et de structuration de la transaction, puis de mise en \u0153uvre de la transaction, tout en incluant la passation de march\u00e9s et la cl\u00f4ture de la transaction\u201d, lit-on dans le communiqu\u00e9.<\/p>\n<p>Sur la base de l\u2019accord sign\u00e9, les deux parties vont \u201cacc\u00e9l\u00e9rer le d\u00e9veloppement d\u2019un portefeuille de projets additionnels\u201d, la collaboration prenant \u00e9galement en compte des \u201cprojets de PPP d\u00e9j\u00e0 m\u00fbris\u201d.<\/p>\n<p>Le CETUD, plac\u00e9 sous la tutelle technique du minist\u00e8re des Infrastructures et des Transports terrestres et a\u00e9riens, est \u201cun cadre de concertation\u201d des acteurs de la mobilit\u00e9 urbaine.<\/p>\n<p><strong>(APS)<\/strong><\/p>\n","protected":false},"excerpt":{"rendered":"<p>Le Conseil ex\u00e9cutif des transports urbains durables (CETUD) annonce avoir sign\u00e9 avec la Soci\u00e9t\u00e9 financi\u00e8re internationale (SFI) un \u201caccord-cadre\u201d en vue de la r\u00e9duction des&#8230;<\/p>\n","protected":false},"author":1,"featured_media":7095,"comment_status":"closed","ping_status":"open","sticky":false,"template":"","format":"standard","meta":{"_jetpack_memberships_contains_paid_content":false,"footnotes":""},"categories":[23,10],"tags":[],"class_list":["post-7094","post","type-post","status-publish","format-standard","has-post-thumbnail","hentry","category-a-la-une","category-infos-eco","wpcat-23-id","wpcat-10-id"],"yoast_head":"<!-- This site is optimized with the Yoast SEO plugin v27.1.1 - https:\/\/yoast.com\/product\/yoast-seo-wordpress\/ -->\n<title>Le CETUD et la SFI signent un accord en vue de la r\u00e9duction de la pollution dans les infrastructures de transport - challenges economiques<\/title>\n<meta name=\"robots\" content=\"index, follow, max-snippet:-1, max-image-preview:large, max-video-preview:-1\" \/>\n<link rel=\"canonical\" href=\"https:\/\/challengeseconomiques.com\/?p=7094\" \/>\n<meta property=\"og:locale\" content=\"fr_FR\" \/>\n<meta property=\"og:type\" content=\"article\" \/>\n<meta property=\"og:title\" content=\"Le CETUD et la SFI signent un accord en vue de la r\u00e9duction de la pollution dans les infrastructures de transport - challenges economiques\" \/>\n<meta property=\"og:description\" content=\"Le Conseil ex\u00e9cutif des transports urbains durables (CETUD) annonce avoir sign\u00e9 avec la Soci\u00e9t\u00e9 financi\u00e8re internationale (SFI) un \u201caccord-cadre\u201d en vue de la r\u00e9duction des...\" \/>\n<meta property=\"og:url\" content=\"https:\/\/challengeseconomiques.com\/?p=7094\" \/>\n<meta property=\"og:site_name\" content=\"challenges economiques\" \/>\n<meta property=\"article:published_time\" content=\"2024-09-30T12:30:27+00:00\" \/>\n<meta property=\"og:image\" content=\"https:\/\/challengeseconomiques.com\/wp-content\/uploads\/2024\/09\/cetudsfi.jpg\" \/>\n\t<meta property=\"og:image:width\" content=\"600\" \/>\n\t<meta property=\"og:image:height\" content=\"350\" \/>\n\t<meta property=\"og:image:type\" content=\"image\/jpeg\" \/>\n<meta name=\"author\" content=\"admin\" \/>\n<meta name=\"twitter:card\" content=\"summary_large_image\" \/>\n<meta name=\"twitter:label1\" content=\"\u00c9crit par\" \/>\n\t<meta name=\"twitter:data1\" content=\"admin\" \/>\n\t<meta name=\"twitter:label2\" content=\"Dur\u00e9e de lecture estim\u00e9e\" \/>\n\t<meta name=\"twitter:data2\" content=\"2 minutes\" \/>\n<script type=\"application\/ld+json\" class=\"yoast-schema-graph\">{\"@context\":\"https:\/\/schema.org\",\"@graph\":[{\"@type\":\"Article\",\"@id\":\"https:\/\/challengeseconomiques.com\/?p=7094#article\",\"isPartOf\":{\"@id\":\"https:\/\/challengeseconomiques.com\/?p=7094\"},\"author\":{\"name\":\"admin\",\"@id\":\"https:\/\/challengeseconomiques.com\/#\/schema\/person\/b4568c9afebc5a9238a771873801e349\"},\"headline\":\"Le CETUD et la SFI signent un accord en vue de la r\u00e9duction de la pollution dans les infrastructures de transport\",\"datePublished\":\"2024-09-30T12:30:27+00:00\",\"mainEntityOfPage\":{\"@id\":\"https:\/\/challengeseconomiques.com\/?p=7094\"},\"wordCount\":411,\"image\":{\"@id\":\"https:\/\/challengeseconomiques.com\/?p=7094#primaryimage\"},\"thumbnailUrl\":\"https:\/\/challengeseconomiques.com\/wp-content\/uploads\/2024\/09\/cetudsfi.jpg\",\"articleSection\":[\"A la une\",\"Infos \u00e9co\"],\"inLanguage\":\"fr-FR\"},{\"@type\":\"WebPage\",\"@id\":\"https:\/\/challengeseconomiques.com\/?p=7094\",\"url\":\"https:\/\/challengeseconomiques.com\/?p=7094\",\"name\":\"Le CETUD et la SFI signent un accord en vue de la r\u00e9duction de la pollution dans les infrastructures de transport - challenges economiques\",\"isPartOf\":{\"@id\":\"https:\/\/challengeseconomiques.com\/#website\"},\"primaryImageOfPage\":{\"@id\":\"https:\/\/challengeseconomiques.com\/?p=7094#primaryimage\"},\"image\":{\"@id\":\"https:\/\/challengeseconomiques.com\/?p=7094#primaryimage\"},\"thumbnailUrl\":\"https:\/\/challengeseconomiques.com\/wp-content\/uploads\/2024\/09\/cetudsfi.jpg\",\"datePublished\":\"2024-09-30T12:30:27+00:00\",\"author\":{\"@id\":\"https:\/\/challengeseconomiques.com\/#\/schema\/person\/b4568c9afebc5a9238a771873801e349\"},\"breadcrumb\":{\"@id\":\"https:\/\/challengeseconomiques.com\/?p=7094#breadcrumb\"},\"inLanguage\":\"fr-FR\",\"potentialAction\":[{\"@type\":\"ReadAction\",\"target\":[\"https:\/\/challengeseconomiques.com\/?p=7094\"]}]},{\"@type\":\"ImageObject\",\"inLanguage\":\"fr-FR\",\"@id\":\"https:\/\/challengeseconomiques.com\/?p=7094#primaryimage\",\"url\":\"https:\/\/challengeseconomiques.com\/wp-content\/uploads\/2024\/09\/cetudsfi.jpg\",\"contentUrl\":\"https:\/\/challengeseconomiques.com\/wp-content\/uploads\/2024\/09\/cetudsfi.jpg\",\"width\":600,\"height\":350},{\"@type\":\"BreadcrumbList\",\"@id\":\"https:\/\/challengeseconomiques.com\/?p=7094#breadcrumb\",\"itemListElement\":[{\"@type\":\"ListItem\",\"position\":1,\"name\":\"Home\",\"item\":\"https:\/\/challengeseconomiques.com\/\"},{\"@type\":\"ListItem\",\"position\":2,\"name\":\"Le CETUD et la SFI signent un accord en vue de la r\u00e9duction de la pollution dans les infrastructures de transport\"}]},{\"@type\":\"WebSite\",\"@id\":\"https:\/\/challengeseconomiques.com\/#website\",\"url\":\"https:\/\/challengeseconomiques.com\/\",\"name\":\"challenges economiques\",\"description\":\"\",\"potentialAction\":[{\"@type\":\"SearchAction\",\"target\":{\"@type\":\"EntryPoint\",\"urlTemplate\":\"https:\/\/challengeseconomiques.com\/?s={search_term_string}\"},\"query-input\":{\"@type\":\"PropertyValueSpecification\",\"valueRequired\":true,\"valueName\":\"search_term_string\"}}],\"inLanguage\":\"fr-FR\"},{\"@type\":\"Person\",\"@id\":\"https:\/\/challengeseconomiques.com\/#\/schema\/person\/b4568c9afebc5a9238a771873801e349\",\"name\":\"admin\",\"image\":{\"@type\":\"ImageObject\",\"inLanguage\":\"fr-FR\",\"@id\":\"https:\/\/challengeseconomiques.com\/#\/schema\/person\/image\/\",\"url\":\"https:\/\/secure.gravatar.com\/avatar\/099e42240b5eea11acdb72751fcce0dd918603f0749d24974b7984ea47ed9fd9?s=96&d=mm&r=g\",\"contentUrl\":\"https:\/\/secure.gravatar.com\/avatar\/099e42240b5eea11acdb72751fcce0dd918603f0749d24974b7984ea47ed9fd9?s=96&d=mm&r=g\",\"caption\":\"admin\"},\"sameAs\":[\"https:\/\/challengeseconomiques.com\"],\"url\":\"https:\/\/challengeseconomiques.com\/?author=1\"}]}<\/script>\n<!-- \/ Yoast SEO plugin. -->","yoast_head_json":{"title":"Le CETUD et la SFI signent un accord en vue de la r\u00e9duction de la pollution dans les infrastructures de transport - challenges economiques","robots":{"index":"index","follow":"follow","max-snippet":"max-snippet:-1","max-image-preview":"max-image-preview:large","max-video-preview":"max-video-preview:-1"},"canonical":"https:\/\/challengeseconomiques.com\/?p=7094","og_locale":"fr_FR","og_type":"article","og_title":"Le CETUD et la SFI signent un accord en vue de la r\u00e9duction de la pollution dans les infrastructures de transport - challenges economiques","og_description":"Le Conseil ex\u00e9cutif des transports urbains durables (CETUD) annonce avoir sign\u00e9 avec la Soci\u00e9t\u00e9 financi\u00e8re internationale (SFI) un \u201caccord-cadre\u201d en vue de la r\u00e9duction des...","og_url":"https:\/\/challengeseconomiques.com\/?p=7094","og_site_name":"challenges economiques","article_published_time":"2024-09-30T12:30:27+00:00","og_image":[{"width":600,"height":350,"url":"https:\/\/challengeseconomiques.com\/wp-content\/uploads\/2024\/09\/cetudsfi.jpg","type":"image\/jpeg"}],"author":"admin","twitter_card":"summary_large_image","twitter_misc":{"\u00c9crit par":"admin","Dur\u00e9e de lecture estim\u00e9e":"2 minutes"},"schema":{"@context":"https:\/\/schema.org","@graph":[{"@type":"Article","@id":"https:\/\/challengeseconomiques.com\/?p=7094#article","isPartOf":{"@id":"https:\/\/challengeseconomiques.com\/?p=7094"},"author":{"name":"admin","@id":"https:\/\/challengeseconomiques.com\/#\/schema\/person\/b4568c9afebc5a9238a771873801e349"},"headline":"Le CETUD et la SFI signent un accord en vue de la r\u00e9duction de la pollution dans les infrastructures de transport","datePublished":"2024-09-30T12:30:27+00:00","mainEntityOfPage":{"@id":"https:\/\/challengeseconomiques.com\/?p=7094"},"wordCount":411,"image":{"@id":"https:\/\/challengeseconomiques.com\/?p=7094#primaryimage"},"thumbnailUrl":"https:\/\/challengeseconomiques.com\/wp-content\/uploads\/2024\/09\/cetudsfi.jpg","articleSection":["A la une","Infos \u00e9co"],"inLanguage":"fr-FR"},{"@type":"WebPage","@id":"https:\/\/challengeseconomiques.com\/?p=7094","url":"https:\/\/challengeseconomiques.com\/?p=7094","name":"Le CETUD et la SFI signent un accord en vue de la r\u00e9duction de la pollution dans les infrastructures de transport - challenges economiques","isPartOf":{"@id":"https:\/\/challengeseconomiques.com\/#website"},"primaryImageOfPage":{"@id":"https:\/\/challengeseconomiques.com\/?p=7094#primaryimage"},"image":{"@id":"https:\/\/challengeseconomiques.com\/?p=7094#primaryimage"},"thumbnailUrl":"https:\/\/challengeseconomiques.com\/wp-content\/uploads\/2024\/09\/cetudsfi.jpg","datePublished":"2024-09-30T12:30:27+00:00","author":{"@id":"https:\/\/challengeseconomiques.com\/#\/schema\/person\/b4568c9afebc5a9238a771873801e349"},"breadcrumb":{"@id":"https:\/\/challengeseconomiques.com\/?p=7094#breadcrumb"},"inLanguage":"fr-FR","potentialAction":[{"@type":"ReadAction","target":["https:\/\/challengeseconomiques.com\/?p=7094"]}]},{"@type":"ImageObject","inLanguage":"fr-FR","@id":"https:\/\/challengeseconomiques.com\/?p=7094#primaryimage","url":"https:\/\/challengeseconomiques.com\/wp-content\/uploads\/2024\/09\/cetudsfi.jpg","contentUrl":"https:\/\/challengeseconomiques.com\/wp-content\/uploads\/2024\/09\/cetudsfi.jpg","width":600,"height":350},{"@type":"BreadcrumbList","@id":"https:\/\/challengeseconomiques.com\/?p=7094#breadcrumb","itemListElement":[{"@type":"ListItem","position":1,"name":"Home","item":"https:\/\/challengeseconomiques.com\/"},{"@type":"ListItem","position":2,"name":"Le CETUD et la SFI signent un accord en vue de la r\u00e9duction de la pollution dans les infrastructures de transport"}]},{"@type":"WebSite","@id":"https:\/\/challengeseconomiques.com\/#website","url":"https:\/\/challengeseconomiques.com\/","name":"challenges economiques","description":"","potentialAction":[{"@type":"SearchAction","target":{"@type":"EntryPoint","urlTemplate":"https:\/\/challengeseconomiques.com\/?s={search_term_string}"},"query-input":{"@type":"PropertyValueSpecification","valueRequired":true,"valueName":"search_term_string"}}],"inLanguage":"fr-FR"},{"@type":"Person","@id":"https:\/\/challengeseconomiques.com\/#\/schema\/person\/b4568c9afebc5a9238a771873801e349","name":"admin","image":{"@type":"ImageObject","inLanguage":"fr-FR","@id":"https:\/\/challengeseconomiques.com\/#\/schema\/person\/image\/","url":"https:\/\/secure.gravatar.com\/avatar\/099e42240b5eea11acdb72751fcce0dd918603f0749d24974b7984ea47ed9fd9?s=96&d=mm&r=g","contentUrl":"https:\/\/secure.gravatar.com\/avatar\/099e42240b5eea11acdb72751fcce0dd918603f0749d24974b7984ea47ed9fd9?s=96&d=mm&r=g","caption":"admin"},"sameAs":["https:\/\/challengeseconomiques.com"],"url":"https:\/\/challengeseconomiques.com\/?author=1"}]}},"jetpack_featured_media_url":"https:\/\/challengeseconomiques.com\/wp-content\/uploads\/2024\/09\/cetudsfi.jpg","jetpack_sharing_enabled":true,"_links":{"self":[{"href":"https:\/\/challengeseconomiques.com\/index.php?rest_route=\/wp\/v2\/posts\/7094","targetHints":{"allow":["GET"]}}],"collection":[{"href":"https:\/\/challengeseconomiques.com\/index.php?rest_route=\/wp\/v2\/posts"}],"about":[{"href":"https:\/\/challengeseconomiques.com\/index.php?rest_route=\/wp\/v2\/types\/post"}],"author":[{"embeddable":true,"href":"https:\/\/challengeseconomiques.com\/index.php?rest_route=\/wp\/v2\/users\/1"}],"replies":[{"embeddable":true,"href":"https:\/\/challengeseconomiques.com\/index.php?rest_route=%2Fwp%2Fv2%2Fcomments&post=7094"}],"version-history":[{"count":1,"href":"https:\/\/challengeseconomiques.com\/index.php?rest_route=\/wp\/v2\/posts\/7094\/revisions"}],"predecessor-version":[{"id":7096,"href":"https:\/\/challengeseconomiques.com\/index.php?rest_route=\/wp\/v2\/posts\/7094\/revisions\/7096"}],"wp:featuredmedia":[{"embeddable":true,"href":"https:\/\/challengeseconomiques.com\/index.php?rest_route=\/wp\/v2\/media\/7095"}],"wp:attachment":[{"href":"https:\/\/challengeseconomiques.com\/index.php?rest_route=%2Fwp%2Fv2%2Fmedia&parent=7094"}],"wp:term":[{"taxonomy":"category","embeddable":true,"href":"https:\/\/challengeseconomiques.com\/index.php?rest_route=%2Fwp%2Fv2%2Fcategories&post=7094"},{"taxonomy":"post_tag","embeddable":true,"href":"https:\/\/challengeseconomiques.com\/index.php?rest_route=%2Fwp%2Fv2%2Ftags&post=7094"}],"curies":[{"name":"wp","href":"https:\/\/api.w.org\/{rel}","templated":true}]}}