{"id":7061,"date":"2024-09-24T11:32:24","date_gmt":"2024-09-24T11:32:24","guid":{"rendered":"https:\/\/challengeseconomiques.com\/?p=7061"},"modified":"2024-09-24T11:32:55","modified_gmt":"2024-09-24T11:32:55","slug":"proparco-injecte-15-millions-de-dollars-au-prif-ii","status":"publish","type":"post","link":"https:\/\/challengeseconomiques.com\/?p=7061","title":{"rendered":"Proparco injecte 15 millions de dollars au PRIF II"},"content":{"rendered":"<div>\n<div>Proparco a investi 15 millions de dollars \u00a0au fonds d&rsquo;infrastructure panafricain Pembani Remgro Infrastructure Fund \u00a0(PRIF II). D&rsquo;apr\u00e8s le communiqu\u00e9 de l&rsquo;organisation, l&rsquo;objectif est de renforcer le d\u00e9veloppement d&rsquo;infrastructures durables en Afrique. Le Fonds cible \u00a0les opportunit\u00e9s d&rsquo;infrastructures en Afrique respectant des crit\u00e8res rigoureux en mati\u00e8re d&rsquo;ESG (Environnement, Social et Gouvernance) et d&rsquo;impact.<\/div>\n<div><\/div>\n<div>Les partenaires priorisent les opportunit\u00e9s dans les secteurs des infrastructures classiques telles que la logistique, le transport et la production d&rsquo;\u00e9lectricit\u00e9 \u00e0 grande \u00e9chelle. Les segments \u00e9mergents \u00e0 savoir la transition \u00e9nerg\u00e9tique, l&rsquo;infrastructure num\u00e9rique, la valorisation des d\u00e9chets, l&rsquo;\u00e9quilibrage du r\u00e9seau \u00e9lectrique et l&rsquo;efficacit\u00e9 \u00e9nerg\u00e9tique ne seront pas laiss\u00e9s en rade.<\/div>\n<div><\/div>\n<div>Au moins 30% des montants investis \u00a0vont \u00eatre destin\u00e9s \u00e0 des projets de financement \u00e0 co-b\u00e9n\u00e9fices climat.<\/div>\n<div><\/div>\n<div>Il est \u00e9galement attendu le fait de g\u00e9n\u00e9rer d&rsquo;importantes retomb\u00e9es \u00a0en mati\u00e8re de cr\u00e9ation d\u2019emplois sur le continent africain.<\/div>\n<div><\/div>\n<div>La directrice g\u00e9n\u00e9rale de Proparco, Fran\u00e7oise Lombard a mis en exergue le r\u00f4le des infrastructures dans le d\u00e9veloppement \u00e9conomique et social par l&rsquo;am\u00e9lioration des conditions de vie des populations.<\/div>\n<div><\/div>\n<p>Dans la m\u00eame veine, le PDG de PRIM, Herc Van Wyc s&rsquo;est r\u00e9joui de la coop\u00e9ration avec Proparco en vue de contribuer \u00e0 l&rsquo;essor du continent.<\/p><\/div>\n<div id=\"yiv8240668771ms-outlook-mobile-signature\">\n<div><\/div>\n<div><strong>Ousmane MBENGUE<\/strong><\/div>\n<\/div>\n","protected":false},"excerpt":{"rendered":"<p>Proparco a investi 15 millions de dollars \u00a0au fonds d&rsquo;infrastructure panafricain Pembani Remgro Infrastructure Fund \u00a0(PRIF II). D&rsquo;apr\u00e8s le communiqu\u00e9 de l&rsquo;organisation, l&rsquo;objectif est de&#8230;<\/p>\n","protected":false},"author":3,"featured_media":7062,"comment_status":"closed","ping_status":"open","sticky":false,"template":"","format":"standard","meta":{"_jetpack_memberships_contains_paid_content":false,"footnotes":""},"categories":[8,10],"tags":[],"class_list":["post-7061","post","type-post","status-publish","format-standard","has-post-thumbnail","hentry","category-actualite-economique","category-infos-eco","wpcat-8-id","wpcat-10-id"],"yoast_head":"<!-- This site is optimized with the Yoast SEO plugin v27.1.1 - https:\/\/yoast.com\/product\/yoast-seo-wordpress\/ -->\n<title>Proparco injecte 15 millions de dollars au PRIF II - challenges economiques<\/title>\n<meta name=\"robots\" content=\"index, follow, max-snippet:-1, max-image-preview:large, max-video-preview:-1\" \/>\n<link rel=\"canonical\" href=\"https:\/\/challengeseconomiques.com\/?p=7061\" \/>\n<meta property=\"og:locale\" content=\"fr_FR\" \/>\n<meta property=\"og:type\" content=\"article\" \/>\n<meta property=\"og:title\" content=\"Proparco injecte 15 millions de dollars au PRIF II - challenges economiques\" \/>\n<meta property=\"og:description\" content=\"Proparco a investi 15 millions de dollars \u00a0au fonds d&rsquo;infrastructure panafricain Pembani Remgro Infrastructure Fund \u00a0(PRIF II). D&rsquo;apr\u00e8s le communiqu\u00e9 de l&rsquo;organisation, l&rsquo;objectif est de...\" \/>\n<meta property=\"og:url\" content=\"https:\/\/challengeseconomiques.com\/?p=7061\" \/>\n<meta property=\"og:site_name\" content=\"challenges economiques\" \/>\n<meta property=\"article:published_time\" content=\"2024-09-24T11:32:24+00:00\" \/>\n<meta property=\"article:modified_time\" content=\"2024-09-24T11:32:55+00:00\" \/>\n<meta property=\"og:image\" content=\"https:\/\/challengeseconomiques.com\/wp-content\/uploads\/2024\/09\/parco.jpg\" \/>\n\t<meta property=\"og:image:width\" content=\"1680\" \/>\n\t<meta property=\"og:image:height\" content=\"750\" \/>\n\t<meta property=\"og:image:type\" content=\"image\/jpeg\" \/>\n<meta name=\"author\" content=\"aliou kane ndiaye\" \/>\n<meta name=\"twitter:card\" content=\"summary_large_image\" \/>\n<meta name=\"twitter:label1\" content=\"\u00c9crit par\" \/>\n\t<meta name=\"twitter:data1\" content=\"aliou kane ndiaye\" \/>\n\t<meta name=\"twitter:label2\" content=\"Dur\u00e9e de lecture estim\u00e9e\" \/>\n\t<meta name=\"twitter:data2\" content=\"1 minute\" \/>\n<script type=\"application\/ld+json\" class=\"yoast-schema-graph\">{\"@context\":\"https:\/\/schema.org\",\"@graph\":[{\"@type\":\"Article\",\"@id\":\"https:\/\/challengeseconomiques.com\/?p=7061#article\",\"isPartOf\":{\"@id\":\"https:\/\/challengeseconomiques.com\/?p=7061\"},\"author\":{\"name\":\"aliou kane ndiaye\",\"@id\":\"https:\/\/challengeseconomiques.com\/#\/schema\/person\/2f70a31e102db1741c1a1c00c2bbd8a6\"},\"headline\":\"Proparco injecte 15 millions de dollars au PRIF II\",\"datePublished\":\"2024-09-24T11:32:24+00:00\",\"dateModified\":\"2024-09-24T11:32:55+00:00\",\"mainEntityOfPage\":{\"@id\":\"https:\/\/challengeseconomiques.com\/?p=7061\"},\"wordCount\":244,\"image\":{\"@id\":\"https:\/\/challengeseconomiques.com\/?p=7061#primaryimage\"},\"thumbnailUrl\":\"https:\/\/challengeseconomiques.com\/wp-content\/uploads\/2024\/09\/parco.jpg\",\"articleSection\":[\"Actualit\u00e9 \u00e9conomique\",\"Infos \u00e9co\"],\"inLanguage\":\"fr-FR\"},{\"@type\":\"WebPage\",\"@id\":\"https:\/\/challengeseconomiques.com\/?p=7061\",\"url\":\"https:\/\/challengeseconomiques.com\/?p=7061\",\"name\":\"Proparco injecte 15 millions de dollars au PRIF II - challenges economiques\",\"isPartOf\":{\"@id\":\"https:\/\/challengeseconomiques.com\/#website\"},\"primaryImageOfPage\":{\"@id\":\"https:\/\/challengeseconomiques.com\/?p=7061#primaryimage\"},\"image\":{\"@id\":\"https:\/\/challengeseconomiques.com\/?p=7061#primaryimage\"},\"thumbnailUrl\":\"https:\/\/challengeseconomiques.com\/wp-content\/uploads\/2024\/09\/parco.jpg\",\"datePublished\":\"2024-09-24T11:32:24+00:00\",\"dateModified\":\"2024-09-24T11:32:55+00:00\",\"author\":{\"@id\":\"https:\/\/challengeseconomiques.com\/#\/schema\/person\/2f70a31e102db1741c1a1c00c2bbd8a6\"},\"breadcrumb\":{\"@id\":\"https:\/\/challengeseconomiques.com\/?p=7061#breadcrumb\"},\"inLanguage\":\"fr-FR\",\"potentialAction\":[{\"@type\":\"ReadAction\",\"target\":[\"https:\/\/challengeseconomiques.com\/?p=7061\"]}]},{\"@type\":\"ImageObject\",\"inLanguage\":\"fr-FR\",\"@id\":\"https:\/\/challengeseconomiques.com\/?p=7061#primaryimage\",\"url\":\"https:\/\/challengeseconomiques.com\/wp-content\/uploads\/2024\/09\/parco.jpg\",\"contentUrl\":\"https:\/\/challengeseconomiques.com\/wp-content\/uploads\/2024\/09\/parco.jpg\",\"width\":1680,\"height\":750},{\"@type\":\"BreadcrumbList\",\"@id\":\"https:\/\/challengeseconomiques.com\/?p=7061#breadcrumb\",\"itemListElement\":[{\"@type\":\"ListItem\",\"position\":1,\"name\":\"Home\",\"item\":\"https:\/\/challengeseconomiques.com\/\"},{\"@type\":\"ListItem\",\"position\":2,\"name\":\"Proparco injecte 15 millions de dollars au PRIF II\"}]},{\"@type\":\"WebSite\",\"@id\":\"https:\/\/challengeseconomiques.com\/#website\",\"url\":\"https:\/\/challengeseconomiques.com\/\",\"name\":\"challenges economiques\",\"description\":\"\",\"potentialAction\":[{\"@type\":\"SearchAction\",\"target\":{\"@type\":\"EntryPoint\",\"urlTemplate\":\"https:\/\/challengeseconomiques.com\/?s={search_term_string}\"},\"query-input\":{\"@type\":\"PropertyValueSpecification\",\"valueRequired\":true,\"valueName\":\"search_term_string\"}}],\"inLanguage\":\"fr-FR\"},{\"@type\":\"Person\",\"@id\":\"https:\/\/challengeseconomiques.com\/#\/schema\/person\/2f70a31e102db1741c1a1c00c2bbd8a6\",\"name\":\"aliou kane ndiaye\",\"image\":{\"@type\":\"ImageObject\",\"inLanguage\":\"fr-FR\",\"@id\":\"https:\/\/challengeseconomiques.com\/#\/schema\/person\/image\/\",\"url\":\"https:\/\/secure.gravatar.com\/avatar\/df942321e58711a9f1fee838e446766660477bacd4b42fa20400d2c7cf4da7ca?s=96&d=mm&r=g\",\"contentUrl\":\"https:\/\/secure.gravatar.com\/avatar\/df942321e58711a9f1fee838e446766660477bacd4b42fa20400d2c7cf4da7ca?s=96&d=mm&r=g\",\"caption\":\"aliou kane ndiaye\"},\"sameAs\":[\"http:\/\/www.challengeseconomiques.com\"],\"url\":\"https:\/\/challengeseconomiques.com\/?author=3\"}]}<\/script>\n<!-- \/ Yoast SEO plugin. -->","yoast_head_json":{"title":"Proparco injecte 15 millions de dollars au PRIF II - challenges economiques","robots":{"index":"index","follow":"follow","max-snippet":"max-snippet:-1","max-image-preview":"max-image-preview:large","max-video-preview":"max-video-preview:-1"},"canonical":"https:\/\/challengeseconomiques.com\/?p=7061","og_locale":"fr_FR","og_type":"article","og_title":"Proparco injecte 15 millions de dollars au PRIF II - challenges economiques","og_description":"Proparco a investi 15 millions de dollars \u00a0au fonds d&rsquo;infrastructure panafricain Pembani Remgro Infrastructure Fund \u00a0(PRIF II). D&rsquo;apr\u00e8s le communiqu\u00e9 de l&rsquo;organisation, l&rsquo;objectif est de...","og_url":"https:\/\/challengeseconomiques.com\/?p=7061","og_site_name":"challenges economiques","article_published_time":"2024-09-24T11:32:24+00:00","article_modified_time":"2024-09-24T11:32:55+00:00","og_image":[{"width":1680,"height":750,"url":"https:\/\/challengeseconomiques.com\/wp-content\/uploads\/2024\/09\/parco.jpg","type":"image\/jpeg"}],"author":"aliou kane ndiaye","twitter_card":"summary_large_image","twitter_misc":{"\u00c9crit par":"aliou kane ndiaye","Dur\u00e9e de lecture estim\u00e9e":"1 minute"},"schema":{"@context":"https:\/\/schema.org","@graph":[{"@type":"Article","@id":"https:\/\/challengeseconomiques.com\/?p=7061#article","isPartOf":{"@id":"https:\/\/challengeseconomiques.com\/?p=7061"},"author":{"name":"aliou kane ndiaye","@id":"https:\/\/challengeseconomiques.com\/#\/schema\/person\/2f70a31e102db1741c1a1c00c2bbd8a6"},"headline":"Proparco injecte 15 millions de dollars au PRIF II","datePublished":"2024-09-24T11:32:24+00:00","dateModified":"2024-09-24T11:32:55+00:00","mainEntityOfPage":{"@id":"https:\/\/challengeseconomiques.com\/?p=7061"},"wordCount":244,"image":{"@id":"https:\/\/challengeseconomiques.com\/?p=7061#primaryimage"},"thumbnailUrl":"https:\/\/challengeseconomiques.com\/wp-content\/uploads\/2024\/09\/parco.jpg","articleSection":["Actualit\u00e9 \u00e9conomique","Infos \u00e9co"],"inLanguage":"fr-FR"},{"@type":"WebPage","@id":"https:\/\/challengeseconomiques.com\/?p=7061","url":"https:\/\/challengeseconomiques.com\/?p=7061","name":"Proparco injecte 15 millions de dollars au PRIF II - challenges economiques","isPartOf":{"@id":"https:\/\/challengeseconomiques.com\/#website"},"primaryImageOfPage":{"@id":"https:\/\/challengeseconomiques.com\/?p=7061#primaryimage"},"image":{"@id":"https:\/\/challengeseconomiques.com\/?p=7061#primaryimage"},"thumbnailUrl":"https:\/\/challengeseconomiques.com\/wp-content\/uploads\/2024\/09\/parco.jpg","datePublished":"2024-09-24T11:32:24+00:00","dateModified":"2024-09-24T11:32:55+00:00","author":{"@id":"https:\/\/challengeseconomiques.com\/#\/schema\/person\/2f70a31e102db1741c1a1c00c2bbd8a6"},"breadcrumb":{"@id":"https:\/\/challengeseconomiques.com\/?p=7061#breadcrumb"},"inLanguage":"fr-FR","potentialAction":[{"@type":"ReadAction","target":["https:\/\/challengeseconomiques.com\/?p=7061"]}]},{"@type":"ImageObject","inLanguage":"fr-FR","@id":"https:\/\/challengeseconomiques.com\/?p=7061#primaryimage","url":"https:\/\/challengeseconomiques.com\/wp-content\/uploads\/2024\/09\/parco.jpg","contentUrl":"https:\/\/challengeseconomiques.com\/wp-content\/uploads\/2024\/09\/parco.jpg","width":1680,"height":750},{"@type":"BreadcrumbList","@id":"https:\/\/challengeseconomiques.com\/?p=7061#breadcrumb","itemListElement":[{"@type":"ListItem","position":1,"name":"Home","item":"https:\/\/challengeseconomiques.com\/"},{"@type":"ListItem","position":2,"name":"Proparco injecte 15 millions de dollars au PRIF II"}]},{"@type":"WebSite","@id":"https:\/\/challengeseconomiques.com\/#website","url":"https:\/\/challengeseconomiques.com\/","name":"challenges economiques","description":"","potentialAction":[{"@type":"SearchAction","target":{"@type":"EntryPoint","urlTemplate":"https:\/\/challengeseconomiques.com\/?s={search_term_string}"},"query-input":{"@type":"PropertyValueSpecification","valueRequired":true,"valueName":"search_term_string"}}],"inLanguage":"fr-FR"},{"@type":"Person","@id":"https:\/\/challengeseconomiques.com\/#\/schema\/person\/2f70a31e102db1741c1a1c00c2bbd8a6","name":"aliou kane ndiaye","image":{"@type":"ImageObject","inLanguage":"fr-FR","@id":"https:\/\/challengeseconomiques.com\/#\/schema\/person\/image\/","url":"https:\/\/secure.gravatar.com\/avatar\/df942321e58711a9f1fee838e446766660477bacd4b42fa20400d2c7cf4da7ca?s=96&d=mm&r=g","contentUrl":"https:\/\/secure.gravatar.com\/avatar\/df942321e58711a9f1fee838e446766660477bacd4b42fa20400d2c7cf4da7ca?s=96&d=mm&r=g","caption":"aliou kane ndiaye"},"sameAs":["http:\/\/www.challengeseconomiques.com"],"url":"https:\/\/challengeseconomiques.com\/?author=3"}]}},"jetpack_featured_media_url":"https:\/\/challengeseconomiques.com\/wp-content\/uploads\/2024\/09\/parco.jpg","jetpack_sharing_enabled":true,"_links":{"self":[{"href":"https:\/\/challengeseconomiques.com\/index.php?rest_route=\/wp\/v2\/posts\/7061","targetHints":{"allow":["GET"]}}],"collection":[{"href":"https:\/\/challengeseconomiques.com\/index.php?rest_route=\/wp\/v2\/posts"}],"about":[{"href":"https:\/\/challengeseconomiques.com\/index.php?rest_route=\/wp\/v2\/types\/post"}],"author":[{"embeddable":true,"href":"https:\/\/challengeseconomiques.com\/index.php?rest_route=\/wp\/v2\/users\/3"}],"replies":[{"embeddable":true,"href":"https:\/\/challengeseconomiques.com\/index.php?rest_route=%2Fwp%2Fv2%2Fcomments&post=7061"}],"version-history":[{"count":1,"href":"https:\/\/challengeseconomiques.com\/index.php?rest_route=\/wp\/v2\/posts\/7061\/revisions"}],"predecessor-version":[{"id":7063,"href":"https:\/\/challengeseconomiques.com\/index.php?rest_route=\/wp\/v2\/posts\/7061\/revisions\/7063"}],"wp:featuredmedia":[{"embeddable":true,"href":"https:\/\/challengeseconomiques.com\/index.php?rest_route=\/wp\/v2\/media\/7062"}],"wp:attachment":[{"href":"https:\/\/challengeseconomiques.com\/index.php?rest_route=%2Fwp%2Fv2%2Fmedia&parent=7061"}],"wp:term":[{"taxonomy":"category","embeddable":true,"href":"https:\/\/challengeseconomiques.com\/index.php?rest_route=%2Fwp%2Fv2%2Fcategories&post=7061"},{"taxonomy":"post_tag","embeddable":true,"href":"https:\/\/challengeseconomiques.com\/index.php?rest_route=%2Fwp%2Fv2%2Ftags&post=7061"}],"curies":[{"name":"wp","href":"https:\/\/api.w.org\/{rel}","templated":true}]}}