{"id":7058,"date":"2024-09-23T16:12:44","date_gmt":"2024-09-23T16:12:44","guid":{"rendered":"https:\/\/challengeseconomiques.com\/?p=7058"},"modified":"2024-09-23T16:18:30","modified_gmt":"2024-09-23T16:18:30","slug":"cote-divoire-711-des-marches-publics-attribues-aux-pme-en-6-mois","status":"publish","type":"post","link":"https:\/\/challengeseconomiques.com\/?p=7058","title":{"rendered":"C\u00f4te d&rsquo;Ivoire : 71,1% des march\u00e9s publics attribu\u00e9s aux PME en 6 mois"},"content":{"rendered":"<p class=\"texte textearticle\"><strong>\u00a0En C\u00f4te d\u2019Ivoire, les PME b\u00e9n\u00e9ficient de mesures incitatives visant \u00e0 accro\u00eetre leurs parts dans les march\u00e9s publics octroy\u00e9s. Ainsi, 71,1% du nombre de march\u00e9s publics pass\u00e9s au cours des 6 premiers mois de l\u2019ann\u00e9e ont \u00e9t\u00e9 monopolis\u00e9s par les PME, bien que leur part en valeur soit en baisse.<\/strong><\/p>\n<p class=\"texte textearticle\">Au premier semestre 2024, la part des petites et moyennes entreprises (PME) dans le nombre total de march\u00e9s publics accord\u00e9s par l&rsquo;Etat ivoirien a augment\u00e9, selon une communication du gouvernement, \u00e0 l&rsquo;issue du Conseil des ministres.<\/p>\n<p class=\"texte textearticle\">D\u2019apr\u00e8s les autorit\u00e9s ivoiriennes, la proportion des PME dans le nombre de march\u00e9s publics attribu\u00e9s est pass\u00e9e de 65,5\u00a0% au premier semestre 2023 \u00e0 71,1\u00a0% au premier semestre 2024. Cette progression contraste avec la tendance \u00e0 la baisse dans le volume global des march\u00e9s publics durant la m\u00eame p\u00e9riode. <em>\u00ab\u00a0A fin juin 2024, 1829 march\u00e9s ont \u00e9t\u00e9 approuv\u00e9s contre 2074 \u00e0 la m\u00eame p\u00e9riode en 2023, soit une baisse de 11,8\u00a0%<\/em>\u00a0\u00bb, pr\u00e9cisent les autorit\u00e9s.<\/p>\n<p class=\"texte textearticle\">En C\u00f4te d\u2019Ivoire, les PME b\u00e9n\u00e9ficient d&rsquo;un ensemble de mesures de soutien de l\u2019Etat visant \u00e0 renforcer leur acc\u00e8s aux march\u00e9s publics et accro\u00eetre leur part dans ceux-ci. Ces mesures incluent, entre autres, la r\u00e9servation de 30\u00a0% des march\u00e9s publics aux PME, la r\u00e9duction du taux de la garantie d\u2019offres, la non-exigibilit\u00e9 de la r\u00e9gularit\u00e9 fiscale et sociale \u00e0 l\u2019\u00e9tape de la participation aux appels d\u2019offres, ainsi que la mise en place de proc\u00e9dures simplifi\u00e9es, plus accessibles pour ces entreprises.<\/p>\n<p class=\"texte textearticle\">Malgr\u00e9 ces incitations et l\u2019augmentation du nombre de march\u00e9s attribu\u00e9s aux PME, leur part en valeur conna\u00eet une baisse notable. Selon le gouvernement, la valeur des march\u00e9s attribu\u00e9s aux PME est pass\u00e9e de 61,7\u00a0% \u00e0 fin juin 2023 \u00e0 28,7\u00a0% \u00e0 fin juin 2024, soit une chute de 33 points. Cette diminution contraste avec l&rsquo;augmentation de la valeur totale des march\u00e9s publics sur la m\u00eame p\u00e9riode, qui est pass\u00e9e de 874 millions de dollars \u00e0 fin juin 2023 \u00e0 1,2 milliard de dollars au cours des six premiers mois de 2024.<\/p>\n<p class=\"texte textearticle\">Les autorit\u00e9s expliquent cette situation par <em>\u00ab\u00a0l\u2019approbation de march\u00e9s de montants \u00e9lev\u00e9s, dont les titulaires sont des grandes entreprises\u00a0\u00bb,<\/em> notamment pour de grands projets d&rsquo;infrastructures routi\u00e8res et \u00e9nerg\u00e9tiques. En raison de leur taille et de leur capacit\u00e9 limit\u00e9es, les PME sont g\u00e9n\u00e9ralement confin\u00e9es \u00e0 des projets de petite ou moyenne envergure, tandis que les plus importants en termes de valeur sont attribu\u00e9s aux grandes entreprises.<\/p>\n<p class=\"texte textearticle\">Cependant, gr\u00e2ce aux opportunit\u00e9s de sous-traitance autoris\u00e9es, ces PME peuvent participer \u00e0 de grands projets en sous-traitant une partie des march\u00e9s attribu\u00e9s aux grandes entreprises. Toutefois, les donn\u00e9es fournies par les autorit\u00e9s ivoiriennes ne pr\u00e9cisent pas quelle proportion de ces grands projets est sous-trait\u00e9e par des PME.<\/p>\n<p><strong>(Agence Ecofin)<br \/>\n<\/strong><\/p>\n","protected":false},"excerpt":{"rendered":"<p>\u00a0En C\u00f4te d\u2019Ivoire, les PME b\u00e9n\u00e9ficient de mesures incitatives visant \u00e0 accro\u00eetre leurs parts dans les march\u00e9s publics octroy\u00e9s. Ainsi, 71,1% du nombre de march\u00e9s&#8230;<\/p>\n","protected":false},"author":1,"featured_media":7060,"comment_status":"closed","ping_status":"open","sticky":false,"template":"","format":"standard","meta":{"_jetpack_memberships_contains_paid_content":false,"footnotes":""},"categories":[23],"tags":[],"class_list":["post-7058","post","type-post","status-publish","format-standard","has-post-thumbnail","hentry","category-a-la-une","wpcat-23-id"],"yoast_head":"<!-- This site is optimized with the Yoast SEO plugin v27.1.1 - https:\/\/yoast.com\/product\/yoast-seo-wordpress\/ -->\n<title>C\u00f4te d&#039;Ivoire : 71,1% des march\u00e9s publics attribu\u00e9s aux PME en 6 mois - challenges economiques<\/title>\n<meta name=\"robots\" content=\"index, follow, max-snippet:-1, max-image-preview:large, max-video-preview:-1\" \/>\n<link rel=\"canonical\" href=\"https:\/\/challengeseconomiques.com\/?p=7058\" \/>\n<meta property=\"og:locale\" content=\"fr_FR\" \/>\n<meta property=\"og:type\" content=\"article\" \/>\n<meta property=\"og:title\" content=\"C\u00f4te d&#039;Ivoire : 71,1% des march\u00e9s publics attribu\u00e9s aux PME en 6 mois - challenges economiques\" \/>\n<meta property=\"og:description\" content=\"\u00a0En C\u00f4te d\u2019Ivoire, les PME b\u00e9n\u00e9ficient de mesures incitatives visant \u00e0 accro\u00eetre leurs parts dans les march\u00e9s publics octroy\u00e9s. Ainsi, 71,1% du nombre de march\u00e9s...\" \/>\n<meta property=\"og:url\" content=\"https:\/\/challengeseconomiques.com\/?p=7058\" \/>\n<meta property=\"og:site_name\" content=\"challenges economiques\" \/>\n<meta property=\"article:published_time\" content=\"2024-09-23T16:12:44+00:00\" \/>\n<meta property=\"article:modified_time\" content=\"2024-09-23T16:18:30+00:00\" \/>\n<meta property=\"og:image\" content=\"https:\/\/challengeseconomiques.com\/wp-content\/uploads\/2024\/09\/adamacoulibaly.jpg\" \/>\n\t<meta property=\"og:image:width\" content=\"750\" \/>\n\t<meta property=\"og:image:height\" content=\"500\" \/>\n\t<meta property=\"og:image:type\" content=\"image\/jpeg\" \/>\n<meta name=\"author\" content=\"admin\" \/>\n<meta name=\"twitter:card\" content=\"summary_large_image\" \/>\n<meta name=\"twitter:label1\" content=\"\u00c9crit par\" \/>\n\t<meta name=\"twitter:data1\" content=\"admin\" \/>\n\t<meta name=\"twitter:label2\" content=\"Dur\u00e9e de lecture estim\u00e9e\" \/>\n\t<meta name=\"twitter:data2\" content=\"2 minutes\" \/>\n<script type=\"application\/ld+json\" class=\"yoast-schema-graph\">{\"@context\":\"https:\/\/schema.org\",\"@graph\":[{\"@type\":\"Article\",\"@id\":\"https:\/\/challengeseconomiques.com\/?p=7058#article\",\"isPartOf\":{\"@id\":\"https:\/\/challengeseconomiques.com\/?p=7058\"},\"author\":{\"name\":\"admin\",\"@id\":\"https:\/\/challengeseconomiques.com\/#\/schema\/person\/b4568c9afebc5a9238a771873801e349\"},\"headline\":\"C\u00f4te d&rsquo;Ivoire : 71,1% des march\u00e9s publics attribu\u00e9s aux PME en 6 mois\",\"datePublished\":\"2024-09-23T16:12:44+00:00\",\"dateModified\":\"2024-09-23T16:18:30+00:00\",\"mainEntityOfPage\":{\"@id\":\"https:\/\/challengeseconomiques.com\/?p=7058\"},\"wordCount\":505,\"image\":{\"@id\":\"https:\/\/challengeseconomiques.com\/?p=7058#primaryimage\"},\"thumbnailUrl\":\"https:\/\/challengeseconomiques.com\/wp-content\/uploads\/2024\/09\/adamacoulibaly.jpg\",\"articleSection\":[\"A la une\"],\"inLanguage\":\"fr-FR\"},{\"@type\":\"WebPage\",\"@id\":\"https:\/\/challengeseconomiques.com\/?p=7058\",\"url\":\"https:\/\/challengeseconomiques.com\/?p=7058\",\"name\":\"C\u00f4te d'Ivoire : 71,1% des march\u00e9s publics attribu\u00e9s aux PME en 6 mois - challenges economiques\",\"isPartOf\":{\"@id\":\"https:\/\/challengeseconomiques.com\/#website\"},\"primaryImageOfPage\":{\"@id\":\"https:\/\/challengeseconomiques.com\/?p=7058#primaryimage\"},\"image\":{\"@id\":\"https:\/\/challengeseconomiques.com\/?p=7058#primaryimage\"},\"thumbnailUrl\":\"https:\/\/challengeseconomiques.com\/wp-content\/uploads\/2024\/09\/adamacoulibaly.jpg\",\"datePublished\":\"2024-09-23T16:12:44+00:00\",\"dateModified\":\"2024-09-23T16:18:30+00:00\",\"author\":{\"@id\":\"https:\/\/challengeseconomiques.com\/#\/schema\/person\/b4568c9afebc5a9238a771873801e349\"},\"breadcrumb\":{\"@id\":\"https:\/\/challengeseconomiques.com\/?p=7058#breadcrumb\"},\"inLanguage\":\"fr-FR\",\"potentialAction\":[{\"@type\":\"ReadAction\",\"target\":[\"https:\/\/challengeseconomiques.com\/?p=7058\"]}]},{\"@type\":\"ImageObject\",\"inLanguage\":\"fr-FR\",\"@id\":\"https:\/\/challengeseconomiques.com\/?p=7058#primaryimage\",\"url\":\"https:\/\/challengeseconomiques.com\/wp-content\/uploads\/2024\/09\/adamacoulibaly.jpg\",\"contentUrl\":\"https:\/\/challengeseconomiques.com\/wp-content\/uploads\/2024\/09\/adamacoulibaly.jpg\",\"width\":750,\"height\":500},{\"@type\":\"BreadcrumbList\",\"@id\":\"https:\/\/challengeseconomiques.com\/?p=7058#breadcrumb\",\"itemListElement\":[{\"@type\":\"ListItem\",\"position\":1,\"name\":\"Home\",\"item\":\"https:\/\/challengeseconomiques.com\/\"},{\"@type\":\"ListItem\",\"position\":2,\"name\":\"C\u00f4te d&#8217;Ivoire : 71,1% des march\u00e9s publics attribu\u00e9s aux PME en 6 mois\"}]},{\"@type\":\"WebSite\",\"@id\":\"https:\/\/challengeseconomiques.com\/#website\",\"url\":\"https:\/\/challengeseconomiques.com\/\",\"name\":\"challenges economiques\",\"description\":\"\",\"potentialAction\":[{\"@type\":\"SearchAction\",\"target\":{\"@type\":\"EntryPoint\",\"urlTemplate\":\"https:\/\/challengeseconomiques.com\/?s={search_term_string}\"},\"query-input\":{\"@type\":\"PropertyValueSpecification\",\"valueRequired\":true,\"valueName\":\"search_term_string\"}}],\"inLanguage\":\"fr-FR\"},{\"@type\":\"Person\",\"@id\":\"https:\/\/challengeseconomiques.com\/#\/schema\/person\/b4568c9afebc5a9238a771873801e349\",\"name\":\"admin\",\"image\":{\"@type\":\"ImageObject\",\"inLanguage\":\"fr-FR\",\"@id\":\"https:\/\/challengeseconomiques.com\/#\/schema\/person\/image\/\",\"url\":\"https:\/\/secure.gravatar.com\/avatar\/099e42240b5eea11acdb72751fcce0dd918603f0749d24974b7984ea47ed9fd9?s=96&d=mm&r=g\",\"contentUrl\":\"https:\/\/secure.gravatar.com\/avatar\/099e42240b5eea11acdb72751fcce0dd918603f0749d24974b7984ea47ed9fd9?s=96&d=mm&r=g\",\"caption\":\"admin\"},\"sameAs\":[\"https:\/\/challengeseconomiques.com\"],\"url\":\"https:\/\/challengeseconomiques.com\/?author=1\"}]}<\/script>\n<!-- \/ Yoast SEO plugin. -->","yoast_head_json":{"title":"C\u00f4te d'Ivoire : 71,1% des march\u00e9s publics attribu\u00e9s aux PME en 6 mois - challenges economiques","robots":{"index":"index","follow":"follow","max-snippet":"max-snippet:-1","max-image-preview":"max-image-preview:large","max-video-preview":"max-video-preview:-1"},"canonical":"https:\/\/challengeseconomiques.com\/?p=7058","og_locale":"fr_FR","og_type":"article","og_title":"C\u00f4te d'Ivoire : 71,1% des march\u00e9s publics attribu\u00e9s aux PME en 6 mois - challenges economiques","og_description":"\u00a0En C\u00f4te d\u2019Ivoire, les PME b\u00e9n\u00e9ficient de mesures incitatives visant \u00e0 accro\u00eetre leurs parts dans les march\u00e9s publics octroy\u00e9s. Ainsi, 71,1% du nombre de march\u00e9s...","og_url":"https:\/\/challengeseconomiques.com\/?p=7058","og_site_name":"challenges economiques","article_published_time":"2024-09-23T16:12:44+00:00","article_modified_time":"2024-09-23T16:18:30+00:00","og_image":[{"width":750,"height":500,"url":"https:\/\/challengeseconomiques.com\/wp-content\/uploads\/2024\/09\/adamacoulibaly.jpg","type":"image\/jpeg"}],"author":"admin","twitter_card":"summary_large_image","twitter_misc":{"\u00c9crit par":"admin","Dur\u00e9e de lecture estim\u00e9e":"2 minutes"},"schema":{"@context":"https:\/\/schema.org","@graph":[{"@type":"Article","@id":"https:\/\/challengeseconomiques.com\/?p=7058#article","isPartOf":{"@id":"https:\/\/challengeseconomiques.com\/?p=7058"},"author":{"name":"admin","@id":"https:\/\/challengeseconomiques.com\/#\/schema\/person\/b4568c9afebc5a9238a771873801e349"},"headline":"C\u00f4te d&rsquo;Ivoire : 71,1% des march\u00e9s publics attribu\u00e9s aux PME en 6 mois","datePublished":"2024-09-23T16:12:44+00:00","dateModified":"2024-09-23T16:18:30+00:00","mainEntityOfPage":{"@id":"https:\/\/challengeseconomiques.com\/?p=7058"},"wordCount":505,"image":{"@id":"https:\/\/challengeseconomiques.com\/?p=7058#primaryimage"},"thumbnailUrl":"https:\/\/challengeseconomiques.com\/wp-content\/uploads\/2024\/09\/adamacoulibaly.jpg","articleSection":["A la une"],"inLanguage":"fr-FR"},{"@type":"WebPage","@id":"https:\/\/challengeseconomiques.com\/?p=7058","url":"https:\/\/challengeseconomiques.com\/?p=7058","name":"C\u00f4te d'Ivoire : 71,1% des march\u00e9s publics attribu\u00e9s aux PME en 6 mois - challenges economiques","isPartOf":{"@id":"https:\/\/challengeseconomiques.com\/#website"},"primaryImageOfPage":{"@id":"https:\/\/challengeseconomiques.com\/?p=7058#primaryimage"},"image":{"@id":"https:\/\/challengeseconomiques.com\/?p=7058#primaryimage"},"thumbnailUrl":"https:\/\/challengeseconomiques.com\/wp-content\/uploads\/2024\/09\/adamacoulibaly.jpg","datePublished":"2024-09-23T16:12:44+00:00","dateModified":"2024-09-23T16:18:30+00:00","author":{"@id":"https:\/\/challengeseconomiques.com\/#\/schema\/person\/b4568c9afebc5a9238a771873801e349"},"breadcrumb":{"@id":"https:\/\/challengeseconomiques.com\/?p=7058#breadcrumb"},"inLanguage":"fr-FR","potentialAction":[{"@type":"ReadAction","target":["https:\/\/challengeseconomiques.com\/?p=7058"]}]},{"@type":"ImageObject","inLanguage":"fr-FR","@id":"https:\/\/challengeseconomiques.com\/?p=7058#primaryimage","url":"https:\/\/challengeseconomiques.com\/wp-content\/uploads\/2024\/09\/adamacoulibaly.jpg","contentUrl":"https:\/\/challengeseconomiques.com\/wp-content\/uploads\/2024\/09\/adamacoulibaly.jpg","width":750,"height":500},{"@type":"BreadcrumbList","@id":"https:\/\/challengeseconomiques.com\/?p=7058#breadcrumb","itemListElement":[{"@type":"ListItem","position":1,"name":"Home","item":"https:\/\/challengeseconomiques.com\/"},{"@type":"ListItem","position":2,"name":"C\u00f4te d&#8217;Ivoire : 71,1% des march\u00e9s publics attribu\u00e9s aux PME en 6 mois"}]},{"@type":"WebSite","@id":"https:\/\/challengeseconomiques.com\/#website","url":"https:\/\/challengeseconomiques.com\/","name":"challenges economiques","description":"","potentialAction":[{"@type":"SearchAction","target":{"@type":"EntryPoint","urlTemplate":"https:\/\/challengeseconomiques.com\/?s={search_term_string}"},"query-input":{"@type":"PropertyValueSpecification","valueRequired":true,"valueName":"search_term_string"}}],"inLanguage":"fr-FR"},{"@type":"Person","@id":"https:\/\/challengeseconomiques.com\/#\/schema\/person\/b4568c9afebc5a9238a771873801e349","name":"admin","image":{"@type":"ImageObject","inLanguage":"fr-FR","@id":"https:\/\/challengeseconomiques.com\/#\/schema\/person\/image\/","url":"https:\/\/secure.gravatar.com\/avatar\/099e42240b5eea11acdb72751fcce0dd918603f0749d24974b7984ea47ed9fd9?s=96&d=mm&r=g","contentUrl":"https:\/\/secure.gravatar.com\/avatar\/099e42240b5eea11acdb72751fcce0dd918603f0749d24974b7984ea47ed9fd9?s=96&d=mm&r=g","caption":"admin"},"sameAs":["https:\/\/challengeseconomiques.com"],"url":"https:\/\/challengeseconomiques.com\/?author=1"}]}},"jetpack_featured_media_url":"https:\/\/challengeseconomiques.com\/wp-content\/uploads\/2024\/09\/adamacoulibaly.jpg","jetpack_sharing_enabled":true,"_links":{"self":[{"href":"https:\/\/challengeseconomiques.com\/index.php?rest_route=\/wp\/v2\/posts\/7058","targetHints":{"allow":["GET"]}}],"collection":[{"href":"https:\/\/challengeseconomiques.com\/index.php?rest_route=\/wp\/v2\/posts"}],"about":[{"href":"https:\/\/challengeseconomiques.com\/index.php?rest_route=\/wp\/v2\/types\/post"}],"author":[{"embeddable":true,"href":"https:\/\/challengeseconomiques.com\/index.php?rest_route=\/wp\/v2\/users\/1"}],"replies":[{"embeddable":true,"href":"https:\/\/challengeseconomiques.com\/index.php?rest_route=%2Fwp%2Fv2%2Fcomments&post=7058"}],"version-history":[{"count":1,"href":"https:\/\/challengeseconomiques.com\/index.php?rest_route=\/wp\/v2\/posts\/7058\/revisions"}],"predecessor-version":[{"id":7059,"href":"https:\/\/challengeseconomiques.com\/index.php?rest_route=\/wp\/v2\/posts\/7058\/revisions\/7059"}],"wp:featuredmedia":[{"embeddable":true,"href":"https:\/\/challengeseconomiques.com\/index.php?rest_route=\/wp\/v2\/media\/7060"}],"wp:attachment":[{"href":"https:\/\/challengeseconomiques.com\/index.php?rest_route=%2Fwp%2Fv2%2Fmedia&parent=7058"}],"wp:term":[{"taxonomy":"category","embeddable":true,"href":"https:\/\/challengeseconomiques.com\/index.php?rest_route=%2Fwp%2Fv2%2Fcategories&post=7058"},{"taxonomy":"post_tag","embeddable":true,"href":"https:\/\/challengeseconomiques.com\/index.php?rest_route=%2Fwp%2Fv2%2Ftags&post=7058"}],"curies":[{"name":"wp","href":"https:\/\/api.w.org\/{rel}","templated":true}]}}