{"id":7048,"date":"2024-09-20T16:17:54","date_gmt":"2024-09-20T16:17:54","guid":{"rendered":"https:\/\/challengeseconomiques.com\/?p=7048"},"modified":"2024-09-20T16:18:56","modified_gmt":"2024-09-20T16:18:56","slug":"cote-divoire-467-millions-dexonerations-fiscales-en-6-mois","status":"publish","type":"post","link":"https:\/\/challengeseconomiques.com\/?p=7048","title":{"rendered":"C\u00f4te d&rsquo;Ivoire : 467 millions $ d&rsquo;exon\u00e9rations fiscales en 6 mois"},"content":{"rendered":"<p class=\"texte textearticle\"><strong>Au premier semestre 2023, l\u2019Etat ivoirien avait d\u00e9pens\u00e9 332 millions $ en exon\u00e9rations fiscales. Alors que le pays d\u00e9ploie des r\u00e9formes pilot\u00e9es par le FMI pour rationaliser les exon\u00e9rations et d\u00e9penses fiscales, celles-ci s\u2019affichent en hausse au premier semestre 2024.<\/strong><\/p>\n<p class=\"texte textearticle\">En C\u00f4te d&rsquo;Ivoire, les exon\u00e9rations fiscales et douani\u00e8res ont co\u00fbt\u00e9 467 millions\u00a0$ \u00e0 l&rsquo;Etat au premier semestre 2024, selon une annonce faite en Conseil des ministres, le mercredi 18 septembre.<\/p>\n<p class=\"texte textearticle\">Dans le d\u00e9tail, les exon\u00e9rations douani\u00e8res, repr\u00e9sentant 63% du total, concernent principalement la \u00ab\u00a0<em>fiscalit\u00e9 de porte<\/em>\u00a0\u00bb, tandis que 37% rel\u00e8vent de la fiscalit\u00e9 int\u00e9rieure. Cela signifie que plus de 296 millions\u00a0$ ont \u00e9t\u00e9 consacr\u00e9s aux exon\u00e9rations sur les produits import\u00e9s contre pr\u00e8s de 171 millions\u00a0$ sur les activit\u00e9s internes durant la p\u00e9riode.<\/p>\n<p class=\"texte textearticle\">\u00ab\u00a0<em>Les secteurs ayant b\u00e9n\u00e9fici\u00e9 des exon\u00e9rations les plus importantes sont principalement l&rsquo;industrie, les services, l&rsquo;administration et les BTP<\/em>\u00a0\u00bb, a pr\u00e9cis\u00e9 le gouvernement ivoirien.<\/p>\n<p class=\"texte textearticle\">Ces exon\u00e9rations visent g\u00e9n\u00e9ralement \u00e0 faciliter les investissements publics, soutenir certains secteurs et encourager les investissements priv\u00e9s. Dans des circonstances exceptionnelles, telles que la covid-19 ou les cons\u00e9quences de la guerre russo-ukrainienne, elles ont permis de r\u00e9duire le co\u00fbt des produits de base pour les populations.<\/p>\n<p class=\"texte textearticle\">Avec un taux de pression fiscale d&rsquo;environ 14\u00a0%, inf\u00e9rieur au seuil de 20% fix\u00e9 par l&rsquo;UEMOA, le gouvernement ivoirien a entrepris depuis 2023, en collaboration avec le FMI, un programme de r\u00e9formes pour <em>\u00ab\u00a0rationaliser les exon\u00e9rations et les d\u00e9penses fiscales\u00a0\u00bb.<\/em> Ce programme inclut \u00e9galement la suppression des subventions sur les produits de premi\u00e8re n\u00e9cessit\u00e9.<\/p>\n<p class=\"texte textearticle\">Cependant, les exon\u00e9rations continuent d&rsquo;augmenter, avec une hausse de 40,6% par rapport au premier semestre 2023. Bien que leur impact sur l&rsquo;\u00e9conomie ne soit pas encore pr\u00e9cis\u00e9, elles repr\u00e9sentent plus de 20% des recettes fiscales de l&rsquo;Etat, dans un contexte de forte croissance \u00e9conomique en C\u00f4te d&rsquo;Ivoire.<\/p>\n<p><strong>(Agence Ecofin)\u00a0 <\/strong><\/p>\n","protected":false},"excerpt":{"rendered":"<p>Au premier semestre 2023, l\u2019Etat ivoirien avait d\u00e9pens\u00e9 332 millions $ en exon\u00e9rations fiscales. Alors que le pays d\u00e9ploie des r\u00e9formes pilot\u00e9es par le FMI&#8230;<\/p>\n","protected":false},"author":1,"featured_media":2681,"comment_status":"closed","ping_status":"open","sticky":false,"template":"","format":"standard","meta":{"_jetpack_memberships_contains_paid_content":false,"footnotes":""},"categories":[8],"tags":[],"class_list":["post-7048","post","type-post","status-publish","format-standard","has-post-thumbnail","hentry","category-actualite-economique","wpcat-8-id"],"yoast_head":"<!-- This site is optimized with the Yoast SEO plugin v27.1.1 - https:\/\/yoast.com\/product\/yoast-seo-wordpress\/ -->\n<title>C\u00f4te d&#039;Ivoire : 467 millions $ d&#039;exon\u00e9rations fiscales en 6 mois - challenges economiques<\/title>\n<meta name=\"robots\" content=\"index, follow, max-snippet:-1, max-image-preview:large, max-video-preview:-1\" \/>\n<link rel=\"canonical\" href=\"https:\/\/challengeseconomiques.com\/?p=7048\" \/>\n<meta property=\"og:locale\" content=\"fr_FR\" \/>\n<meta property=\"og:type\" content=\"article\" \/>\n<meta property=\"og:title\" content=\"C\u00f4te d&#039;Ivoire : 467 millions $ d&#039;exon\u00e9rations fiscales en 6 mois - challenges economiques\" \/>\n<meta property=\"og:description\" content=\"Au premier semestre 2023, l\u2019Etat ivoirien avait d\u00e9pens\u00e9 332 millions $ en exon\u00e9rations fiscales. Alors que le pays d\u00e9ploie des r\u00e9formes pilot\u00e9es par le FMI...\" \/>\n<meta property=\"og:url\" content=\"https:\/\/challengeseconomiques.com\/?p=7048\" \/>\n<meta property=\"og:site_name\" content=\"challenges economiques\" \/>\n<meta property=\"article:published_time\" content=\"2024-09-20T16:17:54+00:00\" \/>\n<meta property=\"article:modified_time\" content=\"2024-09-20T16:18:56+00:00\" \/>\n<meta property=\"og:image\" content=\"https:\/\/challengeseconomiques.com\/wp-content\/uploads\/2022\/02\/Cote-dIvoire-Le-Plateau.jpg\" \/>\n\t<meta property=\"og:image:width\" content=\"800\" \/>\n\t<meta property=\"og:image:height\" content=\"500\" \/>\n\t<meta property=\"og:image:type\" content=\"image\/jpeg\" \/>\n<meta name=\"author\" content=\"admin\" \/>\n<meta name=\"twitter:card\" content=\"summary_large_image\" \/>\n<meta name=\"twitter:label1\" content=\"\u00c9crit par\" \/>\n\t<meta name=\"twitter:data1\" content=\"admin\" \/>\n\t<meta name=\"twitter:label2\" content=\"Dur\u00e9e de lecture estim\u00e9e\" \/>\n\t<meta name=\"twitter:data2\" content=\"2 minutes\" \/>\n<script type=\"application\/ld+json\" class=\"yoast-schema-graph\">{\"@context\":\"https:\/\/schema.org\",\"@graph\":[{\"@type\":\"Article\",\"@id\":\"https:\/\/challengeseconomiques.com\/?p=7048#article\",\"isPartOf\":{\"@id\":\"https:\/\/challengeseconomiques.com\/?p=7048\"},\"author\":{\"name\":\"admin\",\"@id\":\"https:\/\/challengeseconomiques.com\/#\/schema\/person\/b4568c9afebc5a9238a771873801e349\"},\"headline\":\"C\u00f4te d&rsquo;Ivoire : 467 millions $ d&rsquo;exon\u00e9rations fiscales en 6 mois\",\"datePublished\":\"2024-09-20T16:17:54+00:00\",\"dateModified\":\"2024-09-20T16:18:56+00:00\",\"mainEntityOfPage\":{\"@id\":\"https:\/\/challengeseconomiques.com\/?p=7048\"},\"wordCount\":342,\"image\":{\"@id\":\"https:\/\/challengeseconomiques.com\/?p=7048#primaryimage\"},\"thumbnailUrl\":\"https:\/\/challengeseconomiques.com\/wp-content\/uploads\/2022\/02\/Cote-dIvoire-Le-Plateau.jpg\",\"articleSection\":[\"Actualit\u00e9 \u00e9conomique\"],\"inLanguage\":\"fr-FR\"},{\"@type\":\"WebPage\",\"@id\":\"https:\/\/challengeseconomiques.com\/?p=7048\",\"url\":\"https:\/\/challengeseconomiques.com\/?p=7048\",\"name\":\"C\u00f4te d'Ivoire : 467 millions $ d'exon\u00e9rations fiscales en 6 mois - challenges economiques\",\"isPartOf\":{\"@id\":\"https:\/\/challengeseconomiques.com\/#website\"},\"primaryImageOfPage\":{\"@id\":\"https:\/\/challengeseconomiques.com\/?p=7048#primaryimage\"},\"image\":{\"@id\":\"https:\/\/challengeseconomiques.com\/?p=7048#primaryimage\"},\"thumbnailUrl\":\"https:\/\/challengeseconomiques.com\/wp-content\/uploads\/2022\/02\/Cote-dIvoire-Le-Plateau.jpg\",\"datePublished\":\"2024-09-20T16:17:54+00:00\",\"dateModified\":\"2024-09-20T16:18:56+00:00\",\"author\":{\"@id\":\"https:\/\/challengeseconomiques.com\/#\/schema\/person\/b4568c9afebc5a9238a771873801e349\"},\"breadcrumb\":{\"@id\":\"https:\/\/challengeseconomiques.com\/?p=7048#breadcrumb\"},\"inLanguage\":\"fr-FR\",\"potentialAction\":[{\"@type\":\"ReadAction\",\"target\":[\"https:\/\/challengeseconomiques.com\/?p=7048\"]}]},{\"@type\":\"ImageObject\",\"inLanguage\":\"fr-FR\",\"@id\":\"https:\/\/challengeseconomiques.com\/?p=7048#primaryimage\",\"url\":\"https:\/\/challengeseconomiques.com\/wp-content\/uploads\/2022\/02\/Cote-dIvoire-Le-Plateau.jpg\",\"contentUrl\":\"https:\/\/challengeseconomiques.com\/wp-content\/uploads\/2022\/02\/Cote-dIvoire-Le-Plateau.jpg\",\"width\":800,\"height\":500},{\"@type\":\"BreadcrumbList\",\"@id\":\"https:\/\/challengeseconomiques.com\/?p=7048#breadcrumb\",\"itemListElement\":[{\"@type\":\"ListItem\",\"position\":1,\"name\":\"Home\",\"item\":\"https:\/\/challengeseconomiques.com\/\"},{\"@type\":\"ListItem\",\"position\":2,\"name\":\"C\u00f4te d&#8217;Ivoire : 467 millions $ d&#8217;exon\u00e9rations fiscales en 6 mois\"}]},{\"@type\":\"WebSite\",\"@id\":\"https:\/\/challengeseconomiques.com\/#website\",\"url\":\"https:\/\/challengeseconomiques.com\/\",\"name\":\"challenges economiques\",\"description\":\"\",\"potentialAction\":[{\"@type\":\"SearchAction\",\"target\":{\"@type\":\"EntryPoint\",\"urlTemplate\":\"https:\/\/challengeseconomiques.com\/?s={search_term_string}\"},\"query-input\":{\"@type\":\"PropertyValueSpecification\",\"valueRequired\":true,\"valueName\":\"search_term_string\"}}],\"inLanguage\":\"fr-FR\"},{\"@type\":\"Person\",\"@id\":\"https:\/\/challengeseconomiques.com\/#\/schema\/person\/b4568c9afebc5a9238a771873801e349\",\"name\":\"admin\",\"image\":{\"@type\":\"ImageObject\",\"inLanguage\":\"fr-FR\",\"@id\":\"https:\/\/challengeseconomiques.com\/#\/schema\/person\/image\/\",\"url\":\"https:\/\/secure.gravatar.com\/avatar\/099e42240b5eea11acdb72751fcce0dd918603f0749d24974b7984ea47ed9fd9?s=96&d=mm&r=g\",\"contentUrl\":\"https:\/\/secure.gravatar.com\/avatar\/099e42240b5eea11acdb72751fcce0dd918603f0749d24974b7984ea47ed9fd9?s=96&d=mm&r=g\",\"caption\":\"admin\"},\"sameAs\":[\"https:\/\/challengeseconomiques.com\"],\"url\":\"https:\/\/challengeseconomiques.com\/?author=1\"}]}<\/script>\n<!-- \/ Yoast SEO plugin. -->","yoast_head_json":{"title":"C\u00f4te d'Ivoire : 467 millions $ d'exon\u00e9rations fiscales en 6 mois - challenges economiques","robots":{"index":"index","follow":"follow","max-snippet":"max-snippet:-1","max-image-preview":"max-image-preview:large","max-video-preview":"max-video-preview:-1"},"canonical":"https:\/\/challengeseconomiques.com\/?p=7048","og_locale":"fr_FR","og_type":"article","og_title":"C\u00f4te d'Ivoire : 467 millions $ d'exon\u00e9rations fiscales en 6 mois - challenges economiques","og_description":"Au premier semestre 2023, l\u2019Etat ivoirien avait d\u00e9pens\u00e9 332 millions $ en exon\u00e9rations fiscales. Alors que le pays d\u00e9ploie des r\u00e9formes pilot\u00e9es par le FMI...","og_url":"https:\/\/challengeseconomiques.com\/?p=7048","og_site_name":"challenges economiques","article_published_time":"2024-09-20T16:17:54+00:00","article_modified_time":"2024-09-20T16:18:56+00:00","og_image":[{"width":800,"height":500,"url":"https:\/\/challengeseconomiques.com\/wp-content\/uploads\/2022\/02\/Cote-dIvoire-Le-Plateau.jpg","type":"image\/jpeg"}],"author":"admin","twitter_card":"summary_large_image","twitter_misc":{"\u00c9crit par":"admin","Dur\u00e9e de lecture estim\u00e9e":"2 minutes"},"schema":{"@context":"https:\/\/schema.org","@graph":[{"@type":"Article","@id":"https:\/\/challengeseconomiques.com\/?p=7048#article","isPartOf":{"@id":"https:\/\/challengeseconomiques.com\/?p=7048"},"author":{"name":"admin","@id":"https:\/\/challengeseconomiques.com\/#\/schema\/person\/b4568c9afebc5a9238a771873801e349"},"headline":"C\u00f4te d&rsquo;Ivoire : 467 millions $ d&rsquo;exon\u00e9rations fiscales en 6 mois","datePublished":"2024-09-20T16:17:54+00:00","dateModified":"2024-09-20T16:18:56+00:00","mainEntityOfPage":{"@id":"https:\/\/challengeseconomiques.com\/?p=7048"},"wordCount":342,"image":{"@id":"https:\/\/challengeseconomiques.com\/?p=7048#primaryimage"},"thumbnailUrl":"https:\/\/challengeseconomiques.com\/wp-content\/uploads\/2022\/02\/Cote-dIvoire-Le-Plateau.jpg","articleSection":["Actualit\u00e9 \u00e9conomique"],"inLanguage":"fr-FR"},{"@type":"WebPage","@id":"https:\/\/challengeseconomiques.com\/?p=7048","url":"https:\/\/challengeseconomiques.com\/?p=7048","name":"C\u00f4te d'Ivoire : 467 millions $ d'exon\u00e9rations fiscales en 6 mois - challenges economiques","isPartOf":{"@id":"https:\/\/challengeseconomiques.com\/#website"},"primaryImageOfPage":{"@id":"https:\/\/challengeseconomiques.com\/?p=7048#primaryimage"},"image":{"@id":"https:\/\/challengeseconomiques.com\/?p=7048#primaryimage"},"thumbnailUrl":"https:\/\/challengeseconomiques.com\/wp-content\/uploads\/2022\/02\/Cote-dIvoire-Le-Plateau.jpg","datePublished":"2024-09-20T16:17:54+00:00","dateModified":"2024-09-20T16:18:56+00:00","author":{"@id":"https:\/\/challengeseconomiques.com\/#\/schema\/person\/b4568c9afebc5a9238a771873801e349"},"breadcrumb":{"@id":"https:\/\/challengeseconomiques.com\/?p=7048#breadcrumb"},"inLanguage":"fr-FR","potentialAction":[{"@type":"ReadAction","target":["https:\/\/challengeseconomiques.com\/?p=7048"]}]},{"@type":"ImageObject","inLanguage":"fr-FR","@id":"https:\/\/challengeseconomiques.com\/?p=7048#primaryimage","url":"https:\/\/challengeseconomiques.com\/wp-content\/uploads\/2022\/02\/Cote-dIvoire-Le-Plateau.jpg","contentUrl":"https:\/\/challengeseconomiques.com\/wp-content\/uploads\/2022\/02\/Cote-dIvoire-Le-Plateau.jpg","width":800,"height":500},{"@type":"BreadcrumbList","@id":"https:\/\/challengeseconomiques.com\/?p=7048#breadcrumb","itemListElement":[{"@type":"ListItem","position":1,"name":"Home","item":"https:\/\/challengeseconomiques.com\/"},{"@type":"ListItem","position":2,"name":"C\u00f4te d&#8217;Ivoire : 467 millions $ d&#8217;exon\u00e9rations fiscales en 6 mois"}]},{"@type":"WebSite","@id":"https:\/\/challengeseconomiques.com\/#website","url":"https:\/\/challengeseconomiques.com\/","name":"challenges economiques","description":"","potentialAction":[{"@type":"SearchAction","target":{"@type":"EntryPoint","urlTemplate":"https:\/\/challengeseconomiques.com\/?s={search_term_string}"},"query-input":{"@type":"PropertyValueSpecification","valueRequired":true,"valueName":"search_term_string"}}],"inLanguage":"fr-FR"},{"@type":"Person","@id":"https:\/\/challengeseconomiques.com\/#\/schema\/person\/b4568c9afebc5a9238a771873801e349","name":"admin","image":{"@type":"ImageObject","inLanguage":"fr-FR","@id":"https:\/\/challengeseconomiques.com\/#\/schema\/person\/image\/","url":"https:\/\/secure.gravatar.com\/avatar\/099e42240b5eea11acdb72751fcce0dd918603f0749d24974b7984ea47ed9fd9?s=96&d=mm&r=g","contentUrl":"https:\/\/secure.gravatar.com\/avatar\/099e42240b5eea11acdb72751fcce0dd918603f0749d24974b7984ea47ed9fd9?s=96&d=mm&r=g","caption":"admin"},"sameAs":["https:\/\/challengeseconomiques.com"],"url":"https:\/\/challengeseconomiques.com\/?author=1"}]}},"jetpack_featured_media_url":"https:\/\/challengeseconomiques.com\/wp-content\/uploads\/2022\/02\/Cote-dIvoire-Le-Plateau.jpg","jetpack_sharing_enabled":true,"_links":{"self":[{"href":"https:\/\/challengeseconomiques.com\/index.php?rest_route=\/wp\/v2\/posts\/7048","targetHints":{"allow":["GET"]}}],"collection":[{"href":"https:\/\/challengeseconomiques.com\/index.php?rest_route=\/wp\/v2\/posts"}],"about":[{"href":"https:\/\/challengeseconomiques.com\/index.php?rest_route=\/wp\/v2\/types\/post"}],"author":[{"embeddable":true,"href":"https:\/\/challengeseconomiques.com\/index.php?rest_route=\/wp\/v2\/users\/1"}],"replies":[{"embeddable":true,"href":"https:\/\/challengeseconomiques.com\/index.php?rest_route=%2Fwp%2Fv2%2Fcomments&post=7048"}],"version-history":[{"count":1,"href":"https:\/\/challengeseconomiques.com\/index.php?rest_route=\/wp\/v2\/posts\/7048\/revisions"}],"predecessor-version":[{"id":7049,"href":"https:\/\/challengeseconomiques.com\/index.php?rest_route=\/wp\/v2\/posts\/7048\/revisions\/7049"}],"wp:featuredmedia":[{"embeddable":true,"href":"https:\/\/challengeseconomiques.com\/index.php?rest_route=\/wp\/v2\/media\/2681"}],"wp:attachment":[{"href":"https:\/\/challengeseconomiques.com\/index.php?rest_route=%2Fwp%2Fv2%2Fmedia&parent=7048"}],"wp:term":[{"taxonomy":"category","embeddable":true,"href":"https:\/\/challengeseconomiques.com\/index.php?rest_route=%2Fwp%2Fv2%2Fcategories&post=7048"},{"taxonomy":"post_tag","embeddable":true,"href":"https:\/\/challengeseconomiques.com\/index.php?rest_route=%2Fwp%2Fv2%2Ftags&post=7048"}],"curies":[{"name":"wp","href":"https:\/\/api.w.org\/{rel}","templated":true}]}}