{"id":7042,"date":"2024-09-19T21:31:37","date_gmt":"2024-09-19T21:31:37","guid":{"rendered":"https:\/\/challengeseconomiques.com\/?p=7042"},"modified":"2024-09-19T21:32:10","modified_gmt":"2024-09-19T21:32:10","slug":"lancien-ministre-amadou-hott-va-briguer-la-presidence-de-la-banque-africaine-de-developpement","status":"publish","type":"post","link":"https:\/\/challengeseconomiques.com\/?p=7042","title":{"rendered":"L\u2019ancien ministre Amadou Hott va briguer la pr\u00e9sidence de la Banque africaine de d\u00e9veloppement"},"content":{"rendered":"<p>L\u2019ancien ministre s\u00e9n\u00e9galais Amadou Hott sera candidat \u00e0 l\u2019\u00e9lection du pr\u00e9sident de la Banque africaine de d\u00e9veloppement (BAD) pr\u00e9vue en mai 2025, a-t-on appris mercredi de cette institution financi\u00e8re.<\/p>\n<p>En raison de la candidature qu\u2019il pr\u00e9pare, M. Hott a d\u00e9missionn\u00e9 de ses fonctions d\u2019envoy\u00e9 sp\u00e9cial du pr\u00e9sident de la BAD, charg\u00e9 de l\u2019Alliance pour l\u2019infrastructure verte en Afrique. \u2018\u2019Cette d\u00e9cision est motiv\u00e9e par mon intention de briguer la pr\u00e9sidence de la Banque africaine de d\u00e9veloppement, ce qui pourrait cr\u00e9er un conflit avec mon r\u00f4le actuel \u00e0 la banque\u2019\u2019, \u00e9crit la banque sur son site Internet en citant l\u2019ancien ministre de l\u2019\u00c9conomie, du Plan et de la Coop\u00e9ration.<\/p>\n<p>M. Hott \u2018\u2019a d\u00e9missionn\u00e9 de son poste avec effet imm\u00e9diat\u2019\u2019, pr\u00e9cise la m\u00eame source.<\/p>\n<p>Il a rendu hommage au \u2018\u2019leadership visionnaire exceptionnel\u2019\u2019 d\u2019Akinwumi Adesina, le Nig\u00e9rian qui dirige la BAD depuis une dizaine d\u2019ann\u00e9es.<\/p>\n<p>Amadou Hott a exprim\u00e9 sa gratitude pour l\u2019opportunit\u00e9 qui lui a \u00e9t\u00e9 donn\u00e9e de contribuer \u00e0 la mobilisation des ressources au profit de l\u2019Alliance pour l\u2019infrastructure verte en Afrique.<\/p>\n<p>Il avait \u00e9t\u00e9 nomm\u00e9 envoy\u00e9 sp\u00e9cial du pr\u00e9sident de la Banque africaine de d\u00e9veloppement en d\u00e9cembre 2022, dans le but d\u2019aider l\u2019institution financi\u00e8re \u00e0 assurer la transition de l\u2019Afrique vers le \u2018\u2019z\u00e9ro \u00e9mission nette\u2019\u2019, par des investissements dans les infrastructures vertes.<\/p>\n<p>Auparavant, Amadou Hott a exerc\u00e9 les fonctions de vice-pr\u00e9sident de la BAD, charg\u00e9 de l\u2019\u00e9lectricit\u00e9, de l\u2019\u00e9nergie, de la croissance verte et du changement climatique.<\/p>\n<p>Il avait quitt\u00e9 ce poste apr\u00e8s sa nomination au poste de ministre de l\u2019\u00c9conomie, du Plan et de la Coop\u00e9ration au sein du gouvernement s\u00e9n\u00e9galais.<\/p>\n<p>\u2018\u2019Je le (Amadou Hott) remercie pour son travail exemplaire et les services qu\u2019il a rendus \u00e0 la Banque africaine de d\u00e9veloppement et \u00e0 l\u2019[Alliance pour l\u2019infrastructure verte en Afrique]\u2019\u2019, rapporte le site Internet de la BAD en citant Akinwumi Adesina.<\/p>\n<p>Au S\u00e9n\u00e9gal, l\u2019\u00e9conomiste et banquier Amadou Hott, \u00e2g\u00e9 de 51 ans, a exerc\u00e9 aussi les fonctions de conseiller sp\u00e9cial du pr\u00e9sident de la R\u00e9publique, Macky Sall (avril 2012-avril 2024), et de directeur g\u00e9n\u00e9ral du Fonds de garantie des investissements prioritaires.<\/p>\n<p><strong>(APS)<\/strong><\/p>\n","protected":false},"excerpt":{"rendered":"<p>L\u2019ancien ministre s\u00e9n\u00e9galais Amadou Hott sera candidat \u00e0 l\u2019\u00e9lection du pr\u00e9sident de la Banque africaine de d\u00e9veloppement (BAD) pr\u00e9vue en mai 2025, a-t-on appris mercredi&#8230;<\/p>\n","protected":false},"author":1,"featured_media":3383,"comment_status":"closed","ping_status":"open","sticky":false,"template":"","format":"standard","meta":{"_jetpack_memberships_contains_paid_content":false,"footnotes":""},"categories":[23],"tags":[],"class_list":["post-7042","post","type-post","status-publish","format-standard","has-post-thumbnail","hentry","category-a-la-une","wpcat-23-id"],"yoast_head":"<!-- This site is optimized with the Yoast SEO plugin v27.1.1 - https:\/\/yoast.com\/product\/yoast-seo-wordpress\/ -->\n<title>L\u2019ancien ministre Amadou Hott va briguer la pr\u00e9sidence de la Banque africaine de d\u00e9veloppement - challenges economiques<\/title>\n<meta name=\"robots\" content=\"index, follow, max-snippet:-1, max-image-preview:large, max-video-preview:-1\" \/>\n<link rel=\"canonical\" href=\"https:\/\/challengeseconomiques.com\/?p=7042\" \/>\n<meta property=\"og:locale\" content=\"fr_FR\" \/>\n<meta property=\"og:type\" content=\"article\" \/>\n<meta property=\"og:title\" content=\"L\u2019ancien ministre Amadou Hott va briguer la pr\u00e9sidence de la Banque africaine de d\u00e9veloppement - challenges economiques\" \/>\n<meta property=\"og:description\" content=\"L\u2019ancien ministre s\u00e9n\u00e9galais Amadou Hott sera candidat \u00e0 l\u2019\u00e9lection du pr\u00e9sident de la Banque africaine de d\u00e9veloppement (BAD) pr\u00e9vue en mai 2025, a-t-on appris mercredi...\" \/>\n<meta property=\"og:url\" content=\"https:\/\/challengeseconomiques.com\/?p=7042\" \/>\n<meta property=\"og:site_name\" content=\"challenges economiques\" \/>\n<meta property=\"article:published_time\" content=\"2024-09-19T21:31:37+00:00\" \/>\n<meta property=\"article:modified_time\" content=\"2024-09-19T21:32:10+00:00\" \/>\n<meta property=\"og:image\" content=\"https:\/\/challengeseconomiques.com\/wp-content\/uploads\/2022\/05\/amhott.jpg\" \/>\n\t<meta property=\"og:image:width\" content=\"1080\" \/>\n\t<meta property=\"og:image:height\" content=\"720\" \/>\n\t<meta property=\"og:image:type\" content=\"image\/jpeg\" \/>\n<meta name=\"author\" content=\"admin\" \/>\n<meta name=\"twitter:card\" content=\"summary_large_image\" \/>\n<meta name=\"twitter:label1\" content=\"\u00c9crit par\" \/>\n\t<meta name=\"twitter:data1\" content=\"admin\" \/>\n\t<meta name=\"twitter:label2\" content=\"Dur\u00e9e de lecture estim\u00e9e\" \/>\n\t<meta name=\"twitter:data2\" content=\"2 minutes\" \/>\n<script type=\"application\/ld+json\" class=\"yoast-schema-graph\">{\"@context\":\"https:\/\/schema.org\",\"@graph\":[{\"@type\":\"Article\",\"@id\":\"https:\/\/challengeseconomiques.com\/?p=7042#article\",\"isPartOf\":{\"@id\":\"https:\/\/challengeseconomiques.com\/?p=7042\"},\"author\":{\"name\":\"admin\",\"@id\":\"https:\/\/challengeseconomiques.com\/#\/schema\/person\/b4568c9afebc5a9238a771873801e349\"},\"headline\":\"L\u2019ancien ministre Amadou Hott va briguer la pr\u00e9sidence de la Banque africaine de d\u00e9veloppement\",\"datePublished\":\"2024-09-19T21:31:37+00:00\",\"dateModified\":\"2024-09-19T21:32:10+00:00\",\"mainEntityOfPage\":{\"@id\":\"https:\/\/challengeseconomiques.com\/?p=7042\"},\"wordCount\":415,\"image\":{\"@id\":\"https:\/\/challengeseconomiques.com\/?p=7042#primaryimage\"},\"thumbnailUrl\":\"https:\/\/challengeseconomiques.com\/wp-content\/uploads\/2022\/05\/amhott.jpg\",\"articleSection\":[\"A la une\"],\"inLanguage\":\"fr-FR\"},{\"@type\":\"WebPage\",\"@id\":\"https:\/\/challengeseconomiques.com\/?p=7042\",\"url\":\"https:\/\/challengeseconomiques.com\/?p=7042\",\"name\":\"L\u2019ancien ministre Amadou Hott va briguer la pr\u00e9sidence de la Banque africaine de d\u00e9veloppement - challenges economiques\",\"isPartOf\":{\"@id\":\"https:\/\/challengeseconomiques.com\/#website\"},\"primaryImageOfPage\":{\"@id\":\"https:\/\/challengeseconomiques.com\/?p=7042#primaryimage\"},\"image\":{\"@id\":\"https:\/\/challengeseconomiques.com\/?p=7042#primaryimage\"},\"thumbnailUrl\":\"https:\/\/challengeseconomiques.com\/wp-content\/uploads\/2022\/05\/amhott.jpg\",\"datePublished\":\"2024-09-19T21:31:37+00:00\",\"dateModified\":\"2024-09-19T21:32:10+00:00\",\"author\":{\"@id\":\"https:\/\/challengeseconomiques.com\/#\/schema\/person\/b4568c9afebc5a9238a771873801e349\"},\"breadcrumb\":{\"@id\":\"https:\/\/challengeseconomiques.com\/?p=7042#breadcrumb\"},\"inLanguage\":\"fr-FR\",\"potentialAction\":[{\"@type\":\"ReadAction\",\"target\":[\"https:\/\/challengeseconomiques.com\/?p=7042\"]}]},{\"@type\":\"ImageObject\",\"inLanguage\":\"fr-FR\",\"@id\":\"https:\/\/challengeseconomiques.com\/?p=7042#primaryimage\",\"url\":\"https:\/\/challengeseconomiques.com\/wp-content\/uploads\/2022\/05\/amhott.jpg\",\"contentUrl\":\"https:\/\/challengeseconomiques.com\/wp-content\/uploads\/2022\/05\/amhott.jpg\",\"width\":1080,\"height\":720},{\"@type\":\"BreadcrumbList\",\"@id\":\"https:\/\/challengeseconomiques.com\/?p=7042#breadcrumb\",\"itemListElement\":[{\"@type\":\"ListItem\",\"position\":1,\"name\":\"Home\",\"item\":\"https:\/\/challengeseconomiques.com\/\"},{\"@type\":\"ListItem\",\"position\":2,\"name\":\"L\u2019ancien ministre Amadou Hott va briguer la pr\u00e9sidence de la Banque africaine de d\u00e9veloppement\"}]},{\"@type\":\"WebSite\",\"@id\":\"https:\/\/challengeseconomiques.com\/#website\",\"url\":\"https:\/\/challengeseconomiques.com\/\",\"name\":\"challenges economiques\",\"description\":\"\",\"potentialAction\":[{\"@type\":\"SearchAction\",\"target\":{\"@type\":\"EntryPoint\",\"urlTemplate\":\"https:\/\/challengeseconomiques.com\/?s={search_term_string}\"},\"query-input\":{\"@type\":\"PropertyValueSpecification\",\"valueRequired\":true,\"valueName\":\"search_term_string\"}}],\"inLanguage\":\"fr-FR\"},{\"@type\":\"Person\",\"@id\":\"https:\/\/challengeseconomiques.com\/#\/schema\/person\/b4568c9afebc5a9238a771873801e349\",\"name\":\"admin\",\"image\":{\"@type\":\"ImageObject\",\"inLanguage\":\"fr-FR\",\"@id\":\"https:\/\/challengeseconomiques.com\/#\/schema\/person\/image\/\",\"url\":\"https:\/\/secure.gravatar.com\/avatar\/099e42240b5eea11acdb72751fcce0dd918603f0749d24974b7984ea47ed9fd9?s=96&d=mm&r=g\",\"contentUrl\":\"https:\/\/secure.gravatar.com\/avatar\/099e42240b5eea11acdb72751fcce0dd918603f0749d24974b7984ea47ed9fd9?s=96&d=mm&r=g\",\"caption\":\"admin\"},\"sameAs\":[\"https:\/\/challengeseconomiques.com\"],\"url\":\"https:\/\/challengeseconomiques.com\/?author=1\"}]}<\/script>\n<!-- \/ Yoast SEO plugin. -->","yoast_head_json":{"title":"L\u2019ancien ministre Amadou Hott va briguer la pr\u00e9sidence de la Banque africaine de d\u00e9veloppement - challenges economiques","robots":{"index":"index","follow":"follow","max-snippet":"max-snippet:-1","max-image-preview":"max-image-preview:large","max-video-preview":"max-video-preview:-1"},"canonical":"https:\/\/challengeseconomiques.com\/?p=7042","og_locale":"fr_FR","og_type":"article","og_title":"L\u2019ancien ministre Amadou Hott va briguer la pr\u00e9sidence de la Banque africaine de d\u00e9veloppement - challenges economiques","og_description":"L\u2019ancien ministre s\u00e9n\u00e9galais Amadou Hott sera candidat \u00e0 l\u2019\u00e9lection du pr\u00e9sident de la Banque africaine de d\u00e9veloppement (BAD) pr\u00e9vue en mai 2025, a-t-on appris mercredi...","og_url":"https:\/\/challengeseconomiques.com\/?p=7042","og_site_name":"challenges economiques","article_published_time":"2024-09-19T21:31:37+00:00","article_modified_time":"2024-09-19T21:32:10+00:00","og_image":[{"width":1080,"height":720,"url":"https:\/\/challengeseconomiques.com\/wp-content\/uploads\/2022\/05\/amhott.jpg","type":"image\/jpeg"}],"author":"admin","twitter_card":"summary_large_image","twitter_misc":{"\u00c9crit par":"admin","Dur\u00e9e de lecture estim\u00e9e":"2 minutes"},"schema":{"@context":"https:\/\/schema.org","@graph":[{"@type":"Article","@id":"https:\/\/challengeseconomiques.com\/?p=7042#article","isPartOf":{"@id":"https:\/\/challengeseconomiques.com\/?p=7042"},"author":{"name":"admin","@id":"https:\/\/challengeseconomiques.com\/#\/schema\/person\/b4568c9afebc5a9238a771873801e349"},"headline":"L\u2019ancien ministre Amadou Hott va briguer la pr\u00e9sidence de la Banque africaine de d\u00e9veloppement","datePublished":"2024-09-19T21:31:37+00:00","dateModified":"2024-09-19T21:32:10+00:00","mainEntityOfPage":{"@id":"https:\/\/challengeseconomiques.com\/?p=7042"},"wordCount":415,"image":{"@id":"https:\/\/challengeseconomiques.com\/?p=7042#primaryimage"},"thumbnailUrl":"https:\/\/challengeseconomiques.com\/wp-content\/uploads\/2022\/05\/amhott.jpg","articleSection":["A la une"],"inLanguage":"fr-FR"},{"@type":"WebPage","@id":"https:\/\/challengeseconomiques.com\/?p=7042","url":"https:\/\/challengeseconomiques.com\/?p=7042","name":"L\u2019ancien ministre Amadou Hott va briguer la pr\u00e9sidence de la Banque africaine de d\u00e9veloppement - challenges economiques","isPartOf":{"@id":"https:\/\/challengeseconomiques.com\/#website"},"primaryImageOfPage":{"@id":"https:\/\/challengeseconomiques.com\/?p=7042#primaryimage"},"image":{"@id":"https:\/\/challengeseconomiques.com\/?p=7042#primaryimage"},"thumbnailUrl":"https:\/\/challengeseconomiques.com\/wp-content\/uploads\/2022\/05\/amhott.jpg","datePublished":"2024-09-19T21:31:37+00:00","dateModified":"2024-09-19T21:32:10+00:00","author":{"@id":"https:\/\/challengeseconomiques.com\/#\/schema\/person\/b4568c9afebc5a9238a771873801e349"},"breadcrumb":{"@id":"https:\/\/challengeseconomiques.com\/?p=7042#breadcrumb"},"inLanguage":"fr-FR","potentialAction":[{"@type":"ReadAction","target":["https:\/\/challengeseconomiques.com\/?p=7042"]}]},{"@type":"ImageObject","inLanguage":"fr-FR","@id":"https:\/\/challengeseconomiques.com\/?p=7042#primaryimage","url":"https:\/\/challengeseconomiques.com\/wp-content\/uploads\/2022\/05\/amhott.jpg","contentUrl":"https:\/\/challengeseconomiques.com\/wp-content\/uploads\/2022\/05\/amhott.jpg","width":1080,"height":720},{"@type":"BreadcrumbList","@id":"https:\/\/challengeseconomiques.com\/?p=7042#breadcrumb","itemListElement":[{"@type":"ListItem","position":1,"name":"Home","item":"https:\/\/challengeseconomiques.com\/"},{"@type":"ListItem","position":2,"name":"L\u2019ancien ministre Amadou Hott va briguer la pr\u00e9sidence de la Banque africaine de d\u00e9veloppement"}]},{"@type":"WebSite","@id":"https:\/\/challengeseconomiques.com\/#website","url":"https:\/\/challengeseconomiques.com\/","name":"challenges economiques","description":"","potentialAction":[{"@type":"SearchAction","target":{"@type":"EntryPoint","urlTemplate":"https:\/\/challengeseconomiques.com\/?s={search_term_string}"},"query-input":{"@type":"PropertyValueSpecification","valueRequired":true,"valueName":"search_term_string"}}],"inLanguage":"fr-FR"},{"@type":"Person","@id":"https:\/\/challengeseconomiques.com\/#\/schema\/person\/b4568c9afebc5a9238a771873801e349","name":"admin","image":{"@type":"ImageObject","inLanguage":"fr-FR","@id":"https:\/\/challengeseconomiques.com\/#\/schema\/person\/image\/","url":"https:\/\/secure.gravatar.com\/avatar\/099e42240b5eea11acdb72751fcce0dd918603f0749d24974b7984ea47ed9fd9?s=96&d=mm&r=g","contentUrl":"https:\/\/secure.gravatar.com\/avatar\/099e42240b5eea11acdb72751fcce0dd918603f0749d24974b7984ea47ed9fd9?s=96&d=mm&r=g","caption":"admin"},"sameAs":["https:\/\/challengeseconomiques.com"],"url":"https:\/\/challengeseconomiques.com\/?author=1"}]}},"jetpack_featured_media_url":"https:\/\/challengeseconomiques.com\/wp-content\/uploads\/2022\/05\/amhott.jpg","jetpack_sharing_enabled":true,"_links":{"self":[{"href":"https:\/\/challengeseconomiques.com\/index.php?rest_route=\/wp\/v2\/posts\/7042","targetHints":{"allow":["GET"]}}],"collection":[{"href":"https:\/\/challengeseconomiques.com\/index.php?rest_route=\/wp\/v2\/posts"}],"about":[{"href":"https:\/\/challengeseconomiques.com\/index.php?rest_route=\/wp\/v2\/types\/post"}],"author":[{"embeddable":true,"href":"https:\/\/challengeseconomiques.com\/index.php?rest_route=\/wp\/v2\/users\/1"}],"replies":[{"embeddable":true,"href":"https:\/\/challengeseconomiques.com\/index.php?rest_route=%2Fwp%2Fv2%2Fcomments&post=7042"}],"version-history":[{"count":1,"href":"https:\/\/challengeseconomiques.com\/index.php?rest_route=\/wp\/v2\/posts\/7042\/revisions"}],"predecessor-version":[{"id":7043,"href":"https:\/\/challengeseconomiques.com\/index.php?rest_route=\/wp\/v2\/posts\/7042\/revisions\/7043"}],"wp:featuredmedia":[{"embeddable":true,"href":"https:\/\/challengeseconomiques.com\/index.php?rest_route=\/wp\/v2\/media\/3383"}],"wp:attachment":[{"href":"https:\/\/challengeseconomiques.com\/index.php?rest_route=%2Fwp%2Fv2%2Fmedia&parent=7042"}],"wp:term":[{"taxonomy":"category","embeddable":true,"href":"https:\/\/challengeseconomiques.com\/index.php?rest_route=%2Fwp%2Fv2%2Fcategories&post=7042"},{"taxonomy":"post_tag","embeddable":true,"href":"https:\/\/challengeseconomiques.com\/index.php?rest_route=%2Fwp%2Fv2%2Ftags&post=7042"}],"curies":[{"name":"wp","href":"https:\/\/api.w.org\/{rel}","templated":true}]}}