{"id":7034,"date":"2024-09-17T11:11:52","date_gmt":"2024-09-17T11:11:52","guid":{"rendered":"https:\/\/challengeseconomiques.com\/?p=7034"},"modified":"2024-09-17T16:32:09","modified_gmt":"2024-09-17T16:32:09","slug":"observations-sur-le-communique-du-fmi","status":"publish","type":"post","link":"https:\/\/challengeseconomiques.com\/?p=7034","title":{"rendered":"OBSERVATIONS SUR LE COMMUNIQUE DU FMI"},"content":{"rendered":"<p><strong>\u00a0Par\u00a0: Demba Moussa Demb\u00e9l\u00e9<\/strong><\/p>\n<p>Le 12 septembre 2024, la Mission du FMI au S\u00e9n\u00e9gal a publi\u00e9 un communiqu\u00e9, soulignant que \u00ab les perspectives demeurent difficiles pour le reste de l&rsquo;ann\u00e9e \u00bb. Sans prendre la moindre pr\u00e9caution, les \u00ab n\u00e9o-opposants \u00bb et la presse \u00e0 leur solde affirment que le FMI aurait \u00ab peint un tableau tr\u00e8s sombre \u00bb de la situation \u00e9conomique du S\u00e9n\u00e9gal. Ce qui est archi-faux !<\/p>\n<p><strong>Savoir bien interpr\u00e9ter les chiffres<\/strong><\/p>\n<p>Le communiqu\u00e9 du FMI indique que le taux de croissance r\u00e9el au premier trimestre 2024 \u00e9tait de 2,3%, compar\u00e9 \u00e0 celui du premier trimestre 2023. C\u2019est un chiffre d\u00e9j\u00e0 publi\u00e9s par l\u2019Agence nationale de la statistique et de la d\u00e9mographie (ANSD). Rappelons que le premier trimestre 2024 est le dernier trimestre du r\u00e9gime de Macky Sall. Le communiqu\u00e9 ajoute que \u00ab les indicateurs de conjoncture sugg\u00e8rent un ralentissement similaire au deuxi\u00e8me trimestre \u00bb. Toutefois, pour l\u2019ensemble de l\u2019ann\u00e9e 2024, le FMI pr\u00e9voit un taux de croissance r\u00e9el de 6%. Ce taux est m\u00eame l\u00e9g\u00e8rement sup\u00e9rieur au taux de croissance r\u00e9el de 5,9% pr\u00e9vu pour les pays de l\u2019UEMOA par la BCEAO, selon la d\u00e9claration du gouverneur faite le 11 septembre, \u00e0 la fin de la r\u00e9union du Comit\u00e9 de politique mon\u00e9taire.<\/p>\n<p>Le communiqu\u00e9 du FMI indique que l&rsquo;inflation globale a atteint une moyenne de 2,2% par rapport au premier semestre de 2023. Pour l\u2019ensemble de l\u2019ann\u00e9e 2024, il pr\u00e9voit un taux d\u2019inflation globale de 1,5%, bien en dessous de celui de 3,7% pr\u00e9vu par la BCEAO pour les pays de l\u2019UEMOA. Le FMI pr\u00e9voit \u00e9galement une baisse du d\u00e9ficit du compte courant. Donc, \u00e0 la lumi\u00e8re de ces pr\u00e9visions, on voit bien que le S\u00e9n\u00e9gal est parmi les pays ayant les meilleurs indicateurs macro\u00e9conomiques au sein de l\u2019UEMOA.<\/p>\n<p>En dehors de l\u2019UEMOA, le taux de croissance de 6% est sup\u00e9rieur au taux de croissance moyen pr\u00e9vu pour l\u2019Afrique qui serait de 3,7% en 2024 et au taux de croissance mondial projet\u00e9 \u00e0 3,2% par la Banque mondiale. En fait, le taux de croissance du S\u00e9n\u00e9gal pr\u00e9vu par le FMI fait partie des meilleurs taux de croissance dans le monde. Cependant, il aura peu d\u2019impact r\u00e9el pour les populations, \u00e9tant donn\u00e9 la nature extravertie de l\u2019\u00e9conomie s\u00e9n\u00e9galaise.<\/p>\n<p>Certes, le communiqu\u00e9 du FMI dit que \u00ables perspectives macro\u00e9conomiques pour le reste de l\u2019ann\u00e9e 2024 restent difficiles \u00bb. Le S\u00e9n\u00e9gal n\u2019est pas un cas isol\u00e9. Comme les autres pays africains, le S\u00e9n\u00e9gal va subir les chocs exog\u00e8nes li\u00e9s aux difficult\u00e9s que traverse l\u2019\u00e9conomie mondiale, difficult\u00e9s qui n\u2019\u00e9pargnent pas les grandes \u00e9conomies. Par exemple, dans la zone euro, la Banque centrale europ\u00e9enne (BCE) a annonc\u00e9 le 12 septembre sa d\u00e9cision de r\u00e9duire son taux directeur de 25 points de base, du fait de donn\u00e9es signalant une d\u00e9gradation de la situation \u00e9conomique de la zone, dont le taux de croissance r\u00e9el \u00e9tait de 0,3% au premier trimestre. Il serait de 0,4% au second trimestre. Si bien que le taux annuel serait en dessous de 1% \u00a0Aux Etats-Unis \u00e9galement les derniers indicateurs \u00e9conomiques inqui\u00e8tent la R\u00e9serve f\u00e9d\u00e9rale (Banque centrale) qui redoute un fort ralentissement de l\u2019\u00e9conomie, dont le taux de croissance r\u00e9el \u00e9tait d\u2019un peu plus de 2,0% au premier semestre 2024<\/p>\n<p>Donc, les difficult\u00e9s du S\u00e9n\u00e9gal dont parle le FMI sont \u00e0 relativiser et \u00e0 placer dans un contexte africain et mondial morose. En tout \u00e9tat de cause, les chiffres donn\u00e9s par le FMI sont des pr\u00e9visions, des projections qui seront probablement diff\u00e9rentes de la r\u00e9alit\u00e9. Le communiqu\u00e9 du FMI a surtout mis l\u2019accent sur la situation des finances publiques.<\/p>\n<p><strong>La situation des finances publiques<\/strong><\/p>\n<p>En effet, le communiqu\u00e9 parle d\u2019une pr\u00e9vision du d\u00e9ficit budg\u00e9taire \u00e0 hauteur de 7,5% en 2024 contre un d\u00e9ficit de 3,9% pr\u00e9vu dans le budget initial, propos\u00e9 par l\u2019ancien r\u00e9gime. En fait, la mauvaise tenue des finances publique est un constat fait par le nouveau r\u00e9gime apr\u00e8s avoir pris connaissance de l\u2019\u00e9tat r\u00e9el du pays. Dans son adresse \u00e0 la Nation le 12 septembre, le pr\u00e9sident de la R\u00e9publique Bassirou Diomaye Faye l\u2019a soulign\u00e9, en \u00e9voquant des \u00ab d\u00e9rapages \u00bb dans plusieurs domaines. Il confirme ainsi les propos de son Premier ministre Monsieur Ousmane Sonko selon lesquels ils avaient trouv\u00e9 \u00ab un pays en ruines \u00bb.<\/p>\n<p>En r\u00e9alit\u00e9, ils ont h\u00e9rit\u00e9 d\u2019un pays ab\u00eem\u00e9 par un r\u00e9gime lib\u00e9ral et despotique dont la gestion des finances publiques \u00e9tait calamiteuse, tant au niveau de l\u2019Etat central qu\u2019au niveau des soci\u00e9t\u00e9s publiques et parapubliques. Les audits et rapports des corps de contr\u00f4le rendus publics par les nouvelles autorit\u00e9s ont r\u00e9v\u00e9l\u00e9 des d\u00e9tournements de deniers publics \u00e0 une \u00e9chelle insoup\u00e7onn\u00e9e. Si bien que l\u2019une des t\u00e2ches prioritaires du gouvernement a \u00e9t\u00e9 de proc\u00e9der \u00e0 l\u2019assainissement des finances publiques par la rationalisation des d\u00e9penses et une meilleure mobilisation des ressources internes.<\/p>\n<p>C\u00f4t\u00e9 d\u00e9penses, le r\u00e9gime a cherch\u00e9 \u00e0 \u00e9liminer des institutions inutiles comme le CESE et le HCCT. Mais l\u2019ex-majorit\u00e9 parlementaire ne voulait pas en entendre parler. C\u00f4t\u00e9 mobilisation des ressources internes, le gouvernement a entrepris une s\u00e9rie de redressements fiscaux en ciblant plusieurs multinationales qui, pendant des ann\u00e9es, ont \u00e9chapp\u00e9 \u00e0 l\u2019imp\u00f4t, faisant perdre ainsi au Tr\u00e9sor public des dizaines de milliards, avec la complicit\u00e9 du r\u00e9gime d\u00e9chu. Certaines de ces multinationales, comme Woodside, ont port\u00e9 leurs cas devant la justice.<\/p>\n<p>Tout cela montre que des efforts louables sont faits par le nouveau r\u00e9gime pour assainir les finances publiques dans le but \u00e0 la fois de r\u00e9duire le d\u00e9ficit budg\u00e9taire et les besoins d\u2019endettement ext\u00e9rieur. L\u2019une des sources importantes de d\u00e9penses relev\u00e9es par le communiqu\u00e9 du FMI est le co\u00fbt \u00e9lev\u00e9 du service de la dette ext\u00e9rieure. Avec le r\u00e9gime pr\u00e9c\u00e9dent, le niveau de celle-ci avait atteint 75,5% du PIB, bien sup\u00e9rieur \u00e0 la norme UEMOA de 70%. Donc, la d\u00e9t\u00e9rioration des finances publiques est un h\u00e9ritage du r\u00e9gime d\u00e9chu.<\/p>\n<p><strong>Des r\u00e9actions irrationnelles<\/strong><\/p>\n<p>Cependant, les \u00ab n\u00e9o-opposants \u00bb, l\u2019arm\u00e9e mexicaine du r\u00e9gime d\u00e9funt et leurs mercenaires essaient de faire croire que le gouvernement est responsable de la situation \u00e9conomique du pays. Eux et les m\u00e9dias \u00e0 leur solde semblent m\u00eame se r\u00e9jouir des \u00ab sombres perspectives \u00e9conomiques \u00bb qui n\u2019existent que dans leur imagination. Cela prouve que pour la plupart d\u2019entre eux, les critiques ne sont pas fond\u00e9es sur des faits av\u00e9r\u00e9s mais plut\u00f4t bas\u00e9es sur une certaine jalousie, voire de la haine, \u00e0 l\u2019\u00e9gard des nouvelles autorit\u00e9s, avec comme principale cible le Premier ministre Ousmane Sonko. Par exemple, ils vont jusqu\u2019\u00e0 imputer au r\u00e9gime la responsabilit\u00e9 des accidents de la route et les chavirements de pirogues ! C\u2019est pourquoi, leurs r\u00e9actions sont irrationnelles et leurs critiques d\u00e9pourvues d\u2019arguments s\u00e9rieux. En fait, les partisans et mercenaires du r\u00e9gime d\u00e9chu, les \u00ab n\u00e9o-opposants \u00bb et certains patrons de presse font partie d\u2019un m\u00eame syst\u00e8me us\u00e9 et corrompu qui ne veut pas mourir !<\/p>\n<p><strong>Eviter le pi\u00e8ge n\u00e9olib\u00e9ral<\/strong><\/p>\n<p>Faut-il rafraichir la m\u00e9moire \u00e0 toute cette meute que le programme en cours est h\u00e9rit\u00e9 du r\u00e9gime pr\u00e9c\u00e9dent, qui a sign\u00e9 en mai 2023 un accord avec le FMI, assorti d\u2019engagements de la part du gouvernement contre des promesses de financement. Si le nouveau r\u00e9gime veut rester fid\u00e8le \u00e0 sa promesse de rupture, il doit s\u2019\u00e9loigner des \u00ab recommandations \u00bb du FMI dont les politiques ont toujours \u00e9t\u00e9 \u00e0 la base du recul des indicateurs de d\u00e9veloppement humain dans tous les pays. L\u2019exp\u00e9rience du S\u00e9n\u00e9gal est l\u00e0 pour en t\u00e9moigner. Apr\u00e8s 20 ans d\u2019application sans nuance des politiques dict\u00e9es par le FMI et la Banque mondiale dans les ann\u00e9es 1980 et 1990, le S\u00e9n\u00e9gal s\u2019\u00e9tait retrouv\u00e9 sur la liste des \u00ab pays les moins avanc\u00e9s \u00bb (PMA) en 2001. Il y est toujours, en compagnie d\u2019autres pays africains qui avaient suivi les m\u00eames \u00ab recommandations \u00bb.<\/p>\n<p>Donc, le nouveau r\u00e9gime a int\u00e9r\u00eat \u00e0 mettre fin au programme h\u00e9rit\u00e9 du r\u00e9gime de Macky Sall et le remplacer par son propre programme de rupture. Sinon, il n\u2019y aura pas de souverainet\u00e9 alimentaire, encore moins d\u2019industrialisation. En somme, il faudra \u00e9viter le pi\u00e8ge n\u00e9olib\u00e9ral dans lequel le FMI risque d\u2019enfermer les nouvelles autorit\u00e9s. Une politique de rupture est incompatible avec un accord avec le FMI.<\/p>\n","protected":false},"excerpt":{"rendered":"<p>\u00a0Par\u00a0: Demba Moussa Demb\u00e9l\u00e9 Le 12 septembre 2024, la Mission du FMI au S\u00e9n\u00e9gal a publi\u00e9 un communiqu\u00e9, soulignant que \u00ab les perspectives demeurent difficiles&#8230;<\/p>\n","protected":false},"author":1,"featured_media":7035,"comment_status":"closed","ping_status":"open","sticky":false,"template":"","format":"standard","meta":{"_jetpack_memberships_contains_paid_content":false,"footnotes":""},"categories":[23,16],"tags":[],"class_list":["post-7034","post","type-post","status-publish","format-standard","has-post-thumbnail","hentry","category-a-la-une","category-contribution","wpcat-23-id","wpcat-16-id"],"yoast_head":"<!-- This site is optimized with the Yoast SEO plugin v27.1.1 - https:\/\/yoast.com\/product\/yoast-seo-wordpress\/ -->\n<title>OBSERVATIONS SUR LE COMMUNIQUE DU FMI - challenges economiques<\/title>\n<meta name=\"robots\" content=\"index, follow, max-snippet:-1, max-image-preview:large, max-video-preview:-1\" \/>\n<link rel=\"canonical\" href=\"https:\/\/challengeseconomiques.com\/?p=7034\" \/>\n<meta property=\"og:locale\" content=\"fr_FR\" \/>\n<meta property=\"og:type\" content=\"article\" \/>\n<meta property=\"og:title\" content=\"OBSERVATIONS SUR LE COMMUNIQUE DU FMI - challenges economiques\" \/>\n<meta property=\"og:description\" content=\"\u00a0Par\u00a0: Demba Moussa Demb\u00e9l\u00e9 Le 12 septembre 2024, la Mission du FMI au S\u00e9n\u00e9gal a publi\u00e9 un communiqu\u00e9, soulignant que \u00ab les perspectives demeurent difficiles...\" \/>\n<meta property=\"og:url\" content=\"https:\/\/challengeseconomiques.com\/?p=7034\" \/>\n<meta property=\"og:site_name\" content=\"challenges economiques\" \/>\n<meta property=\"article:published_time\" content=\"2024-09-17T11:11:52+00:00\" \/>\n<meta property=\"article:modified_time\" content=\"2024-09-17T16:32:09+00:00\" \/>\n<meta property=\"og:image\" content=\"https:\/\/challengeseconomiques.com\/wp-content\/uploads\/2024\/09\/Demba-Moussa-Dembele-economiste.jpg\" \/>\n\t<meta property=\"og:image:width\" content=\"1402\" \/>\n\t<meta property=\"og:image:height\" content=\"886\" \/>\n\t<meta property=\"og:image:type\" content=\"image\/jpeg\" \/>\n<meta name=\"author\" content=\"admin\" \/>\n<meta name=\"twitter:card\" content=\"summary_large_image\" \/>\n<meta name=\"twitter:label1\" content=\"\u00c9crit par\" \/>\n\t<meta name=\"twitter:data1\" content=\"admin\" \/>\n\t<meta name=\"twitter:label2\" content=\"Dur\u00e9e de lecture estim\u00e9e\" \/>\n\t<meta name=\"twitter:data2\" content=\"7 minutes\" \/>\n<script type=\"application\/ld+json\" class=\"yoast-schema-graph\">{\"@context\":\"https:\/\/schema.org\",\"@graph\":[{\"@type\":\"Article\",\"@id\":\"https:\/\/challengeseconomiques.com\/?p=7034#article\",\"isPartOf\":{\"@id\":\"https:\/\/challengeseconomiques.com\/?p=7034\"},\"author\":{\"name\":\"admin\",\"@id\":\"https:\/\/challengeseconomiques.com\/#\/schema\/person\/b4568c9afebc5a9238a771873801e349\"},\"headline\":\"OBSERVATIONS SUR LE COMMUNIQUE DU FMI\",\"datePublished\":\"2024-09-17T11:11:52+00:00\",\"dateModified\":\"2024-09-17T16:32:09+00:00\",\"mainEntityOfPage\":{\"@id\":\"https:\/\/challengeseconomiques.com\/?p=7034\"},\"wordCount\":1495,\"image\":{\"@id\":\"https:\/\/challengeseconomiques.com\/?p=7034#primaryimage\"},\"thumbnailUrl\":\"https:\/\/challengeseconomiques.com\/wp-content\/uploads\/2024\/09\/Demba-Moussa-Dembele-economiste.jpg\",\"articleSection\":[\"A la une\",\"Contribution\"],\"inLanguage\":\"fr-FR\"},{\"@type\":\"WebPage\",\"@id\":\"https:\/\/challengeseconomiques.com\/?p=7034\",\"url\":\"https:\/\/challengeseconomiques.com\/?p=7034\",\"name\":\"OBSERVATIONS SUR LE COMMUNIQUE DU FMI - challenges economiques\",\"isPartOf\":{\"@id\":\"https:\/\/challengeseconomiques.com\/#website\"},\"primaryImageOfPage\":{\"@id\":\"https:\/\/challengeseconomiques.com\/?p=7034#primaryimage\"},\"image\":{\"@id\":\"https:\/\/challengeseconomiques.com\/?p=7034#primaryimage\"},\"thumbnailUrl\":\"https:\/\/challengeseconomiques.com\/wp-content\/uploads\/2024\/09\/Demba-Moussa-Dembele-economiste.jpg\",\"datePublished\":\"2024-09-17T11:11:52+00:00\",\"dateModified\":\"2024-09-17T16:32:09+00:00\",\"author\":{\"@id\":\"https:\/\/challengeseconomiques.com\/#\/schema\/person\/b4568c9afebc5a9238a771873801e349\"},\"breadcrumb\":{\"@id\":\"https:\/\/challengeseconomiques.com\/?p=7034#breadcrumb\"},\"inLanguage\":\"fr-FR\",\"potentialAction\":[{\"@type\":\"ReadAction\",\"target\":[\"https:\/\/challengeseconomiques.com\/?p=7034\"]}]},{\"@type\":\"ImageObject\",\"inLanguage\":\"fr-FR\",\"@id\":\"https:\/\/challengeseconomiques.com\/?p=7034#primaryimage\",\"url\":\"https:\/\/challengeseconomiques.com\/wp-content\/uploads\/2024\/09\/Demba-Moussa-Dembele-economiste.jpg\",\"contentUrl\":\"https:\/\/challengeseconomiques.com\/wp-content\/uploads\/2024\/09\/Demba-Moussa-Dembele-economiste.jpg\",\"width\":1402,\"height\":886,\"caption\":\"Screenshot\"},{\"@type\":\"BreadcrumbList\",\"@id\":\"https:\/\/challengeseconomiques.com\/?p=7034#breadcrumb\",\"itemListElement\":[{\"@type\":\"ListItem\",\"position\":1,\"name\":\"Home\",\"item\":\"https:\/\/challengeseconomiques.com\/\"},{\"@type\":\"ListItem\",\"position\":2,\"name\":\"OBSERVATIONS SUR LE COMMUNIQUE DU FMI\"}]},{\"@type\":\"WebSite\",\"@id\":\"https:\/\/challengeseconomiques.com\/#website\",\"url\":\"https:\/\/challengeseconomiques.com\/\",\"name\":\"challenges economiques\",\"description\":\"\",\"potentialAction\":[{\"@type\":\"SearchAction\",\"target\":{\"@type\":\"EntryPoint\",\"urlTemplate\":\"https:\/\/challengeseconomiques.com\/?s={search_term_string}\"},\"query-input\":{\"@type\":\"PropertyValueSpecification\",\"valueRequired\":true,\"valueName\":\"search_term_string\"}}],\"inLanguage\":\"fr-FR\"},{\"@type\":\"Person\",\"@id\":\"https:\/\/challengeseconomiques.com\/#\/schema\/person\/b4568c9afebc5a9238a771873801e349\",\"name\":\"admin\",\"image\":{\"@type\":\"ImageObject\",\"inLanguage\":\"fr-FR\",\"@id\":\"https:\/\/challengeseconomiques.com\/#\/schema\/person\/image\/\",\"url\":\"https:\/\/secure.gravatar.com\/avatar\/099e42240b5eea11acdb72751fcce0dd918603f0749d24974b7984ea47ed9fd9?s=96&d=mm&r=g\",\"contentUrl\":\"https:\/\/secure.gravatar.com\/avatar\/099e42240b5eea11acdb72751fcce0dd918603f0749d24974b7984ea47ed9fd9?s=96&d=mm&r=g\",\"caption\":\"admin\"},\"sameAs\":[\"https:\/\/challengeseconomiques.com\"],\"url\":\"https:\/\/challengeseconomiques.com\/?author=1\"}]}<\/script>\n<!-- \/ Yoast SEO plugin. -->","yoast_head_json":{"title":"OBSERVATIONS SUR LE COMMUNIQUE DU FMI - challenges economiques","robots":{"index":"index","follow":"follow","max-snippet":"max-snippet:-1","max-image-preview":"max-image-preview:large","max-video-preview":"max-video-preview:-1"},"canonical":"https:\/\/challengeseconomiques.com\/?p=7034","og_locale":"fr_FR","og_type":"article","og_title":"OBSERVATIONS SUR LE COMMUNIQUE DU FMI - challenges economiques","og_description":"\u00a0Par\u00a0: Demba Moussa Demb\u00e9l\u00e9 Le 12 septembre 2024, la Mission du FMI au S\u00e9n\u00e9gal a publi\u00e9 un communiqu\u00e9, soulignant que \u00ab les perspectives demeurent difficiles...","og_url":"https:\/\/challengeseconomiques.com\/?p=7034","og_site_name":"challenges economiques","article_published_time":"2024-09-17T11:11:52+00:00","article_modified_time":"2024-09-17T16:32:09+00:00","og_image":[{"width":1402,"height":886,"url":"https:\/\/challengeseconomiques.com\/wp-content\/uploads\/2024\/09\/Demba-Moussa-Dembele-economiste.jpg","type":"image\/jpeg"}],"author":"admin","twitter_card":"summary_large_image","twitter_misc":{"\u00c9crit par":"admin","Dur\u00e9e de lecture estim\u00e9e":"7 minutes"},"schema":{"@context":"https:\/\/schema.org","@graph":[{"@type":"Article","@id":"https:\/\/challengeseconomiques.com\/?p=7034#article","isPartOf":{"@id":"https:\/\/challengeseconomiques.com\/?p=7034"},"author":{"name":"admin","@id":"https:\/\/challengeseconomiques.com\/#\/schema\/person\/b4568c9afebc5a9238a771873801e349"},"headline":"OBSERVATIONS SUR LE COMMUNIQUE DU FMI","datePublished":"2024-09-17T11:11:52+00:00","dateModified":"2024-09-17T16:32:09+00:00","mainEntityOfPage":{"@id":"https:\/\/challengeseconomiques.com\/?p=7034"},"wordCount":1495,"image":{"@id":"https:\/\/challengeseconomiques.com\/?p=7034#primaryimage"},"thumbnailUrl":"https:\/\/challengeseconomiques.com\/wp-content\/uploads\/2024\/09\/Demba-Moussa-Dembele-economiste.jpg","articleSection":["A la une","Contribution"],"inLanguage":"fr-FR"},{"@type":"WebPage","@id":"https:\/\/challengeseconomiques.com\/?p=7034","url":"https:\/\/challengeseconomiques.com\/?p=7034","name":"OBSERVATIONS SUR LE COMMUNIQUE DU FMI - challenges economiques","isPartOf":{"@id":"https:\/\/challengeseconomiques.com\/#website"},"primaryImageOfPage":{"@id":"https:\/\/challengeseconomiques.com\/?p=7034#primaryimage"},"image":{"@id":"https:\/\/challengeseconomiques.com\/?p=7034#primaryimage"},"thumbnailUrl":"https:\/\/challengeseconomiques.com\/wp-content\/uploads\/2024\/09\/Demba-Moussa-Dembele-economiste.jpg","datePublished":"2024-09-17T11:11:52+00:00","dateModified":"2024-09-17T16:32:09+00:00","author":{"@id":"https:\/\/challengeseconomiques.com\/#\/schema\/person\/b4568c9afebc5a9238a771873801e349"},"breadcrumb":{"@id":"https:\/\/challengeseconomiques.com\/?p=7034#breadcrumb"},"inLanguage":"fr-FR","potentialAction":[{"@type":"ReadAction","target":["https:\/\/challengeseconomiques.com\/?p=7034"]}]},{"@type":"ImageObject","inLanguage":"fr-FR","@id":"https:\/\/challengeseconomiques.com\/?p=7034#primaryimage","url":"https:\/\/challengeseconomiques.com\/wp-content\/uploads\/2024\/09\/Demba-Moussa-Dembele-economiste.jpg","contentUrl":"https:\/\/challengeseconomiques.com\/wp-content\/uploads\/2024\/09\/Demba-Moussa-Dembele-economiste.jpg","width":1402,"height":886,"caption":"Screenshot"},{"@type":"BreadcrumbList","@id":"https:\/\/challengeseconomiques.com\/?p=7034#breadcrumb","itemListElement":[{"@type":"ListItem","position":1,"name":"Home","item":"https:\/\/challengeseconomiques.com\/"},{"@type":"ListItem","position":2,"name":"OBSERVATIONS SUR LE COMMUNIQUE DU FMI"}]},{"@type":"WebSite","@id":"https:\/\/challengeseconomiques.com\/#website","url":"https:\/\/challengeseconomiques.com\/","name":"challenges economiques","description":"","potentialAction":[{"@type":"SearchAction","target":{"@type":"EntryPoint","urlTemplate":"https:\/\/challengeseconomiques.com\/?s={search_term_string}"},"query-input":{"@type":"PropertyValueSpecification","valueRequired":true,"valueName":"search_term_string"}}],"inLanguage":"fr-FR"},{"@type":"Person","@id":"https:\/\/challengeseconomiques.com\/#\/schema\/person\/b4568c9afebc5a9238a771873801e349","name":"admin","image":{"@type":"ImageObject","inLanguage":"fr-FR","@id":"https:\/\/challengeseconomiques.com\/#\/schema\/person\/image\/","url":"https:\/\/secure.gravatar.com\/avatar\/099e42240b5eea11acdb72751fcce0dd918603f0749d24974b7984ea47ed9fd9?s=96&d=mm&r=g","contentUrl":"https:\/\/secure.gravatar.com\/avatar\/099e42240b5eea11acdb72751fcce0dd918603f0749d24974b7984ea47ed9fd9?s=96&d=mm&r=g","caption":"admin"},"sameAs":["https:\/\/challengeseconomiques.com"],"url":"https:\/\/challengeseconomiques.com\/?author=1"}]}},"jetpack_featured_media_url":"https:\/\/challengeseconomiques.com\/wp-content\/uploads\/2024\/09\/Demba-Moussa-Dembele-economiste.jpg","jetpack_sharing_enabled":true,"_links":{"self":[{"href":"https:\/\/challengeseconomiques.com\/index.php?rest_route=\/wp\/v2\/posts\/7034","targetHints":{"allow":["GET"]}}],"collection":[{"href":"https:\/\/challengeseconomiques.com\/index.php?rest_route=\/wp\/v2\/posts"}],"about":[{"href":"https:\/\/challengeseconomiques.com\/index.php?rest_route=\/wp\/v2\/types\/post"}],"author":[{"embeddable":true,"href":"https:\/\/challengeseconomiques.com\/index.php?rest_route=\/wp\/v2\/users\/1"}],"replies":[{"embeddable":true,"href":"https:\/\/challengeseconomiques.com\/index.php?rest_route=%2Fwp%2Fv2%2Fcomments&post=7034"}],"version-history":[{"count":1,"href":"https:\/\/challengeseconomiques.com\/index.php?rest_route=\/wp\/v2\/posts\/7034\/revisions"}],"predecessor-version":[{"id":7036,"href":"https:\/\/challengeseconomiques.com\/index.php?rest_route=\/wp\/v2\/posts\/7034\/revisions\/7036"}],"wp:featuredmedia":[{"embeddable":true,"href":"https:\/\/challengeseconomiques.com\/index.php?rest_route=\/wp\/v2\/media\/7035"}],"wp:attachment":[{"href":"https:\/\/challengeseconomiques.com\/index.php?rest_route=%2Fwp%2Fv2%2Fmedia&parent=7034"}],"wp:term":[{"taxonomy":"category","embeddable":true,"href":"https:\/\/challengeseconomiques.com\/index.php?rest_route=%2Fwp%2Fv2%2Fcategories&post=7034"},{"taxonomy":"post_tag","embeddable":true,"href":"https:\/\/challengeseconomiques.com\/index.php?rest_route=%2Fwp%2Fv2%2Ftags&post=7034"}],"curies":[{"name":"wp","href":"https:\/\/api.w.org\/{rel}","templated":true}]}}