{"id":7031,"date":"2024-09-15T13:17:18","date_gmt":"2024-09-15T13:17:18","guid":{"rendered":"https:\/\/challengeseconomiques.com\/?p=7031"},"modified":"2024-09-15T13:18:12","modified_gmt":"2024-09-15T13:18:12","slug":"lomc-lance-linitiative-commerce-des-services-pour-le-developpement","status":"publish","type":"post","link":"https:\/\/challengeseconomiques.com\/?p=7031","title":{"rendered":"L&rsquo;OMC lance l&rsquo;initiative \u00ab Commerce des services pour le d\u00e9veloppement \u00bb"},"content":{"rendered":"<div class=\"itemIntroText\">\n<p class=\"texte textearticle\"><strong>\u00a0Moins d\u00e9velopp\u00e9 que le commerce des marchandises, le commerce des services prend toutefois une place croissante dans les \u00e9changes mondiaux. L\u2019OMC estime que les pays en d\u00e9veloppement doivent \u00eatre soutenus pour mieux exploiter ce secteur et rattraper leur retard face aux \u00e9conomies avanc\u00e9es.<\/strong><\/p>\n<p class=\"texte textearticle\">Lors du Forum public 2024, l&rsquo;Organisation mondiale du commerce (OMC) et la Banque mondiale ont inaugur\u00e9 l&rsquo;initiative \u00ab\u00a0Trade in services for development\u00a0\u00bb, (commerce des services pour le d\u00e9veloppement).<\/p>\n<p class=\"texte textearticle\">Ce programme conjoint, soutenu par une contribution de 1 million\u00a0$ du Royaume-Uni, s&rsquo;inscrit dans le cadre de l&rsquo;initiative \u00ab\u00a0Aide pour le commerce\u00a0\u00bb. Il vise \u00e0 aider les pays en d\u00e9veloppement \u00e0 exploiter pleinement le potentiel \u00e9conomique du commerce des services.<\/p>\n<p class=\"texte textearticle\">Ainsi, l\u2019initiative comprend notamment un programme de travail qui permettra aux pays en d\u00e9veloppement d&rsquo;am\u00e9liorer leur comp\u00e9titivit\u00e9 dans le commerce des services, de renforcer la collecte de donn\u00e9es et d&rsquo;accro\u00eetre la transparence sur les mesures li\u00e9es \u00e0 ce secteur. Elle pr\u00e9voit \u00e9galement l\u2019\u00e9laboration d\u2019une \u00ab\u00a0liste de v\u00e9rification de la comp\u00e9titivit\u00e9\u00a0\u00bb, visant \u00e0 aider les \u00e9conomies en d\u00e9veloppement \u00e0 d\u00e9finir leurs objectifs et priorit\u00e9s dans le commerce des services.<\/p>\n<p class=\"texte textearticle\">Cette annonce intervient alors que la part du commerce des services dans les \u00e9changes internationaux enregistre une croissance robuste depuis plusieurs ann\u00e9es. D\u2019apr\u00e8s Ngozi Okonjo-Iweala (photo), directrice g\u00e9n\u00e9rale de l&rsquo;OMC, le commerce des services devient de plus en plus important en termes de croissance, repr\u00e9sentant d\u00e9sormais environ 12\u00a0000 milliards\u00a0$ sur les 32\u00a0000 milliards que repr\u00e9sente le commerce mondial total. De plus, ajoute-t-elle, c\u2019est le commerce des services num\u00e9riques qui conna\u00eet la croissance la plus rapide, \u00e0 raison de 8% par an. Une croissance qui offre aux pays les moins avanc\u00e9s et particuli\u00e8rement africains, des opportunit\u00e9s in\u00e9dites d\u2019accro\u00eetre leur participation et par extension leurs gains dans le commerce mondial.<\/p>\n<p class=\"texte textearticle\">\u00ab\u00a0Les perspectives de croissance et de cr\u00e9ation d\u2019emplois dans les \u00e9conomies en d\u00e9veloppement r\u00e9sident dans les services. Le commerce des services sera au c\u0153ur de la croissance \u00e9conomique et du commerce futur\u00a0\u00bb, a-t-elle d\u00e9clar\u00e9, lors du lancement de l\u2019initiative, le mercredi 11 septembre 2024.<\/p>\n<p class=\"texte textearticle\">Notons que l&rsquo;OMC a \u00e9galement annonc\u00e9 qu&rsquo;une conf\u00e9rence mondiale sur les services sera organis\u00e9e tous les deux ans, en collaboration avec la Banque mondiale, afin de promouvoir les meilleures pratiques et les nouvelles avanc\u00e9es dans ce domaine cl\u00e9.<\/p>\n<p><strong>(Agence Ecofin)<br \/>\n<\/strong><\/p>\n<p class=\"texte textearticle\"><strong>\u00a0<\/strong><\/p>\n<\/div>\n","protected":false},"excerpt":{"rendered":"<p>\u00a0Moins d\u00e9velopp\u00e9 que le commerce des marchandises, le commerce des services prend toutefois une place croissante dans les \u00e9changes mondiaux. L\u2019OMC estime que les pays&#8230;<\/p>\n","protected":false},"author":1,"featured_media":763,"comment_status":"closed","ping_status":"open","sticky":false,"template":"","format":"standard","meta":{"_jetpack_memberships_contains_paid_content":false,"footnotes":""},"categories":[8,10],"tags":[],"class_list":["post-7031","post","type-post","status-publish","format-standard","has-post-thumbnail","hentry","category-actualite-economique","category-infos-eco","wpcat-8-id","wpcat-10-id"],"yoast_head":"<!-- This site is optimized with the Yoast SEO plugin v27.1.1 - https:\/\/yoast.com\/product\/yoast-seo-wordpress\/ -->\n<title>L&#039;OMC lance l&#039;initiative \u00ab Commerce des services pour le d\u00e9veloppement \u00bb - challenges economiques<\/title>\n<meta name=\"robots\" content=\"index, follow, max-snippet:-1, max-image-preview:large, max-video-preview:-1\" \/>\n<link rel=\"canonical\" href=\"https:\/\/challengeseconomiques.com\/?p=7031\" \/>\n<meta property=\"og:locale\" content=\"fr_FR\" \/>\n<meta property=\"og:type\" content=\"article\" \/>\n<meta property=\"og:title\" content=\"L&#039;OMC lance l&#039;initiative \u00ab Commerce des services pour le d\u00e9veloppement \u00bb - challenges economiques\" \/>\n<meta property=\"og:description\" content=\"\u00a0Moins d\u00e9velopp\u00e9 que le commerce des marchandises, le commerce des services prend toutefois une place croissante dans les \u00e9changes mondiaux. L\u2019OMC estime que les pays...\" \/>\n<meta property=\"og:url\" content=\"https:\/\/challengeseconomiques.com\/?p=7031\" \/>\n<meta property=\"og:site_name\" content=\"challenges economiques\" \/>\n<meta property=\"article:published_time\" content=\"2024-09-15T13:17:18+00:00\" \/>\n<meta property=\"article:modified_time\" content=\"2024-09-15T13:18:12+00:00\" \/>\n<meta property=\"og:image\" content=\"https:\/\/challengeseconomiques.com\/wp-content\/uploads\/2021\/03\/dg_ngozi-OMC.jpg\" \/>\n\t<meta property=\"og:image:width\" content=\"1200\" \/>\n\t<meta property=\"og:image:height\" content=\"675\" \/>\n\t<meta property=\"og:image:type\" content=\"image\/jpeg\" \/>\n<meta name=\"author\" content=\"admin\" \/>\n<meta name=\"twitter:card\" content=\"summary_large_image\" \/>\n<meta name=\"twitter:label1\" content=\"\u00c9crit par\" \/>\n\t<meta name=\"twitter:data1\" content=\"admin\" \/>\n\t<meta name=\"twitter:label2\" content=\"Dur\u00e9e de lecture estim\u00e9e\" \/>\n\t<meta name=\"twitter:data2\" content=\"2 minutes\" \/>\n<script type=\"application\/ld+json\" class=\"yoast-schema-graph\">{\"@context\":\"https:\/\/schema.org\",\"@graph\":[{\"@type\":\"Article\",\"@id\":\"https:\/\/challengeseconomiques.com\/?p=7031#article\",\"isPartOf\":{\"@id\":\"https:\/\/challengeseconomiques.com\/?p=7031\"},\"author\":{\"name\":\"admin\",\"@id\":\"https:\/\/challengeseconomiques.com\/#\/schema\/person\/b4568c9afebc5a9238a771873801e349\"},\"headline\":\"L&rsquo;OMC lance l&rsquo;initiative \u00ab Commerce des services pour le d\u00e9veloppement \u00bb\",\"datePublished\":\"2024-09-15T13:17:18+00:00\",\"dateModified\":\"2024-09-15T13:18:12+00:00\",\"mainEntityOfPage\":{\"@id\":\"https:\/\/challengeseconomiques.com\/?p=7031\"},\"wordCount\":427,\"image\":{\"@id\":\"https:\/\/challengeseconomiques.com\/?p=7031#primaryimage\"},\"thumbnailUrl\":\"https:\/\/challengeseconomiques.com\/wp-content\/uploads\/2021\/03\/dg_ngozi-OMC.jpg\",\"articleSection\":[\"Actualit\u00e9 \u00e9conomique\",\"Infos \u00e9co\"],\"inLanguage\":\"fr-FR\"},{\"@type\":\"WebPage\",\"@id\":\"https:\/\/challengeseconomiques.com\/?p=7031\",\"url\":\"https:\/\/challengeseconomiques.com\/?p=7031\",\"name\":\"L'OMC lance l'initiative \u00ab Commerce des services pour le d\u00e9veloppement \u00bb - challenges economiques\",\"isPartOf\":{\"@id\":\"https:\/\/challengeseconomiques.com\/#website\"},\"primaryImageOfPage\":{\"@id\":\"https:\/\/challengeseconomiques.com\/?p=7031#primaryimage\"},\"image\":{\"@id\":\"https:\/\/challengeseconomiques.com\/?p=7031#primaryimage\"},\"thumbnailUrl\":\"https:\/\/challengeseconomiques.com\/wp-content\/uploads\/2021\/03\/dg_ngozi-OMC.jpg\",\"datePublished\":\"2024-09-15T13:17:18+00:00\",\"dateModified\":\"2024-09-15T13:18:12+00:00\",\"author\":{\"@id\":\"https:\/\/challengeseconomiques.com\/#\/schema\/person\/b4568c9afebc5a9238a771873801e349\"},\"breadcrumb\":{\"@id\":\"https:\/\/challengeseconomiques.com\/?p=7031#breadcrumb\"},\"inLanguage\":\"fr-FR\",\"potentialAction\":[{\"@type\":\"ReadAction\",\"target\":[\"https:\/\/challengeseconomiques.com\/?p=7031\"]}]},{\"@type\":\"ImageObject\",\"inLanguage\":\"fr-FR\",\"@id\":\"https:\/\/challengeseconomiques.com\/?p=7031#primaryimage\",\"url\":\"https:\/\/challengeseconomiques.com\/wp-content\/uploads\/2021\/03\/dg_ngozi-OMC.jpg\",\"contentUrl\":\"https:\/\/challengeseconomiques.com\/wp-content\/uploads\/2021\/03\/dg_ngozi-OMC.jpg\",\"width\":1200,\"height\":675},{\"@type\":\"BreadcrumbList\",\"@id\":\"https:\/\/challengeseconomiques.com\/?p=7031#breadcrumb\",\"itemListElement\":[{\"@type\":\"ListItem\",\"position\":1,\"name\":\"Home\",\"item\":\"https:\/\/challengeseconomiques.com\/\"},{\"@type\":\"ListItem\",\"position\":2,\"name\":\"L&#8217;OMC lance l&#8217;initiative \u00ab Commerce des services pour le d\u00e9veloppement \u00bb\"}]},{\"@type\":\"WebSite\",\"@id\":\"https:\/\/challengeseconomiques.com\/#website\",\"url\":\"https:\/\/challengeseconomiques.com\/\",\"name\":\"challenges economiques\",\"description\":\"\",\"potentialAction\":[{\"@type\":\"SearchAction\",\"target\":{\"@type\":\"EntryPoint\",\"urlTemplate\":\"https:\/\/challengeseconomiques.com\/?s={search_term_string}\"},\"query-input\":{\"@type\":\"PropertyValueSpecification\",\"valueRequired\":true,\"valueName\":\"search_term_string\"}}],\"inLanguage\":\"fr-FR\"},{\"@type\":\"Person\",\"@id\":\"https:\/\/challengeseconomiques.com\/#\/schema\/person\/b4568c9afebc5a9238a771873801e349\",\"name\":\"admin\",\"image\":{\"@type\":\"ImageObject\",\"inLanguage\":\"fr-FR\",\"@id\":\"https:\/\/challengeseconomiques.com\/#\/schema\/person\/image\/\",\"url\":\"https:\/\/secure.gravatar.com\/avatar\/099e42240b5eea11acdb72751fcce0dd918603f0749d24974b7984ea47ed9fd9?s=96&d=mm&r=g\",\"contentUrl\":\"https:\/\/secure.gravatar.com\/avatar\/099e42240b5eea11acdb72751fcce0dd918603f0749d24974b7984ea47ed9fd9?s=96&d=mm&r=g\",\"caption\":\"admin\"},\"sameAs\":[\"https:\/\/challengeseconomiques.com\"],\"url\":\"https:\/\/challengeseconomiques.com\/?author=1\"}]}<\/script>\n<!-- \/ Yoast SEO plugin. -->","yoast_head_json":{"title":"L'OMC lance l'initiative \u00ab Commerce des services pour le d\u00e9veloppement \u00bb - challenges economiques","robots":{"index":"index","follow":"follow","max-snippet":"max-snippet:-1","max-image-preview":"max-image-preview:large","max-video-preview":"max-video-preview:-1"},"canonical":"https:\/\/challengeseconomiques.com\/?p=7031","og_locale":"fr_FR","og_type":"article","og_title":"L'OMC lance l'initiative \u00ab Commerce des services pour le d\u00e9veloppement \u00bb - challenges economiques","og_description":"\u00a0Moins d\u00e9velopp\u00e9 que le commerce des marchandises, le commerce des services prend toutefois une place croissante dans les \u00e9changes mondiaux. L\u2019OMC estime que les pays...","og_url":"https:\/\/challengeseconomiques.com\/?p=7031","og_site_name":"challenges economiques","article_published_time":"2024-09-15T13:17:18+00:00","article_modified_time":"2024-09-15T13:18:12+00:00","og_image":[{"width":1200,"height":675,"url":"https:\/\/challengeseconomiques.com\/wp-content\/uploads\/2021\/03\/dg_ngozi-OMC.jpg","type":"image\/jpeg"}],"author":"admin","twitter_card":"summary_large_image","twitter_misc":{"\u00c9crit par":"admin","Dur\u00e9e de lecture estim\u00e9e":"2 minutes"},"schema":{"@context":"https:\/\/schema.org","@graph":[{"@type":"Article","@id":"https:\/\/challengeseconomiques.com\/?p=7031#article","isPartOf":{"@id":"https:\/\/challengeseconomiques.com\/?p=7031"},"author":{"name":"admin","@id":"https:\/\/challengeseconomiques.com\/#\/schema\/person\/b4568c9afebc5a9238a771873801e349"},"headline":"L&rsquo;OMC lance l&rsquo;initiative \u00ab Commerce des services pour le d\u00e9veloppement \u00bb","datePublished":"2024-09-15T13:17:18+00:00","dateModified":"2024-09-15T13:18:12+00:00","mainEntityOfPage":{"@id":"https:\/\/challengeseconomiques.com\/?p=7031"},"wordCount":427,"image":{"@id":"https:\/\/challengeseconomiques.com\/?p=7031#primaryimage"},"thumbnailUrl":"https:\/\/challengeseconomiques.com\/wp-content\/uploads\/2021\/03\/dg_ngozi-OMC.jpg","articleSection":["Actualit\u00e9 \u00e9conomique","Infos \u00e9co"],"inLanguage":"fr-FR"},{"@type":"WebPage","@id":"https:\/\/challengeseconomiques.com\/?p=7031","url":"https:\/\/challengeseconomiques.com\/?p=7031","name":"L'OMC lance l'initiative \u00ab Commerce des services pour le d\u00e9veloppement \u00bb - challenges economiques","isPartOf":{"@id":"https:\/\/challengeseconomiques.com\/#website"},"primaryImageOfPage":{"@id":"https:\/\/challengeseconomiques.com\/?p=7031#primaryimage"},"image":{"@id":"https:\/\/challengeseconomiques.com\/?p=7031#primaryimage"},"thumbnailUrl":"https:\/\/challengeseconomiques.com\/wp-content\/uploads\/2021\/03\/dg_ngozi-OMC.jpg","datePublished":"2024-09-15T13:17:18+00:00","dateModified":"2024-09-15T13:18:12+00:00","author":{"@id":"https:\/\/challengeseconomiques.com\/#\/schema\/person\/b4568c9afebc5a9238a771873801e349"},"breadcrumb":{"@id":"https:\/\/challengeseconomiques.com\/?p=7031#breadcrumb"},"inLanguage":"fr-FR","potentialAction":[{"@type":"ReadAction","target":["https:\/\/challengeseconomiques.com\/?p=7031"]}]},{"@type":"ImageObject","inLanguage":"fr-FR","@id":"https:\/\/challengeseconomiques.com\/?p=7031#primaryimage","url":"https:\/\/challengeseconomiques.com\/wp-content\/uploads\/2021\/03\/dg_ngozi-OMC.jpg","contentUrl":"https:\/\/challengeseconomiques.com\/wp-content\/uploads\/2021\/03\/dg_ngozi-OMC.jpg","width":1200,"height":675},{"@type":"BreadcrumbList","@id":"https:\/\/challengeseconomiques.com\/?p=7031#breadcrumb","itemListElement":[{"@type":"ListItem","position":1,"name":"Home","item":"https:\/\/challengeseconomiques.com\/"},{"@type":"ListItem","position":2,"name":"L&#8217;OMC lance l&#8217;initiative \u00ab Commerce des services pour le d\u00e9veloppement \u00bb"}]},{"@type":"WebSite","@id":"https:\/\/challengeseconomiques.com\/#website","url":"https:\/\/challengeseconomiques.com\/","name":"challenges economiques","description":"","potentialAction":[{"@type":"SearchAction","target":{"@type":"EntryPoint","urlTemplate":"https:\/\/challengeseconomiques.com\/?s={search_term_string}"},"query-input":{"@type":"PropertyValueSpecification","valueRequired":true,"valueName":"search_term_string"}}],"inLanguage":"fr-FR"},{"@type":"Person","@id":"https:\/\/challengeseconomiques.com\/#\/schema\/person\/b4568c9afebc5a9238a771873801e349","name":"admin","image":{"@type":"ImageObject","inLanguage":"fr-FR","@id":"https:\/\/challengeseconomiques.com\/#\/schema\/person\/image\/","url":"https:\/\/secure.gravatar.com\/avatar\/099e42240b5eea11acdb72751fcce0dd918603f0749d24974b7984ea47ed9fd9?s=96&d=mm&r=g","contentUrl":"https:\/\/secure.gravatar.com\/avatar\/099e42240b5eea11acdb72751fcce0dd918603f0749d24974b7984ea47ed9fd9?s=96&d=mm&r=g","caption":"admin"},"sameAs":["https:\/\/challengeseconomiques.com"],"url":"https:\/\/challengeseconomiques.com\/?author=1"}]}},"jetpack_featured_media_url":"https:\/\/challengeseconomiques.com\/wp-content\/uploads\/2021\/03\/dg_ngozi-OMC.jpg","jetpack_sharing_enabled":true,"_links":{"self":[{"href":"https:\/\/challengeseconomiques.com\/index.php?rest_route=\/wp\/v2\/posts\/7031","targetHints":{"allow":["GET"]}}],"collection":[{"href":"https:\/\/challengeseconomiques.com\/index.php?rest_route=\/wp\/v2\/posts"}],"about":[{"href":"https:\/\/challengeseconomiques.com\/index.php?rest_route=\/wp\/v2\/types\/post"}],"author":[{"embeddable":true,"href":"https:\/\/challengeseconomiques.com\/index.php?rest_route=\/wp\/v2\/users\/1"}],"replies":[{"embeddable":true,"href":"https:\/\/challengeseconomiques.com\/index.php?rest_route=%2Fwp%2Fv2%2Fcomments&post=7031"}],"version-history":[{"count":2,"href":"https:\/\/challengeseconomiques.com\/index.php?rest_route=\/wp\/v2\/posts\/7031\/revisions"}],"predecessor-version":[{"id":7033,"href":"https:\/\/challengeseconomiques.com\/index.php?rest_route=\/wp\/v2\/posts\/7031\/revisions\/7033"}],"wp:featuredmedia":[{"embeddable":true,"href":"https:\/\/challengeseconomiques.com\/index.php?rest_route=\/wp\/v2\/media\/763"}],"wp:attachment":[{"href":"https:\/\/challengeseconomiques.com\/index.php?rest_route=%2Fwp%2Fv2%2Fmedia&parent=7031"}],"wp:term":[{"taxonomy":"category","embeddable":true,"href":"https:\/\/challengeseconomiques.com\/index.php?rest_route=%2Fwp%2Fv2%2Fcategories&post=7031"},{"taxonomy":"post_tag","embeddable":true,"href":"https:\/\/challengeseconomiques.com\/index.php?rest_route=%2Fwp%2Fv2%2Ftags&post=7031"}],"curies":[{"name":"wp","href":"https:\/\/api.w.org\/{rel}","templated":true}]}}