{"id":7026,"date":"2024-09-15T13:08:24","date_gmt":"2024-09-15T13:08:24","guid":{"rendered":"https:\/\/challengeseconomiques.com\/?p=7026"},"modified":"2024-09-17T16:33:24","modified_gmt":"2024-09-17T16:33:24","slug":"la-construction-du-port-de-ndayane-va-bientot-demarrer-selon-dp-world","status":"publish","type":"post","link":"https:\/\/challengeseconomiques.com\/?p=7026","title":{"rendered":"La construction du port de Ndayane va bient\u00f4t d\u00e9marrer, selon DP World"},"content":{"rendered":"<p><strong>Le pr\u00e9sident-directeur g\u00e9n\u00e9ral du groupe DP World,Sultan Ahmed Bin Sulayem, avec le Premier ministre du S\u00e9n\u00e9gal,Ousmane Sonko<\/strong><\/p>\n<p>Sultan Ahmed Bin Sulayem, le pr\u00e9sident-directeur g\u00e9n\u00e9ral du groupe DP World, a annonc\u00e9, vendredi, \u00e0 Dakar, le d\u00e9marrage imminent de la construction du port multifonction de Ndayane, dans le d\u00e9partement de Mbour (ouest).<\/p>\n<p>L\u2019\u00c9tat du S\u00e9n\u00e9gal a proc\u00e9d\u00e9 en 2022 au lancement des travaux de ce port, qui sera implant\u00e9 \u00e0 environ 70 kilom\u00e8tres de Dakar.<\/p>\n<p>Cette infrastructure va servir \u00e0 d\u00e9congestionner le Port autonome de Dakar.<\/p>\n<p>\u2018\u2019Nous avons sign\u00e9 le contrat avec l\u2019entrepreneur et nous pr\u00e9voyons de d\u00e9buter bient\u00f4t. Nous avons commenc\u00e9 quelques travaux par le pass\u00e9. Cette fois-ci, il s\u2019agira de travaux \u00e0 grande \u00e9chelle\u2019\u2019, a assur\u00e9 Sultan Ahmed Bin Sulayem \u00e0 la fin r\u00e9union avec le Premier ministre, Ousmane Sonko.<\/p>\n<p>\u2018\u2019J\u2019ai eu une tr\u00e8s bonne r\u00e9union avec le Premier ministre.\u00a0Nous avons discut\u00e9 et je l\u2019ai inform\u00e9 de l\u2019avanc\u00e9e du port de Ndayane, dont nous venons de signer le contrat de construction\u2019\u2019, a-t-il d\u00e9clar\u00e9.<\/p>\n<p>L\u2019homme d\u2019affaires a dit partager la \u2018\u2019vision\u2019\u2019 qu\u2019ont les autorit\u00e9s s\u00e9n\u00e9galaises de ce projet d\u2019infrastructure a\u00e9roportuaire. \u2018\u2019Nous sommes une entreprise qui croit en l\u2019\u00e9conomie du S\u00e9n\u00e9gal, nous soutiendrons le gouvernement dans sa vision.\u2019\u2019<\/p>\n<p>Le pr\u00e9sident-directeur g\u00e9n\u00e9ral de DP World, l\u2019un des principaux op\u00e9rateurs portuaires du monde, a promis de \u2018\u2019r\u00e9pondre aux attentes du gouvernement\u2019\u2019, concernant la construction du port de Ndayane.<\/p>\n<p>Il assure que \u2018\u2019le port de Ndayane sera l\u2019un des principaux ports d\u2019Afrique de l\u2019Ouest\u2019\u2019.<\/p>\n<p>\u2018\u2019Le port est la porte d\u2019entr\u00e9e du pays [\u2026] Naturellement, lorsque vous disposez d\u2019un port efficace et dot\u00e9 de grandes capacit\u00e9s, le pays va recevoir beaucoup de marchandises\u2019\u2019, a dit Sultan Ahmed Bin Sulayem.<\/p>\n<p><strong>Un parc industriel en construction pr\u00e8s du port de Ndayane<\/strong><\/p>\n<p>Selon lui, le groupe DP World est fortement pr\u00e9sent au S\u00e9n\u00e9gal o\u00f9 il op\u00e8re depuis dix-huit ans. \u2018\u2019Lorsque nous avons commenc\u00e9 au S\u00e9n\u00e9gal, nous n\u2019avions pas plus de 200 conteneurs. Aujourd\u2019hui, nous en traitons plus de 800.000.\u2019\u2019<\/p>\n<p>Sultan Ahmed Bin Sulayem signale que DP World est en train de construire un parc industriel \u00e0 c\u00f4t\u00e9 du port de Ndayane.<\/p>\n<p>Ce sera \u00e0 l\u2019image de ce que le groupe a\u00e9roportuaire a fait \u00e0 Duba\u00ef, sa terre natale, au Royaume-Uni et \u2018\u2019dans de nombreux autres pays\u2019\u2019, a-t-il dit en parlant du m\u00eame parc industriel.<\/p>\n<p>Le pr\u00e9sident-directeur g\u00e9n\u00e9ral de DP World a dit que de nombreuses grandes entreprises souhaitaient s\u2019implanter au S\u00e9n\u00e9gal en perspective de la construction du port de Ndayane\u2019\u2019.<\/p>\n<p>La premi\u00e8re pierre du port de Ndayane avait \u00e9t\u00e9 pos\u00e9e le 3 janvier dernier par le pr\u00e9sident de la R\u00e9publique de l\u2019\u00e9poque, Macky Sall.<\/p>\n<p><strong>(APS)<\/strong><\/p>\n","protected":false},"excerpt":{"rendered":"<p>Le pr\u00e9sident-directeur g\u00e9n\u00e9ral du groupe DP World,Sultan Ahmed Bin Sulayem, avec le Premier ministre du S\u00e9n\u00e9gal,Ousmane Sonko Sultan Ahmed Bin Sulayem, le pr\u00e9sident-directeur g\u00e9n\u00e9ral du&#8230;<\/p>\n","protected":false},"author":1,"featured_media":7027,"comment_status":"closed","ping_status":"open","sticky":false,"template":"","format":"standard","meta":{"_jetpack_memberships_contains_paid_content":false,"footnotes":""},"categories":[23,8],"tags":[],"class_list":["post-7026","post","type-post","status-publish","format-standard","has-post-thumbnail","hentry","category-a-la-une","category-actualite-economique","wpcat-23-id","wpcat-8-id"],"yoast_head":"<!-- This site is optimized with the Yoast SEO plugin v27.1.1 - https:\/\/yoast.com\/product\/yoast-seo-wordpress\/ -->\n<title>La construction du port de Ndayane va bient\u00f4t d\u00e9marrer, selon DP World - challenges economiques<\/title>\n<meta name=\"robots\" content=\"index, follow, max-snippet:-1, max-image-preview:large, max-video-preview:-1\" \/>\n<link rel=\"canonical\" href=\"https:\/\/challengeseconomiques.com\/?p=7026\" \/>\n<meta property=\"og:locale\" content=\"fr_FR\" \/>\n<meta property=\"og:type\" content=\"article\" \/>\n<meta property=\"og:title\" content=\"La construction du port de Ndayane va bient\u00f4t d\u00e9marrer, selon DP World - challenges economiques\" \/>\n<meta property=\"og:description\" content=\"Le pr\u00e9sident-directeur g\u00e9n\u00e9ral du groupe DP World,Sultan Ahmed Bin Sulayem, avec le Premier ministre du S\u00e9n\u00e9gal,Ousmane Sonko Sultan Ahmed Bin Sulayem, le pr\u00e9sident-directeur g\u00e9n\u00e9ral du...\" \/>\n<meta property=\"og:url\" content=\"https:\/\/challengeseconomiques.com\/?p=7026\" \/>\n<meta property=\"og:site_name\" content=\"challenges economiques\" \/>\n<meta property=\"article:published_time\" content=\"2024-09-15T13:08:24+00:00\" \/>\n<meta property=\"article:modified_time\" content=\"2024-09-17T16:33:24+00:00\" \/>\n<meta property=\"og:image\" content=\"https:\/\/challengeseconomiques.com\/wp-content\/uploads\/2024\/09\/dpworld.jpg\" \/>\n\t<meta property=\"og:image:width\" content=\"1536\" \/>\n\t<meta property=\"og:image:height\" content=\"887\" \/>\n\t<meta property=\"og:image:type\" content=\"image\/jpeg\" \/>\n<meta name=\"author\" content=\"admin\" \/>\n<meta name=\"twitter:card\" content=\"summary_large_image\" \/>\n<meta name=\"twitter:label1\" content=\"\u00c9crit par\" \/>\n\t<meta name=\"twitter:data1\" content=\"admin\" \/>\n\t<meta name=\"twitter:label2\" content=\"Dur\u00e9e de lecture estim\u00e9e\" \/>\n\t<meta name=\"twitter:data2\" content=\"2 minutes\" \/>\n<script type=\"application\/ld+json\" class=\"yoast-schema-graph\">{\"@context\":\"https:\/\/schema.org\",\"@graph\":[{\"@type\":\"Article\",\"@id\":\"https:\/\/challengeseconomiques.com\/?p=7026#article\",\"isPartOf\":{\"@id\":\"https:\/\/challengeseconomiques.com\/?p=7026\"},\"author\":{\"name\":\"admin\",\"@id\":\"https:\/\/challengeseconomiques.com\/#\/schema\/person\/b4568c9afebc5a9238a771873801e349\"},\"headline\":\"La construction du port de Ndayane va bient\u00f4t d\u00e9marrer, selon DP World\",\"datePublished\":\"2024-09-15T13:08:24+00:00\",\"dateModified\":\"2024-09-17T16:33:24+00:00\",\"mainEntityOfPage\":{\"@id\":\"https:\/\/challengeseconomiques.com\/?p=7026\"},\"wordCount\":506,\"image\":{\"@id\":\"https:\/\/challengeseconomiques.com\/?p=7026#primaryimage\"},\"thumbnailUrl\":\"https:\/\/challengeseconomiques.com\/wp-content\/uploads\/2024\/09\/dpworld.jpg\",\"articleSection\":[\"A la une\",\"Actualit\u00e9 \u00e9conomique\"],\"inLanguage\":\"fr-FR\"},{\"@type\":\"WebPage\",\"@id\":\"https:\/\/challengeseconomiques.com\/?p=7026\",\"url\":\"https:\/\/challengeseconomiques.com\/?p=7026\",\"name\":\"La construction du port de Ndayane va bient\u00f4t d\u00e9marrer, selon DP World - challenges economiques\",\"isPartOf\":{\"@id\":\"https:\/\/challengeseconomiques.com\/#website\"},\"primaryImageOfPage\":{\"@id\":\"https:\/\/challengeseconomiques.com\/?p=7026#primaryimage\"},\"image\":{\"@id\":\"https:\/\/challengeseconomiques.com\/?p=7026#primaryimage\"},\"thumbnailUrl\":\"https:\/\/challengeseconomiques.com\/wp-content\/uploads\/2024\/09\/dpworld.jpg\",\"datePublished\":\"2024-09-15T13:08:24+00:00\",\"dateModified\":\"2024-09-17T16:33:24+00:00\",\"author\":{\"@id\":\"https:\/\/challengeseconomiques.com\/#\/schema\/person\/b4568c9afebc5a9238a771873801e349\"},\"breadcrumb\":{\"@id\":\"https:\/\/challengeseconomiques.com\/?p=7026#breadcrumb\"},\"inLanguage\":\"fr-FR\",\"potentialAction\":[{\"@type\":\"ReadAction\",\"target\":[\"https:\/\/challengeseconomiques.com\/?p=7026\"]}]},{\"@type\":\"ImageObject\",\"inLanguage\":\"fr-FR\",\"@id\":\"https:\/\/challengeseconomiques.com\/?p=7026#primaryimage\",\"url\":\"https:\/\/challengeseconomiques.com\/wp-content\/uploads\/2024\/09\/dpworld.jpg\",\"contentUrl\":\"https:\/\/challengeseconomiques.com\/wp-content\/uploads\/2024\/09\/dpworld.jpg\",\"width\":1536,\"height\":887},{\"@type\":\"BreadcrumbList\",\"@id\":\"https:\/\/challengeseconomiques.com\/?p=7026#breadcrumb\",\"itemListElement\":[{\"@type\":\"ListItem\",\"position\":1,\"name\":\"Home\",\"item\":\"https:\/\/challengeseconomiques.com\/\"},{\"@type\":\"ListItem\",\"position\":2,\"name\":\"La construction du port de Ndayane va bient\u00f4t d\u00e9marrer, selon DP World\"}]},{\"@type\":\"WebSite\",\"@id\":\"https:\/\/challengeseconomiques.com\/#website\",\"url\":\"https:\/\/challengeseconomiques.com\/\",\"name\":\"challenges economiques\",\"description\":\"\",\"potentialAction\":[{\"@type\":\"SearchAction\",\"target\":{\"@type\":\"EntryPoint\",\"urlTemplate\":\"https:\/\/challengeseconomiques.com\/?s={search_term_string}\"},\"query-input\":{\"@type\":\"PropertyValueSpecification\",\"valueRequired\":true,\"valueName\":\"search_term_string\"}}],\"inLanguage\":\"fr-FR\"},{\"@type\":\"Person\",\"@id\":\"https:\/\/challengeseconomiques.com\/#\/schema\/person\/b4568c9afebc5a9238a771873801e349\",\"name\":\"admin\",\"image\":{\"@type\":\"ImageObject\",\"inLanguage\":\"fr-FR\",\"@id\":\"https:\/\/challengeseconomiques.com\/#\/schema\/person\/image\/\",\"url\":\"https:\/\/secure.gravatar.com\/avatar\/099e42240b5eea11acdb72751fcce0dd918603f0749d24974b7984ea47ed9fd9?s=96&d=mm&r=g\",\"contentUrl\":\"https:\/\/secure.gravatar.com\/avatar\/099e42240b5eea11acdb72751fcce0dd918603f0749d24974b7984ea47ed9fd9?s=96&d=mm&r=g\",\"caption\":\"admin\"},\"sameAs\":[\"https:\/\/challengeseconomiques.com\"],\"url\":\"https:\/\/challengeseconomiques.com\/?author=1\"}]}<\/script>\n<!-- \/ Yoast SEO plugin. -->","yoast_head_json":{"title":"La construction du port de Ndayane va bient\u00f4t d\u00e9marrer, selon DP World - challenges economiques","robots":{"index":"index","follow":"follow","max-snippet":"max-snippet:-1","max-image-preview":"max-image-preview:large","max-video-preview":"max-video-preview:-1"},"canonical":"https:\/\/challengeseconomiques.com\/?p=7026","og_locale":"fr_FR","og_type":"article","og_title":"La construction du port de Ndayane va bient\u00f4t d\u00e9marrer, selon DP World - challenges economiques","og_description":"Le pr\u00e9sident-directeur g\u00e9n\u00e9ral du groupe DP World,Sultan Ahmed Bin Sulayem, avec le Premier ministre du S\u00e9n\u00e9gal,Ousmane Sonko Sultan Ahmed Bin Sulayem, le pr\u00e9sident-directeur g\u00e9n\u00e9ral du...","og_url":"https:\/\/challengeseconomiques.com\/?p=7026","og_site_name":"challenges economiques","article_published_time":"2024-09-15T13:08:24+00:00","article_modified_time":"2024-09-17T16:33:24+00:00","og_image":[{"width":1536,"height":887,"url":"https:\/\/challengeseconomiques.com\/wp-content\/uploads\/2024\/09\/dpworld.jpg","type":"image\/jpeg"}],"author":"admin","twitter_card":"summary_large_image","twitter_misc":{"\u00c9crit par":"admin","Dur\u00e9e de lecture estim\u00e9e":"2 minutes"},"schema":{"@context":"https:\/\/schema.org","@graph":[{"@type":"Article","@id":"https:\/\/challengeseconomiques.com\/?p=7026#article","isPartOf":{"@id":"https:\/\/challengeseconomiques.com\/?p=7026"},"author":{"name":"admin","@id":"https:\/\/challengeseconomiques.com\/#\/schema\/person\/b4568c9afebc5a9238a771873801e349"},"headline":"La construction du port de Ndayane va bient\u00f4t d\u00e9marrer, selon DP World","datePublished":"2024-09-15T13:08:24+00:00","dateModified":"2024-09-17T16:33:24+00:00","mainEntityOfPage":{"@id":"https:\/\/challengeseconomiques.com\/?p=7026"},"wordCount":506,"image":{"@id":"https:\/\/challengeseconomiques.com\/?p=7026#primaryimage"},"thumbnailUrl":"https:\/\/challengeseconomiques.com\/wp-content\/uploads\/2024\/09\/dpworld.jpg","articleSection":["A la une","Actualit\u00e9 \u00e9conomique"],"inLanguage":"fr-FR"},{"@type":"WebPage","@id":"https:\/\/challengeseconomiques.com\/?p=7026","url":"https:\/\/challengeseconomiques.com\/?p=7026","name":"La construction du port de Ndayane va bient\u00f4t d\u00e9marrer, selon DP World - challenges economiques","isPartOf":{"@id":"https:\/\/challengeseconomiques.com\/#website"},"primaryImageOfPage":{"@id":"https:\/\/challengeseconomiques.com\/?p=7026#primaryimage"},"image":{"@id":"https:\/\/challengeseconomiques.com\/?p=7026#primaryimage"},"thumbnailUrl":"https:\/\/challengeseconomiques.com\/wp-content\/uploads\/2024\/09\/dpworld.jpg","datePublished":"2024-09-15T13:08:24+00:00","dateModified":"2024-09-17T16:33:24+00:00","author":{"@id":"https:\/\/challengeseconomiques.com\/#\/schema\/person\/b4568c9afebc5a9238a771873801e349"},"breadcrumb":{"@id":"https:\/\/challengeseconomiques.com\/?p=7026#breadcrumb"},"inLanguage":"fr-FR","potentialAction":[{"@type":"ReadAction","target":["https:\/\/challengeseconomiques.com\/?p=7026"]}]},{"@type":"ImageObject","inLanguage":"fr-FR","@id":"https:\/\/challengeseconomiques.com\/?p=7026#primaryimage","url":"https:\/\/challengeseconomiques.com\/wp-content\/uploads\/2024\/09\/dpworld.jpg","contentUrl":"https:\/\/challengeseconomiques.com\/wp-content\/uploads\/2024\/09\/dpworld.jpg","width":1536,"height":887},{"@type":"BreadcrumbList","@id":"https:\/\/challengeseconomiques.com\/?p=7026#breadcrumb","itemListElement":[{"@type":"ListItem","position":1,"name":"Home","item":"https:\/\/challengeseconomiques.com\/"},{"@type":"ListItem","position":2,"name":"La construction du port de Ndayane va bient\u00f4t d\u00e9marrer, selon DP World"}]},{"@type":"WebSite","@id":"https:\/\/challengeseconomiques.com\/#website","url":"https:\/\/challengeseconomiques.com\/","name":"challenges economiques","description":"","potentialAction":[{"@type":"SearchAction","target":{"@type":"EntryPoint","urlTemplate":"https:\/\/challengeseconomiques.com\/?s={search_term_string}"},"query-input":{"@type":"PropertyValueSpecification","valueRequired":true,"valueName":"search_term_string"}}],"inLanguage":"fr-FR"},{"@type":"Person","@id":"https:\/\/challengeseconomiques.com\/#\/schema\/person\/b4568c9afebc5a9238a771873801e349","name":"admin","image":{"@type":"ImageObject","inLanguage":"fr-FR","@id":"https:\/\/challengeseconomiques.com\/#\/schema\/person\/image\/","url":"https:\/\/secure.gravatar.com\/avatar\/099e42240b5eea11acdb72751fcce0dd918603f0749d24974b7984ea47ed9fd9?s=96&d=mm&r=g","contentUrl":"https:\/\/secure.gravatar.com\/avatar\/099e42240b5eea11acdb72751fcce0dd918603f0749d24974b7984ea47ed9fd9?s=96&d=mm&r=g","caption":"admin"},"sameAs":["https:\/\/challengeseconomiques.com"],"url":"https:\/\/challengeseconomiques.com\/?author=1"}]}},"jetpack_featured_media_url":"https:\/\/challengeseconomiques.com\/wp-content\/uploads\/2024\/09\/dpworld.jpg","jetpack_sharing_enabled":true,"_links":{"self":[{"href":"https:\/\/challengeseconomiques.com\/index.php?rest_route=\/wp\/v2\/posts\/7026","targetHints":{"allow":["GET"]}}],"collection":[{"href":"https:\/\/challengeseconomiques.com\/index.php?rest_route=\/wp\/v2\/posts"}],"about":[{"href":"https:\/\/challengeseconomiques.com\/index.php?rest_route=\/wp\/v2\/types\/post"}],"author":[{"embeddable":true,"href":"https:\/\/challengeseconomiques.com\/index.php?rest_route=\/wp\/v2\/users\/1"}],"replies":[{"embeddable":true,"href":"https:\/\/challengeseconomiques.com\/index.php?rest_route=%2Fwp%2Fv2%2Fcomments&post=7026"}],"version-history":[{"count":2,"href":"https:\/\/challengeseconomiques.com\/index.php?rest_route=\/wp\/v2\/posts\/7026\/revisions"}],"predecessor-version":[{"id":7030,"href":"https:\/\/challengeseconomiques.com\/index.php?rest_route=\/wp\/v2\/posts\/7026\/revisions\/7030"}],"wp:featuredmedia":[{"embeddable":true,"href":"https:\/\/challengeseconomiques.com\/index.php?rest_route=\/wp\/v2\/media\/7027"}],"wp:attachment":[{"href":"https:\/\/challengeseconomiques.com\/index.php?rest_route=%2Fwp%2Fv2%2Fmedia&parent=7026"}],"wp:term":[{"taxonomy":"category","embeddable":true,"href":"https:\/\/challengeseconomiques.com\/index.php?rest_route=%2Fwp%2Fv2%2Fcategories&post=7026"},{"taxonomy":"post_tag","embeddable":true,"href":"https:\/\/challengeseconomiques.com\/index.php?rest_route=%2Fwp%2Fv2%2Ftags&post=7026"}],"curies":[{"name":"wp","href":"https:\/\/api.w.org\/{rel}","templated":true}]}}