{"id":7017,"date":"2024-09-13T21:07:23","date_gmt":"2024-09-13T21:07:23","guid":{"rendered":"https:\/\/challengeseconomiques.com\/?p=7017"},"modified":"2024-09-13T21:08:03","modified_gmt":"2024-09-13T21:08:03","slug":"leconomie-senegalaise-enregistre-une-croissance-plus-lente-que-prevue-selon-le-fmi","status":"publish","type":"post","link":"https:\/\/challengeseconomiques.com\/?p=7017","title":{"rendered":"L&rsquo;\u00e9conomie s\u00e9n\u00e9galaise enregistre une croissance plus lente que pr\u00e9vue, selon le FMI"},"content":{"rendered":"<p><strong>Edward Gemayel,\u00a0 chef de la d\u00e9l\u00e9gation du FMI<\/strong>.<\/p>\n<p>L&rsquo;activit\u00e9 \u00e9conomique a ralenti au cours du premier semestre 2024 et les perspectives demeurent difficiles pour le reste de l&rsquo;ann\u00e9e. La position budg\u00e9taire devrait se d\u00e9t\u00e9riorer en raison d\u2019une baisse des recettes et de l&rsquo;augmentation des d\u00e9penses en subventions \u00e9nerg\u00e9tiques et en paiements d&rsquo;int\u00e9r\u00eats, annonce un communiqu\u00e9 du FMI.<\/p>\n<p>L&rsquo;institution financi\u00e8re sugg\u00e8re des mesures fortes, notamment la rationalisation des exon\u00e9rations fiscales et la suppression progressive des subventions \u00e9nerg\u00e9tiques non-cibl\u00e9es et co\u00fbteuses, lesquelles sont n\u00e9cessaires, pour assurer un retour rapide \u00e0 la cible de d\u00e9ficit de l\u2019UEMOA et placer la dette publique sur une trajectoire r\u00e9solument d\u00e9croissante.<\/p>\n<p>Le communiqu\u00e9 de l&rsquo;institution de Bretton Woods pr\u00e9cise toutefois que les autorit\u00e9s ont r\u00e9affirm\u00e9 leur engagement en faveur des r\u00e9formes qui sous-tendent le programme appuy\u00e9 par le FMI et se tiennent pr\u00eates \u00e0 prendre des mesures vigoureuses, pour remettre les finances publiques sur une nouvelle\u00a0 trajectoire de r\u00e9duction du d\u00e9ficit et de l\u2019endettement public.<\/p>\n<p>Il faut noter qu&rsquo;une \u00e9quipe du fonds mon\u00e9taire international (FMI), dirig\u00e9e par Edward Gemayel, a effectu\u00e9 une mission au S\u00e9n\u00e9gal du 5 au 12 septembre 2024.<\/p>\n<p>L&rsquo;objectif de cette visite \u00e9tait de poursuivre les discussions entam\u00e9es en juin concernant le programme \u00e9conomique des autorit\u00e9s soutenu par les accords de la facilit\u00e9 \u00e9largie de cr\u00e9dit (FEC) et du M\u00e9canisme \u00e9largi de cr\u00e9dit (MEDC) du FMI, pour un montant de 1132,6 millions de DTS (environ 1,5 milliard de dollars am\u00e9ricains).<\/p>\n<p>\u00ab\u00a0La croissance du PIB r\u00e9el s&rsquo;est \u00e9tablie \u00e0 2,3 % au premier trimestre, et les indicateurs de conjoncture sugg\u00e8rent un ralentissement similaire au deuxi\u00e8me trimestre. Ce ralentissement refl\u00e8te une activit\u00e9 plus faible dans les secteurs minier, de la construction et agro-industriel et dans une moindre mesure, dans le secteur primaire\u00a0\u00bb, a d\u00e9clar\u00e9 Edward Gemayel, le chef de la d\u00e9l\u00e9gation du FMI.<\/p>\n<p>Il a affirm\u00e9 que l&rsquo;inflation globale a ralenti pour atteindre une moyenne de 2,2 % en glissement annuel au premier semestre de l&rsquo;ann\u00e9e, sous l&rsquo;effet de la baisse des prix internationaux des mati\u00e8res premi\u00e8res et d&rsquo;une demande int\u00e9rieure mod\u00e9r\u00e9e.<\/p>\n<p>Il a aussi soulign\u00e9 que l&rsquo;ex\u00e9cution budg\u00e9taire \u00e0 fin ao\u00fbt a r\u00e9v\u00e9l\u00e9 un manque \u00e0 gagner significatif en termes de recettes, tandis que les d\u00e9penses sont rest\u00e9es globalement conformes aux pr\u00e9visions.<\/p>\n<p>Et il a ajout\u00e9 que cette situation a comme cons\u00e9quence un d\u00e9ficit budg\u00e9taire, qui s&rsquo;est creus\u00e9 et en raison de la faiblesse des marges de liquidit\u00e9, les autorit\u00e9s ont eu recours \u00e0 des emprunts commerciaux externes co\u00fbteux \u00e0 court terme.<\/p>\n<p>\u00ab\u00a0Les perspectives macro\u00e9conomiques pour le reste de l&rsquo;ann\u00e9e 2024 restent difficiles. La croissance du PIB r\u00e9el est d\u00e9sormais projet\u00e9e \u00e0 6,0 %, une r\u00e9vision \u00e0 la baisse par rapport \u00e0 la pr\u00e9vision de 7,1 % de juin 2024\u00a0\u00bb, a relev\u00e9 M. Gemayel.<\/p>\n<p>Il soutient par ailleurs que la croissance du secteur non-hydrocarbures devrait ralentir \u00e0 3,3 %, contre une projection ant\u00e9rieure de 4,8 %.<\/p>\n<p>\u00ab\u00a0L&rsquo;inflation globale devrait atteindre en moyenne 1,5 % en glissement annuel. Le d\u00e9ficit du compte courant devrait se r\u00e9duire \u00e0 12,7 % du PIB, en raison du d\u00e9marrage de la production d&rsquo;hydrocarbures dans un contexte de performance mod\u00e9r\u00e9e des exportations non-hydrocarbures\u00a0\u00bb, a-t-il projet\u00e9.<\/p>\n<p><strong>Idrissa GUEYE<\/strong><\/p>\n","protected":false},"excerpt":{"rendered":"<p>Edward Gemayel,\u00a0 chef de la d\u00e9l\u00e9gation du FMI. L&rsquo;activit\u00e9 \u00e9conomique a ralenti au cours du premier semestre 2024 et les perspectives demeurent difficiles pour le&#8230;<\/p>\n","protected":false},"author":3,"featured_media":6584,"comment_status":"closed","ping_status":"open","sticky":false,"template":"","format":"standard","meta":{"_jetpack_memberships_contains_paid_content":false,"footnotes":""},"categories":[23,10],"tags":[],"class_list":["post-7017","post","type-post","status-publish","format-standard","has-post-thumbnail","hentry","category-a-la-une","category-infos-eco","wpcat-23-id","wpcat-10-id"],"yoast_head":"<!-- This site is optimized with the Yoast SEO plugin v27.1.1 - https:\/\/yoast.com\/product\/yoast-seo-wordpress\/ -->\n<title>L&#039;\u00e9conomie s\u00e9n\u00e9galaise enregistre une croissance plus lente que pr\u00e9vue, selon le FMI - challenges economiques<\/title>\n<meta name=\"robots\" content=\"index, follow, max-snippet:-1, max-image-preview:large, max-video-preview:-1\" \/>\n<link rel=\"canonical\" href=\"https:\/\/challengeseconomiques.com\/?p=7017\" \/>\n<meta property=\"og:locale\" content=\"fr_FR\" \/>\n<meta property=\"og:type\" content=\"article\" \/>\n<meta property=\"og:title\" content=\"L&#039;\u00e9conomie s\u00e9n\u00e9galaise enregistre une croissance plus lente que pr\u00e9vue, selon le FMI - challenges economiques\" \/>\n<meta property=\"og:description\" content=\"Edward Gemayel,\u00a0 chef de la d\u00e9l\u00e9gation du FMI. L&rsquo;activit\u00e9 \u00e9conomique a ralenti au cours du premier semestre 2024 et les perspectives demeurent difficiles pour le...\" \/>\n<meta property=\"og:url\" content=\"https:\/\/challengeseconomiques.com\/?p=7017\" \/>\n<meta property=\"og:site_name\" content=\"challenges economiques\" \/>\n<meta property=\"article:published_time\" content=\"2024-09-13T21:07:23+00:00\" \/>\n<meta property=\"article:modified_time\" content=\"2024-09-13T21:08:03+00:00\" \/>\n<meta property=\"og:image\" content=\"https:\/\/challengeseconomiques.com\/wp-content\/uploads\/2024\/06\/Edward-Gemayelfmi.jpeg\" \/>\n\t<meta property=\"og:image:width\" content=\"1280\" \/>\n\t<meta property=\"og:image:height\" content=\"853\" \/>\n\t<meta property=\"og:image:type\" content=\"image\/jpeg\" \/>\n<meta name=\"author\" content=\"aliou kane ndiaye\" \/>\n<meta name=\"twitter:card\" content=\"summary_large_image\" \/>\n<meta name=\"twitter:label1\" content=\"\u00c9crit par\" \/>\n\t<meta name=\"twitter:data1\" content=\"aliou kane ndiaye\" \/>\n\t<meta name=\"twitter:label2\" content=\"Dur\u00e9e de lecture estim\u00e9e\" \/>\n\t<meta name=\"twitter:data2\" content=\"3 minutes\" \/>\n<script type=\"application\/ld+json\" class=\"yoast-schema-graph\">{\"@context\":\"https:\/\/schema.org\",\"@graph\":[{\"@type\":\"Article\",\"@id\":\"https:\/\/challengeseconomiques.com\/?p=7017#article\",\"isPartOf\":{\"@id\":\"https:\/\/challengeseconomiques.com\/?p=7017\"},\"author\":{\"name\":\"aliou kane ndiaye\",\"@id\":\"https:\/\/challengeseconomiques.com\/#\/schema\/person\/2f70a31e102db1741c1a1c00c2bbd8a6\"},\"headline\":\"L&rsquo;\u00e9conomie s\u00e9n\u00e9galaise enregistre une croissance plus lente que pr\u00e9vue, selon le FMI\",\"datePublished\":\"2024-09-13T21:07:23+00:00\",\"dateModified\":\"2024-09-13T21:08:03+00:00\",\"mainEntityOfPage\":{\"@id\":\"https:\/\/challengeseconomiques.com\/?p=7017\"},\"wordCount\":593,\"image\":{\"@id\":\"https:\/\/challengeseconomiques.com\/?p=7017#primaryimage\"},\"thumbnailUrl\":\"https:\/\/challengeseconomiques.com\/wp-content\/uploads\/2024\/06\/Edward-Gemayelfmi.jpeg\",\"articleSection\":[\"A la une\",\"Infos \u00e9co\"],\"inLanguage\":\"fr-FR\"},{\"@type\":\"WebPage\",\"@id\":\"https:\/\/challengeseconomiques.com\/?p=7017\",\"url\":\"https:\/\/challengeseconomiques.com\/?p=7017\",\"name\":\"L'\u00e9conomie s\u00e9n\u00e9galaise enregistre une croissance plus lente que pr\u00e9vue, selon le FMI - challenges economiques\",\"isPartOf\":{\"@id\":\"https:\/\/challengeseconomiques.com\/#website\"},\"primaryImageOfPage\":{\"@id\":\"https:\/\/challengeseconomiques.com\/?p=7017#primaryimage\"},\"image\":{\"@id\":\"https:\/\/challengeseconomiques.com\/?p=7017#primaryimage\"},\"thumbnailUrl\":\"https:\/\/challengeseconomiques.com\/wp-content\/uploads\/2024\/06\/Edward-Gemayelfmi.jpeg\",\"datePublished\":\"2024-09-13T21:07:23+00:00\",\"dateModified\":\"2024-09-13T21:08:03+00:00\",\"author\":{\"@id\":\"https:\/\/challengeseconomiques.com\/#\/schema\/person\/2f70a31e102db1741c1a1c00c2bbd8a6\"},\"breadcrumb\":{\"@id\":\"https:\/\/challengeseconomiques.com\/?p=7017#breadcrumb\"},\"inLanguage\":\"fr-FR\",\"potentialAction\":[{\"@type\":\"ReadAction\",\"target\":[\"https:\/\/challengeseconomiques.com\/?p=7017\"]}]},{\"@type\":\"ImageObject\",\"inLanguage\":\"fr-FR\",\"@id\":\"https:\/\/challengeseconomiques.com\/?p=7017#primaryimage\",\"url\":\"https:\/\/challengeseconomiques.com\/wp-content\/uploads\/2024\/06\/Edward-Gemayelfmi.jpeg\",\"contentUrl\":\"https:\/\/challengeseconomiques.com\/wp-content\/uploads\/2024\/06\/Edward-Gemayelfmi.jpeg\",\"width\":1280,\"height\":853},{\"@type\":\"BreadcrumbList\",\"@id\":\"https:\/\/challengeseconomiques.com\/?p=7017#breadcrumb\",\"itemListElement\":[{\"@type\":\"ListItem\",\"position\":1,\"name\":\"Home\",\"item\":\"https:\/\/challengeseconomiques.com\/\"},{\"@type\":\"ListItem\",\"position\":2,\"name\":\"L&#8217;\u00e9conomie s\u00e9n\u00e9galaise enregistre une croissance plus lente que pr\u00e9vue, selon le FMI\"}]},{\"@type\":\"WebSite\",\"@id\":\"https:\/\/challengeseconomiques.com\/#website\",\"url\":\"https:\/\/challengeseconomiques.com\/\",\"name\":\"challenges economiques\",\"description\":\"\",\"potentialAction\":[{\"@type\":\"SearchAction\",\"target\":{\"@type\":\"EntryPoint\",\"urlTemplate\":\"https:\/\/challengeseconomiques.com\/?s={search_term_string}\"},\"query-input\":{\"@type\":\"PropertyValueSpecification\",\"valueRequired\":true,\"valueName\":\"search_term_string\"}}],\"inLanguage\":\"fr-FR\"},{\"@type\":\"Person\",\"@id\":\"https:\/\/challengeseconomiques.com\/#\/schema\/person\/2f70a31e102db1741c1a1c00c2bbd8a6\",\"name\":\"aliou kane ndiaye\",\"image\":{\"@type\":\"ImageObject\",\"inLanguage\":\"fr-FR\",\"@id\":\"https:\/\/challengeseconomiques.com\/#\/schema\/person\/image\/\",\"url\":\"https:\/\/secure.gravatar.com\/avatar\/df942321e58711a9f1fee838e446766660477bacd4b42fa20400d2c7cf4da7ca?s=96&d=mm&r=g\",\"contentUrl\":\"https:\/\/secure.gravatar.com\/avatar\/df942321e58711a9f1fee838e446766660477bacd4b42fa20400d2c7cf4da7ca?s=96&d=mm&r=g\",\"caption\":\"aliou kane ndiaye\"},\"sameAs\":[\"http:\/\/www.challengeseconomiques.com\"],\"url\":\"https:\/\/challengeseconomiques.com\/?author=3\"}]}<\/script>\n<!-- \/ Yoast SEO plugin. -->","yoast_head_json":{"title":"L'\u00e9conomie s\u00e9n\u00e9galaise enregistre une croissance plus lente que pr\u00e9vue, selon le FMI - challenges economiques","robots":{"index":"index","follow":"follow","max-snippet":"max-snippet:-1","max-image-preview":"max-image-preview:large","max-video-preview":"max-video-preview:-1"},"canonical":"https:\/\/challengeseconomiques.com\/?p=7017","og_locale":"fr_FR","og_type":"article","og_title":"L'\u00e9conomie s\u00e9n\u00e9galaise enregistre une croissance plus lente que pr\u00e9vue, selon le FMI - challenges economiques","og_description":"Edward Gemayel,\u00a0 chef de la d\u00e9l\u00e9gation du FMI. L&rsquo;activit\u00e9 \u00e9conomique a ralenti au cours du premier semestre 2024 et les perspectives demeurent difficiles pour le...","og_url":"https:\/\/challengeseconomiques.com\/?p=7017","og_site_name":"challenges economiques","article_published_time":"2024-09-13T21:07:23+00:00","article_modified_time":"2024-09-13T21:08:03+00:00","og_image":[{"width":1280,"height":853,"url":"https:\/\/challengeseconomiques.com\/wp-content\/uploads\/2024\/06\/Edward-Gemayelfmi.jpeg","type":"image\/jpeg"}],"author":"aliou kane ndiaye","twitter_card":"summary_large_image","twitter_misc":{"\u00c9crit par":"aliou kane ndiaye","Dur\u00e9e de lecture estim\u00e9e":"3 minutes"},"schema":{"@context":"https:\/\/schema.org","@graph":[{"@type":"Article","@id":"https:\/\/challengeseconomiques.com\/?p=7017#article","isPartOf":{"@id":"https:\/\/challengeseconomiques.com\/?p=7017"},"author":{"name":"aliou kane ndiaye","@id":"https:\/\/challengeseconomiques.com\/#\/schema\/person\/2f70a31e102db1741c1a1c00c2bbd8a6"},"headline":"L&rsquo;\u00e9conomie s\u00e9n\u00e9galaise enregistre une croissance plus lente que pr\u00e9vue, selon le FMI","datePublished":"2024-09-13T21:07:23+00:00","dateModified":"2024-09-13T21:08:03+00:00","mainEntityOfPage":{"@id":"https:\/\/challengeseconomiques.com\/?p=7017"},"wordCount":593,"image":{"@id":"https:\/\/challengeseconomiques.com\/?p=7017#primaryimage"},"thumbnailUrl":"https:\/\/challengeseconomiques.com\/wp-content\/uploads\/2024\/06\/Edward-Gemayelfmi.jpeg","articleSection":["A la une","Infos \u00e9co"],"inLanguage":"fr-FR"},{"@type":"WebPage","@id":"https:\/\/challengeseconomiques.com\/?p=7017","url":"https:\/\/challengeseconomiques.com\/?p=7017","name":"L'\u00e9conomie s\u00e9n\u00e9galaise enregistre une croissance plus lente que pr\u00e9vue, selon le FMI - challenges economiques","isPartOf":{"@id":"https:\/\/challengeseconomiques.com\/#website"},"primaryImageOfPage":{"@id":"https:\/\/challengeseconomiques.com\/?p=7017#primaryimage"},"image":{"@id":"https:\/\/challengeseconomiques.com\/?p=7017#primaryimage"},"thumbnailUrl":"https:\/\/challengeseconomiques.com\/wp-content\/uploads\/2024\/06\/Edward-Gemayelfmi.jpeg","datePublished":"2024-09-13T21:07:23+00:00","dateModified":"2024-09-13T21:08:03+00:00","author":{"@id":"https:\/\/challengeseconomiques.com\/#\/schema\/person\/2f70a31e102db1741c1a1c00c2bbd8a6"},"breadcrumb":{"@id":"https:\/\/challengeseconomiques.com\/?p=7017#breadcrumb"},"inLanguage":"fr-FR","potentialAction":[{"@type":"ReadAction","target":["https:\/\/challengeseconomiques.com\/?p=7017"]}]},{"@type":"ImageObject","inLanguage":"fr-FR","@id":"https:\/\/challengeseconomiques.com\/?p=7017#primaryimage","url":"https:\/\/challengeseconomiques.com\/wp-content\/uploads\/2024\/06\/Edward-Gemayelfmi.jpeg","contentUrl":"https:\/\/challengeseconomiques.com\/wp-content\/uploads\/2024\/06\/Edward-Gemayelfmi.jpeg","width":1280,"height":853},{"@type":"BreadcrumbList","@id":"https:\/\/challengeseconomiques.com\/?p=7017#breadcrumb","itemListElement":[{"@type":"ListItem","position":1,"name":"Home","item":"https:\/\/challengeseconomiques.com\/"},{"@type":"ListItem","position":2,"name":"L&#8217;\u00e9conomie s\u00e9n\u00e9galaise enregistre une croissance plus lente que pr\u00e9vue, selon le FMI"}]},{"@type":"WebSite","@id":"https:\/\/challengeseconomiques.com\/#website","url":"https:\/\/challengeseconomiques.com\/","name":"challenges economiques","description":"","potentialAction":[{"@type":"SearchAction","target":{"@type":"EntryPoint","urlTemplate":"https:\/\/challengeseconomiques.com\/?s={search_term_string}"},"query-input":{"@type":"PropertyValueSpecification","valueRequired":true,"valueName":"search_term_string"}}],"inLanguage":"fr-FR"},{"@type":"Person","@id":"https:\/\/challengeseconomiques.com\/#\/schema\/person\/2f70a31e102db1741c1a1c00c2bbd8a6","name":"aliou kane ndiaye","image":{"@type":"ImageObject","inLanguage":"fr-FR","@id":"https:\/\/challengeseconomiques.com\/#\/schema\/person\/image\/","url":"https:\/\/secure.gravatar.com\/avatar\/df942321e58711a9f1fee838e446766660477bacd4b42fa20400d2c7cf4da7ca?s=96&d=mm&r=g","contentUrl":"https:\/\/secure.gravatar.com\/avatar\/df942321e58711a9f1fee838e446766660477bacd4b42fa20400d2c7cf4da7ca?s=96&d=mm&r=g","caption":"aliou kane ndiaye"},"sameAs":["http:\/\/www.challengeseconomiques.com"],"url":"https:\/\/challengeseconomiques.com\/?author=3"}]}},"jetpack_featured_media_url":"https:\/\/challengeseconomiques.com\/wp-content\/uploads\/2024\/06\/Edward-Gemayelfmi.jpeg","jetpack_sharing_enabled":true,"_links":{"self":[{"href":"https:\/\/challengeseconomiques.com\/index.php?rest_route=\/wp\/v2\/posts\/7017","targetHints":{"allow":["GET"]}}],"collection":[{"href":"https:\/\/challengeseconomiques.com\/index.php?rest_route=\/wp\/v2\/posts"}],"about":[{"href":"https:\/\/challengeseconomiques.com\/index.php?rest_route=\/wp\/v2\/types\/post"}],"author":[{"embeddable":true,"href":"https:\/\/challengeseconomiques.com\/index.php?rest_route=\/wp\/v2\/users\/3"}],"replies":[{"embeddable":true,"href":"https:\/\/challengeseconomiques.com\/index.php?rest_route=%2Fwp%2Fv2%2Fcomments&post=7017"}],"version-history":[{"count":2,"href":"https:\/\/challengeseconomiques.com\/index.php?rest_route=\/wp\/v2\/posts\/7017\/revisions"}],"predecessor-version":[{"id":7019,"href":"https:\/\/challengeseconomiques.com\/index.php?rest_route=\/wp\/v2\/posts\/7017\/revisions\/7019"}],"wp:featuredmedia":[{"embeddable":true,"href":"https:\/\/challengeseconomiques.com\/index.php?rest_route=\/wp\/v2\/media\/6584"}],"wp:attachment":[{"href":"https:\/\/challengeseconomiques.com\/index.php?rest_route=%2Fwp%2Fv2%2Fmedia&parent=7017"}],"wp:term":[{"taxonomy":"category","embeddable":true,"href":"https:\/\/challengeseconomiques.com\/index.php?rest_route=%2Fwp%2Fv2%2Fcategories&post=7017"},{"taxonomy":"post_tag","embeddable":true,"href":"https:\/\/challengeseconomiques.com\/index.php?rest_route=%2Fwp%2Fv2%2Ftags&post=7017"}],"curies":[{"name":"wp","href":"https:\/\/api.w.org\/{rel}","templated":true}]}}