{"id":7011,"date":"2024-09-13T12:37:42","date_gmt":"2024-09-13T12:37:42","guid":{"rendered":"https:\/\/challengeseconomiques.com\/?p=7011"},"modified":"2024-09-15T12:18:56","modified_gmt":"2024-09-15T12:18:56","slug":"abdoulaye-diallo-confirme-a-la-tete-du-fsa","status":"publish","type":"post","link":"https:\/\/challengeseconomiques.com\/?p=7011","title":{"rendered":"Abdoulaye Diallo confirm\u00e9 \u00e0 la t\u00eate du FSA"},"content":{"rendered":"<p>Le S\u00e9n\u00e9galais Abdoulaye Diallo a \u00e9t\u00e9 confirm\u00e9 au poste de Directeur g\u00e9n\u00e9ral du Fonds de Solidarit\u00e9 Africain (FSA). Cette d\u00e9cision est l\u2019aboutissement d\u2019un processus d\u2019appel \u00e0 candidatures, de s\u00e9lection et d\u2019audition devant les administrateurs. M. Diallo assurait l\u2019int\u00e9rim depuis le d\u00e9c\u00e8s en juin 2023 de son pr\u00e9d\u00e9cesseur, Ahmadou Abdoulaye Diallo.<\/p>\n<p>Avant, le cadre s\u00e9n\u00e9galais occupait le poste de directeur central en charge des Finances. Il avait en charge la mobilisation des ressources et l\u2019\u00e9largissement de la base actionnariale du FSA. Notre compatriote a jou\u00e9 un r\u00f4le important dans la certification du Fonds \u00e0 la norme ISO 9001 version 2015. Le cadre a \u00e9galement men\u00e9 l\u2019Institution \u00e0 la notation financi\u00e8re internationale.<br \/>\nEn plus d\u2019un parcours acad\u00e9mique remarquable, Abdourahmane Diallo a une exp\u00e9rience dans les lev\u00e9es de fonds, l\u2019ing\u00e9nierie et l\u2019organisation.<\/p>\n","protected":false},"excerpt":{"rendered":"<p>Le S\u00e9n\u00e9galais Abdoulaye Diallo a \u00e9t\u00e9 confirm\u00e9 au poste de Directeur g\u00e9n\u00e9ral du Fonds de Solidarit\u00e9 Africain (FSA). Cette d\u00e9cision est l\u2019aboutissement d\u2019un processus d\u2019appel&#8230;<\/p>\n","protected":false},"author":3,"featured_media":7012,"comment_status":"closed","ping_status":"open","sticky":false,"template":"","format":"standard","meta":{"_jetpack_memberships_contains_paid_content":false,"footnotes":""},"categories":[8,10],"tags":[],"class_list":["post-7011","post","type-post","status-publish","format-standard","has-post-thumbnail","hentry","category-actualite-economique","category-infos-eco","wpcat-8-id","wpcat-10-id"],"yoast_head":"<!-- This site is optimized with the Yoast SEO plugin v27.1.1 - https:\/\/yoast.com\/product\/yoast-seo-wordpress\/ -->\n<title>Abdoulaye Diallo confirm\u00e9 \u00e0 la t\u00eate du FSA - challenges economiques<\/title>\n<meta name=\"robots\" content=\"index, follow, max-snippet:-1, max-image-preview:large, max-video-preview:-1\" \/>\n<link rel=\"canonical\" href=\"https:\/\/challengeseconomiques.com\/?p=7011\" \/>\n<meta property=\"og:locale\" content=\"fr_FR\" \/>\n<meta property=\"og:type\" content=\"article\" \/>\n<meta property=\"og:title\" content=\"Abdoulaye Diallo confirm\u00e9 \u00e0 la t\u00eate du FSA - challenges economiques\" \/>\n<meta property=\"og:description\" content=\"Le S\u00e9n\u00e9galais Abdoulaye Diallo a \u00e9t\u00e9 confirm\u00e9 au poste de Directeur g\u00e9n\u00e9ral du Fonds de Solidarit\u00e9 Africain (FSA). Cette d\u00e9cision est l\u2019aboutissement d\u2019un processus d\u2019appel...\" \/>\n<meta property=\"og:url\" content=\"https:\/\/challengeseconomiques.com\/?p=7011\" \/>\n<meta property=\"og:site_name\" content=\"challenges economiques\" \/>\n<meta property=\"article:published_time\" content=\"2024-09-13T12:37:42+00:00\" \/>\n<meta property=\"article:modified_time\" content=\"2024-09-15T12:18:56+00:00\" \/>\n<meta property=\"og:image\" content=\"https:\/\/challengeseconomiques.com\/wp-content\/uploads\/2024\/09\/diallo-780x440-1.jpeg\" \/>\n\t<meta property=\"og:image:width\" content=\"780\" \/>\n\t<meta property=\"og:image:height\" content=\"440\" \/>\n\t<meta property=\"og:image:type\" content=\"image\/jpeg\" \/>\n<meta name=\"author\" content=\"aliou kane ndiaye\" \/>\n<meta name=\"twitter:card\" content=\"summary_large_image\" \/>\n<meta name=\"twitter:label1\" content=\"\u00c9crit par\" \/>\n\t<meta name=\"twitter:data1\" content=\"aliou kane ndiaye\" \/>\n\t<meta name=\"twitter:label2\" content=\"Dur\u00e9e de lecture estim\u00e9e\" \/>\n\t<meta name=\"twitter:data2\" content=\"1 minute\" \/>\n<script type=\"application\/ld+json\" class=\"yoast-schema-graph\">{\"@context\":\"https:\/\/schema.org\",\"@graph\":[{\"@type\":\"Article\",\"@id\":\"https:\/\/challengeseconomiques.com\/?p=7011#article\",\"isPartOf\":{\"@id\":\"https:\/\/challengeseconomiques.com\/?p=7011\"},\"author\":{\"name\":\"aliou kane ndiaye\",\"@id\":\"https:\/\/challengeseconomiques.com\/#\/schema\/person\/2f70a31e102db1741c1a1c00c2bbd8a6\"},\"headline\":\"Abdoulaye Diallo confirm\u00e9 \u00e0 la t\u00eate du FSA\",\"datePublished\":\"2024-09-13T12:37:42+00:00\",\"dateModified\":\"2024-09-15T12:18:56+00:00\",\"mainEntityOfPage\":{\"@id\":\"https:\/\/challengeseconomiques.com\/?p=7011\"},\"wordCount\":160,\"image\":{\"@id\":\"https:\/\/challengeseconomiques.com\/?p=7011#primaryimage\"},\"thumbnailUrl\":\"https:\/\/challengeseconomiques.com\/wp-content\/uploads\/2024\/09\/diallo-780x440-1.jpeg\",\"articleSection\":[\"Actualit\u00e9 \u00e9conomique\",\"Infos \u00e9co\"],\"inLanguage\":\"fr-FR\"},{\"@type\":\"WebPage\",\"@id\":\"https:\/\/challengeseconomiques.com\/?p=7011\",\"url\":\"https:\/\/challengeseconomiques.com\/?p=7011\",\"name\":\"Abdoulaye Diallo confirm\u00e9 \u00e0 la t\u00eate du FSA - challenges economiques\",\"isPartOf\":{\"@id\":\"https:\/\/challengeseconomiques.com\/#website\"},\"primaryImageOfPage\":{\"@id\":\"https:\/\/challengeseconomiques.com\/?p=7011#primaryimage\"},\"image\":{\"@id\":\"https:\/\/challengeseconomiques.com\/?p=7011#primaryimage\"},\"thumbnailUrl\":\"https:\/\/challengeseconomiques.com\/wp-content\/uploads\/2024\/09\/diallo-780x440-1.jpeg\",\"datePublished\":\"2024-09-13T12:37:42+00:00\",\"dateModified\":\"2024-09-15T12:18:56+00:00\",\"author\":{\"@id\":\"https:\/\/challengeseconomiques.com\/#\/schema\/person\/2f70a31e102db1741c1a1c00c2bbd8a6\"},\"breadcrumb\":{\"@id\":\"https:\/\/challengeseconomiques.com\/?p=7011#breadcrumb\"},\"inLanguage\":\"fr-FR\",\"potentialAction\":[{\"@type\":\"ReadAction\",\"target\":[\"https:\/\/challengeseconomiques.com\/?p=7011\"]}]},{\"@type\":\"ImageObject\",\"inLanguage\":\"fr-FR\",\"@id\":\"https:\/\/challengeseconomiques.com\/?p=7011#primaryimage\",\"url\":\"https:\/\/challengeseconomiques.com\/wp-content\/uploads\/2024\/09\/diallo-780x440-1.jpeg\",\"contentUrl\":\"https:\/\/challengeseconomiques.com\/wp-content\/uploads\/2024\/09\/diallo-780x440-1.jpeg\",\"width\":780,\"height\":440},{\"@type\":\"BreadcrumbList\",\"@id\":\"https:\/\/challengeseconomiques.com\/?p=7011#breadcrumb\",\"itemListElement\":[{\"@type\":\"ListItem\",\"position\":1,\"name\":\"Home\",\"item\":\"https:\/\/challengeseconomiques.com\/\"},{\"@type\":\"ListItem\",\"position\":2,\"name\":\"Abdoulaye Diallo confirm\u00e9 \u00e0 la t\u00eate du FSA\"}]},{\"@type\":\"WebSite\",\"@id\":\"https:\/\/challengeseconomiques.com\/#website\",\"url\":\"https:\/\/challengeseconomiques.com\/\",\"name\":\"challenges economiques\",\"description\":\"\",\"potentialAction\":[{\"@type\":\"SearchAction\",\"target\":{\"@type\":\"EntryPoint\",\"urlTemplate\":\"https:\/\/challengeseconomiques.com\/?s={search_term_string}\"},\"query-input\":{\"@type\":\"PropertyValueSpecification\",\"valueRequired\":true,\"valueName\":\"search_term_string\"}}],\"inLanguage\":\"fr-FR\"},{\"@type\":\"Person\",\"@id\":\"https:\/\/challengeseconomiques.com\/#\/schema\/person\/2f70a31e102db1741c1a1c00c2bbd8a6\",\"name\":\"aliou kane ndiaye\",\"image\":{\"@type\":\"ImageObject\",\"inLanguage\":\"fr-FR\",\"@id\":\"https:\/\/challengeseconomiques.com\/#\/schema\/person\/image\/\",\"url\":\"https:\/\/secure.gravatar.com\/avatar\/df942321e58711a9f1fee838e446766660477bacd4b42fa20400d2c7cf4da7ca?s=96&d=mm&r=g\",\"contentUrl\":\"https:\/\/secure.gravatar.com\/avatar\/df942321e58711a9f1fee838e446766660477bacd4b42fa20400d2c7cf4da7ca?s=96&d=mm&r=g\",\"caption\":\"aliou kane ndiaye\"},\"sameAs\":[\"http:\/\/www.challengeseconomiques.com\"],\"url\":\"https:\/\/challengeseconomiques.com\/?author=3\"}]}<\/script>\n<!-- \/ Yoast SEO plugin. -->","yoast_head_json":{"title":"Abdoulaye Diallo confirm\u00e9 \u00e0 la t\u00eate du FSA - challenges economiques","robots":{"index":"index","follow":"follow","max-snippet":"max-snippet:-1","max-image-preview":"max-image-preview:large","max-video-preview":"max-video-preview:-1"},"canonical":"https:\/\/challengeseconomiques.com\/?p=7011","og_locale":"fr_FR","og_type":"article","og_title":"Abdoulaye Diallo confirm\u00e9 \u00e0 la t\u00eate du FSA - challenges economiques","og_description":"Le S\u00e9n\u00e9galais Abdoulaye Diallo a \u00e9t\u00e9 confirm\u00e9 au poste de Directeur g\u00e9n\u00e9ral du Fonds de Solidarit\u00e9 Africain (FSA). Cette d\u00e9cision est l\u2019aboutissement d\u2019un processus d\u2019appel...","og_url":"https:\/\/challengeseconomiques.com\/?p=7011","og_site_name":"challenges economiques","article_published_time":"2024-09-13T12:37:42+00:00","article_modified_time":"2024-09-15T12:18:56+00:00","og_image":[{"width":780,"height":440,"url":"https:\/\/challengeseconomiques.com\/wp-content\/uploads\/2024\/09\/diallo-780x440-1.jpeg","type":"image\/jpeg"}],"author":"aliou kane ndiaye","twitter_card":"summary_large_image","twitter_misc":{"\u00c9crit par":"aliou kane ndiaye","Dur\u00e9e de lecture estim\u00e9e":"1 minute"},"schema":{"@context":"https:\/\/schema.org","@graph":[{"@type":"Article","@id":"https:\/\/challengeseconomiques.com\/?p=7011#article","isPartOf":{"@id":"https:\/\/challengeseconomiques.com\/?p=7011"},"author":{"name":"aliou kane ndiaye","@id":"https:\/\/challengeseconomiques.com\/#\/schema\/person\/2f70a31e102db1741c1a1c00c2bbd8a6"},"headline":"Abdoulaye Diallo confirm\u00e9 \u00e0 la t\u00eate du FSA","datePublished":"2024-09-13T12:37:42+00:00","dateModified":"2024-09-15T12:18:56+00:00","mainEntityOfPage":{"@id":"https:\/\/challengeseconomiques.com\/?p=7011"},"wordCount":160,"image":{"@id":"https:\/\/challengeseconomiques.com\/?p=7011#primaryimage"},"thumbnailUrl":"https:\/\/challengeseconomiques.com\/wp-content\/uploads\/2024\/09\/diallo-780x440-1.jpeg","articleSection":["Actualit\u00e9 \u00e9conomique","Infos \u00e9co"],"inLanguage":"fr-FR"},{"@type":"WebPage","@id":"https:\/\/challengeseconomiques.com\/?p=7011","url":"https:\/\/challengeseconomiques.com\/?p=7011","name":"Abdoulaye Diallo confirm\u00e9 \u00e0 la t\u00eate du FSA - challenges economiques","isPartOf":{"@id":"https:\/\/challengeseconomiques.com\/#website"},"primaryImageOfPage":{"@id":"https:\/\/challengeseconomiques.com\/?p=7011#primaryimage"},"image":{"@id":"https:\/\/challengeseconomiques.com\/?p=7011#primaryimage"},"thumbnailUrl":"https:\/\/challengeseconomiques.com\/wp-content\/uploads\/2024\/09\/diallo-780x440-1.jpeg","datePublished":"2024-09-13T12:37:42+00:00","dateModified":"2024-09-15T12:18:56+00:00","author":{"@id":"https:\/\/challengeseconomiques.com\/#\/schema\/person\/2f70a31e102db1741c1a1c00c2bbd8a6"},"breadcrumb":{"@id":"https:\/\/challengeseconomiques.com\/?p=7011#breadcrumb"},"inLanguage":"fr-FR","potentialAction":[{"@type":"ReadAction","target":["https:\/\/challengeseconomiques.com\/?p=7011"]}]},{"@type":"ImageObject","inLanguage":"fr-FR","@id":"https:\/\/challengeseconomiques.com\/?p=7011#primaryimage","url":"https:\/\/challengeseconomiques.com\/wp-content\/uploads\/2024\/09\/diallo-780x440-1.jpeg","contentUrl":"https:\/\/challengeseconomiques.com\/wp-content\/uploads\/2024\/09\/diallo-780x440-1.jpeg","width":780,"height":440},{"@type":"BreadcrumbList","@id":"https:\/\/challengeseconomiques.com\/?p=7011#breadcrumb","itemListElement":[{"@type":"ListItem","position":1,"name":"Home","item":"https:\/\/challengeseconomiques.com\/"},{"@type":"ListItem","position":2,"name":"Abdoulaye Diallo confirm\u00e9 \u00e0 la t\u00eate du FSA"}]},{"@type":"WebSite","@id":"https:\/\/challengeseconomiques.com\/#website","url":"https:\/\/challengeseconomiques.com\/","name":"challenges economiques","description":"","potentialAction":[{"@type":"SearchAction","target":{"@type":"EntryPoint","urlTemplate":"https:\/\/challengeseconomiques.com\/?s={search_term_string}"},"query-input":{"@type":"PropertyValueSpecification","valueRequired":true,"valueName":"search_term_string"}}],"inLanguage":"fr-FR"},{"@type":"Person","@id":"https:\/\/challengeseconomiques.com\/#\/schema\/person\/2f70a31e102db1741c1a1c00c2bbd8a6","name":"aliou kane ndiaye","image":{"@type":"ImageObject","inLanguage":"fr-FR","@id":"https:\/\/challengeseconomiques.com\/#\/schema\/person\/image\/","url":"https:\/\/secure.gravatar.com\/avatar\/df942321e58711a9f1fee838e446766660477bacd4b42fa20400d2c7cf4da7ca?s=96&d=mm&r=g","contentUrl":"https:\/\/secure.gravatar.com\/avatar\/df942321e58711a9f1fee838e446766660477bacd4b42fa20400d2c7cf4da7ca?s=96&d=mm&r=g","caption":"aliou kane ndiaye"},"sameAs":["http:\/\/www.challengeseconomiques.com"],"url":"https:\/\/challengeseconomiques.com\/?author=3"}]}},"jetpack_featured_media_url":"https:\/\/challengeseconomiques.com\/wp-content\/uploads\/2024\/09\/diallo-780x440-1.jpeg","jetpack_sharing_enabled":true,"_links":{"self":[{"href":"https:\/\/challengeseconomiques.com\/index.php?rest_route=\/wp\/v2\/posts\/7011","targetHints":{"allow":["GET"]}}],"collection":[{"href":"https:\/\/challengeseconomiques.com\/index.php?rest_route=\/wp\/v2\/posts"}],"about":[{"href":"https:\/\/challengeseconomiques.com\/index.php?rest_route=\/wp\/v2\/types\/post"}],"author":[{"embeddable":true,"href":"https:\/\/challengeseconomiques.com\/index.php?rest_route=\/wp\/v2\/users\/3"}],"replies":[{"embeddable":true,"href":"https:\/\/challengeseconomiques.com\/index.php?rest_route=%2Fwp%2Fv2%2Fcomments&post=7011"}],"version-history":[{"count":1,"href":"https:\/\/challengeseconomiques.com\/index.php?rest_route=\/wp\/v2\/posts\/7011\/revisions"}],"predecessor-version":[{"id":7013,"href":"https:\/\/challengeseconomiques.com\/index.php?rest_route=\/wp\/v2\/posts\/7011\/revisions\/7013"}],"wp:featuredmedia":[{"embeddable":true,"href":"https:\/\/challengeseconomiques.com\/index.php?rest_route=\/wp\/v2\/media\/7012"}],"wp:attachment":[{"href":"https:\/\/challengeseconomiques.com\/index.php?rest_route=%2Fwp%2Fv2%2Fmedia&parent=7011"}],"wp:term":[{"taxonomy":"category","embeddable":true,"href":"https:\/\/challengeseconomiques.com\/index.php?rest_route=%2Fwp%2Fv2%2Fcategories&post=7011"},{"taxonomy":"post_tag","embeddable":true,"href":"https:\/\/challengeseconomiques.com\/index.php?rest_route=%2Fwp%2Fv2%2Ftags&post=7011"}],"curies":[{"name":"wp","href":"https:\/\/api.w.org\/{rel}","templated":true}]}}