{"id":7001,"date":"2024-09-12T19:32:58","date_gmt":"2024-09-12T19:32:58","guid":{"rendered":"https:\/\/challengeseconomiques.com\/?p=7001"},"modified":"2024-09-12T19:33:30","modified_gmt":"2024-09-12T19:33:30","slug":"eau-la-sfi-veut-apporter-son-expertise-et-ses-instruments-au-service-de-la-nouvelle-strategie-du-gouvernement","status":"publish","type":"post","link":"https:\/\/challengeseconomiques.com\/?p=7001","title":{"rendered":"Eau: la SFI veut apporter son expertise et ses instruments au service de la nouvelle strat\u00e9gie du gouvernement"},"content":{"rendered":"<p>Sergio Pimenta, le vice-pr\u00e9sident Afrique de la soci\u00e9t\u00e9 financi\u00e8re internationale (SFI) du groupe de la banque mondiale a indiqu\u00e9 jeudi 12 septembre 2024 que sa structure est dispos\u00e9e \u00e0 apporter son expertise et ses instruments, au service de la nouvelle strat\u00e9gie du gouvernement.<\/p>\n<p>Il a affirm\u00e9 que l&rsquo;objectif de la SFI \u00e0 travers cette d\u00e9marche est de favoriser la participation du secteur priv\u00e9, notamment dans le secteur de l&rsquo;eau.<\/p>\n<ol>\n<li>Pimenta a d&rsquo;ailleurs rappel\u00e9 que les discussions d\u00e9j\u00e0 en cours entre l\u2019office nationale de l&rsquo;assainissement (ONAS) et les services-conseils de la SFI pour un potentiel mandat ayant vocation \u00e0 structurer un projet de traitement des eaux us\u00e9es en partenariat public priv\u00e9 (PPP) pourrait b\u00e9n\u00e9ficier de financements et de la mobilisation de capitaux priv\u00e9s.<\/li>\n<\/ol>\n<p>\u00ab\u00a0Aujourd\u2019hui plus que jamais, le groupe de la banque mondiale est r\u00e9solument engag\u00e9 \u00e0 accompagner le nouveau gouvernement dans son projet. Je me r\u00e9jouis de poursuivre les \u00e9changes et d\u2019explorer de nouvelles opportunit\u00e9s de collaboration\u00a0\u00bb, a d\u00e9clar\u00e9 le vice-pr\u00e9sident de la SFI.<\/p>\n<p>Notons que Sergio Pimenta s&rsquo;exprimait \u00e0 l&rsquo;occasion d&rsquo;une rencontre consacr\u00e9e au lancement d\u2019une plateforme de financement pour la s\u00e9curit\u00e9 de l\u2019eau.<\/p>\n<p>Au cours de cette rencontre, il a soutenu que le S\u00e9n\u00e9gal fait figure d\u2019exemple dans la sous-r\u00e9gion en ce qui concerne l\u2019acc\u00e8s \u00e0 l\u2019eau. Cependant, il y a selon lui, des d\u00e9fis majeurs, qui subsistent tant au niveau de la raret\u00e9 de la ressource qu\u2019\u00e0 celui de l\u2019assainissement.<\/p>\n<p>\u00ab\u00a0Face \u00e0 ces d\u00e9fis, une \u00e9conomie circulaire de la s\u00e9curit\u00e9 hydrique apporterait des avantages significatifs en favorisant la r\u00e9utilisation des eaux us\u00e9es, pour recharger les aquif\u00e8res et l&rsquo;irrigation\u00a0\u00bb, a-t-il soulign\u00e9.<\/p>\n<p>Et \u00e0 son avis, il est \u00e9galement crucial de r\u00e9duire le gaspillage d&rsquo;eau, d&rsquo;am\u00e9liorer l&rsquo;efficacit\u00e9 de son utilisation, d&rsquo;attribuer l&rsquo;eau de mani\u00e8re optimale et de d\u00e9velopper des sources alternatives comme la d\u00e9salinisation et le traitement des eaux us\u00e9es.<\/p>\n<p>Notons qu&rsquo;Ousmane Diagana, le vice-pr\u00e9sident du groupe de la banque mondiale pour l\u2019Afrique de l\u2019ouest et du centre a aussi pris part \u00e0 cette rencontre. Et il a insist\u00e9 sur le fait que l\u2019Afrique conna\u00eetra l&rsquo;augmentation la plus rapide de la population, avec une augmentation nette pr\u00e9vue de 740 millions de personnes d&rsquo;ici 2050.<\/p>\n<p>Pour lui, cette donne peut permettre au continent de r\u00e9aliser pleinement son potentiel humain.<\/p>\n<p>\u00ab\u00a0Cependant, nous avons l\u2019opportunit\u00e9 de surmonter plusieurs d\u00e9fis en mati\u00e8re de d\u00e9veloppement.\u00a0 En am\u00e9liorant l\u2019acc\u00e8s aux services essentiels tels que l\u2019\u00e9nergie, le transport, l\u2019eau et l\u2019assainissement, nous pouvons stimuler les activit\u00e9s \u00e9conomiques sur le continent\u00a0\u00bb, a plaid\u00e9 Ousmane Diagana.<\/p>\n<p>Parall\u00e8lement, il a fait remarquer qu&rsquo;avec l\u2019augmentation de la population et le changement climatique, l&rsquo;Afrique a l\u2019opportunit\u00e9 de repenser ses m\u00e9thodes et pratiques pour am\u00e9liorer l\u2019acc\u00e8s \u00e0 l\u2019eau.<\/p>\n<p>\u00ab\u00a0Le scenario business as usual ne convient plus \u00e0 l\u2019ampleur des enjeux du secteur. Avec une population en plein essor, la plan\u00e8te pourrait \u00eatre confront\u00e9e d\u2019ici 2030 \u00e0 un d\u00e9s\u00e9quilibre de 40\u202f% entre l\u2019offre et la demande en eau\u00a0\u00bb, a not\u00e9 le vice-pr\u00e9sident du groupe de la banque mondiale pour l\u2019Afrique de l\u2019ouest et du centre.<\/p>\n<p>\u00c0 l\u2019horizon 2050, il y a selon lui, des opportunit\u00e9s de transformer la vie de 3,2\u202fmilliards de personnes en am\u00e9liorant l\u2019acc\u00e8s \u00e0 l\u2019eau dans les r\u00e9gions actuellement menac\u00e9es par de graves p\u00e9nuries.<\/p>\n<p><strong>Idrissa GUEYE<\/strong><\/p>\n","protected":false},"excerpt":{"rendered":"<p>Sergio Pimenta, le vice-pr\u00e9sident Afrique de la soci\u00e9t\u00e9 financi\u00e8re internationale (SFI) du groupe de la banque mondiale a indiqu\u00e9 jeudi 12 septembre 2024 que sa&#8230;<\/p>\n","protected":false},"author":1,"featured_media":7002,"comment_status":"closed","ping_status":"open","sticky":false,"template":"","format":"standard","meta":{"_jetpack_memberships_contains_paid_content":false,"footnotes":""},"categories":[23,8],"tags":[],"class_list":["post-7001","post","type-post","status-publish","format-standard","has-post-thumbnail","hentry","category-a-la-une","category-actualite-economique","wpcat-23-id","wpcat-8-id"],"yoast_head":"<!-- This site is optimized with the Yoast SEO plugin v27.1.1 - https:\/\/yoast.com\/product\/yoast-seo-wordpress\/ -->\n<title>Eau: la SFI veut apporter son expertise et ses instruments au service de la nouvelle strat\u00e9gie du gouvernement - challenges economiques<\/title>\n<meta name=\"robots\" content=\"index, follow, max-snippet:-1, max-image-preview:large, max-video-preview:-1\" \/>\n<link rel=\"canonical\" href=\"https:\/\/challengeseconomiques.com\/?p=7001\" \/>\n<meta property=\"og:locale\" content=\"fr_FR\" \/>\n<meta property=\"og:type\" content=\"article\" \/>\n<meta property=\"og:title\" content=\"Eau: la SFI veut apporter son expertise et ses instruments au service de la nouvelle strat\u00e9gie du gouvernement - challenges economiques\" \/>\n<meta property=\"og:description\" content=\"Sergio Pimenta, le vice-pr\u00e9sident Afrique de la soci\u00e9t\u00e9 financi\u00e8re internationale (SFI) du groupe de la banque mondiale a indiqu\u00e9 jeudi 12 septembre 2024 que sa...\" \/>\n<meta property=\"og:url\" content=\"https:\/\/challengeseconomiques.com\/?p=7001\" \/>\n<meta property=\"og:site_name\" content=\"challenges economiques\" \/>\n<meta property=\"article:published_time\" content=\"2024-09-12T19:32:58+00:00\" \/>\n<meta property=\"article:modified_time\" content=\"2024-09-12T19:33:30+00:00\" \/>\n<meta property=\"og:image\" content=\"https:\/\/challengeseconomiques.com\/wp-content\/uploads\/2024\/09\/bmsep2024.jpg\" \/>\n\t<meta property=\"og:image:width\" content=\"1080\" \/>\n\t<meta property=\"og:image:height\" content=\"721\" \/>\n\t<meta property=\"og:image:type\" content=\"image\/jpeg\" \/>\n<meta name=\"author\" content=\"admin\" \/>\n<meta name=\"twitter:card\" content=\"summary_large_image\" \/>\n<meta name=\"twitter:label1\" content=\"\u00c9crit par\" \/>\n\t<meta name=\"twitter:data1\" content=\"admin\" \/>\n\t<meta name=\"twitter:label2\" content=\"Dur\u00e9e de lecture estim\u00e9e\" \/>\n\t<meta name=\"twitter:data2\" content=\"3 minutes\" \/>\n<script type=\"application\/ld+json\" class=\"yoast-schema-graph\">{\"@context\":\"https:\/\/schema.org\",\"@graph\":[{\"@type\":\"Article\",\"@id\":\"https:\/\/challengeseconomiques.com\/?p=7001#article\",\"isPartOf\":{\"@id\":\"https:\/\/challengeseconomiques.com\/?p=7001\"},\"author\":{\"name\":\"admin\",\"@id\":\"https:\/\/challengeseconomiques.com\/#\/schema\/person\/b4568c9afebc5a9238a771873801e349\"},\"headline\":\"Eau: la SFI veut apporter son expertise et ses instruments au service de la nouvelle strat\u00e9gie du gouvernement\",\"datePublished\":\"2024-09-12T19:32:58+00:00\",\"dateModified\":\"2024-09-12T19:33:30+00:00\",\"mainEntityOfPage\":{\"@id\":\"https:\/\/challengeseconomiques.com\/?p=7001\"},\"wordCount\":630,\"image\":{\"@id\":\"https:\/\/challengeseconomiques.com\/?p=7001#primaryimage\"},\"thumbnailUrl\":\"https:\/\/challengeseconomiques.com\/wp-content\/uploads\/2024\/09\/bmsep2024.jpg\",\"articleSection\":[\"A la une\",\"Actualit\u00e9 \u00e9conomique\"],\"inLanguage\":\"fr-FR\"},{\"@type\":\"WebPage\",\"@id\":\"https:\/\/challengeseconomiques.com\/?p=7001\",\"url\":\"https:\/\/challengeseconomiques.com\/?p=7001\",\"name\":\"Eau: la SFI veut apporter son expertise et ses instruments au service de la nouvelle strat\u00e9gie du gouvernement - challenges economiques\",\"isPartOf\":{\"@id\":\"https:\/\/challengeseconomiques.com\/#website\"},\"primaryImageOfPage\":{\"@id\":\"https:\/\/challengeseconomiques.com\/?p=7001#primaryimage\"},\"image\":{\"@id\":\"https:\/\/challengeseconomiques.com\/?p=7001#primaryimage\"},\"thumbnailUrl\":\"https:\/\/challengeseconomiques.com\/wp-content\/uploads\/2024\/09\/bmsep2024.jpg\",\"datePublished\":\"2024-09-12T19:32:58+00:00\",\"dateModified\":\"2024-09-12T19:33:30+00:00\",\"author\":{\"@id\":\"https:\/\/challengeseconomiques.com\/#\/schema\/person\/b4568c9afebc5a9238a771873801e349\"},\"breadcrumb\":{\"@id\":\"https:\/\/challengeseconomiques.com\/?p=7001#breadcrumb\"},\"inLanguage\":\"fr-FR\",\"potentialAction\":[{\"@type\":\"ReadAction\",\"target\":[\"https:\/\/challengeseconomiques.com\/?p=7001\"]}]},{\"@type\":\"ImageObject\",\"inLanguage\":\"fr-FR\",\"@id\":\"https:\/\/challengeseconomiques.com\/?p=7001#primaryimage\",\"url\":\"https:\/\/challengeseconomiques.com\/wp-content\/uploads\/2024\/09\/bmsep2024.jpg\",\"contentUrl\":\"https:\/\/challengeseconomiques.com\/wp-content\/uploads\/2024\/09\/bmsep2024.jpg\",\"width\":1080,\"height\":721},{\"@type\":\"BreadcrumbList\",\"@id\":\"https:\/\/challengeseconomiques.com\/?p=7001#breadcrumb\",\"itemListElement\":[{\"@type\":\"ListItem\",\"position\":1,\"name\":\"Home\",\"item\":\"https:\/\/challengeseconomiques.com\/\"},{\"@type\":\"ListItem\",\"position\":2,\"name\":\"Eau: la SFI veut apporter son expertise et ses instruments au service de la nouvelle strat\u00e9gie du gouvernement\"}]},{\"@type\":\"WebSite\",\"@id\":\"https:\/\/challengeseconomiques.com\/#website\",\"url\":\"https:\/\/challengeseconomiques.com\/\",\"name\":\"challenges economiques\",\"description\":\"\",\"potentialAction\":[{\"@type\":\"SearchAction\",\"target\":{\"@type\":\"EntryPoint\",\"urlTemplate\":\"https:\/\/challengeseconomiques.com\/?s={search_term_string}\"},\"query-input\":{\"@type\":\"PropertyValueSpecification\",\"valueRequired\":true,\"valueName\":\"search_term_string\"}}],\"inLanguage\":\"fr-FR\"},{\"@type\":\"Person\",\"@id\":\"https:\/\/challengeseconomiques.com\/#\/schema\/person\/b4568c9afebc5a9238a771873801e349\",\"name\":\"admin\",\"image\":{\"@type\":\"ImageObject\",\"inLanguage\":\"fr-FR\",\"@id\":\"https:\/\/challengeseconomiques.com\/#\/schema\/person\/image\/\",\"url\":\"https:\/\/secure.gravatar.com\/avatar\/099e42240b5eea11acdb72751fcce0dd918603f0749d24974b7984ea47ed9fd9?s=96&d=mm&r=g\",\"contentUrl\":\"https:\/\/secure.gravatar.com\/avatar\/099e42240b5eea11acdb72751fcce0dd918603f0749d24974b7984ea47ed9fd9?s=96&d=mm&r=g\",\"caption\":\"admin\"},\"sameAs\":[\"https:\/\/challengeseconomiques.com\"],\"url\":\"https:\/\/challengeseconomiques.com\/?author=1\"}]}<\/script>\n<!-- \/ Yoast SEO plugin. -->","yoast_head_json":{"title":"Eau: la SFI veut apporter son expertise et ses instruments au service de la nouvelle strat\u00e9gie du gouvernement - challenges economiques","robots":{"index":"index","follow":"follow","max-snippet":"max-snippet:-1","max-image-preview":"max-image-preview:large","max-video-preview":"max-video-preview:-1"},"canonical":"https:\/\/challengeseconomiques.com\/?p=7001","og_locale":"fr_FR","og_type":"article","og_title":"Eau: la SFI veut apporter son expertise et ses instruments au service de la nouvelle strat\u00e9gie du gouvernement - challenges economiques","og_description":"Sergio Pimenta, le vice-pr\u00e9sident Afrique de la soci\u00e9t\u00e9 financi\u00e8re internationale (SFI) du groupe de la banque mondiale a indiqu\u00e9 jeudi 12 septembre 2024 que sa...","og_url":"https:\/\/challengeseconomiques.com\/?p=7001","og_site_name":"challenges economiques","article_published_time":"2024-09-12T19:32:58+00:00","article_modified_time":"2024-09-12T19:33:30+00:00","og_image":[{"width":1080,"height":721,"url":"https:\/\/challengeseconomiques.com\/wp-content\/uploads\/2024\/09\/bmsep2024.jpg","type":"image\/jpeg"}],"author":"admin","twitter_card":"summary_large_image","twitter_misc":{"\u00c9crit par":"admin","Dur\u00e9e de lecture estim\u00e9e":"3 minutes"},"schema":{"@context":"https:\/\/schema.org","@graph":[{"@type":"Article","@id":"https:\/\/challengeseconomiques.com\/?p=7001#article","isPartOf":{"@id":"https:\/\/challengeseconomiques.com\/?p=7001"},"author":{"name":"admin","@id":"https:\/\/challengeseconomiques.com\/#\/schema\/person\/b4568c9afebc5a9238a771873801e349"},"headline":"Eau: la SFI veut apporter son expertise et ses instruments au service de la nouvelle strat\u00e9gie du gouvernement","datePublished":"2024-09-12T19:32:58+00:00","dateModified":"2024-09-12T19:33:30+00:00","mainEntityOfPage":{"@id":"https:\/\/challengeseconomiques.com\/?p=7001"},"wordCount":630,"image":{"@id":"https:\/\/challengeseconomiques.com\/?p=7001#primaryimage"},"thumbnailUrl":"https:\/\/challengeseconomiques.com\/wp-content\/uploads\/2024\/09\/bmsep2024.jpg","articleSection":["A la une","Actualit\u00e9 \u00e9conomique"],"inLanguage":"fr-FR"},{"@type":"WebPage","@id":"https:\/\/challengeseconomiques.com\/?p=7001","url":"https:\/\/challengeseconomiques.com\/?p=7001","name":"Eau: la SFI veut apporter son expertise et ses instruments au service de la nouvelle strat\u00e9gie du gouvernement - challenges economiques","isPartOf":{"@id":"https:\/\/challengeseconomiques.com\/#website"},"primaryImageOfPage":{"@id":"https:\/\/challengeseconomiques.com\/?p=7001#primaryimage"},"image":{"@id":"https:\/\/challengeseconomiques.com\/?p=7001#primaryimage"},"thumbnailUrl":"https:\/\/challengeseconomiques.com\/wp-content\/uploads\/2024\/09\/bmsep2024.jpg","datePublished":"2024-09-12T19:32:58+00:00","dateModified":"2024-09-12T19:33:30+00:00","author":{"@id":"https:\/\/challengeseconomiques.com\/#\/schema\/person\/b4568c9afebc5a9238a771873801e349"},"breadcrumb":{"@id":"https:\/\/challengeseconomiques.com\/?p=7001#breadcrumb"},"inLanguage":"fr-FR","potentialAction":[{"@type":"ReadAction","target":["https:\/\/challengeseconomiques.com\/?p=7001"]}]},{"@type":"ImageObject","inLanguage":"fr-FR","@id":"https:\/\/challengeseconomiques.com\/?p=7001#primaryimage","url":"https:\/\/challengeseconomiques.com\/wp-content\/uploads\/2024\/09\/bmsep2024.jpg","contentUrl":"https:\/\/challengeseconomiques.com\/wp-content\/uploads\/2024\/09\/bmsep2024.jpg","width":1080,"height":721},{"@type":"BreadcrumbList","@id":"https:\/\/challengeseconomiques.com\/?p=7001#breadcrumb","itemListElement":[{"@type":"ListItem","position":1,"name":"Home","item":"https:\/\/challengeseconomiques.com\/"},{"@type":"ListItem","position":2,"name":"Eau: la SFI veut apporter son expertise et ses instruments au service de la nouvelle strat\u00e9gie du gouvernement"}]},{"@type":"WebSite","@id":"https:\/\/challengeseconomiques.com\/#website","url":"https:\/\/challengeseconomiques.com\/","name":"challenges economiques","description":"","potentialAction":[{"@type":"SearchAction","target":{"@type":"EntryPoint","urlTemplate":"https:\/\/challengeseconomiques.com\/?s={search_term_string}"},"query-input":{"@type":"PropertyValueSpecification","valueRequired":true,"valueName":"search_term_string"}}],"inLanguage":"fr-FR"},{"@type":"Person","@id":"https:\/\/challengeseconomiques.com\/#\/schema\/person\/b4568c9afebc5a9238a771873801e349","name":"admin","image":{"@type":"ImageObject","inLanguage":"fr-FR","@id":"https:\/\/challengeseconomiques.com\/#\/schema\/person\/image\/","url":"https:\/\/secure.gravatar.com\/avatar\/099e42240b5eea11acdb72751fcce0dd918603f0749d24974b7984ea47ed9fd9?s=96&d=mm&r=g","contentUrl":"https:\/\/secure.gravatar.com\/avatar\/099e42240b5eea11acdb72751fcce0dd918603f0749d24974b7984ea47ed9fd9?s=96&d=mm&r=g","caption":"admin"},"sameAs":["https:\/\/challengeseconomiques.com"],"url":"https:\/\/challengeseconomiques.com\/?author=1"}]}},"jetpack_featured_media_url":"https:\/\/challengeseconomiques.com\/wp-content\/uploads\/2024\/09\/bmsep2024.jpg","jetpack_sharing_enabled":true,"_links":{"self":[{"href":"https:\/\/challengeseconomiques.com\/index.php?rest_route=\/wp\/v2\/posts\/7001","targetHints":{"allow":["GET"]}}],"collection":[{"href":"https:\/\/challengeseconomiques.com\/index.php?rest_route=\/wp\/v2\/posts"}],"about":[{"href":"https:\/\/challengeseconomiques.com\/index.php?rest_route=\/wp\/v2\/types\/post"}],"author":[{"embeddable":true,"href":"https:\/\/challengeseconomiques.com\/index.php?rest_route=\/wp\/v2\/users\/1"}],"replies":[{"embeddable":true,"href":"https:\/\/challengeseconomiques.com\/index.php?rest_route=%2Fwp%2Fv2%2Fcomments&post=7001"}],"version-history":[{"count":1,"href":"https:\/\/challengeseconomiques.com\/index.php?rest_route=\/wp\/v2\/posts\/7001\/revisions"}],"predecessor-version":[{"id":7003,"href":"https:\/\/challengeseconomiques.com\/index.php?rest_route=\/wp\/v2\/posts\/7001\/revisions\/7003"}],"wp:featuredmedia":[{"embeddable":true,"href":"https:\/\/challengeseconomiques.com\/index.php?rest_route=\/wp\/v2\/media\/7002"}],"wp:attachment":[{"href":"https:\/\/challengeseconomiques.com\/index.php?rest_route=%2Fwp%2Fv2%2Fmedia&parent=7001"}],"wp:term":[{"taxonomy":"category","embeddable":true,"href":"https:\/\/challengeseconomiques.com\/index.php?rest_route=%2Fwp%2Fv2%2Fcategories&post=7001"},{"taxonomy":"post_tag","embeddable":true,"href":"https:\/\/challengeseconomiques.com\/index.php?rest_route=%2Fwp%2Fv2%2Ftags&post=7001"}],"curies":[{"name":"wp","href":"https:\/\/api.w.org\/{rel}","templated":true}]}}