{"id":6996,"date":"2024-09-11T21:12:22","date_gmt":"2024-09-11T21:12:22","guid":{"rendered":"https:\/\/challengeseconomiques.com\/?p=6996"},"modified":"2024-09-11T21:13:58","modified_gmt":"2024-09-11T21:13:58","slug":"mission-de-la-bnde-a-abidjan-prise-en-compte-des-besoins-de-diaspora","status":"publish","type":"post","link":"https:\/\/challengeseconomiques.com\/?p=6996","title":{"rendered":"Mission de la BNDE \u00e0 Abidjan   :  prise en compte des besoins de la diaspora"},"content":{"rendered":"<p>Une d\u00e9l\u00e9gation de la BNDE conduite par le DG Mamadou Faye a effectu\u00e9 une visite en C\u00f4te d&rsquo;Ivoire du 4 au 8 septembre 2024. Le s\u00e9jour \u00e0 Abidjan a \u00e9t\u00e9 marqu\u00e9 par des rencontres avec la diaspora s\u00e9n\u00e9galaise et une mission de benchmark aupr\u00e8s d&rsquo;une banque publique ivoirienne d&rsquo;apr\u00e8s le communiqu\u00e9 de l&rsquo;institution. Les objectifs poursuivis sont la promotion des id\u00e9es novatrices, la pr\u00e9sentation des opportunit\u00e9s d&rsquo;investissements et le positionnement de la BNDE en tant que banque de r\u00e9f\u00e9rence pour nos compatriotes quel que soit leur pays de r\u00e9sidence.<\/p>\n<p>La Banque Nationale pour le D\u00e9veloppement \u00c9conomique a mis l&rsquo;accent sur le soutien des initiatives entrepreneuriales, l&rsquo;accompagnement des membres de la diaspora souhaitant cr\u00e9er ou \u00e9tendre leur entreprise au S\u00e9n\u00e9gal en les aidant \u00e0 obtenir des financements ainsi que les offres en acquisition immobili\u00e8re.<\/p>\n<p>L&rsquo;\u00e9tape ivoirienne est la premi\u00e8re d&rsquo;une s\u00e9rie dans d&rsquo;autres pays.<\/p>\n<p>Le DG de la BNDE a soulign\u00e9 le besoin d&rsquo;accompagnement des S\u00e9n\u00e9galais vivant en C\u00f4te d&rsquo;Ivoire dans leurs actuels et futurs projets. Dans l&rsquo;optique de contribuer activement \u00e0 la croissance \u00e9conomique, la BNDE a jug\u00e9 utile de rencontrer nos compatriotes \u00e9tablis en terres ivoiriennes pour les \u00e9couter et leur proposer des services \u00e0 m\u00eame de satisfaire leurs pr\u00e9occupations.<\/p>\n<p>A l&rsquo;occasion d&rsquo;une rencontre tenue le 7 septembre, le responsable du d\u00e9partement r\u00e9seau, Babacar Ndiaye a pr\u00e9sent\u00e9 l&rsquo;offre commerciale diaspora de l&rsquo;institution. Au cours des \u00e9changes, les S\u00e9n\u00e9galais vivant en terres ivoiriennes ont exprim\u00e9 leurs pr\u00e9occupations ayant trait \u00e0 l&rsquo;immobilier, au transfert d&rsquo;argent au S\u00e9n\u00e9gal et \u00e0 l&rsquo;ouverture de compte au sein de la banque.<\/p>\n<p>En r\u00e9ponse, le DG de la BNDE a donn\u00e9 des assurances pour la prise en compte des attentes notamment gr\u00e2ce au digital. Il a montr\u00e9 sa satisfaction concernant les r\u00e9sultats des travaux. M. Faye a \u00e9galement remerci\u00e9 les services de l&rsquo;Ambassade et du Consulat ainsi que l&rsquo;Association centrale des S\u00e9n\u00e9galais de la C\u00f4te d&rsquo;Ivoire pour leur \u00e9troite collaboration gage de la r\u00e9ussite de la mission.<\/p>\n<p>&nbsp;<\/p>\n","protected":false},"excerpt":{"rendered":"<p>Une d\u00e9l\u00e9gation de la BNDE conduite par le DG Mamadou Faye a effectu\u00e9 une visite en C\u00f4te d&rsquo;Ivoire du 4 au 8 septembre 2024. Le&#8230;<\/p>\n","protected":false},"author":1,"featured_media":6997,"comment_status":"closed","ping_status":"open","sticky":false,"template":"","format":"standard","meta":{"_jetpack_memberships_contains_paid_content":false,"footnotes":""},"categories":[23,10],"tags":[],"class_list":["post-6996","post","type-post","status-publish","format-standard","has-post-thumbnail","hentry","category-a-la-une","category-infos-eco","wpcat-23-id","wpcat-10-id"],"yoast_head":"<!-- This site is optimized with the Yoast SEO plugin v27.1.1 - https:\/\/yoast.com\/product\/yoast-seo-wordpress\/ -->\n<title>Mission de la BNDE \u00e0 Abidjan  : prise en compte des besoins de la diaspora - challenges economiques<\/title>\n<meta name=\"robots\" content=\"index, follow, max-snippet:-1, max-image-preview:large, max-video-preview:-1\" \/>\n<link rel=\"canonical\" href=\"https:\/\/challengeseconomiques.com\/?p=6996\" \/>\n<meta property=\"og:locale\" content=\"fr_FR\" \/>\n<meta property=\"og:type\" content=\"article\" \/>\n<meta property=\"og:title\" content=\"Mission de la BNDE \u00e0 Abidjan  : prise en compte des besoins de la diaspora - challenges economiques\" \/>\n<meta property=\"og:description\" content=\"Une d\u00e9l\u00e9gation de la BNDE conduite par le DG Mamadou Faye a effectu\u00e9 une visite en C\u00f4te d&rsquo;Ivoire du 4 au 8 septembre 2024. Le...\" \/>\n<meta property=\"og:url\" content=\"https:\/\/challengeseconomiques.com\/?p=6996\" \/>\n<meta property=\"og:site_name\" content=\"challenges economiques\" \/>\n<meta property=\"article:published_time\" content=\"2024-09-11T21:12:22+00:00\" \/>\n<meta property=\"article:modified_time\" content=\"2024-09-11T21:13:58+00:00\" \/>\n<meta property=\"og:image\" content=\"https:\/\/challengeseconomiques.com\/wp-content\/uploads\/2024\/09\/bndecotedivoire.jpg\" \/>\n\t<meta property=\"og:image:width\" content=\"1080\" \/>\n\t<meta property=\"og:image:height\" content=\"720\" \/>\n\t<meta property=\"og:image:type\" content=\"image\/jpeg\" \/>\n<meta name=\"author\" content=\"admin\" \/>\n<meta name=\"twitter:card\" content=\"summary_large_image\" \/>\n<meta name=\"twitter:label1\" content=\"\u00c9crit par\" \/>\n\t<meta name=\"twitter:data1\" content=\"admin\" \/>\n\t<meta name=\"twitter:label2\" content=\"Dur\u00e9e de lecture estim\u00e9e\" \/>\n\t<meta name=\"twitter:data2\" content=\"2 minutes\" \/>\n<script type=\"application\/ld+json\" class=\"yoast-schema-graph\">{\"@context\":\"https:\/\/schema.org\",\"@graph\":[{\"@type\":\"Article\",\"@id\":\"https:\/\/challengeseconomiques.com\/?p=6996#article\",\"isPartOf\":{\"@id\":\"https:\/\/challengeseconomiques.com\/?p=6996\"},\"author\":{\"name\":\"admin\",\"@id\":\"https:\/\/challengeseconomiques.com\/#\/schema\/person\/b4568c9afebc5a9238a771873801e349\"},\"headline\":\"Mission de la BNDE \u00e0 Abidjan : prise en compte des besoins de la diaspora\",\"datePublished\":\"2024-09-11T21:12:22+00:00\",\"dateModified\":\"2024-09-11T21:13:58+00:00\",\"mainEntityOfPage\":{\"@id\":\"https:\/\/challengeseconomiques.com\/?p=6996\"},\"wordCount\":389,\"image\":{\"@id\":\"https:\/\/challengeseconomiques.com\/?p=6996#primaryimage\"},\"thumbnailUrl\":\"https:\/\/challengeseconomiques.com\/wp-content\/uploads\/2024\/09\/bndecotedivoire.jpg\",\"articleSection\":[\"A la une\",\"Infos \u00e9co\"],\"inLanguage\":\"fr-FR\"},{\"@type\":\"WebPage\",\"@id\":\"https:\/\/challengeseconomiques.com\/?p=6996\",\"url\":\"https:\/\/challengeseconomiques.com\/?p=6996\",\"name\":\"Mission de la BNDE \u00e0 Abidjan : prise en compte des besoins de la diaspora - challenges economiques\",\"isPartOf\":{\"@id\":\"https:\/\/challengeseconomiques.com\/#website\"},\"primaryImageOfPage\":{\"@id\":\"https:\/\/challengeseconomiques.com\/?p=6996#primaryimage\"},\"image\":{\"@id\":\"https:\/\/challengeseconomiques.com\/?p=6996#primaryimage\"},\"thumbnailUrl\":\"https:\/\/challengeseconomiques.com\/wp-content\/uploads\/2024\/09\/bndecotedivoire.jpg\",\"datePublished\":\"2024-09-11T21:12:22+00:00\",\"dateModified\":\"2024-09-11T21:13:58+00:00\",\"author\":{\"@id\":\"https:\/\/challengeseconomiques.com\/#\/schema\/person\/b4568c9afebc5a9238a771873801e349\"},\"breadcrumb\":{\"@id\":\"https:\/\/challengeseconomiques.com\/?p=6996#breadcrumb\"},\"inLanguage\":\"fr-FR\",\"potentialAction\":[{\"@type\":\"ReadAction\",\"target\":[\"https:\/\/challengeseconomiques.com\/?p=6996\"]}]},{\"@type\":\"ImageObject\",\"inLanguage\":\"fr-FR\",\"@id\":\"https:\/\/challengeseconomiques.com\/?p=6996#primaryimage\",\"url\":\"https:\/\/challengeseconomiques.com\/wp-content\/uploads\/2024\/09\/bndecotedivoire.jpg\",\"contentUrl\":\"https:\/\/challengeseconomiques.com\/wp-content\/uploads\/2024\/09\/bndecotedivoire.jpg\",\"width\":1080,\"height\":720},{\"@type\":\"BreadcrumbList\",\"@id\":\"https:\/\/challengeseconomiques.com\/?p=6996#breadcrumb\",\"itemListElement\":[{\"@type\":\"ListItem\",\"position\":1,\"name\":\"Home\",\"item\":\"https:\/\/challengeseconomiques.com\/\"},{\"@type\":\"ListItem\",\"position\":2,\"name\":\"Mission de la BNDE \u00e0 Abidjan : prise en compte des besoins de la diaspora\"}]},{\"@type\":\"WebSite\",\"@id\":\"https:\/\/challengeseconomiques.com\/#website\",\"url\":\"https:\/\/challengeseconomiques.com\/\",\"name\":\"challenges economiques\",\"description\":\"\",\"potentialAction\":[{\"@type\":\"SearchAction\",\"target\":{\"@type\":\"EntryPoint\",\"urlTemplate\":\"https:\/\/challengeseconomiques.com\/?s={search_term_string}\"},\"query-input\":{\"@type\":\"PropertyValueSpecification\",\"valueRequired\":true,\"valueName\":\"search_term_string\"}}],\"inLanguage\":\"fr-FR\"},{\"@type\":\"Person\",\"@id\":\"https:\/\/challengeseconomiques.com\/#\/schema\/person\/b4568c9afebc5a9238a771873801e349\",\"name\":\"admin\",\"image\":{\"@type\":\"ImageObject\",\"inLanguage\":\"fr-FR\",\"@id\":\"https:\/\/challengeseconomiques.com\/#\/schema\/person\/image\/\",\"url\":\"https:\/\/secure.gravatar.com\/avatar\/099e42240b5eea11acdb72751fcce0dd918603f0749d24974b7984ea47ed9fd9?s=96&d=mm&r=g\",\"contentUrl\":\"https:\/\/secure.gravatar.com\/avatar\/099e42240b5eea11acdb72751fcce0dd918603f0749d24974b7984ea47ed9fd9?s=96&d=mm&r=g\",\"caption\":\"admin\"},\"sameAs\":[\"https:\/\/challengeseconomiques.com\"],\"url\":\"https:\/\/challengeseconomiques.com\/?author=1\"}]}<\/script>\n<!-- \/ Yoast SEO plugin. -->","yoast_head_json":{"title":"Mission de la BNDE \u00e0 Abidjan  : prise en compte des besoins de la diaspora - challenges economiques","robots":{"index":"index","follow":"follow","max-snippet":"max-snippet:-1","max-image-preview":"max-image-preview:large","max-video-preview":"max-video-preview:-1"},"canonical":"https:\/\/challengeseconomiques.com\/?p=6996","og_locale":"fr_FR","og_type":"article","og_title":"Mission de la BNDE \u00e0 Abidjan  : prise en compte des besoins de la diaspora - challenges economiques","og_description":"Une d\u00e9l\u00e9gation de la BNDE conduite par le DG Mamadou Faye a effectu\u00e9 une visite en C\u00f4te d&rsquo;Ivoire du 4 au 8 septembre 2024. Le...","og_url":"https:\/\/challengeseconomiques.com\/?p=6996","og_site_name":"challenges economiques","article_published_time":"2024-09-11T21:12:22+00:00","article_modified_time":"2024-09-11T21:13:58+00:00","og_image":[{"width":1080,"height":720,"url":"https:\/\/challengeseconomiques.com\/wp-content\/uploads\/2024\/09\/bndecotedivoire.jpg","type":"image\/jpeg"}],"author":"admin","twitter_card":"summary_large_image","twitter_misc":{"\u00c9crit par":"admin","Dur\u00e9e de lecture estim\u00e9e":"2 minutes"},"schema":{"@context":"https:\/\/schema.org","@graph":[{"@type":"Article","@id":"https:\/\/challengeseconomiques.com\/?p=6996#article","isPartOf":{"@id":"https:\/\/challengeseconomiques.com\/?p=6996"},"author":{"name":"admin","@id":"https:\/\/challengeseconomiques.com\/#\/schema\/person\/b4568c9afebc5a9238a771873801e349"},"headline":"Mission de la BNDE \u00e0 Abidjan : prise en compte des besoins de la diaspora","datePublished":"2024-09-11T21:12:22+00:00","dateModified":"2024-09-11T21:13:58+00:00","mainEntityOfPage":{"@id":"https:\/\/challengeseconomiques.com\/?p=6996"},"wordCount":389,"image":{"@id":"https:\/\/challengeseconomiques.com\/?p=6996#primaryimage"},"thumbnailUrl":"https:\/\/challengeseconomiques.com\/wp-content\/uploads\/2024\/09\/bndecotedivoire.jpg","articleSection":["A la une","Infos \u00e9co"],"inLanguage":"fr-FR"},{"@type":"WebPage","@id":"https:\/\/challengeseconomiques.com\/?p=6996","url":"https:\/\/challengeseconomiques.com\/?p=6996","name":"Mission de la BNDE \u00e0 Abidjan : prise en compte des besoins de la diaspora - challenges economiques","isPartOf":{"@id":"https:\/\/challengeseconomiques.com\/#website"},"primaryImageOfPage":{"@id":"https:\/\/challengeseconomiques.com\/?p=6996#primaryimage"},"image":{"@id":"https:\/\/challengeseconomiques.com\/?p=6996#primaryimage"},"thumbnailUrl":"https:\/\/challengeseconomiques.com\/wp-content\/uploads\/2024\/09\/bndecotedivoire.jpg","datePublished":"2024-09-11T21:12:22+00:00","dateModified":"2024-09-11T21:13:58+00:00","author":{"@id":"https:\/\/challengeseconomiques.com\/#\/schema\/person\/b4568c9afebc5a9238a771873801e349"},"breadcrumb":{"@id":"https:\/\/challengeseconomiques.com\/?p=6996#breadcrumb"},"inLanguage":"fr-FR","potentialAction":[{"@type":"ReadAction","target":["https:\/\/challengeseconomiques.com\/?p=6996"]}]},{"@type":"ImageObject","inLanguage":"fr-FR","@id":"https:\/\/challengeseconomiques.com\/?p=6996#primaryimage","url":"https:\/\/challengeseconomiques.com\/wp-content\/uploads\/2024\/09\/bndecotedivoire.jpg","contentUrl":"https:\/\/challengeseconomiques.com\/wp-content\/uploads\/2024\/09\/bndecotedivoire.jpg","width":1080,"height":720},{"@type":"BreadcrumbList","@id":"https:\/\/challengeseconomiques.com\/?p=6996#breadcrumb","itemListElement":[{"@type":"ListItem","position":1,"name":"Home","item":"https:\/\/challengeseconomiques.com\/"},{"@type":"ListItem","position":2,"name":"Mission de la BNDE \u00e0 Abidjan : prise en compte des besoins de la diaspora"}]},{"@type":"WebSite","@id":"https:\/\/challengeseconomiques.com\/#website","url":"https:\/\/challengeseconomiques.com\/","name":"challenges economiques","description":"","potentialAction":[{"@type":"SearchAction","target":{"@type":"EntryPoint","urlTemplate":"https:\/\/challengeseconomiques.com\/?s={search_term_string}"},"query-input":{"@type":"PropertyValueSpecification","valueRequired":true,"valueName":"search_term_string"}}],"inLanguage":"fr-FR"},{"@type":"Person","@id":"https:\/\/challengeseconomiques.com\/#\/schema\/person\/b4568c9afebc5a9238a771873801e349","name":"admin","image":{"@type":"ImageObject","inLanguage":"fr-FR","@id":"https:\/\/challengeseconomiques.com\/#\/schema\/person\/image\/","url":"https:\/\/secure.gravatar.com\/avatar\/099e42240b5eea11acdb72751fcce0dd918603f0749d24974b7984ea47ed9fd9?s=96&d=mm&r=g","contentUrl":"https:\/\/secure.gravatar.com\/avatar\/099e42240b5eea11acdb72751fcce0dd918603f0749d24974b7984ea47ed9fd9?s=96&d=mm&r=g","caption":"admin"},"sameAs":["https:\/\/challengeseconomiques.com"],"url":"https:\/\/challengeseconomiques.com\/?author=1"}]}},"jetpack_featured_media_url":"https:\/\/challengeseconomiques.com\/wp-content\/uploads\/2024\/09\/bndecotedivoire.jpg","jetpack_sharing_enabled":true,"_links":{"self":[{"href":"https:\/\/challengeseconomiques.com\/index.php?rest_route=\/wp\/v2\/posts\/6996","targetHints":{"allow":["GET"]}}],"collection":[{"href":"https:\/\/challengeseconomiques.com\/index.php?rest_route=\/wp\/v2\/posts"}],"about":[{"href":"https:\/\/challengeseconomiques.com\/index.php?rest_route=\/wp\/v2\/types\/post"}],"author":[{"embeddable":true,"href":"https:\/\/challengeseconomiques.com\/index.php?rest_route=\/wp\/v2\/users\/1"}],"replies":[{"embeddable":true,"href":"https:\/\/challengeseconomiques.com\/index.php?rest_route=%2Fwp%2Fv2%2Fcomments&post=6996"}],"version-history":[{"count":2,"href":"https:\/\/challengeseconomiques.com\/index.php?rest_route=\/wp\/v2\/posts\/6996\/revisions"}],"predecessor-version":[{"id":7000,"href":"https:\/\/challengeseconomiques.com\/index.php?rest_route=\/wp\/v2\/posts\/6996\/revisions\/7000"}],"wp:featuredmedia":[{"embeddable":true,"href":"https:\/\/challengeseconomiques.com\/index.php?rest_route=\/wp\/v2\/media\/6997"}],"wp:attachment":[{"href":"https:\/\/challengeseconomiques.com\/index.php?rest_route=%2Fwp%2Fv2%2Fmedia&parent=6996"}],"wp:term":[{"taxonomy":"category","embeddable":true,"href":"https:\/\/challengeseconomiques.com\/index.php?rest_route=%2Fwp%2Fv2%2Fcategories&post=6996"},{"taxonomy":"post_tag","embeddable":true,"href":"https:\/\/challengeseconomiques.com\/index.php?rest_route=%2Fwp%2Fv2%2Ftags&post=6996"}],"curies":[{"name":"wp","href":"https:\/\/api.w.org\/{rel}","templated":true}]}}