{"id":6976,"date":"2024-09-10T10:14:00","date_gmt":"2024-09-10T10:14:00","guid":{"rendered":"https:\/\/challengeseconomiques.com\/?p=6976"},"modified":"2024-09-10T10:14:36","modified_gmt":"2024-09-10T10:14:36","slug":"entrepreneuriat-africain-shop-me-away-de-racine-sarr-limpact-tangible-du-programme-dentrepreneuriat-de-la-fondation-tony-elumelu","status":"publish","type":"post","link":"https:\/\/challengeseconomiques.com\/?p=6976","title":{"rendered":"Entrepreneuriat africain : \u00ab Shop Me Away \u00bb de Racine Sarr, l\u2019impact tangible du programme d\u2019entrepreneuriat de la Fondation Tony Elumelu"},"content":{"rendered":"<p>Tony Elumelu, architecte renomm\u00e9 de l\u2019entrepreneuriat africain, s\u2019est r\u00e9cemment rendu au S\u00e9n\u00e9gal, fid\u00e8le \u00e0 son engagement in\u00e9branlable en faveur de la transformation \u00e9conomique du continent. Elumelu, le Pr\u00e9sident de United Bank for Africa (UBA) Plc, et de Heirs Holdings et fondateur de la Fondation Tony Elumelu (TEF), a profit\u00e9 de l\u2019occasion pour s\u2019entretenir avec un ancien \u00e9l\u00e8ve de la Fondation Tony Elumelu, Racine Sarr, entrepreneur montant et fondateur de \u00ab Shop Me Away \u00bb, lit-on dans un communiqu\u00e9.<\/p>\n<p>Cette rencontre \u00e0 Dakar avec Racine Sarr a, selon la m\u00eame source, mis en exergue l\u2019impact tangible du programme d\u2019entrepreneuriat de la Fondation Tony Elumelu qui remod\u00e8le le paysage entrepreneurial de l\u2019Afrique. Soutenue par la Fondation Tony Elumelu, la plateforme de commerce \u00e9lectronique de Racine est devenue un acteur majeur de l\u2019\u00e9conomie num\u00e9rique du S\u00e9n\u00e9gal, au service de milliers de clients nationaux et internationaux. Cette r\u00e9ussite refl\u00e8te la vision de Tony Elumelu, dont la philosophie \u00e9conomique, l\u2019Africapitalisme, pr\u00e9sente le secteur priv\u00e9 africain, en particulier les entrepreneurs, comme la cl\u00e9 du d\u00e9veloppement durable du continent.<\/p>\n<p>Le Groupe UBA, sous la direction \u00e9clair\u00e9e d\u2019Elumelu, s\u2019est impos\u00e9, toujours selon le communiqu\u00e9 parvenu \u00e0 Espacedev, comme une institution financi\u00e8re pionni\u00e8re dans l\u2019accompagnement des jeunes talents africains. Avec une pr\u00e9sence dans 20 pays africains, la banque a montr\u00e9 une capacit\u00e9 unique \u00e0 comprendre et \u00e0 r\u00e9pondre aux besoins sp\u00e9cifiques du continent.<\/p>\n<p>Le programme d\u2019entrepreneuriat de la Fondation Tony Elumelu, lanc\u00e9 en 2015, en est une illustration vivante. Ce programme, qui s\u2019\u00e9tend sur dix ans avec l\u2019engagement de Tony Elumelu \u00e0 hauteur de 100 millions de dollars, visant \u00e0 identifier, former, encadrer et financer 10 000 entrepreneurs sur 10 ans \u2013 un objectif qui a non seulement \u00e9t\u00e9 atteint, mais surpass\u00e9, explique le texte.<\/p>\n<p>Aujourd\u2019hui, poursuit-il, la Fondation Tony Elumelu a d\u00e9caiss\u00e9 100 millions de dollars directement \u00e0 plus de 20 000 entrepreneurs, dont 200 S\u00e9n\u00e9galais, dans 54 pays africains, qui ont cr\u00e9\u00e9 plus de 400 000 emplois et g\u00e9n\u00e9r\u00e9 plus de 2,3 milliards de dollars de revenus. Chaque b\u00e9n\u00e9ficiaire, \u00e0 l\u2019instar de Racine, a re\u00e7u un soutien financier, une formation rigoureuse et un mentorat sur mesure, qui leur ont dot\u00e9 des comp\u00e9tences et des connaissances n\u00e9cessaires pour cr\u00e9er des entreprises prosp\u00e8res.<\/p>\n<p>Gr\u00e2ce au soutien de la Fondation Tony Elumelu, Sarr a fait de son entreprise un acteur cl\u00e9 du secteur du commerce \u00e9lectronique s\u00e9n\u00e9galais, devenant une r\u00e9f\u00e9rence dans le secteur du commerce \u00e9lectronique avec une pr\u00e9sence internationale croissante. Ce succ\u00e8s t\u00e9moigne de la vision et de l\u2019engagement de M. Elumelu \u00e0 cr\u00e9er un r\u00e9seau dynamique d\u2019entrepreneurs capables de transformer l\u2019\u00e9conomie africaine de l\u2019int\u00e9rieur.<\/p>\n<p>La rencontre entre Tony Elumelu et Racine Sarr n\u2019est pas seulement l\u2019occasion de c\u00e9l\u00e9brer la r\u00e9ussite individuelle. \u00c0 en croire notre source, elle repr\u00e9sente une vision plus large\u00a0: celle d\u2019un avenir o\u00f9 les jeunes Africains jouent un r\u00f4le central dans la transformation \u00e9conomique de leur continent. Gr\u00e2ce \u00e0 des institutions comme UBA Group, cela devient une r\u00e9alit\u00e9. En tant que banque leader en Afrique, le groupe UBA continue d\u2019\u00eatre un pilier de l\u2019investissement dans le capital humain du continent. En finan\u00e7ant des projets porteurs d\u2019espoir et en soutenant les jeunes entrepreneurs, le Groupe UBA participe activement \u00e0 la construction d\u2019une Afrique autonome, prosp\u00e8re et innovante.<\/p>\n<p>L\u2019impact du programme d\u2019entrepreneuriat de la Fondation Tony Elumelu, soutenu par UBA, se fait d\u00e9j\u00e0 sentir \u00e0 travers des r\u00e9ussites comme celle de Racine Sarr. Cela ne fait que renforcer la position de la Fondation Tony Elumelu et du Groupe UBA en tant qu\u2019acteurs cl\u00e9s dans l\u2019\u00e9mergence d\u2019une nouvelle g\u00e9n\u00e9ration de chefs d\u2019entreprise africains, pr\u00eats \u00e0 relever les d\u00e9fis \u00e9conomiques et \u00e0 saisir les opportunit\u00e9s qui leur sont pr\u00e9sent\u00e9es. Avec de telles initiatives, l\u2019avenir de l\u2019Afrique s\u2019annonce prometteur, port\u00e9 par la d\u00e9termination et l\u2019innovation de ses jeunes entrepreneurs.<\/p>\n<p><strong>Espacedev<\/strong><\/p>\n","protected":false},"excerpt":{"rendered":"<p>Tony Elumelu, architecte renomm\u00e9 de l\u2019entrepreneuriat africain, s\u2019est r\u00e9cemment rendu au S\u00e9n\u00e9gal, fid\u00e8le \u00e0 son engagement in\u00e9branlable en faveur de la transformation \u00e9conomique du continent&#8230;.<\/p>\n","protected":false},"author":1,"featured_media":6977,"comment_status":"closed","ping_status":"open","sticky":false,"template":"","format":"standard","meta":{"_jetpack_memberships_contains_paid_content":false,"footnotes":""},"categories":[8],"tags":[],"class_list":["post-6976","post","type-post","status-publish","format-standard","has-post-thumbnail","hentry","category-actualite-economique","wpcat-8-id"],"yoast_head":"<!-- This site is optimized with the Yoast SEO plugin v27.1.1 - https:\/\/yoast.com\/product\/yoast-seo-wordpress\/ -->\n<title>Entrepreneuriat africain : \u00ab Shop Me Away \u00bb de Racine Sarr, l\u2019impact tangible du programme d\u2019entrepreneuriat de la Fondation Tony Elumelu - challenges economiques<\/title>\n<meta name=\"robots\" content=\"index, follow, max-snippet:-1, max-image-preview:large, max-video-preview:-1\" \/>\n<link rel=\"canonical\" href=\"https:\/\/challengeseconomiques.com\/?p=6976\" \/>\n<meta property=\"og:locale\" content=\"fr_FR\" \/>\n<meta property=\"og:type\" content=\"article\" \/>\n<meta property=\"og:title\" content=\"Entrepreneuriat africain : \u00ab Shop Me Away \u00bb de Racine Sarr, l\u2019impact tangible du programme d\u2019entrepreneuriat de la Fondation Tony Elumelu - challenges economiques\" \/>\n<meta property=\"og:description\" content=\"Tony Elumelu, architecte renomm\u00e9 de l\u2019entrepreneuriat africain, s\u2019est r\u00e9cemment rendu au S\u00e9n\u00e9gal, fid\u00e8le \u00e0 son engagement in\u00e9branlable en faveur de la transformation \u00e9conomique du continent....\" \/>\n<meta property=\"og:url\" content=\"https:\/\/challengeseconomiques.com\/?p=6976\" \/>\n<meta property=\"og:site_name\" content=\"challenges economiques\" \/>\n<meta property=\"article:published_time\" content=\"2024-09-10T10:14:00+00:00\" \/>\n<meta property=\"article:modified_time\" content=\"2024-09-10T10:14:36+00:00\" \/>\n<meta property=\"og:image\" content=\"https:\/\/challengeseconomiques.com\/wp-content\/uploads\/2024\/09\/UBA.png\" \/>\n\t<meta property=\"og:image:width\" content=\"696\" \/>\n\t<meta property=\"og:image:height\" content=\"391\" \/>\n\t<meta property=\"og:image:type\" content=\"image\/png\" \/>\n<meta name=\"author\" content=\"admin\" \/>\n<meta name=\"twitter:card\" content=\"summary_large_image\" \/>\n<meta name=\"twitter:label1\" content=\"\u00c9crit par\" \/>\n\t<meta name=\"twitter:data1\" content=\"admin\" \/>\n\t<meta name=\"twitter:label2\" content=\"Dur\u00e9e de lecture estim\u00e9e\" \/>\n\t<meta name=\"twitter:data2\" content=\"3 minutes\" \/>\n<script type=\"application\/ld+json\" class=\"yoast-schema-graph\">{\"@context\":\"https:\/\/schema.org\",\"@graph\":[{\"@type\":\"Article\",\"@id\":\"https:\/\/challengeseconomiques.com\/?p=6976#article\",\"isPartOf\":{\"@id\":\"https:\/\/challengeseconomiques.com\/?p=6976\"},\"author\":{\"name\":\"admin\",\"@id\":\"https:\/\/challengeseconomiques.com\/#\/schema\/person\/b4568c9afebc5a9238a771873801e349\"},\"headline\":\"Entrepreneuriat africain : \u00ab Shop Me Away \u00bb de Racine Sarr, l\u2019impact tangible du programme d\u2019entrepreneuriat de la Fondation Tony Elumelu\",\"datePublished\":\"2024-09-10T10:14:00+00:00\",\"dateModified\":\"2024-09-10T10:14:36+00:00\",\"mainEntityOfPage\":{\"@id\":\"https:\/\/challengeseconomiques.com\/?p=6976\"},\"wordCount\":710,\"image\":{\"@id\":\"https:\/\/challengeseconomiques.com\/?p=6976#primaryimage\"},\"thumbnailUrl\":\"https:\/\/challengeseconomiques.com\/wp-content\/uploads\/2024\/09\/UBA.png\",\"articleSection\":[\"Actualit\u00e9 \u00e9conomique\"],\"inLanguage\":\"fr-FR\"},{\"@type\":\"WebPage\",\"@id\":\"https:\/\/challengeseconomiques.com\/?p=6976\",\"url\":\"https:\/\/challengeseconomiques.com\/?p=6976\",\"name\":\"Entrepreneuriat africain : \u00ab Shop Me Away \u00bb de Racine Sarr, l\u2019impact tangible du programme d\u2019entrepreneuriat de la Fondation Tony Elumelu - challenges economiques\",\"isPartOf\":{\"@id\":\"https:\/\/challengeseconomiques.com\/#website\"},\"primaryImageOfPage\":{\"@id\":\"https:\/\/challengeseconomiques.com\/?p=6976#primaryimage\"},\"image\":{\"@id\":\"https:\/\/challengeseconomiques.com\/?p=6976#primaryimage\"},\"thumbnailUrl\":\"https:\/\/challengeseconomiques.com\/wp-content\/uploads\/2024\/09\/UBA.png\",\"datePublished\":\"2024-09-10T10:14:00+00:00\",\"dateModified\":\"2024-09-10T10:14:36+00:00\",\"author\":{\"@id\":\"https:\/\/challengeseconomiques.com\/#\/schema\/person\/b4568c9afebc5a9238a771873801e349\"},\"breadcrumb\":{\"@id\":\"https:\/\/challengeseconomiques.com\/?p=6976#breadcrumb\"},\"inLanguage\":\"fr-FR\",\"potentialAction\":[{\"@type\":\"ReadAction\",\"target\":[\"https:\/\/challengeseconomiques.com\/?p=6976\"]}]},{\"@type\":\"ImageObject\",\"inLanguage\":\"fr-FR\",\"@id\":\"https:\/\/challengeseconomiques.com\/?p=6976#primaryimage\",\"url\":\"https:\/\/challengeseconomiques.com\/wp-content\/uploads\/2024\/09\/UBA.png\",\"contentUrl\":\"https:\/\/challengeseconomiques.com\/wp-content\/uploads\/2024\/09\/UBA.png\",\"width\":696,\"height\":391},{\"@type\":\"BreadcrumbList\",\"@id\":\"https:\/\/challengeseconomiques.com\/?p=6976#breadcrumb\",\"itemListElement\":[{\"@type\":\"ListItem\",\"position\":1,\"name\":\"Home\",\"item\":\"https:\/\/challengeseconomiques.com\/\"},{\"@type\":\"ListItem\",\"position\":2,\"name\":\"Entrepreneuriat africain : \u00ab Shop Me Away \u00bb de Racine Sarr, l\u2019impact tangible du programme d\u2019entrepreneuriat de la Fondation Tony Elumelu\"}]},{\"@type\":\"WebSite\",\"@id\":\"https:\/\/challengeseconomiques.com\/#website\",\"url\":\"https:\/\/challengeseconomiques.com\/\",\"name\":\"challenges economiques\",\"description\":\"\",\"potentialAction\":[{\"@type\":\"SearchAction\",\"target\":{\"@type\":\"EntryPoint\",\"urlTemplate\":\"https:\/\/challengeseconomiques.com\/?s={search_term_string}\"},\"query-input\":{\"@type\":\"PropertyValueSpecification\",\"valueRequired\":true,\"valueName\":\"search_term_string\"}}],\"inLanguage\":\"fr-FR\"},{\"@type\":\"Person\",\"@id\":\"https:\/\/challengeseconomiques.com\/#\/schema\/person\/b4568c9afebc5a9238a771873801e349\",\"name\":\"admin\",\"image\":{\"@type\":\"ImageObject\",\"inLanguage\":\"fr-FR\",\"@id\":\"https:\/\/challengeseconomiques.com\/#\/schema\/person\/image\/\",\"url\":\"https:\/\/secure.gravatar.com\/avatar\/099e42240b5eea11acdb72751fcce0dd918603f0749d24974b7984ea47ed9fd9?s=96&d=mm&r=g\",\"contentUrl\":\"https:\/\/secure.gravatar.com\/avatar\/099e42240b5eea11acdb72751fcce0dd918603f0749d24974b7984ea47ed9fd9?s=96&d=mm&r=g\",\"caption\":\"admin\"},\"sameAs\":[\"https:\/\/challengeseconomiques.com\"],\"url\":\"https:\/\/challengeseconomiques.com\/?author=1\"}]}<\/script>\n<!-- \/ Yoast SEO plugin. -->","yoast_head_json":{"title":"Entrepreneuriat africain : \u00ab Shop Me Away \u00bb de Racine Sarr, l\u2019impact tangible du programme d\u2019entrepreneuriat de la Fondation Tony Elumelu - challenges economiques","robots":{"index":"index","follow":"follow","max-snippet":"max-snippet:-1","max-image-preview":"max-image-preview:large","max-video-preview":"max-video-preview:-1"},"canonical":"https:\/\/challengeseconomiques.com\/?p=6976","og_locale":"fr_FR","og_type":"article","og_title":"Entrepreneuriat africain : \u00ab Shop Me Away \u00bb de Racine Sarr, l\u2019impact tangible du programme d\u2019entrepreneuriat de la Fondation Tony Elumelu - challenges economiques","og_description":"Tony Elumelu, architecte renomm\u00e9 de l\u2019entrepreneuriat africain, s\u2019est r\u00e9cemment rendu au S\u00e9n\u00e9gal, fid\u00e8le \u00e0 son engagement in\u00e9branlable en faveur de la transformation \u00e9conomique du continent....","og_url":"https:\/\/challengeseconomiques.com\/?p=6976","og_site_name":"challenges economiques","article_published_time":"2024-09-10T10:14:00+00:00","article_modified_time":"2024-09-10T10:14:36+00:00","og_image":[{"width":696,"height":391,"url":"https:\/\/challengeseconomiques.com\/wp-content\/uploads\/2024\/09\/UBA.png","type":"image\/png"}],"author":"admin","twitter_card":"summary_large_image","twitter_misc":{"\u00c9crit par":"admin","Dur\u00e9e de lecture estim\u00e9e":"3 minutes"},"schema":{"@context":"https:\/\/schema.org","@graph":[{"@type":"Article","@id":"https:\/\/challengeseconomiques.com\/?p=6976#article","isPartOf":{"@id":"https:\/\/challengeseconomiques.com\/?p=6976"},"author":{"name":"admin","@id":"https:\/\/challengeseconomiques.com\/#\/schema\/person\/b4568c9afebc5a9238a771873801e349"},"headline":"Entrepreneuriat africain : \u00ab Shop Me Away \u00bb de Racine Sarr, l\u2019impact tangible du programme d\u2019entrepreneuriat de la Fondation Tony Elumelu","datePublished":"2024-09-10T10:14:00+00:00","dateModified":"2024-09-10T10:14:36+00:00","mainEntityOfPage":{"@id":"https:\/\/challengeseconomiques.com\/?p=6976"},"wordCount":710,"image":{"@id":"https:\/\/challengeseconomiques.com\/?p=6976#primaryimage"},"thumbnailUrl":"https:\/\/challengeseconomiques.com\/wp-content\/uploads\/2024\/09\/UBA.png","articleSection":["Actualit\u00e9 \u00e9conomique"],"inLanguage":"fr-FR"},{"@type":"WebPage","@id":"https:\/\/challengeseconomiques.com\/?p=6976","url":"https:\/\/challengeseconomiques.com\/?p=6976","name":"Entrepreneuriat africain : \u00ab Shop Me Away \u00bb de Racine Sarr, l\u2019impact tangible du programme d\u2019entrepreneuriat de la Fondation Tony Elumelu - challenges economiques","isPartOf":{"@id":"https:\/\/challengeseconomiques.com\/#website"},"primaryImageOfPage":{"@id":"https:\/\/challengeseconomiques.com\/?p=6976#primaryimage"},"image":{"@id":"https:\/\/challengeseconomiques.com\/?p=6976#primaryimage"},"thumbnailUrl":"https:\/\/challengeseconomiques.com\/wp-content\/uploads\/2024\/09\/UBA.png","datePublished":"2024-09-10T10:14:00+00:00","dateModified":"2024-09-10T10:14:36+00:00","author":{"@id":"https:\/\/challengeseconomiques.com\/#\/schema\/person\/b4568c9afebc5a9238a771873801e349"},"breadcrumb":{"@id":"https:\/\/challengeseconomiques.com\/?p=6976#breadcrumb"},"inLanguage":"fr-FR","potentialAction":[{"@type":"ReadAction","target":["https:\/\/challengeseconomiques.com\/?p=6976"]}]},{"@type":"ImageObject","inLanguage":"fr-FR","@id":"https:\/\/challengeseconomiques.com\/?p=6976#primaryimage","url":"https:\/\/challengeseconomiques.com\/wp-content\/uploads\/2024\/09\/UBA.png","contentUrl":"https:\/\/challengeseconomiques.com\/wp-content\/uploads\/2024\/09\/UBA.png","width":696,"height":391},{"@type":"BreadcrumbList","@id":"https:\/\/challengeseconomiques.com\/?p=6976#breadcrumb","itemListElement":[{"@type":"ListItem","position":1,"name":"Home","item":"https:\/\/challengeseconomiques.com\/"},{"@type":"ListItem","position":2,"name":"Entrepreneuriat africain : \u00ab Shop Me Away \u00bb de Racine Sarr, l\u2019impact tangible du programme d\u2019entrepreneuriat de la Fondation Tony Elumelu"}]},{"@type":"WebSite","@id":"https:\/\/challengeseconomiques.com\/#website","url":"https:\/\/challengeseconomiques.com\/","name":"challenges economiques","description":"","potentialAction":[{"@type":"SearchAction","target":{"@type":"EntryPoint","urlTemplate":"https:\/\/challengeseconomiques.com\/?s={search_term_string}"},"query-input":{"@type":"PropertyValueSpecification","valueRequired":true,"valueName":"search_term_string"}}],"inLanguage":"fr-FR"},{"@type":"Person","@id":"https:\/\/challengeseconomiques.com\/#\/schema\/person\/b4568c9afebc5a9238a771873801e349","name":"admin","image":{"@type":"ImageObject","inLanguage":"fr-FR","@id":"https:\/\/challengeseconomiques.com\/#\/schema\/person\/image\/","url":"https:\/\/secure.gravatar.com\/avatar\/099e42240b5eea11acdb72751fcce0dd918603f0749d24974b7984ea47ed9fd9?s=96&d=mm&r=g","contentUrl":"https:\/\/secure.gravatar.com\/avatar\/099e42240b5eea11acdb72751fcce0dd918603f0749d24974b7984ea47ed9fd9?s=96&d=mm&r=g","caption":"admin"},"sameAs":["https:\/\/challengeseconomiques.com"],"url":"https:\/\/challengeseconomiques.com\/?author=1"}]}},"jetpack_featured_media_url":"https:\/\/challengeseconomiques.com\/wp-content\/uploads\/2024\/09\/UBA.png","jetpack_sharing_enabled":true,"_links":{"self":[{"href":"https:\/\/challengeseconomiques.com\/index.php?rest_route=\/wp\/v2\/posts\/6976","targetHints":{"allow":["GET"]}}],"collection":[{"href":"https:\/\/challengeseconomiques.com\/index.php?rest_route=\/wp\/v2\/posts"}],"about":[{"href":"https:\/\/challengeseconomiques.com\/index.php?rest_route=\/wp\/v2\/types\/post"}],"author":[{"embeddable":true,"href":"https:\/\/challengeseconomiques.com\/index.php?rest_route=\/wp\/v2\/users\/1"}],"replies":[{"embeddable":true,"href":"https:\/\/challengeseconomiques.com\/index.php?rest_route=%2Fwp%2Fv2%2Fcomments&post=6976"}],"version-history":[{"count":1,"href":"https:\/\/challengeseconomiques.com\/index.php?rest_route=\/wp\/v2\/posts\/6976\/revisions"}],"predecessor-version":[{"id":6978,"href":"https:\/\/challengeseconomiques.com\/index.php?rest_route=\/wp\/v2\/posts\/6976\/revisions\/6978"}],"wp:featuredmedia":[{"embeddable":true,"href":"https:\/\/challengeseconomiques.com\/index.php?rest_route=\/wp\/v2\/media\/6977"}],"wp:attachment":[{"href":"https:\/\/challengeseconomiques.com\/index.php?rest_route=%2Fwp%2Fv2%2Fmedia&parent=6976"}],"wp:term":[{"taxonomy":"category","embeddable":true,"href":"https:\/\/challengeseconomiques.com\/index.php?rest_route=%2Fwp%2Fv2%2Fcategories&post=6976"},{"taxonomy":"post_tag","embeddable":true,"href":"https:\/\/challengeseconomiques.com\/index.php?rest_route=%2Fwp%2Fv2%2Ftags&post=6976"}],"curies":[{"name":"wp","href":"https:\/\/api.w.org\/{rel}","templated":true}]}}