{"id":6934,"date":"2024-09-06T12:04:28","date_gmt":"2024-09-06T12:04:28","guid":{"rendered":"https:\/\/challengeseconomiques.com\/?p=6934"},"modified":"2024-09-09T11:51:29","modified_gmt":"2024-09-09T11:51:29","slug":"des-membres-de-la-coalition-and-defarat-chambre-de-commerce-dindustrie-et-dagriculture-de-dakar-apportent-des-eclairages","status":"publish","type":"post","link":"https:\/\/challengeseconomiques.com\/?p=6934","title":{"rendered":"Des membres de la coalition \u00ab And d\u00e9farat Chambre de commerce, d\u2019industrie et d\u2019agriculture de Dakar \u00bb apportent des \u00e9clairages"},"content":{"rendered":"<p>La Coalition \u00ab\u00a0And d\u00e9farat chambre de commerce, d\u2019industrie et d\u2019agriculture de Dakar\u00a0\u00bb dirig\u00e9e par Ibrahima Diagne laquelle avait fait face \u00e0 la coalition \u00ab\u00a0Disso\u00a0\u00bb dirig\u00e9e par feu Mamadou Lamine Niang, lors de l\u2019\u00e9lection consulaire de la chambre de commerce et d\u2019industrie de Dakar (CCIAD), en 2010 \u00e9tait face aux journalistes hier, mercredi 5 septembre. Ce point de presse avait pour objectif d\u2019\u00e9clairer l\u2019opinion sur de r\u00e9centes sorties et correspondances li\u00e9s \u00e0 la suite qui a \u00e9t\u00e9 donn\u00e9e au contentieux n\u00e9 apr\u00e8s cette \u00e9lection. Pour rappel, le pr\u00e9sident Macky Sall alors aux affaires avait trouv\u00e9 une solution \u00e0 ce contentieux \u00e0 laquelle avait adh\u00e9r\u00e9 les responsables des deux coalitions. Il s\u2019agissait de laisser de laisser Mamadou Lamine Niang terminer son mandat, de ne pas organiser d\u2019autres \u00e9lections et d\u2019effectuer une r\u00e9partition paritaire de tous les organes de l\u2019institution. C\u2019est ce qui avait permis Mamadou Lamine Niang de poursuivre son magist\u00e8re, jusqu\u2019\u00e0 son d\u00e9c\u00e8s. Le pr\u00e9sident Mamadou Lamine Niang a \u00e9t\u00e9 remplac\u00e9 par la suite \u00e0 l\u2019issue d\u2019une Assembl\u00e9e g\u00e9n\u00e9rale tenue en 2019. Cette AG avait port\u00e9 \u00e0 la t\u00eate de l\u2019institution consulaire Abdoulaye Sow. Cette instance avait \u00e9galement permis \u00e0 certains membres de la coalition \u00ab\u00a0And d\u00e9farat chambre de commerce\u00a0\u00bb d\u2019int\u00e9grer le bureau de l\u2019institution consulaire avec \u00a0notamment, Pape Ibrahima Diagne (Grand serigne De Dakar). D\u2019autres membres de cette coalition ont \u00e9t\u00e9 plac\u00e9s \u00e0 la t\u00eate de commissions cr\u00e9es par le nouveau pr\u00e9sident Sow. Il s\u2019agit de la pr\u00e9sidente de l\u2019AFAO, Mme Khady Fall Tall. Elle dirige la Commission genre de la CCIAD et de M\u00a0.Gora Adj qui lui dirige la commission industrialisation.<\/p>\n<p>Les responsables de cette coalition \u00e9lectorale ont affirm\u00e9 devant les journalistes que M. Birane Yaya Wane, membre de cette coalition, dans ces diff\u00e9rentes sorties m\u00e9diatiques, ne parlait pas \u00a0en leur nom ni au nom de la coalition. Cette derni\u00e8re ont-ils pr\u00e9cis\u00e9 \u00e0 un pr\u00e9sident lequel \u00e9tait leur t\u00eate de liste. Il s\u2019agit de Ibrahima Diagne, administrateur de soci\u00e9t\u00e9s. Ce dernier \u00e0 les en croire n\u2019a pas mandat\u00e9 M. Wane pour parler au nom de la coalition \u00ab\u00a0And d\u00e9far chambre de commerce\u00a0\u00bb. Mme Khady Fall Tall a d\u00e9clar\u00e9 que ne parlant en leur nom, M. Wane parle certainement au nom de quelqu\u2019un d\u2019autre. Elle a demand\u00e9 \u00e0 celui pour le compte duquel agit M. de Wone de sortir du bois.<\/p>\n<p>Ces membres de l\u2019ex coalition and d\u00e9far chambre de commerce ont affirm\u00e9 apporter tout leur soutien \u00e0 l\u2019actuel pr\u00e9sident de la CCIAD qui selon eux fait un excellent travail \u00e0 la t\u00eate de la chambre de commerce. Et l\u2019endroit de l\u2019opinion et des nouvelles autorit\u00e9s, Khady Fall Tall a clairement indiqu\u00e9 que c\u2019est \u00e0 l\u2019Etat d\u2019organiser des \u00e9lections consulaires non \u00e0 la chambre.<\/p>\n<p>C\u2019est pourquoi Gora Adj a averti\u00a0:\u00a0\u00ab\u00a0il faut arr\u00eater\u00a0\u00bb.<\/p>\n","protected":false},"excerpt":{"rendered":"<p>La Coalition \u00ab\u00a0And d\u00e9farat chambre de commerce, d\u2019industrie et d\u2019agriculture de Dakar\u00a0\u00bb dirig\u00e9e par Ibrahima Diagne laquelle avait fait face \u00e0 la coalition \u00ab\u00a0Disso\u00a0\u00bb dirig\u00e9e&#8230;<\/p>\n","protected":false},"author":3,"featured_media":6936,"comment_status":"closed","ping_status":"open","sticky":false,"template":"","format":"standard","meta":{"_jetpack_memberships_contains_paid_content":false,"footnotes":""},"categories":[23],"tags":[],"class_list":["post-6934","post","type-post","status-publish","format-standard","has-post-thumbnail","hentry","category-a-la-une","wpcat-23-id"],"yoast_head":"<!-- This site is optimized with the Yoast SEO plugin v27.1.1 - https:\/\/yoast.com\/product\/yoast-seo-wordpress\/ -->\n<title>Des membres de la coalition \u00ab And d\u00e9farat Chambre de commerce, d\u2019industrie et d\u2019agriculture de Dakar \u00bb apportent des \u00e9clairages - challenges economiques<\/title>\n<meta name=\"robots\" content=\"index, follow, max-snippet:-1, max-image-preview:large, max-video-preview:-1\" \/>\n<link rel=\"canonical\" href=\"https:\/\/challengeseconomiques.com\/?p=6934\" \/>\n<meta property=\"og:locale\" content=\"fr_FR\" \/>\n<meta property=\"og:type\" content=\"article\" \/>\n<meta property=\"og:title\" content=\"Des membres de la coalition \u00ab And d\u00e9farat Chambre de commerce, d\u2019industrie et d\u2019agriculture de Dakar \u00bb apportent des \u00e9clairages - challenges economiques\" \/>\n<meta property=\"og:description\" content=\"La Coalition \u00ab\u00a0And d\u00e9farat chambre de commerce, d\u2019industrie et d\u2019agriculture de Dakar\u00a0\u00bb dirig\u00e9e par Ibrahima Diagne laquelle avait fait face \u00e0 la coalition \u00ab\u00a0Disso\u00a0\u00bb dirig\u00e9e...\" \/>\n<meta property=\"og:url\" content=\"https:\/\/challengeseconomiques.com\/?p=6934\" \/>\n<meta property=\"og:site_name\" content=\"challenges economiques\" \/>\n<meta property=\"article:published_time\" content=\"2024-09-06T12:04:28+00:00\" \/>\n<meta property=\"article:modified_time\" content=\"2024-09-09T11:51:29+00:00\" \/>\n<meta property=\"og:image\" content=\"https:\/\/challengeseconomiques.com\/wp-content\/uploads\/2024\/09\/andefaraatbon.jpg\" \/>\n\t<meta property=\"og:image:width\" content=\"1600\" \/>\n\t<meta property=\"og:image:height\" content=\"1059\" \/>\n\t<meta property=\"og:image:type\" content=\"image\/jpeg\" \/>\n<meta name=\"author\" content=\"aliou kane ndiaye\" \/>\n<meta name=\"twitter:card\" content=\"summary_large_image\" \/>\n<meta name=\"twitter:label1\" content=\"\u00c9crit par\" \/>\n\t<meta name=\"twitter:data1\" content=\"aliou kane ndiaye\" \/>\n\t<meta name=\"twitter:label2\" content=\"Dur\u00e9e de lecture estim\u00e9e\" \/>\n\t<meta name=\"twitter:data2\" content=\"3 minutes\" \/>\n<script type=\"application\/ld+json\" class=\"yoast-schema-graph\">{\"@context\":\"https:\/\/schema.org\",\"@graph\":[{\"@type\":\"Article\",\"@id\":\"https:\/\/challengeseconomiques.com\/?p=6934#article\",\"isPartOf\":{\"@id\":\"https:\/\/challengeseconomiques.com\/?p=6934\"},\"author\":{\"name\":\"aliou kane ndiaye\",\"@id\":\"https:\/\/challengeseconomiques.com\/#\/schema\/person\/2f70a31e102db1741c1a1c00c2bbd8a6\"},\"headline\":\"Des membres de la coalition \u00ab And d\u00e9farat Chambre de commerce, d\u2019industrie et d\u2019agriculture de Dakar \u00bb apportent des \u00e9clairages\",\"datePublished\":\"2024-09-06T12:04:28+00:00\",\"dateModified\":\"2024-09-09T11:51:29+00:00\",\"mainEntityOfPage\":{\"@id\":\"https:\/\/challengeseconomiques.com\/?p=6934\"},\"wordCount\":528,\"image\":{\"@id\":\"https:\/\/challengeseconomiques.com\/?p=6934#primaryimage\"},\"thumbnailUrl\":\"https:\/\/challengeseconomiques.com\/wp-content\/uploads\/2024\/09\/andefaraatbon.jpg\",\"articleSection\":[\"A la une\"],\"inLanguage\":\"fr-FR\"},{\"@type\":\"WebPage\",\"@id\":\"https:\/\/challengeseconomiques.com\/?p=6934\",\"url\":\"https:\/\/challengeseconomiques.com\/?p=6934\",\"name\":\"Des membres de la coalition \u00ab And d\u00e9farat Chambre de commerce, d\u2019industrie et d\u2019agriculture de Dakar \u00bb apportent des \u00e9clairages - challenges economiques\",\"isPartOf\":{\"@id\":\"https:\/\/challengeseconomiques.com\/#website\"},\"primaryImageOfPage\":{\"@id\":\"https:\/\/challengeseconomiques.com\/?p=6934#primaryimage\"},\"image\":{\"@id\":\"https:\/\/challengeseconomiques.com\/?p=6934#primaryimage\"},\"thumbnailUrl\":\"https:\/\/challengeseconomiques.com\/wp-content\/uploads\/2024\/09\/andefaraatbon.jpg\",\"datePublished\":\"2024-09-06T12:04:28+00:00\",\"dateModified\":\"2024-09-09T11:51:29+00:00\",\"author\":{\"@id\":\"https:\/\/challengeseconomiques.com\/#\/schema\/person\/2f70a31e102db1741c1a1c00c2bbd8a6\"},\"breadcrumb\":{\"@id\":\"https:\/\/challengeseconomiques.com\/?p=6934#breadcrumb\"},\"inLanguage\":\"fr-FR\",\"potentialAction\":[{\"@type\":\"ReadAction\",\"target\":[\"https:\/\/challengeseconomiques.com\/?p=6934\"]}]},{\"@type\":\"ImageObject\",\"inLanguage\":\"fr-FR\",\"@id\":\"https:\/\/challengeseconomiques.com\/?p=6934#primaryimage\",\"url\":\"https:\/\/challengeseconomiques.com\/wp-content\/uploads\/2024\/09\/andefaraatbon.jpg\",\"contentUrl\":\"https:\/\/challengeseconomiques.com\/wp-content\/uploads\/2024\/09\/andefaraatbon.jpg\",\"width\":1600,\"height\":1059},{\"@type\":\"BreadcrumbList\",\"@id\":\"https:\/\/challengeseconomiques.com\/?p=6934#breadcrumb\",\"itemListElement\":[{\"@type\":\"ListItem\",\"position\":1,\"name\":\"Home\",\"item\":\"https:\/\/challengeseconomiques.com\/\"},{\"@type\":\"ListItem\",\"position\":2,\"name\":\"Des membres de la coalition \u00ab And d\u00e9farat Chambre de commerce, d\u2019industrie et d\u2019agriculture de Dakar \u00bb apportent des \u00e9clairages\"}]},{\"@type\":\"WebSite\",\"@id\":\"https:\/\/challengeseconomiques.com\/#website\",\"url\":\"https:\/\/challengeseconomiques.com\/\",\"name\":\"challenges economiques\",\"description\":\"\",\"potentialAction\":[{\"@type\":\"SearchAction\",\"target\":{\"@type\":\"EntryPoint\",\"urlTemplate\":\"https:\/\/challengeseconomiques.com\/?s={search_term_string}\"},\"query-input\":{\"@type\":\"PropertyValueSpecification\",\"valueRequired\":true,\"valueName\":\"search_term_string\"}}],\"inLanguage\":\"fr-FR\"},{\"@type\":\"Person\",\"@id\":\"https:\/\/challengeseconomiques.com\/#\/schema\/person\/2f70a31e102db1741c1a1c00c2bbd8a6\",\"name\":\"aliou kane ndiaye\",\"image\":{\"@type\":\"ImageObject\",\"inLanguage\":\"fr-FR\",\"@id\":\"https:\/\/challengeseconomiques.com\/#\/schema\/person\/image\/\",\"url\":\"https:\/\/secure.gravatar.com\/avatar\/df942321e58711a9f1fee838e446766660477bacd4b42fa20400d2c7cf4da7ca?s=96&d=mm&r=g\",\"contentUrl\":\"https:\/\/secure.gravatar.com\/avatar\/df942321e58711a9f1fee838e446766660477bacd4b42fa20400d2c7cf4da7ca?s=96&d=mm&r=g\",\"caption\":\"aliou kane ndiaye\"},\"sameAs\":[\"http:\/\/www.challengeseconomiques.com\"],\"url\":\"https:\/\/challengeseconomiques.com\/?author=3\"}]}<\/script>\n<!-- \/ Yoast SEO plugin. -->","yoast_head_json":{"title":"Des membres de la coalition \u00ab And d\u00e9farat Chambre de commerce, d\u2019industrie et d\u2019agriculture de Dakar \u00bb apportent des \u00e9clairages - challenges economiques","robots":{"index":"index","follow":"follow","max-snippet":"max-snippet:-1","max-image-preview":"max-image-preview:large","max-video-preview":"max-video-preview:-1"},"canonical":"https:\/\/challengeseconomiques.com\/?p=6934","og_locale":"fr_FR","og_type":"article","og_title":"Des membres de la coalition \u00ab And d\u00e9farat Chambre de commerce, d\u2019industrie et d\u2019agriculture de Dakar \u00bb apportent des \u00e9clairages - challenges economiques","og_description":"La Coalition \u00ab\u00a0And d\u00e9farat chambre de commerce, d\u2019industrie et d\u2019agriculture de Dakar\u00a0\u00bb dirig\u00e9e par Ibrahima Diagne laquelle avait fait face \u00e0 la coalition \u00ab\u00a0Disso\u00a0\u00bb dirig\u00e9e...","og_url":"https:\/\/challengeseconomiques.com\/?p=6934","og_site_name":"challenges economiques","article_published_time":"2024-09-06T12:04:28+00:00","article_modified_time":"2024-09-09T11:51:29+00:00","og_image":[{"width":1600,"height":1059,"url":"https:\/\/challengeseconomiques.com\/wp-content\/uploads\/2024\/09\/andefaraatbon.jpg","type":"image\/jpeg"}],"author":"aliou kane ndiaye","twitter_card":"summary_large_image","twitter_misc":{"\u00c9crit par":"aliou kane ndiaye","Dur\u00e9e de lecture estim\u00e9e":"3 minutes"},"schema":{"@context":"https:\/\/schema.org","@graph":[{"@type":"Article","@id":"https:\/\/challengeseconomiques.com\/?p=6934#article","isPartOf":{"@id":"https:\/\/challengeseconomiques.com\/?p=6934"},"author":{"name":"aliou kane ndiaye","@id":"https:\/\/challengeseconomiques.com\/#\/schema\/person\/2f70a31e102db1741c1a1c00c2bbd8a6"},"headline":"Des membres de la coalition \u00ab And d\u00e9farat Chambre de commerce, d\u2019industrie et d\u2019agriculture de Dakar \u00bb apportent des \u00e9clairages","datePublished":"2024-09-06T12:04:28+00:00","dateModified":"2024-09-09T11:51:29+00:00","mainEntityOfPage":{"@id":"https:\/\/challengeseconomiques.com\/?p=6934"},"wordCount":528,"image":{"@id":"https:\/\/challengeseconomiques.com\/?p=6934#primaryimage"},"thumbnailUrl":"https:\/\/challengeseconomiques.com\/wp-content\/uploads\/2024\/09\/andefaraatbon.jpg","articleSection":["A la une"],"inLanguage":"fr-FR"},{"@type":"WebPage","@id":"https:\/\/challengeseconomiques.com\/?p=6934","url":"https:\/\/challengeseconomiques.com\/?p=6934","name":"Des membres de la coalition \u00ab And d\u00e9farat Chambre de commerce, d\u2019industrie et d\u2019agriculture de Dakar \u00bb apportent des \u00e9clairages - challenges economiques","isPartOf":{"@id":"https:\/\/challengeseconomiques.com\/#website"},"primaryImageOfPage":{"@id":"https:\/\/challengeseconomiques.com\/?p=6934#primaryimage"},"image":{"@id":"https:\/\/challengeseconomiques.com\/?p=6934#primaryimage"},"thumbnailUrl":"https:\/\/challengeseconomiques.com\/wp-content\/uploads\/2024\/09\/andefaraatbon.jpg","datePublished":"2024-09-06T12:04:28+00:00","dateModified":"2024-09-09T11:51:29+00:00","author":{"@id":"https:\/\/challengeseconomiques.com\/#\/schema\/person\/2f70a31e102db1741c1a1c00c2bbd8a6"},"breadcrumb":{"@id":"https:\/\/challengeseconomiques.com\/?p=6934#breadcrumb"},"inLanguage":"fr-FR","potentialAction":[{"@type":"ReadAction","target":["https:\/\/challengeseconomiques.com\/?p=6934"]}]},{"@type":"ImageObject","inLanguage":"fr-FR","@id":"https:\/\/challengeseconomiques.com\/?p=6934#primaryimage","url":"https:\/\/challengeseconomiques.com\/wp-content\/uploads\/2024\/09\/andefaraatbon.jpg","contentUrl":"https:\/\/challengeseconomiques.com\/wp-content\/uploads\/2024\/09\/andefaraatbon.jpg","width":1600,"height":1059},{"@type":"BreadcrumbList","@id":"https:\/\/challengeseconomiques.com\/?p=6934#breadcrumb","itemListElement":[{"@type":"ListItem","position":1,"name":"Home","item":"https:\/\/challengeseconomiques.com\/"},{"@type":"ListItem","position":2,"name":"Des membres de la coalition \u00ab And d\u00e9farat Chambre de commerce, d\u2019industrie et d\u2019agriculture de Dakar \u00bb apportent des \u00e9clairages"}]},{"@type":"WebSite","@id":"https:\/\/challengeseconomiques.com\/#website","url":"https:\/\/challengeseconomiques.com\/","name":"challenges economiques","description":"","potentialAction":[{"@type":"SearchAction","target":{"@type":"EntryPoint","urlTemplate":"https:\/\/challengeseconomiques.com\/?s={search_term_string}"},"query-input":{"@type":"PropertyValueSpecification","valueRequired":true,"valueName":"search_term_string"}}],"inLanguage":"fr-FR"},{"@type":"Person","@id":"https:\/\/challengeseconomiques.com\/#\/schema\/person\/2f70a31e102db1741c1a1c00c2bbd8a6","name":"aliou kane ndiaye","image":{"@type":"ImageObject","inLanguage":"fr-FR","@id":"https:\/\/challengeseconomiques.com\/#\/schema\/person\/image\/","url":"https:\/\/secure.gravatar.com\/avatar\/df942321e58711a9f1fee838e446766660477bacd4b42fa20400d2c7cf4da7ca?s=96&d=mm&r=g","contentUrl":"https:\/\/secure.gravatar.com\/avatar\/df942321e58711a9f1fee838e446766660477bacd4b42fa20400d2c7cf4da7ca?s=96&d=mm&r=g","caption":"aliou kane ndiaye"},"sameAs":["http:\/\/www.challengeseconomiques.com"],"url":"https:\/\/challengeseconomiques.com\/?author=3"}]}},"jetpack_featured_media_url":"https:\/\/challengeseconomiques.com\/wp-content\/uploads\/2024\/09\/andefaraatbon.jpg","jetpack_sharing_enabled":true,"_links":{"self":[{"href":"https:\/\/challengeseconomiques.com\/index.php?rest_route=\/wp\/v2\/posts\/6934","targetHints":{"allow":["GET"]}}],"collection":[{"href":"https:\/\/challengeseconomiques.com\/index.php?rest_route=\/wp\/v2\/posts"}],"about":[{"href":"https:\/\/challengeseconomiques.com\/index.php?rest_route=\/wp\/v2\/types\/post"}],"author":[{"embeddable":true,"href":"https:\/\/challengeseconomiques.com\/index.php?rest_route=\/wp\/v2\/users\/3"}],"replies":[{"embeddable":true,"href":"https:\/\/challengeseconomiques.com\/index.php?rest_route=%2Fwp%2Fv2%2Fcomments&post=6934"}],"version-history":[{"count":1,"href":"https:\/\/challengeseconomiques.com\/index.php?rest_route=\/wp\/v2\/posts\/6934\/revisions"}],"predecessor-version":[{"id":6937,"href":"https:\/\/challengeseconomiques.com\/index.php?rest_route=\/wp\/v2\/posts\/6934\/revisions\/6937"}],"wp:featuredmedia":[{"embeddable":true,"href":"https:\/\/challengeseconomiques.com\/index.php?rest_route=\/wp\/v2\/media\/6936"}],"wp:attachment":[{"href":"https:\/\/challengeseconomiques.com\/index.php?rest_route=%2Fwp%2Fv2%2Fmedia&parent=6934"}],"wp:term":[{"taxonomy":"category","embeddable":true,"href":"https:\/\/challengeseconomiques.com\/index.php?rest_route=%2Fwp%2Fv2%2Fcategories&post=6934"},{"taxonomy":"post_tag","embeddable":true,"href":"https:\/\/challengeseconomiques.com\/index.php?rest_route=%2Fwp%2Fv2%2Ftags&post=6934"}],"curies":[{"name":"wp","href":"https:\/\/api.w.org\/{rel}","templated":true}]}}