{"id":6913,"date":"2024-08-29T13:49:50","date_gmt":"2024-08-29T13:49:50","guid":{"rendered":"https:\/\/challengeseconomiques.com\/?p=6913"},"modified":"2024-08-29T13:50:36","modified_gmt":"2024-08-29T13:50:36","slug":"pour-renforcer-les-investissements-prives-espagnols-en-afrique-de-louest-la-cofides-et-le-fonsis-nouent-un-partenariat-strategique","status":"publish","type":"post","link":"https:\/\/challengeseconomiques.com\/?p=6913","title":{"rendered":"Pour renforcer les investissements priv\u00e9s espagnols en Afrique de l\u2019Ouest, la COFIDES et le FONSIS nouent un partenariat strat\u00e9gique"},"content":{"rendered":"<p>C\u2019est en vue de renforcer les investissements priv\u00e9s espagnols, au S\u00e9n\u00e9gal et dans l\u2019ensemble de la r\u00e9gion ouest-africaine que la Compagnie Espagnole de Financement du D\u00e9veloppement (<strong>COFIDES<\/strong>) et le Fonds Souverain d\u2019Investissements Strat\u00e9giques du S\u00e9n\u00e9gal (<strong>FONSIS<\/strong>) ont nou\u00e9 une alliance strat\u00e9gique. La convention de partenariat a \u00e9t\u00e9 sign\u00e9e le mercredi 28 ao\u00fbt 2024, \u00e0 Dakar informe un communiqu\u00e9.<\/p>\n<p>La coop\u00e9ration entre COFIDES et FONSIS a pour objectif d\u2019\u00e9tablir un cadre de collaboration volontaire, en mettant l&rsquo;accent sur le d\u00e9veloppement des partenariats entre les entreprises espagnoles et les secteurs priv\u00e9 et public s\u00e9n\u00e9galais indique ce communiqu\u00e9.<\/p>\n<p>Un partenariat entre ces deux structures poursuit le communiqu\u00e9 permettra une synergie d\u2019actions dans la stimulation des investissements dans des secteurs critiques tels que les \u00e9nergies renouvelables et les infrastructures au niveau mondial, pour le d\u00e9veloppement de la r\u00e9gion.<\/p>\n<p>La signature de cette convention s\u2019est d\u00e9roul\u00e9e lors de la visite officielle du Premier ministre espagnol et en pr\u00e9sence du ministre s\u00e9n\u00e9galais de l\u2019\u00c9conomie, du Plan et de la Coop\u00e9ration pr\u00e9cise le communiqu\u00e9.<\/p>\n<p>Cet accord met en lumi\u00e8re la volont\u00e9 de fournir un appui financier solide aux investisseurs espagnols d\u00e9sireux d&rsquo;explorer les opportunit\u00e9s prometteuses qu\u2019offre le S\u00e9n\u00e9gal et, plus largement, la r\u00e9gion ouest-africaine, en particulier dans les secteurs strat\u00e9giques essentiels au d\u00e9veloppement durable de la r\u00e9gion.<\/p>\n<p>Le Directeur g\u00e9n\u00e9ral du FONSIS, Babacar Gning a soulign\u00e9, \u00a0l\u2019importance de ce partenariat en d\u00e9clarant lors de la c\u00e9r\u00e9monie de signature que : \u00ab Cette alliance strat\u00e9gique entre FONSIS et COFIDES marque une \u00e9tape cl\u00e9 dans notre strat\u00e9gie d\u2019attirer et de faciliter des investissements significatifs au S\u00e9n\u00e9gal et en Afrique de l\u2019Ouest. Notre partenariat refl\u00e8te donc non seulement les liens \u00e9conomiques solides entre le S\u00e9n\u00e9gal et l\u2019Espagne, mais il illustre \u00e9galement notre engagement commun pour le d\u00e9veloppement durable. Nous sommes convaincus que cette collaboration stimulera des projets transformateurs qui correspondent \u00e0 notre vision de croissance \u00e9conomique, de cr\u00e9ation d&#8217;emplois et d&rsquo;innovation dans des secteurs cl\u00e9s tels que les \u00e9nergies renouvelables et les infrastructures. FONSIS est fier de s\u2019associer \u00e0 COFIDES pour ouvrir de nouvelles perspectives et favoriser la prosp\u00e9rit\u00e9 \u00e0 long terme de nos nations. \u00bb<\/p>\n<p>\u00c1ngela P\u00e9rez, Pr\u00e9sidente et Directrice G\u00e9n\u00e9rale de COFIDES a quant \u00e0 lui ajout\u00e9 \u00a0que : \u00ab COFIDES et FONSIS sont pr\u00eats \u00e0 unir leurs forces pour financer des investissements du secteur priv\u00e9 dans des domaines strat\u00e9giques d\u2019int\u00e9r\u00eat commun. Nous sommes convaincus que la convention sign\u00e9e aujourd&rsquo;hui repr\u00e9sente une \u00e9tape cruciale pour renforcer la collaboration \u00e9conomique entre le S\u00e9n\u00e9gal et l\u2019Espagne. Nous appr\u00e9cions particuli\u00e8rement la stabilit\u00e9 et le climat d\u2019investissement favorable que le S\u00e9n\u00e9gal offre \u00e0 nos entreprises. COFIDES s&rsquo;engage \u00e0 mettre \u00e0 profit son expertise pour accompagner les investisseurs espagnols dans leur exploration de nouvelles opportunit\u00e9s en Afrique. \u00bb<\/p>\n<p>&nbsp;<\/p>\n","protected":false},"excerpt":{"rendered":"<p>C\u2019est en vue de renforcer les investissements priv\u00e9s espagnols, au S\u00e9n\u00e9gal et dans l\u2019ensemble de la r\u00e9gion ouest-africaine que la Compagnie Espagnole de Financement du&#8230;<\/p>\n","protected":false},"author":1,"featured_media":6914,"comment_status":"closed","ping_status":"open","sticky":false,"template":"","format":"standard","meta":{"_jetpack_memberships_contains_paid_content":false,"footnotes":""},"categories":[8],"tags":[],"class_list":["post-6913","post","type-post","status-publish","format-standard","has-post-thumbnail","hentry","category-actualite-economique","wpcat-8-id"],"yoast_head":"<!-- This site is optimized with the Yoast SEO plugin v27.1.1 - https:\/\/yoast.com\/product\/yoast-seo-wordpress\/ -->\n<title>Pour renforcer les investissements priv\u00e9s espagnols en Afrique de l\u2019Ouest, la COFIDES et le FONSIS nouent un partenariat strat\u00e9gique - challenges economiques<\/title>\n<meta name=\"robots\" content=\"index, follow, max-snippet:-1, max-image-preview:large, max-video-preview:-1\" \/>\n<link rel=\"canonical\" href=\"https:\/\/challengeseconomiques.com\/?p=6913\" \/>\n<meta property=\"og:locale\" content=\"fr_FR\" \/>\n<meta property=\"og:type\" content=\"article\" \/>\n<meta property=\"og:title\" content=\"Pour renforcer les investissements priv\u00e9s espagnols en Afrique de l\u2019Ouest, la COFIDES et le FONSIS nouent un partenariat strat\u00e9gique - challenges economiques\" \/>\n<meta property=\"og:description\" content=\"C\u2019est en vue de renforcer les investissements priv\u00e9s espagnols, au S\u00e9n\u00e9gal et dans l\u2019ensemble de la r\u00e9gion ouest-africaine que la Compagnie Espagnole de Financement du...\" \/>\n<meta property=\"og:url\" content=\"https:\/\/challengeseconomiques.com\/?p=6913\" \/>\n<meta property=\"og:site_name\" content=\"challenges economiques\" \/>\n<meta property=\"article:published_time\" content=\"2024-08-29T13:49:50+00:00\" \/>\n<meta property=\"article:modified_time\" content=\"2024-08-29T13:50:36+00:00\" \/>\n<meta property=\"og:image\" content=\"https:\/\/challengeseconomiques.com\/wp-content\/uploads\/2024\/08\/COFIDESFONSIS2.jpg\" \/>\n\t<meta property=\"og:image:width\" content=\"939\" \/>\n\t<meta property=\"og:image:height\" content=\"702\" \/>\n\t<meta property=\"og:image:type\" content=\"image\/jpeg\" \/>\n<meta name=\"author\" content=\"admin\" \/>\n<meta name=\"twitter:card\" content=\"summary_large_image\" \/>\n<meta name=\"twitter:label1\" content=\"\u00c9crit par\" \/>\n\t<meta name=\"twitter:data1\" content=\"admin\" \/>\n\t<meta name=\"twitter:label2\" content=\"Dur\u00e9e de lecture estim\u00e9e\" \/>\n\t<meta name=\"twitter:data2\" content=\"3 minutes\" \/>\n<script type=\"application\/ld+json\" class=\"yoast-schema-graph\">{\"@context\":\"https:\/\/schema.org\",\"@graph\":[{\"@type\":\"Article\",\"@id\":\"https:\/\/challengeseconomiques.com\/?p=6913#article\",\"isPartOf\":{\"@id\":\"https:\/\/challengeseconomiques.com\/?p=6913\"},\"author\":{\"name\":\"admin\",\"@id\":\"https:\/\/challengeseconomiques.com\/#\/schema\/person\/b4568c9afebc5a9238a771873801e349\"},\"headline\":\"Pour renforcer les investissements priv\u00e9s espagnols en Afrique de l\u2019Ouest, la COFIDES et le FONSIS nouent un partenariat strat\u00e9gique\",\"datePublished\":\"2024-08-29T13:49:50+00:00\",\"dateModified\":\"2024-08-29T13:50:36+00:00\",\"mainEntityOfPage\":{\"@id\":\"https:\/\/challengeseconomiques.com\/?p=6913\"},\"wordCount\":539,\"image\":{\"@id\":\"https:\/\/challengeseconomiques.com\/?p=6913#primaryimage\"},\"thumbnailUrl\":\"https:\/\/challengeseconomiques.com\/wp-content\/uploads\/2024\/08\/COFIDESFONSIS2.jpg\",\"articleSection\":[\"Actualit\u00e9 \u00e9conomique\"],\"inLanguage\":\"fr-FR\"},{\"@type\":\"WebPage\",\"@id\":\"https:\/\/challengeseconomiques.com\/?p=6913\",\"url\":\"https:\/\/challengeseconomiques.com\/?p=6913\",\"name\":\"Pour renforcer les investissements priv\u00e9s espagnols en Afrique de l\u2019Ouest, la COFIDES et le FONSIS nouent un partenariat strat\u00e9gique - challenges economiques\",\"isPartOf\":{\"@id\":\"https:\/\/challengeseconomiques.com\/#website\"},\"primaryImageOfPage\":{\"@id\":\"https:\/\/challengeseconomiques.com\/?p=6913#primaryimage\"},\"image\":{\"@id\":\"https:\/\/challengeseconomiques.com\/?p=6913#primaryimage\"},\"thumbnailUrl\":\"https:\/\/challengeseconomiques.com\/wp-content\/uploads\/2024\/08\/COFIDESFONSIS2.jpg\",\"datePublished\":\"2024-08-29T13:49:50+00:00\",\"dateModified\":\"2024-08-29T13:50:36+00:00\",\"author\":{\"@id\":\"https:\/\/challengeseconomiques.com\/#\/schema\/person\/b4568c9afebc5a9238a771873801e349\"},\"breadcrumb\":{\"@id\":\"https:\/\/challengeseconomiques.com\/?p=6913#breadcrumb\"},\"inLanguage\":\"fr-FR\",\"potentialAction\":[{\"@type\":\"ReadAction\",\"target\":[\"https:\/\/challengeseconomiques.com\/?p=6913\"]}]},{\"@type\":\"ImageObject\",\"inLanguage\":\"fr-FR\",\"@id\":\"https:\/\/challengeseconomiques.com\/?p=6913#primaryimage\",\"url\":\"https:\/\/challengeseconomiques.com\/wp-content\/uploads\/2024\/08\/COFIDESFONSIS2.jpg\",\"contentUrl\":\"https:\/\/challengeseconomiques.com\/wp-content\/uploads\/2024\/08\/COFIDESFONSIS2.jpg\",\"width\":939,\"height\":702},{\"@type\":\"BreadcrumbList\",\"@id\":\"https:\/\/challengeseconomiques.com\/?p=6913#breadcrumb\",\"itemListElement\":[{\"@type\":\"ListItem\",\"position\":1,\"name\":\"Home\",\"item\":\"https:\/\/challengeseconomiques.com\/\"},{\"@type\":\"ListItem\",\"position\":2,\"name\":\"Pour renforcer les investissements priv\u00e9s espagnols en Afrique de l\u2019Ouest, la COFIDES et le FONSIS nouent un partenariat strat\u00e9gique\"}]},{\"@type\":\"WebSite\",\"@id\":\"https:\/\/challengeseconomiques.com\/#website\",\"url\":\"https:\/\/challengeseconomiques.com\/\",\"name\":\"challenges economiques\",\"description\":\"\",\"potentialAction\":[{\"@type\":\"SearchAction\",\"target\":{\"@type\":\"EntryPoint\",\"urlTemplate\":\"https:\/\/challengeseconomiques.com\/?s={search_term_string}\"},\"query-input\":{\"@type\":\"PropertyValueSpecification\",\"valueRequired\":true,\"valueName\":\"search_term_string\"}}],\"inLanguage\":\"fr-FR\"},{\"@type\":\"Person\",\"@id\":\"https:\/\/challengeseconomiques.com\/#\/schema\/person\/b4568c9afebc5a9238a771873801e349\",\"name\":\"admin\",\"image\":{\"@type\":\"ImageObject\",\"inLanguage\":\"fr-FR\",\"@id\":\"https:\/\/challengeseconomiques.com\/#\/schema\/person\/image\/\",\"url\":\"https:\/\/secure.gravatar.com\/avatar\/099e42240b5eea11acdb72751fcce0dd918603f0749d24974b7984ea47ed9fd9?s=96&d=mm&r=g\",\"contentUrl\":\"https:\/\/secure.gravatar.com\/avatar\/099e42240b5eea11acdb72751fcce0dd918603f0749d24974b7984ea47ed9fd9?s=96&d=mm&r=g\",\"caption\":\"admin\"},\"sameAs\":[\"https:\/\/challengeseconomiques.com\"],\"url\":\"https:\/\/challengeseconomiques.com\/?author=1\"}]}<\/script>\n<!-- \/ Yoast SEO plugin. -->","yoast_head_json":{"title":"Pour renforcer les investissements priv\u00e9s espagnols en Afrique de l\u2019Ouest, la COFIDES et le FONSIS nouent un partenariat strat\u00e9gique - challenges economiques","robots":{"index":"index","follow":"follow","max-snippet":"max-snippet:-1","max-image-preview":"max-image-preview:large","max-video-preview":"max-video-preview:-1"},"canonical":"https:\/\/challengeseconomiques.com\/?p=6913","og_locale":"fr_FR","og_type":"article","og_title":"Pour renforcer les investissements priv\u00e9s espagnols en Afrique de l\u2019Ouest, la COFIDES et le FONSIS nouent un partenariat strat\u00e9gique - challenges economiques","og_description":"C\u2019est en vue de renforcer les investissements priv\u00e9s espagnols, au S\u00e9n\u00e9gal et dans l\u2019ensemble de la r\u00e9gion ouest-africaine que la Compagnie Espagnole de Financement du...","og_url":"https:\/\/challengeseconomiques.com\/?p=6913","og_site_name":"challenges economiques","article_published_time":"2024-08-29T13:49:50+00:00","article_modified_time":"2024-08-29T13:50:36+00:00","og_image":[{"width":939,"height":702,"url":"https:\/\/challengeseconomiques.com\/wp-content\/uploads\/2024\/08\/COFIDESFONSIS2.jpg","type":"image\/jpeg"}],"author":"admin","twitter_card":"summary_large_image","twitter_misc":{"\u00c9crit par":"admin","Dur\u00e9e de lecture estim\u00e9e":"3 minutes"},"schema":{"@context":"https:\/\/schema.org","@graph":[{"@type":"Article","@id":"https:\/\/challengeseconomiques.com\/?p=6913#article","isPartOf":{"@id":"https:\/\/challengeseconomiques.com\/?p=6913"},"author":{"name":"admin","@id":"https:\/\/challengeseconomiques.com\/#\/schema\/person\/b4568c9afebc5a9238a771873801e349"},"headline":"Pour renforcer les investissements priv\u00e9s espagnols en Afrique de l\u2019Ouest, la COFIDES et le FONSIS nouent un partenariat strat\u00e9gique","datePublished":"2024-08-29T13:49:50+00:00","dateModified":"2024-08-29T13:50:36+00:00","mainEntityOfPage":{"@id":"https:\/\/challengeseconomiques.com\/?p=6913"},"wordCount":539,"image":{"@id":"https:\/\/challengeseconomiques.com\/?p=6913#primaryimage"},"thumbnailUrl":"https:\/\/challengeseconomiques.com\/wp-content\/uploads\/2024\/08\/COFIDESFONSIS2.jpg","articleSection":["Actualit\u00e9 \u00e9conomique"],"inLanguage":"fr-FR"},{"@type":"WebPage","@id":"https:\/\/challengeseconomiques.com\/?p=6913","url":"https:\/\/challengeseconomiques.com\/?p=6913","name":"Pour renforcer les investissements priv\u00e9s espagnols en Afrique de l\u2019Ouest, la COFIDES et le FONSIS nouent un partenariat strat\u00e9gique - challenges economiques","isPartOf":{"@id":"https:\/\/challengeseconomiques.com\/#website"},"primaryImageOfPage":{"@id":"https:\/\/challengeseconomiques.com\/?p=6913#primaryimage"},"image":{"@id":"https:\/\/challengeseconomiques.com\/?p=6913#primaryimage"},"thumbnailUrl":"https:\/\/challengeseconomiques.com\/wp-content\/uploads\/2024\/08\/COFIDESFONSIS2.jpg","datePublished":"2024-08-29T13:49:50+00:00","dateModified":"2024-08-29T13:50:36+00:00","author":{"@id":"https:\/\/challengeseconomiques.com\/#\/schema\/person\/b4568c9afebc5a9238a771873801e349"},"breadcrumb":{"@id":"https:\/\/challengeseconomiques.com\/?p=6913#breadcrumb"},"inLanguage":"fr-FR","potentialAction":[{"@type":"ReadAction","target":["https:\/\/challengeseconomiques.com\/?p=6913"]}]},{"@type":"ImageObject","inLanguage":"fr-FR","@id":"https:\/\/challengeseconomiques.com\/?p=6913#primaryimage","url":"https:\/\/challengeseconomiques.com\/wp-content\/uploads\/2024\/08\/COFIDESFONSIS2.jpg","contentUrl":"https:\/\/challengeseconomiques.com\/wp-content\/uploads\/2024\/08\/COFIDESFONSIS2.jpg","width":939,"height":702},{"@type":"BreadcrumbList","@id":"https:\/\/challengeseconomiques.com\/?p=6913#breadcrumb","itemListElement":[{"@type":"ListItem","position":1,"name":"Home","item":"https:\/\/challengeseconomiques.com\/"},{"@type":"ListItem","position":2,"name":"Pour renforcer les investissements priv\u00e9s espagnols en Afrique de l\u2019Ouest, la COFIDES et le FONSIS nouent un partenariat strat\u00e9gique"}]},{"@type":"WebSite","@id":"https:\/\/challengeseconomiques.com\/#website","url":"https:\/\/challengeseconomiques.com\/","name":"challenges economiques","description":"","potentialAction":[{"@type":"SearchAction","target":{"@type":"EntryPoint","urlTemplate":"https:\/\/challengeseconomiques.com\/?s={search_term_string}"},"query-input":{"@type":"PropertyValueSpecification","valueRequired":true,"valueName":"search_term_string"}}],"inLanguage":"fr-FR"},{"@type":"Person","@id":"https:\/\/challengeseconomiques.com\/#\/schema\/person\/b4568c9afebc5a9238a771873801e349","name":"admin","image":{"@type":"ImageObject","inLanguage":"fr-FR","@id":"https:\/\/challengeseconomiques.com\/#\/schema\/person\/image\/","url":"https:\/\/secure.gravatar.com\/avatar\/099e42240b5eea11acdb72751fcce0dd918603f0749d24974b7984ea47ed9fd9?s=96&d=mm&r=g","contentUrl":"https:\/\/secure.gravatar.com\/avatar\/099e42240b5eea11acdb72751fcce0dd918603f0749d24974b7984ea47ed9fd9?s=96&d=mm&r=g","caption":"admin"},"sameAs":["https:\/\/challengeseconomiques.com"],"url":"https:\/\/challengeseconomiques.com\/?author=1"}]}},"jetpack_featured_media_url":"https:\/\/challengeseconomiques.com\/wp-content\/uploads\/2024\/08\/COFIDESFONSIS2.jpg","jetpack_sharing_enabled":true,"_links":{"self":[{"href":"https:\/\/challengeseconomiques.com\/index.php?rest_route=\/wp\/v2\/posts\/6913","targetHints":{"allow":["GET"]}}],"collection":[{"href":"https:\/\/challengeseconomiques.com\/index.php?rest_route=\/wp\/v2\/posts"}],"about":[{"href":"https:\/\/challengeseconomiques.com\/index.php?rest_route=\/wp\/v2\/types\/post"}],"author":[{"embeddable":true,"href":"https:\/\/challengeseconomiques.com\/index.php?rest_route=\/wp\/v2\/users\/1"}],"replies":[{"embeddable":true,"href":"https:\/\/challengeseconomiques.com\/index.php?rest_route=%2Fwp%2Fv2%2Fcomments&post=6913"}],"version-history":[{"count":1,"href":"https:\/\/challengeseconomiques.com\/index.php?rest_route=\/wp\/v2\/posts\/6913\/revisions"}],"predecessor-version":[{"id":6915,"href":"https:\/\/challengeseconomiques.com\/index.php?rest_route=\/wp\/v2\/posts\/6913\/revisions\/6915"}],"wp:featuredmedia":[{"embeddable":true,"href":"https:\/\/challengeseconomiques.com\/index.php?rest_route=\/wp\/v2\/media\/6914"}],"wp:attachment":[{"href":"https:\/\/challengeseconomiques.com\/index.php?rest_route=%2Fwp%2Fv2%2Fmedia&parent=6913"}],"wp:term":[{"taxonomy":"category","embeddable":true,"href":"https:\/\/challengeseconomiques.com\/index.php?rest_route=%2Fwp%2Fv2%2Fcategories&post=6913"},{"taxonomy":"post_tag","embeddable":true,"href":"https:\/\/challengeseconomiques.com\/index.php?rest_route=%2Fwp%2Fv2%2Ftags&post=6913"}],"curies":[{"name":"wp","href":"https:\/\/api.w.org\/{rel}","templated":true}]}}