{"id":6910,"date":"2024-08-29T13:06:27","date_gmt":"2024-08-29T13:06:27","guid":{"rendered":"https:\/\/challengeseconomiques.com\/?p=6910"},"modified":"2024-08-29T13:07:13","modified_gmt":"2024-08-29T13:07:13","slug":"les-zones-economiques-speciales-sont-faiblement-occupees-par-les-entreprises-selon-lapix","status":"publish","type":"post","link":"https:\/\/challengeseconomiques.com\/?p=6910","title":{"rendered":"Les zones \u00e9conomiques sp\u00e9ciales sont faiblement occup\u00e9es par les entreprises, selon l\u2019APIX"},"content":{"rendered":"<p><strong>Le directeur g\u00e9n\u00e9ral de l\u2019Agence nationale charg\u00e9e de la promotion des investissements et des grands travaux (APIX), Bakary S\u00e9ga Bathily, a relev\u00e9 le \u201cfaible niveau d\u2019occupation\u201d des zones \u00e9conomiques sp\u00e9ciales (ZES) de Diass et de Sandiara (ouest), lors d\u2019une visite effectu\u00e9e mercredi dans ces espaces industriels.<\/strong><\/p>\n<p>\u201cNous avons constat\u00e9 un faible niveau d\u2019occupation de ces zones. Nous allons travailler l\u00e0-dessus\u201d, a dit M. Bathily en pr\u00e9sence du directeur g\u00e9n\u00e9ral des douanes, Mbaye Ndiaye.<\/p>\n<p>L\u2019APIX et les douanes vont travailler ensemble \u00e0 \u201cinciter les entreprises \u00e0 venir s\u2019installer dans les ZES\u201d, a-t-il assur\u00e9.<\/p>\n<p>L\u2019une des solutions envisag\u00e9es va consister \u00e0 \u201crevoir \u00e0 la baisse les crit\u00e8res d\u2019\u00e9ligibilit\u00e9 aux ZES\u201d, a ajout\u00e9 Bakary S\u00e9ga Bathily \u00e0 la fin da la visite.<\/p>\n<p>Il a annonc\u00e9 une tourn\u00e9e d\u2019information dont le but sera de mieux faire savoir aux entreprises les conditions dans lesquelles elles peuvent s\u2019installer dans ces espaces industriels.<\/p>\n<p>Certaines d\u2019entre elles ne connaissent pas les opportunit\u00e9s qu\u2019offre l\u2019installation dans une ZES, selon M. Bathily.<\/p>\n<p>La promotion des zones \u00e9conomiques sp\u00e9ciales fait partie des missions de l\u2019administration douani\u00e8re, laquelle a aussi un r\u00f4le de promotion des entreprises \u00e0 jouer, a rappel\u00e9 Mbaye Ndiaye.<\/p>\n<p>\u201cLes douanes exercent prioritairement une mission fiscale mais elles ont aussi une mission \u00e9conomique importante, qui inclut un r\u00f4le d\u2019encadrement des op\u00e9rateurs \u00e9conomiques\u201d, a-t-il dit en promettant de soutenir l\u2019APIX dans la promotion des ZES.<\/p>\n<p>Le directeur g\u00e9n\u00e9ral des douanes reconna\u00eet que \u201cles entreprises sont confront\u00e9es \u00e0 une concurrence terrible et \u00e0 des co\u00fbts de production parfois \u00e9lev\u00e9s\u201d.<\/p>\n<p>&nbsp;<\/p>\n<p><strong>\u201cIl faut aller \u00e0 la rencontre des entreprises et discuter avec elles\u201d<\/strong><\/p>\n<p>La visite des ZES de Diass et de Sandiara par l\u2019APIX et l\u2019administration douani\u00e8re est une importante initiative, car elle a permis de \u201cnous enqu\u00e9rir des conditions dans lesquelles \u00e9voluent les entreprises agr\u00e9\u00e9es dans les zones \u00e9conomiques sp\u00e9ciales, de nous enqu\u00e9rir surtout des difficult\u00e9s qu\u2019elles rencontrent afin de les surmonter\u201d, a dit Mbaye Ndiaye.<\/p>\n<p>\u201cJe crois que des visites comme celle-l\u00e0 s\u2019imposent. Il faut aller \u00e0 la rencontre des entreprises et discuter avec elles\u201d, a-t-il poursuivi.<\/p>\n<p>Solance Industries et Hercules Global Sarl, deux entreprises de la ZES de Sandiara, ont re\u00e7u la visite des directeurs g\u00e9n\u00e9raux de l\u2019APIX et des douanes.<\/p>\n<p>La premi\u00e8re, sp\u00e9cialis\u00e9e dans la fabrication des batteries auto et solaires, emploie environ 200 personnes et \u00e9coule ses produits dans plusieurs pays ouest-africains, dont la C\u00f4te d\u2019Ivoire, la Guin\u00e9e et le Mali, selon son directeur commercial, Mame Cheikh Diop.<\/p>\n<p>Hercules Global Sarl fabrique de l\u2019huile moteur, des pneus et des emballages.<\/p>\n<p>Bakary S\u00e9ga Bathily et Mbaye Ndiaye ont visit\u00e9 aussi les installations de Teyliom Logistics. Cette entreprise sp\u00e9cialis\u00e9e dans l\u2019entreposage et la logistique d\u00e9roule ses activit\u00e9s dans la ZES de Diass.<\/p>\n<p>\u201cD\u00e8s le d\u00e9but de l\u2019exploitation commerciale de l\u2019a\u00e9roport de Diass, Teyliom s\u2019est positionn\u00e9e comme un partenaire strat\u00e9gique, par le biais des investissements que vous voyez ici. Nous sommes ici dans un entrep\u00f4t de 3.800 m\u00e8tres carr\u00e9s et traitons 50.000 tonnes de fret par an\u201d, a dit sa directrice g\u00e9n\u00e9rale, Dorethy Pesseu.<\/p>\n<p>\u201cDes entreprises se sont install\u00e9es dans la superficie mise \u00e0 la disposition de Teyliom dans le cadre du d\u00e9veloppement de la ZES de Diass\u201d, a \u00a0ajout\u00e9 Mme Pesseu, pr\u00e9cisant que la soci\u00e9t\u00e9 qu\u2019elle dirige \u201caide les entreprises install\u00e9es dans la ZES \u00e0 faire des exportations\u201d.<\/p>\n<p>Elle affirme que \u201cla connectivit\u00e9 des activit\u00e9s de Teyliom a \u00e9t\u00e9 enti\u00e8rement prise en charge par l\u2019APIX, de m\u00eame que les supports d\u2019aide \u00e0 la commercialisation\u201d de la soci\u00e9t\u00e9 d\u2019entreposage.<\/p>\n<p>&nbsp;<\/p>\n<p>&nbsp;<\/p>\n<p><strong>(APS)<\/strong><\/p>\n","protected":false},"excerpt":{"rendered":"<p>Le directeur g\u00e9n\u00e9ral de l\u2019Agence nationale charg\u00e9e de la promotion des investissements et des grands travaux (APIX), Bakary S\u00e9ga Bathily, a relev\u00e9 le \u201cfaible niveau&#8230;<\/p>\n","protected":false},"author":1,"featured_media":6911,"comment_status":"closed","ping_status":"open","sticky":false,"template":"","format":"standard","meta":{"_jetpack_memberships_contains_paid_content":false,"footnotes":""},"categories":[8,10],"tags":[],"class_list":["post-6910","post","type-post","status-publish","format-standard","has-post-thumbnail","hentry","category-actualite-economique","category-infos-eco","wpcat-8-id","wpcat-10-id"],"yoast_head":"<!-- This site is optimized with the Yoast SEO plugin v27.1.1 - https:\/\/yoast.com\/product\/yoast-seo-wordpress\/ -->\n<title>Les zones \u00e9conomiques sp\u00e9ciales sont faiblement occup\u00e9es par les entreprises, selon l\u2019APIX - challenges economiques<\/title>\n<meta name=\"robots\" content=\"index, follow, max-snippet:-1, max-image-preview:large, max-video-preview:-1\" \/>\n<link rel=\"canonical\" href=\"https:\/\/challengeseconomiques.com\/?p=6910\" \/>\n<meta property=\"og:locale\" content=\"fr_FR\" \/>\n<meta property=\"og:type\" content=\"article\" \/>\n<meta property=\"og:title\" content=\"Les zones \u00e9conomiques sp\u00e9ciales sont faiblement occup\u00e9es par les entreprises, selon l\u2019APIX - challenges economiques\" \/>\n<meta property=\"og:description\" content=\"Le directeur g\u00e9n\u00e9ral de l\u2019Agence nationale charg\u00e9e de la promotion des investissements et des grands travaux (APIX), Bakary S\u00e9ga Bathily, a relev\u00e9 le \u201cfaible niveau...\" \/>\n<meta property=\"og:url\" content=\"https:\/\/challengeseconomiques.com\/?p=6910\" \/>\n<meta property=\"og:site_name\" content=\"challenges economiques\" \/>\n<meta property=\"article:published_time\" content=\"2024-08-29T13:06:27+00:00\" \/>\n<meta property=\"article:modified_time\" content=\"2024-08-29T13:07:13+00:00\" \/>\n<meta property=\"og:image\" content=\"https:\/\/challengeseconomiques.com\/wp-content\/uploads\/2024\/08\/dgapixbathily.jpg\" \/>\n\t<meta property=\"og:image:width\" content=\"800\" \/>\n\t<meta property=\"og:image:height\" content=\"701\" \/>\n\t<meta property=\"og:image:type\" content=\"image\/jpeg\" \/>\n<meta name=\"author\" content=\"admin\" \/>\n<meta name=\"twitter:card\" content=\"summary_large_image\" \/>\n<meta name=\"twitter:label1\" content=\"\u00c9crit par\" \/>\n\t<meta name=\"twitter:data1\" content=\"admin\" \/>\n\t<meta name=\"twitter:label2\" content=\"Dur\u00e9e de lecture estim\u00e9e\" \/>\n\t<meta name=\"twitter:data2\" content=\"3 minutes\" \/>\n<script type=\"application\/ld+json\" class=\"yoast-schema-graph\">{\"@context\":\"https:\/\/schema.org\",\"@graph\":[{\"@type\":\"Article\",\"@id\":\"https:\/\/challengeseconomiques.com\/?p=6910#article\",\"isPartOf\":{\"@id\":\"https:\/\/challengeseconomiques.com\/?p=6910\"},\"author\":{\"name\":\"admin\",\"@id\":\"https:\/\/challengeseconomiques.com\/#\/schema\/person\/b4568c9afebc5a9238a771873801e349\"},\"headline\":\"Les zones \u00e9conomiques sp\u00e9ciales sont faiblement occup\u00e9es par les entreprises, selon l\u2019APIX\",\"datePublished\":\"2024-08-29T13:06:27+00:00\",\"dateModified\":\"2024-08-29T13:07:13+00:00\",\"mainEntityOfPage\":{\"@id\":\"https:\/\/challengeseconomiques.com\/?p=6910\"},\"wordCount\":666,\"image\":{\"@id\":\"https:\/\/challengeseconomiques.com\/?p=6910#primaryimage\"},\"thumbnailUrl\":\"https:\/\/challengeseconomiques.com\/wp-content\/uploads\/2024\/08\/dgapixbathily.jpg\",\"articleSection\":[\"Actualit\u00e9 \u00e9conomique\",\"Infos \u00e9co\"],\"inLanguage\":\"fr-FR\"},{\"@type\":\"WebPage\",\"@id\":\"https:\/\/challengeseconomiques.com\/?p=6910\",\"url\":\"https:\/\/challengeseconomiques.com\/?p=6910\",\"name\":\"Les zones \u00e9conomiques sp\u00e9ciales sont faiblement occup\u00e9es par les entreprises, selon l\u2019APIX - challenges economiques\",\"isPartOf\":{\"@id\":\"https:\/\/challengeseconomiques.com\/#website\"},\"primaryImageOfPage\":{\"@id\":\"https:\/\/challengeseconomiques.com\/?p=6910#primaryimage\"},\"image\":{\"@id\":\"https:\/\/challengeseconomiques.com\/?p=6910#primaryimage\"},\"thumbnailUrl\":\"https:\/\/challengeseconomiques.com\/wp-content\/uploads\/2024\/08\/dgapixbathily.jpg\",\"datePublished\":\"2024-08-29T13:06:27+00:00\",\"dateModified\":\"2024-08-29T13:07:13+00:00\",\"author\":{\"@id\":\"https:\/\/challengeseconomiques.com\/#\/schema\/person\/b4568c9afebc5a9238a771873801e349\"},\"breadcrumb\":{\"@id\":\"https:\/\/challengeseconomiques.com\/?p=6910#breadcrumb\"},\"inLanguage\":\"fr-FR\",\"potentialAction\":[{\"@type\":\"ReadAction\",\"target\":[\"https:\/\/challengeseconomiques.com\/?p=6910\"]}]},{\"@type\":\"ImageObject\",\"inLanguage\":\"fr-FR\",\"@id\":\"https:\/\/challengeseconomiques.com\/?p=6910#primaryimage\",\"url\":\"https:\/\/challengeseconomiques.com\/wp-content\/uploads\/2024\/08\/dgapixbathily.jpg\",\"contentUrl\":\"https:\/\/challengeseconomiques.com\/wp-content\/uploads\/2024\/08\/dgapixbathily.jpg\",\"width\":800,\"height\":701},{\"@type\":\"BreadcrumbList\",\"@id\":\"https:\/\/challengeseconomiques.com\/?p=6910#breadcrumb\",\"itemListElement\":[{\"@type\":\"ListItem\",\"position\":1,\"name\":\"Home\",\"item\":\"https:\/\/challengeseconomiques.com\/\"},{\"@type\":\"ListItem\",\"position\":2,\"name\":\"Les zones \u00e9conomiques sp\u00e9ciales sont faiblement occup\u00e9es par les entreprises, selon l\u2019APIX\"}]},{\"@type\":\"WebSite\",\"@id\":\"https:\/\/challengeseconomiques.com\/#website\",\"url\":\"https:\/\/challengeseconomiques.com\/\",\"name\":\"challenges economiques\",\"description\":\"\",\"potentialAction\":[{\"@type\":\"SearchAction\",\"target\":{\"@type\":\"EntryPoint\",\"urlTemplate\":\"https:\/\/challengeseconomiques.com\/?s={search_term_string}\"},\"query-input\":{\"@type\":\"PropertyValueSpecification\",\"valueRequired\":true,\"valueName\":\"search_term_string\"}}],\"inLanguage\":\"fr-FR\"},{\"@type\":\"Person\",\"@id\":\"https:\/\/challengeseconomiques.com\/#\/schema\/person\/b4568c9afebc5a9238a771873801e349\",\"name\":\"admin\",\"image\":{\"@type\":\"ImageObject\",\"inLanguage\":\"fr-FR\",\"@id\":\"https:\/\/challengeseconomiques.com\/#\/schema\/person\/image\/\",\"url\":\"https:\/\/secure.gravatar.com\/avatar\/099e42240b5eea11acdb72751fcce0dd918603f0749d24974b7984ea47ed9fd9?s=96&d=mm&r=g\",\"contentUrl\":\"https:\/\/secure.gravatar.com\/avatar\/099e42240b5eea11acdb72751fcce0dd918603f0749d24974b7984ea47ed9fd9?s=96&d=mm&r=g\",\"caption\":\"admin\"},\"sameAs\":[\"https:\/\/challengeseconomiques.com\"],\"url\":\"https:\/\/challengeseconomiques.com\/?author=1\"}]}<\/script>\n<!-- \/ Yoast SEO plugin. -->","yoast_head_json":{"title":"Les zones \u00e9conomiques sp\u00e9ciales sont faiblement occup\u00e9es par les entreprises, selon l\u2019APIX - challenges economiques","robots":{"index":"index","follow":"follow","max-snippet":"max-snippet:-1","max-image-preview":"max-image-preview:large","max-video-preview":"max-video-preview:-1"},"canonical":"https:\/\/challengeseconomiques.com\/?p=6910","og_locale":"fr_FR","og_type":"article","og_title":"Les zones \u00e9conomiques sp\u00e9ciales sont faiblement occup\u00e9es par les entreprises, selon l\u2019APIX - challenges economiques","og_description":"Le directeur g\u00e9n\u00e9ral de l\u2019Agence nationale charg\u00e9e de la promotion des investissements et des grands travaux (APIX), Bakary S\u00e9ga Bathily, a relev\u00e9 le \u201cfaible niveau...","og_url":"https:\/\/challengeseconomiques.com\/?p=6910","og_site_name":"challenges economiques","article_published_time":"2024-08-29T13:06:27+00:00","article_modified_time":"2024-08-29T13:07:13+00:00","og_image":[{"width":800,"height":701,"url":"https:\/\/challengeseconomiques.com\/wp-content\/uploads\/2024\/08\/dgapixbathily.jpg","type":"image\/jpeg"}],"author":"admin","twitter_card":"summary_large_image","twitter_misc":{"\u00c9crit par":"admin","Dur\u00e9e de lecture estim\u00e9e":"3 minutes"},"schema":{"@context":"https:\/\/schema.org","@graph":[{"@type":"Article","@id":"https:\/\/challengeseconomiques.com\/?p=6910#article","isPartOf":{"@id":"https:\/\/challengeseconomiques.com\/?p=6910"},"author":{"name":"admin","@id":"https:\/\/challengeseconomiques.com\/#\/schema\/person\/b4568c9afebc5a9238a771873801e349"},"headline":"Les zones \u00e9conomiques sp\u00e9ciales sont faiblement occup\u00e9es par les entreprises, selon l\u2019APIX","datePublished":"2024-08-29T13:06:27+00:00","dateModified":"2024-08-29T13:07:13+00:00","mainEntityOfPage":{"@id":"https:\/\/challengeseconomiques.com\/?p=6910"},"wordCount":666,"image":{"@id":"https:\/\/challengeseconomiques.com\/?p=6910#primaryimage"},"thumbnailUrl":"https:\/\/challengeseconomiques.com\/wp-content\/uploads\/2024\/08\/dgapixbathily.jpg","articleSection":["Actualit\u00e9 \u00e9conomique","Infos \u00e9co"],"inLanguage":"fr-FR"},{"@type":"WebPage","@id":"https:\/\/challengeseconomiques.com\/?p=6910","url":"https:\/\/challengeseconomiques.com\/?p=6910","name":"Les zones \u00e9conomiques sp\u00e9ciales sont faiblement occup\u00e9es par les entreprises, selon l\u2019APIX - challenges economiques","isPartOf":{"@id":"https:\/\/challengeseconomiques.com\/#website"},"primaryImageOfPage":{"@id":"https:\/\/challengeseconomiques.com\/?p=6910#primaryimage"},"image":{"@id":"https:\/\/challengeseconomiques.com\/?p=6910#primaryimage"},"thumbnailUrl":"https:\/\/challengeseconomiques.com\/wp-content\/uploads\/2024\/08\/dgapixbathily.jpg","datePublished":"2024-08-29T13:06:27+00:00","dateModified":"2024-08-29T13:07:13+00:00","author":{"@id":"https:\/\/challengeseconomiques.com\/#\/schema\/person\/b4568c9afebc5a9238a771873801e349"},"breadcrumb":{"@id":"https:\/\/challengeseconomiques.com\/?p=6910#breadcrumb"},"inLanguage":"fr-FR","potentialAction":[{"@type":"ReadAction","target":["https:\/\/challengeseconomiques.com\/?p=6910"]}]},{"@type":"ImageObject","inLanguage":"fr-FR","@id":"https:\/\/challengeseconomiques.com\/?p=6910#primaryimage","url":"https:\/\/challengeseconomiques.com\/wp-content\/uploads\/2024\/08\/dgapixbathily.jpg","contentUrl":"https:\/\/challengeseconomiques.com\/wp-content\/uploads\/2024\/08\/dgapixbathily.jpg","width":800,"height":701},{"@type":"BreadcrumbList","@id":"https:\/\/challengeseconomiques.com\/?p=6910#breadcrumb","itemListElement":[{"@type":"ListItem","position":1,"name":"Home","item":"https:\/\/challengeseconomiques.com\/"},{"@type":"ListItem","position":2,"name":"Les zones \u00e9conomiques sp\u00e9ciales sont faiblement occup\u00e9es par les entreprises, selon l\u2019APIX"}]},{"@type":"WebSite","@id":"https:\/\/challengeseconomiques.com\/#website","url":"https:\/\/challengeseconomiques.com\/","name":"challenges economiques","description":"","potentialAction":[{"@type":"SearchAction","target":{"@type":"EntryPoint","urlTemplate":"https:\/\/challengeseconomiques.com\/?s={search_term_string}"},"query-input":{"@type":"PropertyValueSpecification","valueRequired":true,"valueName":"search_term_string"}}],"inLanguage":"fr-FR"},{"@type":"Person","@id":"https:\/\/challengeseconomiques.com\/#\/schema\/person\/b4568c9afebc5a9238a771873801e349","name":"admin","image":{"@type":"ImageObject","inLanguage":"fr-FR","@id":"https:\/\/challengeseconomiques.com\/#\/schema\/person\/image\/","url":"https:\/\/secure.gravatar.com\/avatar\/099e42240b5eea11acdb72751fcce0dd918603f0749d24974b7984ea47ed9fd9?s=96&d=mm&r=g","contentUrl":"https:\/\/secure.gravatar.com\/avatar\/099e42240b5eea11acdb72751fcce0dd918603f0749d24974b7984ea47ed9fd9?s=96&d=mm&r=g","caption":"admin"},"sameAs":["https:\/\/challengeseconomiques.com"],"url":"https:\/\/challengeseconomiques.com\/?author=1"}]}},"jetpack_featured_media_url":"https:\/\/challengeseconomiques.com\/wp-content\/uploads\/2024\/08\/dgapixbathily.jpg","jetpack_sharing_enabled":true,"_links":{"self":[{"href":"https:\/\/challengeseconomiques.com\/index.php?rest_route=\/wp\/v2\/posts\/6910","targetHints":{"allow":["GET"]}}],"collection":[{"href":"https:\/\/challengeseconomiques.com\/index.php?rest_route=\/wp\/v2\/posts"}],"about":[{"href":"https:\/\/challengeseconomiques.com\/index.php?rest_route=\/wp\/v2\/types\/post"}],"author":[{"embeddable":true,"href":"https:\/\/challengeseconomiques.com\/index.php?rest_route=\/wp\/v2\/users\/1"}],"replies":[{"embeddable":true,"href":"https:\/\/challengeseconomiques.com\/index.php?rest_route=%2Fwp%2Fv2%2Fcomments&post=6910"}],"version-history":[{"count":1,"href":"https:\/\/challengeseconomiques.com\/index.php?rest_route=\/wp\/v2\/posts\/6910\/revisions"}],"predecessor-version":[{"id":6912,"href":"https:\/\/challengeseconomiques.com\/index.php?rest_route=\/wp\/v2\/posts\/6910\/revisions\/6912"}],"wp:featuredmedia":[{"embeddable":true,"href":"https:\/\/challengeseconomiques.com\/index.php?rest_route=\/wp\/v2\/media\/6911"}],"wp:attachment":[{"href":"https:\/\/challengeseconomiques.com\/index.php?rest_route=%2Fwp%2Fv2%2Fmedia&parent=6910"}],"wp:term":[{"taxonomy":"category","embeddable":true,"href":"https:\/\/challengeseconomiques.com\/index.php?rest_route=%2Fwp%2Fv2%2Fcategories&post=6910"},{"taxonomy":"post_tag","embeddable":true,"href":"https:\/\/challengeseconomiques.com\/index.php?rest_route=%2Fwp%2Fv2%2Ftags&post=6910"}],"curies":[{"name":"wp","href":"https:\/\/api.w.org\/{rel}","templated":true}]}}