{"id":6896,"date":"2024-08-28T10:54:05","date_gmt":"2024-08-28T10:54:05","guid":{"rendered":"https:\/\/challengeseconomiques.com\/?p=6896"},"modified":"2024-08-28T10:54:46","modified_gmt":"2024-08-28T10:54:46","slug":"electrification-rurale-laser-va-electrifier-1-740-villages-au-lieu-de-1-500-seulement-grace-a-un-contrat-renegocie","status":"publish","type":"post","link":"https:\/\/challengeseconomiques.com\/?p=6896","title":{"rendered":"\u00c9lectrification rurale : l\u2019ASER va \u00e9lectrifier 1.740 villages au lieu de 1.500 seulement, gr\u00e2ce \u00e0 un contrat ren\u00e9goci\u00e9"},"content":{"rendered":"<p>L\u2019Agence s\u00e9n\u00e9galaise d\u2019\u00e9lectrification rurale (ASER) et la soci\u00e9t\u00e9 AEE Power EPC ont sign\u00e9 un contrat ren\u00e9goci\u00e9 en vue de l\u2019acc\u00e8s de 1.740 villages du S\u00e9n\u00e9gal \u00e0 l\u2019\u00e9lectricit\u00e9, tandis qu\u2019un pr\u00e9c\u00e9dent contrat pr\u00e9voyait l\u2019\u00e9lectrification de seulement 1.500 villages avec le m\u00eame co\u00fbt, \u00e0 savoir 91 milliards 833 millions 980 mille francs CFA.<\/p>\n<p>Le contrat a \u00e9t\u00e9 sign\u00e9 \u00e0 la suite d\u2019une ren\u00e9gociation men\u00e9e sous l\u2019\u00e9gide du nouveau directeur g\u00e9n\u00e9ral de l\u2019ASER, Jean Michel S\u00e8ne, avec les dirigeants d\u2019AEE Power EPC.<\/p>\n<p>Le pr\u00e9c\u00e9dent contrat, qui a fait l\u2019objet d\u2019une ren\u00e9gociation, avait \u00e9t\u00e9 sign\u00e9 en f\u00e9vrier dernier par l\u2019ASER et cette soci\u00e9t\u00e9 sp\u00e9cialis\u00e9e dans la fourniture d\u2019\u00e9nergie \u00e9lectrique et l\u2019am\u00e9lioration de l\u2019acc\u00e8s \u00e0 l\u2019\u00e9lectricit\u00e9 en Afrique. Il \u00e9tait pr\u00e9vu d\u2019\u00e9lectrifier 1.500 villages s\u00e9n\u00e9galais.<\/p>\n<p>Au lieu d\u2019\u00e9lectrifier 1.500 villages en contrepartie de 91 milliards 833 millions 980 mille francs CFA, AEE Power EPC et l\u2019ASER se sont mises d\u2019accord, au courant de ce mois, pour l\u2019\u00e9lectrification de 1.740 villages, l\u2019agence gouvernementale d\u2019\u00e9lectrification rurale \u00e9tant appel\u00e9e \u00e0 payer le m\u00eame montant.<\/p>\n<p>\u201cLa signature de ce protocole d\u2019accord est l\u2019aboutissement d\u2019un processus de ren\u00e9gociation d\u2019un contrat de march\u00e9 d\u2019\u00e9lectrification [\u2026] entre l\u2019ASER, l\u2019autorit\u00e9 contractante, et AEE Power EPC, le titulaire du contrat de march\u00e9. Cette ren\u00e9gociation s\u2019inscrit dans [\u2026] une logique de rationalisation des d\u00e9penses publiques\u201d, a expliqu\u00e9 M. S\u00e8ne, pr\u00e9cisant qu\u2019il s\u2019agit d\u2019une d\u00e9marche politique du pr\u00e9sident de la R\u00e9publique, Bassirou Diomaye Faye.<\/p>\n<p><strong>Des entreprises s\u00e9n\u00e9galaises vont ex\u00e9cuter la moiti\u00e9 du projet d\u2019\u00e9lectrification rurale\u00a0<\/strong><\/p>\n<p>\u201cDepuis notre installation \u00e0 la direction g\u00e9n\u00e9rale de l\u2019Agence s\u00e9n\u00e9galaise d\u2019\u00e9lectrification rurale, nous passons au peigne fin tous les contrats\u201d, a soulign\u00e9 le directeur g\u00e9n\u00e9ral de l\u2019ASER.<\/p>\n<p>La ren\u00e9gociation du contrat entre l\u2019agence gouvernementale d\u2019\u00e9lectrification rurale et AEE Power EPC \u201cnous permet \u00e9galement de financer des transferts de comp\u00e9tences, avec une approche consistant \u00e0 former des jeunes, \u00e9l\u00e8ves et \u00e9tudiants [\u2026] Ce sont des \u00e9tudiants d\u2019\u00e9coles d\u2019ing\u00e9nierie, par exemple, qui vont poursuivre leurs \u00e9tudes en travaillant en m\u00eame temps dans des entreprises\u201d, a expliqu\u00e9 Jean Michel S\u00e8ne.<\/p>\n<p>Le nouveau contrat int\u00e8gre l\u2019\u00e9lectrification de l\u2019\u00eele de Carabane, situ\u00e9e dans la r\u00e9gion de Ziguinchor (sud). \u201cC\u2019est une \u00eele dont l\u2019\u00e9lectrification est complexe\u2019\u2019, a signal\u00e9 M. S\u00e8ne.<\/p>\n<p>\u201cNous avons aussi tenu \u00e0 ce que 50 % du projet soit ex\u00e9cut\u00e9 par des entreprises s\u00e9n\u00e9galaises\u201d, a-t-il d\u00e9clar\u00e9, pr\u00e9cisant que \u201c50 % est le taux maximal autoris\u00e9 [\u2026] dans le cadre d\u2019un financement cr\u00e9dit acheteur\u201d.<\/p>\n<p>L\u2019ASER, en ex\u00e9cutant le nouveau contrat, va veiller \u00e0 une \u201cr\u00e9duction des disparit\u00e9s\u201d entre les 14 r\u00e9gions du pays, selon son directeur g\u00e9n\u00e9ral.<\/p>\n<p>La ren\u00e9gociation va servir en m\u00eame temps \u00e0 \u201cfaire jouer pleinement \u00e0 l'[Agence s\u00e9n\u00e9galaise d\u2019\u00e9lectrification rurale] son r\u00f4le\u201d de \u201cma\u00eetre d\u2019ouvrage d\u00e9l\u00e9gu\u00e9\u201d dans ce domaine, a-t-il dit.<\/p>\n<p><strong>(APS)<\/strong><\/p>\n","protected":false},"excerpt":{"rendered":"<p>L\u2019Agence s\u00e9n\u00e9galaise d\u2019\u00e9lectrification rurale (ASER) et la soci\u00e9t\u00e9 AEE Power EPC ont sign\u00e9 un contrat ren\u00e9goci\u00e9 en vue de l\u2019acc\u00e8s de 1.740 villages du S\u00e9n\u00e9gal&#8230;<\/p>\n","protected":false},"author":1,"featured_media":6119,"comment_status":"closed","ping_status":"open","sticky":false,"template":"","format":"standard","meta":{"_jetpack_memberships_contains_paid_content":false,"footnotes":""},"categories":[23,8],"tags":[],"class_list":["post-6896","post","type-post","status-publish","format-standard","has-post-thumbnail","hentry","category-a-la-une","category-actualite-economique","wpcat-23-id","wpcat-8-id"],"yoast_head":"<!-- This site is optimized with the Yoast SEO plugin v27.1.1 - https:\/\/yoast.com\/product\/yoast-seo-wordpress\/ -->\n<title>\u00c9lectrification rurale : l\u2019ASER va \u00e9lectrifier 1.740 villages au lieu de 1.500 seulement, gr\u00e2ce \u00e0 un contrat ren\u00e9goci\u00e9 - challenges economiques<\/title>\n<meta name=\"robots\" content=\"index, follow, max-snippet:-1, max-image-preview:large, max-video-preview:-1\" \/>\n<link rel=\"canonical\" href=\"https:\/\/challengeseconomiques.com\/?p=6896\" \/>\n<meta property=\"og:locale\" content=\"fr_FR\" \/>\n<meta property=\"og:type\" content=\"article\" \/>\n<meta property=\"og:title\" content=\"\u00c9lectrification rurale : l\u2019ASER va \u00e9lectrifier 1.740 villages au lieu de 1.500 seulement, gr\u00e2ce \u00e0 un contrat ren\u00e9goci\u00e9 - challenges economiques\" \/>\n<meta property=\"og:description\" content=\"L\u2019Agence s\u00e9n\u00e9galaise d\u2019\u00e9lectrification rurale (ASER) et la soci\u00e9t\u00e9 AEE Power EPC ont sign\u00e9 un contrat ren\u00e9goci\u00e9 en vue de l\u2019acc\u00e8s de 1.740 villages du S\u00e9n\u00e9gal...\" \/>\n<meta property=\"og:url\" content=\"https:\/\/challengeseconomiques.com\/?p=6896\" \/>\n<meta property=\"og:site_name\" content=\"challenges economiques\" \/>\n<meta property=\"article:published_time\" content=\"2024-08-28T10:54:05+00:00\" \/>\n<meta property=\"article:modified_time\" content=\"2024-08-28T10:54:46+00:00\" \/>\n<meta property=\"og:image\" content=\"https:\/\/challengeseconomiques.com\/wp-content\/uploads\/2024\/03\/Electrification-rurale.jpg\" \/>\n\t<meta property=\"og:image:width\" content=\"600\" \/>\n\t<meta property=\"og:image:height\" content=\"400\" \/>\n\t<meta property=\"og:image:type\" content=\"image\/jpeg\" \/>\n<meta name=\"author\" content=\"admin\" \/>\n<meta name=\"twitter:card\" content=\"summary_large_image\" \/>\n<meta name=\"twitter:label1\" content=\"\u00c9crit par\" \/>\n\t<meta name=\"twitter:data1\" content=\"admin\" \/>\n\t<meta name=\"twitter:label2\" content=\"Dur\u00e9e de lecture estim\u00e9e\" \/>\n\t<meta name=\"twitter:data2\" content=\"3 minutes\" \/>\n<script type=\"application\/ld+json\" class=\"yoast-schema-graph\">{\"@context\":\"https:\/\/schema.org\",\"@graph\":[{\"@type\":\"Article\",\"@id\":\"https:\/\/challengeseconomiques.com\/?p=6896#article\",\"isPartOf\":{\"@id\":\"https:\/\/challengeseconomiques.com\/?p=6896\"},\"author\":{\"name\":\"admin\",\"@id\":\"https:\/\/challengeseconomiques.com\/#\/schema\/person\/b4568c9afebc5a9238a771873801e349\"},\"headline\":\"\u00c9lectrification rurale : l\u2019ASER va \u00e9lectrifier 1.740 villages au lieu de 1.500 seulement, gr\u00e2ce \u00e0 un contrat ren\u00e9goci\u00e9\",\"datePublished\":\"2024-08-28T10:54:05+00:00\",\"dateModified\":\"2024-08-28T10:54:46+00:00\",\"mainEntityOfPage\":{\"@id\":\"https:\/\/challengeseconomiques.com\/?p=6896\"},\"wordCount\":556,\"image\":{\"@id\":\"https:\/\/challengeseconomiques.com\/?p=6896#primaryimage\"},\"thumbnailUrl\":\"https:\/\/challengeseconomiques.com\/wp-content\/uploads\/2024\/03\/Electrification-rurale.jpg\",\"articleSection\":[\"A la une\",\"Actualit\u00e9 \u00e9conomique\"],\"inLanguage\":\"fr-FR\"},{\"@type\":\"WebPage\",\"@id\":\"https:\/\/challengeseconomiques.com\/?p=6896\",\"url\":\"https:\/\/challengeseconomiques.com\/?p=6896\",\"name\":\"\u00c9lectrification rurale : l\u2019ASER va \u00e9lectrifier 1.740 villages au lieu de 1.500 seulement, gr\u00e2ce \u00e0 un contrat ren\u00e9goci\u00e9 - challenges economiques\",\"isPartOf\":{\"@id\":\"https:\/\/challengeseconomiques.com\/#website\"},\"primaryImageOfPage\":{\"@id\":\"https:\/\/challengeseconomiques.com\/?p=6896#primaryimage\"},\"image\":{\"@id\":\"https:\/\/challengeseconomiques.com\/?p=6896#primaryimage\"},\"thumbnailUrl\":\"https:\/\/challengeseconomiques.com\/wp-content\/uploads\/2024\/03\/Electrification-rurale.jpg\",\"datePublished\":\"2024-08-28T10:54:05+00:00\",\"dateModified\":\"2024-08-28T10:54:46+00:00\",\"author\":{\"@id\":\"https:\/\/challengeseconomiques.com\/#\/schema\/person\/b4568c9afebc5a9238a771873801e349\"},\"breadcrumb\":{\"@id\":\"https:\/\/challengeseconomiques.com\/?p=6896#breadcrumb\"},\"inLanguage\":\"fr-FR\",\"potentialAction\":[{\"@type\":\"ReadAction\",\"target\":[\"https:\/\/challengeseconomiques.com\/?p=6896\"]}]},{\"@type\":\"ImageObject\",\"inLanguage\":\"fr-FR\",\"@id\":\"https:\/\/challengeseconomiques.com\/?p=6896#primaryimage\",\"url\":\"https:\/\/challengeseconomiques.com\/wp-content\/uploads\/2024\/03\/Electrification-rurale.jpg\",\"contentUrl\":\"https:\/\/challengeseconomiques.com\/wp-content\/uploads\/2024\/03\/Electrification-rurale.jpg\",\"width\":600,\"height\":400},{\"@type\":\"BreadcrumbList\",\"@id\":\"https:\/\/challengeseconomiques.com\/?p=6896#breadcrumb\",\"itemListElement\":[{\"@type\":\"ListItem\",\"position\":1,\"name\":\"Home\",\"item\":\"https:\/\/challengeseconomiques.com\/\"},{\"@type\":\"ListItem\",\"position\":2,\"name\":\"\u00c9lectrification rurale : l\u2019ASER va \u00e9lectrifier 1.740 villages au lieu de 1.500 seulement, gr\u00e2ce \u00e0 un contrat ren\u00e9goci\u00e9\"}]},{\"@type\":\"WebSite\",\"@id\":\"https:\/\/challengeseconomiques.com\/#website\",\"url\":\"https:\/\/challengeseconomiques.com\/\",\"name\":\"challenges economiques\",\"description\":\"\",\"potentialAction\":[{\"@type\":\"SearchAction\",\"target\":{\"@type\":\"EntryPoint\",\"urlTemplate\":\"https:\/\/challengeseconomiques.com\/?s={search_term_string}\"},\"query-input\":{\"@type\":\"PropertyValueSpecification\",\"valueRequired\":true,\"valueName\":\"search_term_string\"}}],\"inLanguage\":\"fr-FR\"},{\"@type\":\"Person\",\"@id\":\"https:\/\/challengeseconomiques.com\/#\/schema\/person\/b4568c9afebc5a9238a771873801e349\",\"name\":\"admin\",\"image\":{\"@type\":\"ImageObject\",\"inLanguage\":\"fr-FR\",\"@id\":\"https:\/\/challengeseconomiques.com\/#\/schema\/person\/image\/\",\"url\":\"https:\/\/secure.gravatar.com\/avatar\/099e42240b5eea11acdb72751fcce0dd918603f0749d24974b7984ea47ed9fd9?s=96&d=mm&r=g\",\"contentUrl\":\"https:\/\/secure.gravatar.com\/avatar\/099e42240b5eea11acdb72751fcce0dd918603f0749d24974b7984ea47ed9fd9?s=96&d=mm&r=g\",\"caption\":\"admin\"},\"sameAs\":[\"https:\/\/challengeseconomiques.com\"],\"url\":\"https:\/\/challengeseconomiques.com\/?author=1\"}]}<\/script>\n<!-- \/ Yoast SEO plugin. -->","yoast_head_json":{"title":"\u00c9lectrification rurale : l\u2019ASER va \u00e9lectrifier 1.740 villages au lieu de 1.500 seulement, gr\u00e2ce \u00e0 un contrat ren\u00e9goci\u00e9 - challenges economiques","robots":{"index":"index","follow":"follow","max-snippet":"max-snippet:-1","max-image-preview":"max-image-preview:large","max-video-preview":"max-video-preview:-1"},"canonical":"https:\/\/challengeseconomiques.com\/?p=6896","og_locale":"fr_FR","og_type":"article","og_title":"\u00c9lectrification rurale : l\u2019ASER va \u00e9lectrifier 1.740 villages au lieu de 1.500 seulement, gr\u00e2ce \u00e0 un contrat ren\u00e9goci\u00e9 - challenges economiques","og_description":"L\u2019Agence s\u00e9n\u00e9galaise d\u2019\u00e9lectrification rurale (ASER) et la soci\u00e9t\u00e9 AEE Power EPC ont sign\u00e9 un contrat ren\u00e9goci\u00e9 en vue de l\u2019acc\u00e8s de 1.740 villages du S\u00e9n\u00e9gal...","og_url":"https:\/\/challengeseconomiques.com\/?p=6896","og_site_name":"challenges economiques","article_published_time":"2024-08-28T10:54:05+00:00","article_modified_time":"2024-08-28T10:54:46+00:00","og_image":[{"width":600,"height":400,"url":"https:\/\/challengeseconomiques.com\/wp-content\/uploads\/2024\/03\/Electrification-rurale.jpg","type":"image\/jpeg"}],"author":"admin","twitter_card":"summary_large_image","twitter_misc":{"\u00c9crit par":"admin","Dur\u00e9e de lecture estim\u00e9e":"3 minutes"},"schema":{"@context":"https:\/\/schema.org","@graph":[{"@type":"Article","@id":"https:\/\/challengeseconomiques.com\/?p=6896#article","isPartOf":{"@id":"https:\/\/challengeseconomiques.com\/?p=6896"},"author":{"name":"admin","@id":"https:\/\/challengeseconomiques.com\/#\/schema\/person\/b4568c9afebc5a9238a771873801e349"},"headline":"\u00c9lectrification rurale : l\u2019ASER va \u00e9lectrifier 1.740 villages au lieu de 1.500 seulement, gr\u00e2ce \u00e0 un contrat ren\u00e9goci\u00e9","datePublished":"2024-08-28T10:54:05+00:00","dateModified":"2024-08-28T10:54:46+00:00","mainEntityOfPage":{"@id":"https:\/\/challengeseconomiques.com\/?p=6896"},"wordCount":556,"image":{"@id":"https:\/\/challengeseconomiques.com\/?p=6896#primaryimage"},"thumbnailUrl":"https:\/\/challengeseconomiques.com\/wp-content\/uploads\/2024\/03\/Electrification-rurale.jpg","articleSection":["A la une","Actualit\u00e9 \u00e9conomique"],"inLanguage":"fr-FR"},{"@type":"WebPage","@id":"https:\/\/challengeseconomiques.com\/?p=6896","url":"https:\/\/challengeseconomiques.com\/?p=6896","name":"\u00c9lectrification rurale : l\u2019ASER va \u00e9lectrifier 1.740 villages au lieu de 1.500 seulement, gr\u00e2ce \u00e0 un contrat ren\u00e9goci\u00e9 - challenges economiques","isPartOf":{"@id":"https:\/\/challengeseconomiques.com\/#website"},"primaryImageOfPage":{"@id":"https:\/\/challengeseconomiques.com\/?p=6896#primaryimage"},"image":{"@id":"https:\/\/challengeseconomiques.com\/?p=6896#primaryimage"},"thumbnailUrl":"https:\/\/challengeseconomiques.com\/wp-content\/uploads\/2024\/03\/Electrification-rurale.jpg","datePublished":"2024-08-28T10:54:05+00:00","dateModified":"2024-08-28T10:54:46+00:00","author":{"@id":"https:\/\/challengeseconomiques.com\/#\/schema\/person\/b4568c9afebc5a9238a771873801e349"},"breadcrumb":{"@id":"https:\/\/challengeseconomiques.com\/?p=6896#breadcrumb"},"inLanguage":"fr-FR","potentialAction":[{"@type":"ReadAction","target":["https:\/\/challengeseconomiques.com\/?p=6896"]}]},{"@type":"ImageObject","inLanguage":"fr-FR","@id":"https:\/\/challengeseconomiques.com\/?p=6896#primaryimage","url":"https:\/\/challengeseconomiques.com\/wp-content\/uploads\/2024\/03\/Electrification-rurale.jpg","contentUrl":"https:\/\/challengeseconomiques.com\/wp-content\/uploads\/2024\/03\/Electrification-rurale.jpg","width":600,"height":400},{"@type":"BreadcrumbList","@id":"https:\/\/challengeseconomiques.com\/?p=6896#breadcrumb","itemListElement":[{"@type":"ListItem","position":1,"name":"Home","item":"https:\/\/challengeseconomiques.com\/"},{"@type":"ListItem","position":2,"name":"\u00c9lectrification rurale : l\u2019ASER va \u00e9lectrifier 1.740 villages au lieu de 1.500 seulement, gr\u00e2ce \u00e0 un contrat ren\u00e9goci\u00e9"}]},{"@type":"WebSite","@id":"https:\/\/challengeseconomiques.com\/#website","url":"https:\/\/challengeseconomiques.com\/","name":"challenges economiques","description":"","potentialAction":[{"@type":"SearchAction","target":{"@type":"EntryPoint","urlTemplate":"https:\/\/challengeseconomiques.com\/?s={search_term_string}"},"query-input":{"@type":"PropertyValueSpecification","valueRequired":true,"valueName":"search_term_string"}}],"inLanguage":"fr-FR"},{"@type":"Person","@id":"https:\/\/challengeseconomiques.com\/#\/schema\/person\/b4568c9afebc5a9238a771873801e349","name":"admin","image":{"@type":"ImageObject","inLanguage":"fr-FR","@id":"https:\/\/challengeseconomiques.com\/#\/schema\/person\/image\/","url":"https:\/\/secure.gravatar.com\/avatar\/099e42240b5eea11acdb72751fcce0dd918603f0749d24974b7984ea47ed9fd9?s=96&d=mm&r=g","contentUrl":"https:\/\/secure.gravatar.com\/avatar\/099e42240b5eea11acdb72751fcce0dd918603f0749d24974b7984ea47ed9fd9?s=96&d=mm&r=g","caption":"admin"},"sameAs":["https:\/\/challengeseconomiques.com"],"url":"https:\/\/challengeseconomiques.com\/?author=1"}]}},"jetpack_featured_media_url":"https:\/\/challengeseconomiques.com\/wp-content\/uploads\/2024\/03\/Electrification-rurale.jpg","jetpack_sharing_enabled":true,"_links":{"self":[{"href":"https:\/\/challengeseconomiques.com\/index.php?rest_route=\/wp\/v2\/posts\/6896","targetHints":{"allow":["GET"]}}],"collection":[{"href":"https:\/\/challengeseconomiques.com\/index.php?rest_route=\/wp\/v2\/posts"}],"about":[{"href":"https:\/\/challengeseconomiques.com\/index.php?rest_route=\/wp\/v2\/types\/post"}],"author":[{"embeddable":true,"href":"https:\/\/challengeseconomiques.com\/index.php?rest_route=\/wp\/v2\/users\/1"}],"replies":[{"embeddable":true,"href":"https:\/\/challengeseconomiques.com\/index.php?rest_route=%2Fwp%2Fv2%2Fcomments&post=6896"}],"version-history":[{"count":1,"href":"https:\/\/challengeseconomiques.com\/index.php?rest_route=\/wp\/v2\/posts\/6896\/revisions"}],"predecessor-version":[{"id":6897,"href":"https:\/\/challengeseconomiques.com\/index.php?rest_route=\/wp\/v2\/posts\/6896\/revisions\/6897"}],"wp:featuredmedia":[{"embeddable":true,"href":"https:\/\/challengeseconomiques.com\/index.php?rest_route=\/wp\/v2\/media\/6119"}],"wp:attachment":[{"href":"https:\/\/challengeseconomiques.com\/index.php?rest_route=%2Fwp%2Fv2%2Fmedia&parent=6896"}],"wp:term":[{"taxonomy":"category","embeddable":true,"href":"https:\/\/challengeseconomiques.com\/index.php?rest_route=%2Fwp%2Fv2%2Fcategories&post=6896"},{"taxonomy":"post_tag","embeddable":true,"href":"https:\/\/challengeseconomiques.com\/index.php?rest_route=%2Fwp%2Fv2%2Ftags&post=6896"}],"curies":[{"name":"wp","href":"https:\/\/api.w.org\/{rel}","templated":true}]}}