{"id":6886,"date":"2024-08-23T12:40:00","date_gmt":"2024-08-23T12:40:00","guid":{"rendered":"https:\/\/challengeseconomiques.com\/?p=6886"},"modified":"2024-08-23T12:40:35","modified_gmt":"2024-08-23T12:40:35","slug":"senegal-mise-en-service-dune-centrale-thermique-dun-cout-de-262-milliards-fcfa","status":"publish","type":"post","link":"https:\/\/challengeseconomiques.com\/?p=6886","title":{"rendered":"S\u00e9n\u00e9gal : Mise en service d\u2019une centrale thermique d\u2019un co\u00fbt de 262 milliards FCFA"},"content":{"rendered":"<p>Le S\u00e9n\u00e9gal renforce sa capacit\u00e9 de production \u00e9lectrique. En construction depuis 2021, la Centrale de Cap des biches est d\u00e9sormais fonctionnelle. La c\u00e9r\u00e9monie d\u2019allumage a \u00e9t\u00e9 organis\u00e9e le jeudi 22 ao\u00fbt 2024. L\u2019infrastructure \u00e9lectrique a une capacit\u00e9 de 366 m\u00e9gawatts. Le co\u00fbt est de 262 milliards FCFA mobilis\u00e9s par des priv\u00e9s locaux avec comme t\u00eate de fil, l\u2019ancien ministre de l\u2019\u00c9nergie sous Abdoulaye Wade, Samuel Sarr.<\/p>\n<p>Cette centrale \u00e0 cycle combin\u00e9, utilise une technologie \u00e0 haut rendement compos\u00e9 de deux turbines \u00e0 gaz et une turbine \u00e0 vapeur. La mise en service de cet ouvrage devrait permettre de disposer d\u2019une \u00e9nergie suffisante, en bonne qualit\u00e9 mais surtout avec un co\u00fbt de production comp\u00e9titif gr\u00e2ce \u00e0 l\u2019utilisation du gaz naturel issu des r\u00e9serves gazi\u00e8res du pays \u00e0 travers la strat\u00e9gie \u00ab Gaz to Power \u00bb.<\/p>\n<p>Pour Samuel Sarr, le projet s\u2019inscrit dans la dynamique de la disponibilit\u00e9 permanente de l\u2019\u00e9nergie \u00e0 moindre co\u00fbt pour redynamiser l\u2019\u00e9mergence \u00e0 court terme. La Senelec qui exploite la centrale intervient dans ce projet. Elle d\u00e9tient 15% des actions. La centrale fonctionnera avec l\u2019\u00e9lectricit\u00e9 mais \u00e9galement avec du gaz. Ce qui permettra selon le directeur g\u00e9n\u00e9ral de la SENELEC, Pape Toby Gaye de r\u00e9ussir la politique de mix \u00e9nerg\u00e9tique.<\/p>\n<p>\u00ab Nous pourrons garantir la politique de mix \u00e9nerg\u00e9tique avec un objectif fix\u00e9 \u00e0 40%. C\u2019est un important projet, qui \u00e0 terme va contribuer \u00e0 une meilleure fourniture du pays en \u00e9lectricit\u00e9 propre. Il peut \u00e9galement favoriser l\u2019acc\u00e8s \u00e0 l\u2019\u00e9lectricit\u00e9 \u00e0 moindre co\u00fbt \u00e0 travers le baisse des tarifs \u00bb, a soulign\u00e9 le directeur g\u00e9n\u00e9ral de la SENELEC, Papa Toby Gaye.<\/p>\n<p>Le S\u00e9n\u00e9gal ambitionne de diversifier ses sources de production \u00e9lectriques. C\u2019est dans ce cadre que l\u2019\u00c9tat d\u00e9roule la strat\u00e9gie \u00ab Gas to power \u00bb, dans un contexte o\u00f9 l\u2019exploitation des ressources du Projet Grand Tortue Ahmeyim (Gta) est attendue en fin d\u2019ann\u00e9e. Ainsi le pays souhaite passer de 31% \u00e0 plus de 40% \u00e0 l\u2019horizon 2030.<\/p>\n<p><strong>sikafinance.com<\/strong><\/p>\n","protected":false},"excerpt":{"rendered":"<p>Le S\u00e9n\u00e9gal renforce sa capacit\u00e9 de production \u00e9lectrique. En construction depuis 2021, la Centrale de Cap des biches est d\u00e9sormais fonctionnelle. La c\u00e9r\u00e9monie d\u2019allumage a&#8230;<\/p>\n","protected":false},"author":1,"featured_media":6887,"comment_status":"closed","ping_status":"open","sticky":false,"template":"","format":"standard","meta":{"_jetpack_memberships_contains_paid_content":false,"footnotes":""},"categories":[23,10],"tags":[],"class_list":["post-6886","post","type-post","status-publish","format-standard","has-post-thumbnail","hentry","category-a-la-une","category-infos-eco","wpcat-23-id","wpcat-10-id"],"yoast_head":"<!-- This site is optimized with the Yoast SEO plugin v27.1.1 - https:\/\/yoast.com\/product\/yoast-seo-wordpress\/ -->\n<title>S\u00e9n\u00e9gal : Mise en service d\u2019une centrale thermique d\u2019un co\u00fbt de 262 milliards FCFA - challenges economiques<\/title>\n<meta name=\"robots\" content=\"index, follow, max-snippet:-1, max-image-preview:large, max-video-preview:-1\" \/>\n<link rel=\"canonical\" href=\"https:\/\/challengeseconomiques.com\/?p=6886\" \/>\n<meta property=\"og:locale\" content=\"fr_FR\" \/>\n<meta property=\"og:type\" content=\"article\" \/>\n<meta property=\"og:title\" content=\"S\u00e9n\u00e9gal : Mise en service d\u2019une centrale thermique d\u2019un co\u00fbt de 262 milliards FCFA - challenges economiques\" \/>\n<meta property=\"og:description\" content=\"Le S\u00e9n\u00e9gal renforce sa capacit\u00e9 de production \u00e9lectrique. En construction depuis 2021, la Centrale de Cap des biches est d\u00e9sormais fonctionnelle. La c\u00e9r\u00e9monie d\u2019allumage a...\" \/>\n<meta property=\"og:url\" content=\"https:\/\/challengeseconomiques.com\/?p=6886\" \/>\n<meta property=\"og:site_name\" content=\"challenges economiques\" \/>\n<meta property=\"article:published_time\" content=\"2024-08-23T12:40:00+00:00\" \/>\n<meta property=\"article:modified_time\" content=\"2024-08-23T12:40:35+00:00\" \/>\n<meta property=\"og:image\" content=\"https:\/\/challengeseconomiques.com\/wp-content\/uploads\/2024\/08\/Centrale-electrique-Senegal.jpg\" \/>\n\t<meta property=\"og:image:width\" content=\"600\" \/>\n\t<meta property=\"og:image:height\" content=\"341\" \/>\n\t<meta property=\"og:image:type\" content=\"image\/jpeg\" \/>\n<meta name=\"author\" content=\"admin\" \/>\n<meta name=\"twitter:card\" content=\"summary_large_image\" \/>\n<meta name=\"twitter:label1\" content=\"\u00c9crit par\" \/>\n\t<meta name=\"twitter:data1\" content=\"admin\" \/>\n\t<meta name=\"twitter:label2\" content=\"Dur\u00e9e de lecture estim\u00e9e\" \/>\n\t<meta name=\"twitter:data2\" content=\"2 minutes\" \/>\n<script type=\"application\/ld+json\" class=\"yoast-schema-graph\">{\"@context\":\"https:\/\/schema.org\",\"@graph\":[{\"@type\":\"Article\",\"@id\":\"https:\/\/challengeseconomiques.com\/?p=6886#article\",\"isPartOf\":{\"@id\":\"https:\/\/challengeseconomiques.com\/?p=6886\"},\"author\":{\"name\":\"admin\",\"@id\":\"https:\/\/challengeseconomiques.com\/#\/schema\/person\/b4568c9afebc5a9238a771873801e349\"},\"headline\":\"S\u00e9n\u00e9gal : Mise en service d\u2019une centrale thermique d\u2019un co\u00fbt de 262 milliards FCFA\",\"datePublished\":\"2024-08-23T12:40:00+00:00\",\"dateModified\":\"2024-08-23T12:40:35+00:00\",\"mainEntityOfPage\":{\"@id\":\"https:\/\/challengeseconomiques.com\/?p=6886\"},\"wordCount\":359,\"image\":{\"@id\":\"https:\/\/challengeseconomiques.com\/?p=6886#primaryimage\"},\"thumbnailUrl\":\"https:\/\/challengeseconomiques.com\/wp-content\/uploads\/2024\/08\/Centrale-electrique-Senegal.jpg\",\"articleSection\":[\"A la une\",\"Infos \u00e9co\"],\"inLanguage\":\"fr-FR\"},{\"@type\":\"WebPage\",\"@id\":\"https:\/\/challengeseconomiques.com\/?p=6886\",\"url\":\"https:\/\/challengeseconomiques.com\/?p=6886\",\"name\":\"S\u00e9n\u00e9gal : Mise en service d\u2019une centrale thermique d\u2019un co\u00fbt de 262 milliards FCFA - challenges economiques\",\"isPartOf\":{\"@id\":\"https:\/\/challengeseconomiques.com\/#website\"},\"primaryImageOfPage\":{\"@id\":\"https:\/\/challengeseconomiques.com\/?p=6886#primaryimage\"},\"image\":{\"@id\":\"https:\/\/challengeseconomiques.com\/?p=6886#primaryimage\"},\"thumbnailUrl\":\"https:\/\/challengeseconomiques.com\/wp-content\/uploads\/2024\/08\/Centrale-electrique-Senegal.jpg\",\"datePublished\":\"2024-08-23T12:40:00+00:00\",\"dateModified\":\"2024-08-23T12:40:35+00:00\",\"author\":{\"@id\":\"https:\/\/challengeseconomiques.com\/#\/schema\/person\/b4568c9afebc5a9238a771873801e349\"},\"breadcrumb\":{\"@id\":\"https:\/\/challengeseconomiques.com\/?p=6886#breadcrumb\"},\"inLanguage\":\"fr-FR\",\"potentialAction\":[{\"@type\":\"ReadAction\",\"target\":[\"https:\/\/challengeseconomiques.com\/?p=6886\"]}]},{\"@type\":\"ImageObject\",\"inLanguage\":\"fr-FR\",\"@id\":\"https:\/\/challengeseconomiques.com\/?p=6886#primaryimage\",\"url\":\"https:\/\/challengeseconomiques.com\/wp-content\/uploads\/2024\/08\/Centrale-electrique-Senegal.jpg\",\"contentUrl\":\"https:\/\/challengeseconomiques.com\/wp-content\/uploads\/2024\/08\/Centrale-electrique-Senegal.jpg\",\"width\":600,\"height\":341},{\"@type\":\"BreadcrumbList\",\"@id\":\"https:\/\/challengeseconomiques.com\/?p=6886#breadcrumb\",\"itemListElement\":[{\"@type\":\"ListItem\",\"position\":1,\"name\":\"Home\",\"item\":\"https:\/\/challengeseconomiques.com\/\"},{\"@type\":\"ListItem\",\"position\":2,\"name\":\"S\u00e9n\u00e9gal : Mise en service d\u2019une centrale thermique d\u2019un co\u00fbt de 262 milliards FCFA\"}]},{\"@type\":\"WebSite\",\"@id\":\"https:\/\/challengeseconomiques.com\/#website\",\"url\":\"https:\/\/challengeseconomiques.com\/\",\"name\":\"challenges economiques\",\"description\":\"\",\"potentialAction\":[{\"@type\":\"SearchAction\",\"target\":{\"@type\":\"EntryPoint\",\"urlTemplate\":\"https:\/\/challengeseconomiques.com\/?s={search_term_string}\"},\"query-input\":{\"@type\":\"PropertyValueSpecification\",\"valueRequired\":true,\"valueName\":\"search_term_string\"}}],\"inLanguage\":\"fr-FR\"},{\"@type\":\"Person\",\"@id\":\"https:\/\/challengeseconomiques.com\/#\/schema\/person\/b4568c9afebc5a9238a771873801e349\",\"name\":\"admin\",\"image\":{\"@type\":\"ImageObject\",\"inLanguage\":\"fr-FR\",\"@id\":\"https:\/\/challengeseconomiques.com\/#\/schema\/person\/image\/\",\"url\":\"https:\/\/secure.gravatar.com\/avatar\/099e42240b5eea11acdb72751fcce0dd918603f0749d24974b7984ea47ed9fd9?s=96&d=mm&r=g\",\"contentUrl\":\"https:\/\/secure.gravatar.com\/avatar\/099e42240b5eea11acdb72751fcce0dd918603f0749d24974b7984ea47ed9fd9?s=96&d=mm&r=g\",\"caption\":\"admin\"},\"sameAs\":[\"https:\/\/challengeseconomiques.com\"],\"url\":\"https:\/\/challengeseconomiques.com\/?author=1\"}]}<\/script>\n<!-- \/ Yoast SEO plugin. -->","yoast_head_json":{"title":"S\u00e9n\u00e9gal : Mise en service d\u2019une centrale thermique d\u2019un co\u00fbt de 262 milliards FCFA - challenges economiques","robots":{"index":"index","follow":"follow","max-snippet":"max-snippet:-1","max-image-preview":"max-image-preview:large","max-video-preview":"max-video-preview:-1"},"canonical":"https:\/\/challengeseconomiques.com\/?p=6886","og_locale":"fr_FR","og_type":"article","og_title":"S\u00e9n\u00e9gal : Mise en service d\u2019une centrale thermique d\u2019un co\u00fbt de 262 milliards FCFA - challenges economiques","og_description":"Le S\u00e9n\u00e9gal renforce sa capacit\u00e9 de production \u00e9lectrique. En construction depuis 2021, la Centrale de Cap des biches est d\u00e9sormais fonctionnelle. La c\u00e9r\u00e9monie d\u2019allumage a...","og_url":"https:\/\/challengeseconomiques.com\/?p=6886","og_site_name":"challenges economiques","article_published_time":"2024-08-23T12:40:00+00:00","article_modified_time":"2024-08-23T12:40:35+00:00","og_image":[{"width":600,"height":341,"url":"https:\/\/challengeseconomiques.com\/wp-content\/uploads\/2024\/08\/Centrale-electrique-Senegal.jpg","type":"image\/jpeg"}],"author":"admin","twitter_card":"summary_large_image","twitter_misc":{"\u00c9crit par":"admin","Dur\u00e9e de lecture estim\u00e9e":"2 minutes"},"schema":{"@context":"https:\/\/schema.org","@graph":[{"@type":"Article","@id":"https:\/\/challengeseconomiques.com\/?p=6886#article","isPartOf":{"@id":"https:\/\/challengeseconomiques.com\/?p=6886"},"author":{"name":"admin","@id":"https:\/\/challengeseconomiques.com\/#\/schema\/person\/b4568c9afebc5a9238a771873801e349"},"headline":"S\u00e9n\u00e9gal : Mise en service d\u2019une centrale thermique d\u2019un co\u00fbt de 262 milliards FCFA","datePublished":"2024-08-23T12:40:00+00:00","dateModified":"2024-08-23T12:40:35+00:00","mainEntityOfPage":{"@id":"https:\/\/challengeseconomiques.com\/?p=6886"},"wordCount":359,"image":{"@id":"https:\/\/challengeseconomiques.com\/?p=6886#primaryimage"},"thumbnailUrl":"https:\/\/challengeseconomiques.com\/wp-content\/uploads\/2024\/08\/Centrale-electrique-Senegal.jpg","articleSection":["A la une","Infos \u00e9co"],"inLanguage":"fr-FR"},{"@type":"WebPage","@id":"https:\/\/challengeseconomiques.com\/?p=6886","url":"https:\/\/challengeseconomiques.com\/?p=6886","name":"S\u00e9n\u00e9gal : Mise en service d\u2019une centrale thermique d\u2019un co\u00fbt de 262 milliards FCFA - challenges economiques","isPartOf":{"@id":"https:\/\/challengeseconomiques.com\/#website"},"primaryImageOfPage":{"@id":"https:\/\/challengeseconomiques.com\/?p=6886#primaryimage"},"image":{"@id":"https:\/\/challengeseconomiques.com\/?p=6886#primaryimage"},"thumbnailUrl":"https:\/\/challengeseconomiques.com\/wp-content\/uploads\/2024\/08\/Centrale-electrique-Senegal.jpg","datePublished":"2024-08-23T12:40:00+00:00","dateModified":"2024-08-23T12:40:35+00:00","author":{"@id":"https:\/\/challengeseconomiques.com\/#\/schema\/person\/b4568c9afebc5a9238a771873801e349"},"breadcrumb":{"@id":"https:\/\/challengeseconomiques.com\/?p=6886#breadcrumb"},"inLanguage":"fr-FR","potentialAction":[{"@type":"ReadAction","target":["https:\/\/challengeseconomiques.com\/?p=6886"]}]},{"@type":"ImageObject","inLanguage":"fr-FR","@id":"https:\/\/challengeseconomiques.com\/?p=6886#primaryimage","url":"https:\/\/challengeseconomiques.com\/wp-content\/uploads\/2024\/08\/Centrale-electrique-Senegal.jpg","contentUrl":"https:\/\/challengeseconomiques.com\/wp-content\/uploads\/2024\/08\/Centrale-electrique-Senegal.jpg","width":600,"height":341},{"@type":"BreadcrumbList","@id":"https:\/\/challengeseconomiques.com\/?p=6886#breadcrumb","itemListElement":[{"@type":"ListItem","position":1,"name":"Home","item":"https:\/\/challengeseconomiques.com\/"},{"@type":"ListItem","position":2,"name":"S\u00e9n\u00e9gal : Mise en service d\u2019une centrale thermique d\u2019un co\u00fbt de 262 milliards FCFA"}]},{"@type":"WebSite","@id":"https:\/\/challengeseconomiques.com\/#website","url":"https:\/\/challengeseconomiques.com\/","name":"challenges economiques","description":"","potentialAction":[{"@type":"SearchAction","target":{"@type":"EntryPoint","urlTemplate":"https:\/\/challengeseconomiques.com\/?s={search_term_string}"},"query-input":{"@type":"PropertyValueSpecification","valueRequired":true,"valueName":"search_term_string"}}],"inLanguage":"fr-FR"},{"@type":"Person","@id":"https:\/\/challengeseconomiques.com\/#\/schema\/person\/b4568c9afebc5a9238a771873801e349","name":"admin","image":{"@type":"ImageObject","inLanguage":"fr-FR","@id":"https:\/\/challengeseconomiques.com\/#\/schema\/person\/image\/","url":"https:\/\/secure.gravatar.com\/avatar\/099e42240b5eea11acdb72751fcce0dd918603f0749d24974b7984ea47ed9fd9?s=96&d=mm&r=g","contentUrl":"https:\/\/secure.gravatar.com\/avatar\/099e42240b5eea11acdb72751fcce0dd918603f0749d24974b7984ea47ed9fd9?s=96&d=mm&r=g","caption":"admin"},"sameAs":["https:\/\/challengeseconomiques.com"],"url":"https:\/\/challengeseconomiques.com\/?author=1"}]}},"jetpack_featured_media_url":"https:\/\/challengeseconomiques.com\/wp-content\/uploads\/2024\/08\/Centrale-electrique-Senegal.jpg","jetpack_sharing_enabled":true,"_links":{"self":[{"href":"https:\/\/challengeseconomiques.com\/index.php?rest_route=\/wp\/v2\/posts\/6886","targetHints":{"allow":["GET"]}}],"collection":[{"href":"https:\/\/challengeseconomiques.com\/index.php?rest_route=\/wp\/v2\/posts"}],"about":[{"href":"https:\/\/challengeseconomiques.com\/index.php?rest_route=\/wp\/v2\/types\/post"}],"author":[{"embeddable":true,"href":"https:\/\/challengeseconomiques.com\/index.php?rest_route=\/wp\/v2\/users\/1"}],"replies":[{"embeddable":true,"href":"https:\/\/challengeseconomiques.com\/index.php?rest_route=%2Fwp%2Fv2%2Fcomments&post=6886"}],"version-history":[{"count":1,"href":"https:\/\/challengeseconomiques.com\/index.php?rest_route=\/wp\/v2\/posts\/6886\/revisions"}],"predecessor-version":[{"id":6888,"href":"https:\/\/challengeseconomiques.com\/index.php?rest_route=\/wp\/v2\/posts\/6886\/revisions\/6888"}],"wp:featuredmedia":[{"embeddable":true,"href":"https:\/\/challengeseconomiques.com\/index.php?rest_route=\/wp\/v2\/media\/6887"}],"wp:attachment":[{"href":"https:\/\/challengeseconomiques.com\/index.php?rest_route=%2Fwp%2Fv2%2Fmedia&parent=6886"}],"wp:term":[{"taxonomy":"category","embeddable":true,"href":"https:\/\/challengeseconomiques.com\/index.php?rest_route=%2Fwp%2Fv2%2Fcategories&post=6886"},{"taxonomy":"post_tag","embeddable":true,"href":"https:\/\/challengeseconomiques.com\/index.php?rest_route=%2Fwp%2Fv2%2Ftags&post=6886"}],"curies":[{"name":"wp","href":"https:\/\/api.w.org\/{rel}","templated":true}]}}