{"id":6878,"date":"2024-08-22T13:57:50","date_gmt":"2024-08-22T13:57:50","guid":{"rendered":"https:\/\/challengeseconomiques.com\/?p=6878"},"modified":"2024-08-22T13:58:23","modified_gmt":"2024-08-22T13:58:23","slug":"proparco-accorde-une-ligne-de-credit-senior-de-6-5-milliards-de-francs-cfa-a-acep-senegal","status":"publish","type":"post","link":"https:\/\/challengeseconomiques.com\/?p=6878","title":{"rendered":"Proparco accorde une ligne de cr\u00e9dit senior de 6.5 milliards F CFA \u00e0 ACEP S\u00e9n\u00e9gal"},"content":{"rendered":"<p><strong>Une ligne de cr\u00e9dit senior de 6.5 milliards de francs CFA a \u00e9t\u00e9 accord\u00e9e par Proparco, une filiale du groupe agence fran\u00e7aise de d\u00e9veloppement (Groupe AFD) d\u00e9di\u00e9e au secteur priv\u00e9 \u00e0 l&rsquo;alliance de cr\u00e9dit et d&rsquo;\u00e9pargne pour la production (ACEP) S\u00e9n\u00e9gal, annonce un communiqu\u00e9<\/strong>.<\/p>\n<p>Cette ligne de cr\u00e9dit permettra de stimuler la croissance de l\u2019activit\u00e9 de pr\u00eats de l\u2019institution de microfinance aupr\u00e8s de micro-agriculteurs ou de micro-entrepreneurs pr\u00e9sents sur l\u2019ensemble de la cha\u00eene de valeur agro-alimentaire locale. Ce financement vise par ailleurs \u00e0 soutenir en priorit\u00e9 les TPE\/PME d\u00e9tenues ou dirig\u00e9es par des femmes.<\/p>\n<p>\u00ab\u00a0Le pr\u00eat senior de 6.5 milliards de francs CFA (10\u00a0millions d&rsquo;euros), que Proparco vient d\u2019accorder \u00e0 ACEP S\u00e9n\u00e9gal, acteur majeur de la microfinance au S\u00e9n\u00e9gal, contribuera plus particuli\u00e8rement \u00e0 r\u00e9pondre \u00e0 deux enjeux cl\u00e9s de d\u00e9veloppement pour le S\u00e9n\u00e9gal\u00a0: la souverainet\u00e9 alimentaire et la r\u00e9duction des in\u00e9galit\u00e9s de genre\u00a0\u00bb, d\u00e9taille le communiqu\u00e9.<\/p>\n<p>Pr\u00e9cisons que Proparco intervient depuis 45 ans, pour promouvoir un d\u00e9veloppement durable en mati\u00e8re \u00e9conomique, sociale et environnementale. En effet, la filiale de l&rsquo;AFD participe au financement et \u00e0 l\u2019accompagnement d\u2019entreprises et d\u2019\u00e9tablissements financiers en Afrique, en Asie, en Am\u00e9rique latine ou encore au Moyen- Orient.<\/p>\n<p>Son action se concentre sur les secteurs cl\u00e9s du d\u00e9veloppement : les infrastructures avec un focus sur les \u00e9nergies renouvelables, l\u2019agro-industrie, les institutions financi\u00e8res, la sant\u00e9, l\u2019\u00e9ducation&#8230;<\/p>\n<p>D\u2019ici deux ans, le partenariat, qui la lie \u00e0 ACEP S\u00e9n\u00e9gal devrait permettre, a minima, de doubler l\u2019activit\u00e9 de pr\u00eats de cette institution financi\u00e8re aupr\u00e8s de micro-agriculteurs ou de micro-emprunteurs pr\u00e9sents sur l\u2019ensemble de la cha\u00eene de valeur agro-alimentaire locale, dont l\u2019activit\u00e9 contribue directement ou indirectement \u00e0 renforcer l\u2019autosuffisance alimentaire au S\u00e9n\u00e9gal.<\/p>\n<p>Cette op\u00e9ration entre dans le cadre de l\u2019initiative Food &amp; Agriculture R\u00e9silience Mission (FARM), lanc\u00e9e en 2022 par Emmanuel Macron, Pr\u00e9sident de la R\u00e9publique fran\u00e7aise, aux c\u00f4t\u00e9s de l\u2019Union europ\u00e9enne, du G7 et de l\u2019Union africaine. Elle vise \u00e0 renforcer la s\u00e9curit\u00e9 alimentaire des pays les plus vuln\u00e9rables.<\/p>\n<p>Concr\u00e8tement, la ligne de cr\u00e9dit de Proparco permettra \u00e0 ACEP S\u00e9n\u00e9gal de cr\u00e9er pr\u00e8s de 7500\u00a0emplois et de soutenir pr\u00e8s de 2300 TPME, dont au moins la moiti\u00e9 se situe dans le secteur agricole.<\/p>\n<p>Signalons que ACEP S\u00e9n\u00e9gal est un partenaire cl\u00e9 des entrepreneurs. L\u2019institution est singuli\u00e8rement pr\u00e9sente sur ce secteur gr\u00e2ce \u00e0 une tr\u00e8s bonne couverture g\u00e9ographique, en s\u2019appuyant sur des mutuelles localis\u00e9es dans des r\u00e9gions qui constituent le poumon agricole du S\u00e9n\u00e9gal, en particulier Kaolack, Kaffrine, Tambacounda, Kolda et Ziguinchor.<\/p>\n<p>L\u2019institution mutualiste appartient \u00e0 pr\u00e8s de 200\u00a0000 S\u00e9n\u00e9galais et S\u00e9n\u00e9galaises et plus de 20\u00a0000 groupements.<\/p>\n<p>Sa pr\u00e9sence dans les zones rurales lui permet de toucher les populations vis\u00e9es, prioritairement des petits producteurs, mais \u00e9galement des grossistes, commer\u00e7ants, et producteurs de taille plus importante dans une logique d\u2019int\u00e9gration des cha\u00eenes de valeur agricoles et de passage \u00e0 l\u2019\u00e9chelle.<\/p>\n","protected":false},"excerpt":{"rendered":"<p>Une ligne de cr\u00e9dit senior de 6.5 milliards de francs CFA a \u00e9t\u00e9 accord\u00e9e par Proparco, une filiale du groupe agence fran\u00e7aise de d\u00e9veloppement (Groupe&#8230;<\/p>\n","protected":false},"author":3,"featured_media":6879,"comment_status":"closed","ping_status":"open","sticky":false,"template":"","format":"standard","meta":{"_jetpack_memberships_contains_paid_content":false,"footnotes":""},"categories":[23,8],"tags":[],"class_list":["post-6878","post","type-post","status-publish","format-standard","has-post-thumbnail","hentry","category-a-la-une","category-actualite-economique","wpcat-23-id","wpcat-8-id"],"yoast_head":"<!-- This site is optimized with the Yoast SEO plugin v27.1.1 - https:\/\/yoast.com\/product\/yoast-seo-wordpress\/ -->\n<title>Proparco accorde une ligne de cr\u00e9dit senior de 6.5 milliards F CFA \u00e0 ACEP S\u00e9n\u00e9gal - challenges economiques<\/title>\n<meta name=\"robots\" content=\"index, follow, max-snippet:-1, max-image-preview:large, max-video-preview:-1\" \/>\n<link rel=\"canonical\" href=\"https:\/\/challengeseconomiques.com\/?p=6878\" \/>\n<meta property=\"og:locale\" content=\"fr_FR\" \/>\n<meta property=\"og:type\" content=\"article\" \/>\n<meta property=\"og:title\" content=\"Proparco accorde une ligne de cr\u00e9dit senior de 6.5 milliards F CFA \u00e0 ACEP S\u00e9n\u00e9gal - challenges economiques\" \/>\n<meta property=\"og:description\" content=\"Une ligne de cr\u00e9dit senior de 6.5 milliards de francs CFA a \u00e9t\u00e9 accord\u00e9e par Proparco, une filiale du groupe agence fran\u00e7aise de d\u00e9veloppement (Groupe...\" \/>\n<meta property=\"og:url\" content=\"https:\/\/challengeseconomiques.com\/?p=6878\" \/>\n<meta property=\"og:site_name\" content=\"challenges economiques\" \/>\n<meta property=\"article:published_time\" content=\"2024-08-22T13:57:50+00:00\" \/>\n<meta property=\"article:modified_time\" content=\"2024-08-22T13:58:23+00:00\" \/>\n<meta property=\"og:image\" content=\"https:\/\/challengeseconomiques.com\/wp-content\/uploads\/2024\/08\/acep2-scaled.webp\" \/>\n\t<meta property=\"og:image:width\" content=\"2560\" \/>\n\t<meta property=\"og:image:height\" content=\"1709\" \/>\n\t<meta property=\"og:image:type\" content=\"image\/webp\" \/>\n<meta name=\"author\" content=\"aliou kane ndiaye\" \/>\n<meta name=\"twitter:card\" content=\"summary_large_image\" \/>\n<meta name=\"twitter:label1\" content=\"\u00c9crit par\" \/>\n\t<meta name=\"twitter:data1\" content=\"aliou kane ndiaye\" \/>\n\t<meta name=\"twitter:label2\" content=\"Dur\u00e9e de lecture estim\u00e9e\" \/>\n\t<meta name=\"twitter:data2\" content=\"3 minutes\" \/>\n<script type=\"application\/ld+json\" class=\"yoast-schema-graph\">{\"@context\":\"https:\/\/schema.org\",\"@graph\":[{\"@type\":\"Article\",\"@id\":\"https:\/\/challengeseconomiques.com\/?p=6878#article\",\"isPartOf\":{\"@id\":\"https:\/\/challengeseconomiques.com\/?p=6878\"},\"author\":{\"name\":\"aliou kane ndiaye\",\"@id\":\"https:\/\/challengeseconomiques.com\/#\/schema\/person\/2f70a31e102db1741c1a1c00c2bbd8a6\"},\"headline\":\"Proparco accorde une ligne de cr\u00e9dit senior de 6.5 milliards F CFA \u00e0 ACEP S\u00e9n\u00e9gal\",\"datePublished\":\"2024-08-22T13:57:50+00:00\",\"dateModified\":\"2024-08-22T13:58:23+00:00\",\"mainEntityOfPage\":{\"@id\":\"https:\/\/challengeseconomiques.com\/?p=6878\"},\"wordCount\":566,\"image\":{\"@id\":\"https:\/\/challengeseconomiques.com\/?p=6878#primaryimage\"},\"thumbnailUrl\":\"https:\/\/challengeseconomiques.com\/wp-content\/uploads\/2024\/08\/acep2-scaled.webp\",\"articleSection\":[\"A la une\",\"Actualit\u00e9 \u00e9conomique\"],\"inLanguage\":\"fr-FR\"},{\"@type\":\"WebPage\",\"@id\":\"https:\/\/challengeseconomiques.com\/?p=6878\",\"url\":\"https:\/\/challengeseconomiques.com\/?p=6878\",\"name\":\"Proparco accorde une ligne de cr\u00e9dit senior de 6.5 milliards F CFA \u00e0 ACEP S\u00e9n\u00e9gal - challenges economiques\",\"isPartOf\":{\"@id\":\"https:\/\/challengeseconomiques.com\/#website\"},\"primaryImageOfPage\":{\"@id\":\"https:\/\/challengeseconomiques.com\/?p=6878#primaryimage\"},\"image\":{\"@id\":\"https:\/\/challengeseconomiques.com\/?p=6878#primaryimage\"},\"thumbnailUrl\":\"https:\/\/challengeseconomiques.com\/wp-content\/uploads\/2024\/08\/acep2-scaled.webp\",\"datePublished\":\"2024-08-22T13:57:50+00:00\",\"dateModified\":\"2024-08-22T13:58:23+00:00\",\"author\":{\"@id\":\"https:\/\/challengeseconomiques.com\/#\/schema\/person\/2f70a31e102db1741c1a1c00c2bbd8a6\"},\"breadcrumb\":{\"@id\":\"https:\/\/challengeseconomiques.com\/?p=6878#breadcrumb\"},\"inLanguage\":\"fr-FR\",\"potentialAction\":[{\"@type\":\"ReadAction\",\"target\":[\"https:\/\/challengeseconomiques.com\/?p=6878\"]}]},{\"@type\":\"ImageObject\",\"inLanguage\":\"fr-FR\",\"@id\":\"https:\/\/challengeseconomiques.com\/?p=6878#primaryimage\",\"url\":\"https:\/\/challengeseconomiques.com\/wp-content\/uploads\/2024\/08\/acep2-scaled.webp\",\"contentUrl\":\"https:\/\/challengeseconomiques.com\/wp-content\/uploads\/2024\/08\/acep2-scaled.webp\",\"width\":2560,\"height\":1709},{\"@type\":\"BreadcrumbList\",\"@id\":\"https:\/\/challengeseconomiques.com\/?p=6878#breadcrumb\",\"itemListElement\":[{\"@type\":\"ListItem\",\"position\":1,\"name\":\"Home\",\"item\":\"https:\/\/challengeseconomiques.com\/\"},{\"@type\":\"ListItem\",\"position\":2,\"name\":\"Proparco accorde une ligne de cr\u00e9dit senior de 6.5 milliards F CFA \u00e0 ACEP S\u00e9n\u00e9gal\"}]},{\"@type\":\"WebSite\",\"@id\":\"https:\/\/challengeseconomiques.com\/#website\",\"url\":\"https:\/\/challengeseconomiques.com\/\",\"name\":\"challenges economiques\",\"description\":\"\",\"potentialAction\":[{\"@type\":\"SearchAction\",\"target\":{\"@type\":\"EntryPoint\",\"urlTemplate\":\"https:\/\/challengeseconomiques.com\/?s={search_term_string}\"},\"query-input\":{\"@type\":\"PropertyValueSpecification\",\"valueRequired\":true,\"valueName\":\"search_term_string\"}}],\"inLanguage\":\"fr-FR\"},{\"@type\":\"Person\",\"@id\":\"https:\/\/challengeseconomiques.com\/#\/schema\/person\/2f70a31e102db1741c1a1c00c2bbd8a6\",\"name\":\"aliou kane ndiaye\",\"image\":{\"@type\":\"ImageObject\",\"inLanguage\":\"fr-FR\",\"@id\":\"https:\/\/challengeseconomiques.com\/#\/schema\/person\/image\/\",\"url\":\"https:\/\/secure.gravatar.com\/avatar\/df942321e58711a9f1fee838e446766660477bacd4b42fa20400d2c7cf4da7ca?s=96&d=mm&r=g\",\"contentUrl\":\"https:\/\/secure.gravatar.com\/avatar\/df942321e58711a9f1fee838e446766660477bacd4b42fa20400d2c7cf4da7ca?s=96&d=mm&r=g\",\"caption\":\"aliou kane ndiaye\"},\"sameAs\":[\"http:\/\/www.challengeseconomiques.com\"],\"url\":\"https:\/\/challengeseconomiques.com\/?author=3\"}]}<\/script>\n<!-- \/ Yoast SEO plugin. -->","yoast_head_json":{"title":"Proparco accorde une ligne de cr\u00e9dit senior de 6.5 milliards F CFA \u00e0 ACEP S\u00e9n\u00e9gal - challenges economiques","robots":{"index":"index","follow":"follow","max-snippet":"max-snippet:-1","max-image-preview":"max-image-preview:large","max-video-preview":"max-video-preview:-1"},"canonical":"https:\/\/challengeseconomiques.com\/?p=6878","og_locale":"fr_FR","og_type":"article","og_title":"Proparco accorde une ligne de cr\u00e9dit senior de 6.5 milliards F CFA \u00e0 ACEP S\u00e9n\u00e9gal - challenges economiques","og_description":"Une ligne de cr\u00e9dit senior de 6.5 milliards de francs CFA a \u00e9t\u00e9 accord\u00e9e par Proparco, une filiale du groupe agence fran\u00e7aise de d\u00e9veloppement (Groupe...","og_url":"https:\/\/challengeseconomiques.com\/?p=6878","og_site_name":"challenges economiques","article_published_time":"2024-08-22T13:57:50+00:00","article_modified_time":"2024-08-22T13:58:23+00:00","og_image":[{"width":2560,"height":1709,"url":"https:\/\/challengeseconomiques.com\/wp-content\/uploads\/2024\/08\/acep2-scaled.webp","type":"image\/webp"}],"author":"aliou kane ndiaye","twitter_card":"summary_large_image","twitter_misc":{"\u00c9crit par":"aliou kane ndiaye","Dur\u00e9e de lecture estim\u00e9e":"3 minutes"},"schema":{"@context":"https:\/\/schema.org","@graph":[{"@type":"Article","@id":"https:\/\/challengeseconomiques.com\/?p=6878#article","isPartOf":{"@id":"https:\/\/challengeseconomiques.com\/?p=6878"},"author":{"name":"aliou kane ndiaye","@id":"https:\/\/challengeseconomiques.com\/#\/schema\/person\/2f70a31e102db1741c1a1c00c2bbd8a6"},"headline":"Proparco accorde une ligne de cr\u00e9dit senior de 6.5 milliards F CFA \u00e0 ACEP S\u00e9n\u00e9gal","datePublished":"2024-08-22T13:57:50+00:00","dateModified":"2024-08-22T13:58:23+00:00","mainEntityOfPage":{"@id":"https:\/\/challengeseconomiques.com\/?p=6878"},"wordCount":566,"image":{"@id":"https:\/\/challengeseconomiques.com\/?p=6878#primaryimage"},"thumbnailUrl":"https:\/\/challengeseconomiques.com\/wp-content\/uploads\/2024\/08\/acep2-scaled.webp","articleSection":["A la une","Actualit\u00e9 \u00e9conomique"],"inLanguage":"fr-FR"},{"@type":"WebPage","@id":"https:\/\/challengeseconomiques.com\/?p=6878","url":"https:\/\/challengeseconomiques.com\/?p=6878","name":"Proparco accorde une ligne de cr\u00e9dit senior de 6.5 milliards F CFA \u00e0 ACEP S\u00e9n\u00e9gal - challenges economiques","isPartOf":{"@id":"https:\/\/challengeseconomiques.com\/#website"},"primaryImageOfPage":{"@id":"https:\/\/challengeseconomiques.com\/?p=6878#primaryimage"},"image":{"@id":"https:\/\/challengeseconomiques.com\/?p=6878#primaryimage"},"thumbnailUrl":"https:\/\/challengeseconomiques.com\/wp-content\/uploads\/2024\/08\/acep2-scaled.webp","datePublished":"2024-08-22T13:57:50+00:00","dateModified":"2024-08-22T13:58:23+00:00","author":{"@id":"https:\/\/challengeseconomiques.com\/#\/schema\/person\/2f70a31e102db1741c1a1c00c2bbd8a6"},"breadcrumb":{"@id":"https:\/\/challengeseconomiques.com\/?p=6878#breadcrumb"},"inLanguage":"fr-FR","potentialAction":[{"@type":"ReadAction","target":["https:\/\/challengeseconomiques.com\/?p=6878"]}]},{"@type":"ImageObject","inLanguage":"fr-FR","@id":"https:\/\/challengeseconomiques.com\/?p=6878#primaryimage","url":"https:\/\/challengeseconomiques.com\/wp-content\/uploads\/2024\/08\/acep2-scaled.webp","contentUrl":"https:\/\/challengeseconomiques.com\/wp-content\/uploads\/2024\/08\/acep2-scaled.webp","width":2560,"height":1709},{"@type":"BreadcrumbList","@id":"https:\/\/challengeseconomiques.com\/?p=6878#breadcrumb","itemListElement":[{"@type":"ListItem","position":1,"name":"Home","item":"https:\/\/challengeseconomiques.com\/"},{"@type":"ListItem","position":2,"name":"Proparco accorde une ligne de cr\u00e9dit senior de 6.5 milliards F CFA \u00e0 ACEP S\u00e9n\u00e9gal"}]},{"@type":"WebSite","@id":"https:\/\/challengeseconomiques.com\/#website","url":"https:\/\/challengeseconomiques.com\/","name":"challenges economiques","description":"","potentialAction":[{"@type":"SearchAction","target":{"@type":"EntryPoint","urlTemplate":"https:\/\/challengeseconomiques.com\/?s={search_term_string}"},"query-input":{"@type":"PropertyValueSpecification","valueRequired":true,"valueName":"search_term_string"}}],"inLanguage":"fr-FR"},{"@type":"Person","@id":"https:\/\/challengeseconomiques.com\/#\/schema\/person\/2f70a31e102db1741c1a1c00c2bbd8a6","name":"aliou kane ndiaye","image":{"@type":"ImageObject","inLanguage":"fr-FR","@id":"https:\/\/challengeseconomiques.com\/#\/schema\/person\/image\/","url":"https:\/\/secure.gravatar.com\/avatar\/df942321e58711a9f1fee838e446766660477bacd4b42fa20400d2c7cf4da7ca?s=96&d=mm&r=g","contentUrl":"https:\/\/secure.gravatar.com\/avatar\/df942321e58711a9f1fee838e446766660477bacd4b42fa20400d2c7cf4da7ca?s=96&d=mm&r=g","caption":"aliou kane ndiaye"},"sameAs":["http:\/\/www.challengeseconomiques.com"],"url":"https:\/\/challengeseconomiques.com\/?author=3"}]}},"jetpack_featured_media_url":"https:\/\/challengeseconomiques.com\/wp-content\/uploads\/2024\/08\/acep2-scaled.webp","jetpack_sharing_enabled":true,"_links":{"self":[{"href":"https:\/\/challengeseconomiques.com\/index.php?rest_route=\/wp\/v2\/posts\/6878","targetHints":{"allow":["GET"]}}],"collection":[{"href":"https:\/\/challengeseconomiques.com\/index.php?rest_route=\/wp\/v2\/posts"}],"about":[{"href":"https:\/\/challengeseconomiques.com\/index.php?rest_route=\/wp\/v2\/types\/post"}],"author":[{"embeddable":true,"href":"https:\/\/challengeseconomiques.com\/index.php?rest_route=\/wp\/v2\/users\/3"}],"replies":[{"embeddable":true,"href":"https:\/\/challengeseconomiques.com\/index.php?rest_route=%2Fwp%2Fv2%2Fcomments&post=6878"}],"version-history":[{"count":2,"href":"https:\/\/challengeseconomiques.com\/index.php?rest_route=\/wp\/v2\/posts\/6878\/revisions"}],"predecessor-version":[{"id":6881,"href":"https:\/\/challengeseconomiques.com\/index.php?rest_route=\/wp\/v2\/posts\/6878\/revisions\/6881"}],"wp:featuredmedia":[{"embeddable":true,"href":"https:\/\/challengeseconomiques.com\/index.php?rest_route=\/wp\/v2\/media\/6879"}],"wp:attachment":[{"href":"https:\/\/challengeseconomiques.com\/index.php?rest_route=%2Fwp%2Fv2%2Fmedia&parent=6878"}],"wp:term":[{"taxonomy":"category","embeddable":true,"href":"https:\/\/challengeseconomiques.com\/index.php?rest_route=%2Fwp%2Fv2%2Fcategories&post=6878"},{"taxonomy":"post_tag","embeddable":true,"href":"https:\/\/challengeseconomiques.com\/index.php?rest_route=%2Fwp%2Fv2%2Ftags&post=6878"}],"curies":[{"name":"wp","href":"https:\/\/api.w.org\/{rel}","templated":true}]}}