{"id":6876,"date":"2024-08-21T12:25:12","date_gmt":"2024-08-21T12:25:12","guid":{"rendered":"https:\/\/challengeseconomiques.com\/?p=6876"},"modified":"2024-08-21T12:25:41","modified_gmt":"2024-08-21T12:25:41","slug":"senegal-la-banque-africaine-de-developpement-renforce-les-capacites-de-ses-unites-de-gestion-de-projets-sur-les-procedures-de-decaissement","status":"publish","type":"post","link":"https:\/\/challengeseconomiques.com\/?p=6876","title":{"rendered":"S\u00e9n\u00e9gal : la Banque africaine de d\u00e9veloppement renforce les capacit\u00e9s de ses unit\u00e9s de gestion de projets sur les proc\u00e9dures de d\u00e9caissement"},"content":{"rendered":"<p>La Banque Africaine de D\u00e9veloppement (BAD) a organis\u00e9 un atelier dans le but d\u2019am\u00e9liorer les capacit\u00e9s d\u2019absorption des financements par le S\u00e9n\u00e9gal, du 10 au 12 juillet \u00e0 Saly. La rencontre a vu la participation des responsables de l\u2019administration s\u00e9n\u00e9galaise impliqu\u00e9s dans les projets du Groupe de la Banque dans le pays. Elle a \u00e9t\u00e9 l\u2019occasion de renforcer les capacit\u00e9s des unit\u00e9s de gestion des projets financ\u00e9s par le Groupe de la Banque.<\/p>\n<p>D\u2019apr\u00e8s le chef de la Division d\u00e9caissements au contr\u00f4le financier de la Banque, Abdoulaye Kane, l\u2019objectif a \u00e9t\u00e9 atteint. En retour, il esp\u00e8re l\u2019am\u00e9lioration \u00e0 l\u2019entr\u00e9e de la qualit\u00e9 des dossiers de d\u00e9caissement, la r\u00e9duction substantielle du taux de rejet des demandes et la mise \u00e0 disposition plus rapide des fonds aux contractants.<\/p>\n<p>Dans la m\u00eame veine, le charg\u00e9 du portefeuille de la Banque au S\u00e9n\u00e9gal, Massata Fall trouve que la ma\u00eetrise et l\u2019appropriation des m\u00e9thodes de d\u00e9caissement vont donner lieu \u00e0 une baisse du taux de rejet des d\u00e9caissements et \u00e0 l\u2019acc\u00e9l\u00e9ration des d\u00e9caissements.<\/p>\n<p>S\u2019exprimant au nom des participants, Valentine Ogougbeni Diop, comptable au Projet de d\u00e9senclavement des zones des productions, a lanc\u00e9 un appel sur la cl\u00f4ture harmonieuse des projets et la sauvegarde de la m\u00e9moire institutionnelle du projet.<\/p>\n<p>Pour sa part la charg\u00e9e de programme \u00e0 la Direction de l\u2019ordonnancement des d\u00e9penses publiques, Oumou Kalsome Hane a jug\u00e9 capitale la formation dans la mesure o\u00f9 elle a permis une meilleure lecture des proc\u00e9dures de d\u00e9caissements de la BAD\u00a0 et de comprendre le processus de formulation jusqu\u2019\u00e0 la cl\u00f4ture d\u2019un projet.<\/p>\n","protected":false},"excerpt":{"rendered":"<p>La Banque Africaine de D\u00e9veloppement (BAD) a organis\u00e9 un atelier dans le but d\u2019am\u00e9liorer les capacit\u00e9s d\u2019absorption des financements par le S\u00e9n\u00e9gal, du 10 au&#8230;<\/p>\n","protected":false},"author":3,"featured_media":699,"comment_status":"closed","ping_status":"open","sticky":false,"template":"","format":"standard","meta":{"_jetpack_memberships_contains_paid_content":false,"footnotes":""},"categories":[8],"tags":[],"class_list":["post-6876","post","type-post","status-publish","format-standard","has-post-thumbnail","hentry","category-actualite-economique","wpcat-8-id"],"yoast_head":"<!-- This site is optimized with the Yoast SEO plugin v27.1.1 - https:\/\/yoast.com\/product\/yoast-seo-wordpress\/ -->\n<title>S\u00e9n\u00e9gal : la Banque africaine de d\u00e9veloppement renforce les capacit\u00e9s de ses unit\u00e9s de gestion de projets sur les proc\u00e9dures de d\u00e9caissement - challenges economiques<\/title>\n<meta name=\"robots\" content=\"index, follow, max-snippet:-1, max-image-preview:large, max-video-preview:-1\" \/>\n<link rel=\"canonical\" href=\"https:\/\/challengeseconomiques.com\/?p=6876\" \/>\n<meta property=\"og:locale\" content=\"fr_FR\" \/>\n<meta property=\"og:type\" content=\"article\" \/>\n<meta property=\"og:title\" content=\"S\u00e9n\u00e9gal : la Banque africaine de d\u00e9veloppement renforce les capacit\u00e9s de ses unit\u00e9s de gestion de projets sur les proc\u00e9dures de d\u00e9caissement - challenges economiques\" \/>\n<meta property=\"og:description\" content=\"La Banque Africaine de D\u00e9veloppement (BAD) a organis\u00e9 un atelier dans le but d\u2019am\u00e9liorer les capacit\u00e9s d\u2019absorption des financements par le S\u00e9n\u00e9gal, du 10 au...\" \/>\n<meta property=\"og:url\" content=\"https:\/\/challengeseconomiques.com\/?p=6876\" \/>\n<meta property=\"og:site_name\" content=\"challenges economiques\" \/>\n<meta property=\"article:published_time\" content=\"2024-08-21T12:25:12+00:00\" \/>\n<meta property=\"article:modified_time\" content=\"2024-08-21T12:25:41+00:00\" \/>\n<meta property=\"og:image\" content=\"https:\/\/challengeseconomiques.com\/wp-content\/uploads\/2021\/02\/BAD-003-768x493-1.png\" \/>\n\t<meta property=\"og:image:width\" content=\"768\" \/>\n\t<meta property=\"og:image:height\" content=\"493\" \/>\n\t<meta property=\"og:image:type\" content=\"image\/png\" \/>\n<meta name=\"author\" content=\"aliou kane ndiaye\" \/>\n<meta name=\"twitter:card\" content=\"summary_large_image\" \/>\n<meta name=\"twitter:label1\" content=\"\u00c9crit par\" \/>\n\t<meta name=\"twitter:data1\" content=\"aliou kane ndiaye\" \/>\n\t<meta name=\"twitter:label2\" content=\"Dur\u00e9e de lecture estim\u00e9e\" \/>\n\t<meta name=\"twitter:data2\" content=\"1 minute\" \/>\n<script type=\"application\/ld+json\" class=\"yoast-schema-graph\">{\"@context\":\"https:\/\/schema.org\",\"@graph\":[{\"@type\":\"Article\",\"@id\":\"https:\/\/challengeseconomiques.com\/?p=6876#article\",\"isPartOf\":{\"@id\":\"https:\/\/challengeseconomiques.com\/?p=6876\"},\"author\":{\"name\":\"aliou kane ndiaye\",\"@id\":\"https:\/\/challengeseconomiques.com\/#\/schema\/person\/2f70a31e102db1741c1a1c00c2bbd8a6\"},\"headline\":\"S\u00e9n\u00e9gal : la Banque africaine de d\u00e9veloppement renforce les capacit\u00e9s de ses unit\u00e9s de gestion de projets sur les proc\u00e9dures de d\u00e9caissement\",\"datePublished\":\"2024-08-21T12:25:12+00:00\",\"dateModified\":\"2024-08-21T12:25:41+00:00\",\"mainEntityOfPage\":{\"@id\":\"https:\/\/challengeseconomiques.com\/?p=6876\"},\"wordCount\":326,\"image\":{\"@id\":\"https:\/\/challengeseconomiques.com\/?p=6876#primaryimage\"},\"thumbnailUrl\":\"https:\/\/challengeseconomiques.com\/wp-content\/uploads\/2021\/02\/BAD-003-768x493-1.png\",\"articleSection\":[\"Actualit\u00e9 \u00e9conomique\"],\"inLanguage\":\"fr-FR\"},{\"@type\":\"WebPage\",\"@id\":\"https:\/\/challengeseconomiques.com\/?p=6876\",\"url\":\"https:\/\/challengeseconomiques.com\/?p=6876\",\"name\":\"S\u00e9n\u00e9gal : la Banque africaine de d\u00e9veloppement renforce les capacit\u00e9s de ses unit\u00e9s de gestion de projets sur les proc\u00e9dures de d\u00e9caissement - challenges economiques\",\"isPartOf\":{\"@id\":\"https:\/\/challengeseconomiques.com\/#website\"},\"primaryImageOfPage\":{\"@id\":\"https:\/\/challengeseconomiques.com\/?p=6876#primaryimage\"},\"image\":{\"@id\":\"https:\/\/challengeseconomiques.com\/?p=6876#primaryimage\"},\"thumbnailUrl\":\"https:\/\/challengeseconomiques.com\/wp-content\/uploads\/2021\/02\/BAD-003-768x493-1.png\",\"datePublished\":\"2024-08-21T12:25:12+00:00\",\"dateModified\":\"2024-08-21T12:25:41+00:00\",\"author\":{\"@id\":\"https:\/\/challengeseconomiques.com\/#\/schema\/person\/2f70a31e102db1741c1a1c00c2bbd8a6\"},\"breadcrumb\":{\"@id\":\"https:\/\/challengeseconomiques.com\/?p=6876#breadcrumb\"},\"inLanguage\":\"fr-FR\",\"potentialAction\":[{\"@type\":\"ReadAction\",\"target\":[\"https:\/\/challengeseconomiques.com\/?p=6876\"]}]},{\"@type\":\"ImageObject\",\"inLanguage\":\"fr-FR\",\"@id\":\"https:\/\/challengeseconomiques.com\/?p=6876#primaryimage\",\"url\":\"https:\/\/challengeseconomiques.com\/wp-content\/uploads\/2021\/02\/BAD-003-768x493-1.png\",\"contentUrl\":\"https:\/\/challengeseconomiques.com\/wp-content\/uploads\/2021\/02\/BAD-003-768x493-1.png\",\"width\":768,\"height\":493},{\"@type\":\"BreadcrumbList\",\"@id\":\"https:\/\/challengeseconomiques.com\/?p=6876#breadcrumb\",\"itemListElement\":[{\"@type\":\"ListItem\",\"position\":1,\"name\":\"Home\",\"item\":\"https:\/\/challengeseconomiques.com\/\"},{\"@type\":\"ListItem\",\"position\":2,\"name\":\"S\u00e9n\u00e9gal : la Banque africaine de d\u00e9veloppement renforce les capacit\u00e9s de ses unit\u00e9s de gestion de projets sur les proc\u00e9dures de d\u00e9caissement\"}]},{\"@type\":\"WebSite\",\"@id\":\"https:\/\/challengeseconomiques.com\/#website\",\"url\":\"https:\/\/challengeseconomiques.com\/\",\"name\":\"challenges economiques\",\"description\":\"\",\"potentialAction\":[{\"@type\":\"SearchAction\",\"target\":{\"@type\":\"EntryPoint\",\"urlTemplate\":\"https:\/\/challengeseconomiques.com\/?s={search_term_string}\"},\"query-input\":{\"@type\":\"PropertyValueSpecification\",\"valueRequired\":true,\"valueName\":\"search_term_string\"}}],\"inLanguage\":\"fr-FR\"},{\"@type\":\"Person\",\"@id\":\"https:\/\/challengeseconomiques.com\/#\/schema\/person\/2f70a31e102db1741c1a1c00c2bbd8a6\",\"name\":\"aliou kane ndiaye\",\"image\":{\"@type\":\"ImageObject\",\"inLanguage\":\"fr-FR\",\"@id\":\"https:\/\/challengeseconomiques.com\/#\/schema\/person\/image\/\",\"url\":\"https:\/\/secure.gravatar.com\/avatar\/df942321e58711a9f1fee838e446766660477bacd4b42fa20400d2c7cf4da7ca?s=96&d=mm&r=g\",\"contentUrl\":\"https:\/\/secure.gravatar.com\/avatar\/df942321e58711a9f1fee838e446766660477bacd4b42fa20400d2c7cf4da7ca?s=96&d=mm&r=g\",\"caption\":\"aliou kane ndiaye\"},\"sameAs\":[\"http:\/\/www.challengeseconomiques.com\"],\"url\":\"https:\/\/challengeseconomiques.com\/?author=3\"}]}<\/script>\n<!-- \/ Yoast SEO plugin. -->","yoast_head_json":{"title":"S\u00e9n\u00e9gal : la Banque africaine de d\u00e9veloppement renforce les capacit\u00e9s de ses unit\u00e9s de gestion de projets sur les proc\u00e9dures de d\u00e9caissement - challenges economiques","robots":{"index":"index","follow":"follow","max-snippet":"max-snippet:-1","max-image-preview":"max-image-preview:large","max-video-preview":"max-video-preview:-1"},"canonical":"https:\/\/challengeseconomiques.com\/?p=6876","og_locale":"fr_FR","og_type":"article","og_title":"S\u00e9n\u00e9gal : la Banque africaine de d\u00e9veloppement renforce les capacit\u00e9s de ses unit\u00e9s de gestion de projets sur les proc\u00e9dures de d\u00e9caissement - challenges economiques","og_description":"La Banque Africaine de D\u00e9veloppement (BAD) a organis\u00e9 un atelier dans le but d\u2019am\u00e9liorer les capacit\u00e9s d\u2019absorption des financements par le S\u00e9n\u00e9gal, du 10 au...","og_url":"https:\/\/challengeseconomiques.com\/?p=6876","og_site_name":"challenges economiques","article_published_time":"2024-08-21T12:25:12+00:00","article_modified_time":"2024-08-21T12:25:41+00:00","og_image":[{"width":768,"height":493,"url":"https:\/\/challengeseconomiques.com\/wp-content\/uploads\/2021\/02\/BAD-003-768x493-1.png","type":"image\/png"}],"author":"aliou kane ndiaye","twitter_card":"summary_large_image","twitter_misc":{"\u00c9crit par":"aliou kane ndiaye","Dur\u00e9e de lecture estim\u00e9e":"1 minute"},"schema":{"@context":"https:\/\/schema.org","@graph":[{"@type":"Article","@id":"https:\/\/challengeseconomiques.com\/?p=6876#article","isPartOf":{"@id":"https:\/\/challengeseconomiques.com\/?p=6876"},"author":{"name":"aliou kane ndiaye","@id":"https:\/\/challengeseconomiques.com\/#\/schema\/person\/2f70a31e102db1741c1a1c00c2bbd8a6"},"headline":"S\u00e9n\u00e9gal : la Banque africaine de d\u00e9veloppement renforce les capacit\u00e9s de ses unit\u00e9s de gestion de projets sur les proc\u00e9dures de d\u00e9caissement","datePublished":"2024-08-21T12:25:12+00:00","dateModified":"2024-08-21T12:25:41+00:00","mainEntityOfPage":{"@id":"https:\/\/challengeseconomiques.com\/?p=6876"},"wordCount":326,"image":{"@id":"https:\/\/challengeseconomiques.com\/?p=6876#primaryimage"},"thumbnailUrl":"https:\/\/challengeseconomiques.com\/wp-content\/uploads\/2021\/02\/BAD-003-768x493-1.png","articleSection":["Actualit\u00e9 \u00e9conomique"],"inLanguage":"fr-FR"},{"@type":"WebPage","@id":"https:\/\/challengeseconomiques.com\/?p=6876","url":"https:\/\/challengeseconomiques.com\/?p=6876","name":"S\u00e9n\u00e9gal : la Banque africaine de d\u00e9veloppement renforce les capacit\u00e9s de ses unit\u00e9s de gestion de projets sur les proc\u00e9dures de d\u00e9caissement - challenges economiques","isPartOf":{"@id":"https:\/\/challengeseconomiques.com\/#website"},"primaryImageOfPage":{"@id":"https:\/\/challengeseconomiques.com\/?p=6876#primaryimage"},"image":{"@id":"https:\/\/challengeseconomiques.com\/?p=6876#primaryimage"},"thumbnailUrl":"https:\/\/challengeseconomiques.com\/wp-content\/uploads\/2021\/02\/BAD-003-768x493-1.png","datePublished":"2024-08-21T12:25:12+00:00","dateModified":"2024-08-21T12:25:41+00:00","author":{"@id":"https:\/\/challengeseconomiques.com\/#\/schema\/person\/2f70a31e102db1741c1a1c00c2bbd8a6"},"breadcrumb":{"@id":"https:\/\/challengeseconomiques.com\/?p=6876#breadcrumb"},"inLanguage":"fr-FR","potentialAction":[{"@type":"ReadAction","target":["https:\/\/challengeseconomiques.com\/?p=6876"]}]},{"@type":"ImageObject","inLanguage":"fr-FR","@id":"https:\/\/challengeseconomiques.com\/?p=6876#primaryimage","url":"https:\/\/challengeseconomiques.com\/wp-content\/uploads\/2021\/02\/BAD-003-768x493-1.png","contentUrl":"https:\/\/challengeseconomiques.com\/wp-content\/uploads\/2021\/02\/BAD-003-768x493-1.png","width":768,"height":493},{"@type":"BreadcrumbList","@id":"https:\/\/challengeseconomiques.com\/?p=6876#breadcrumb","itemListElement":[{"@type":"ListItem","position":1,"name":"Home","item":"https:\/\/challengeseconomiques.com\/"},{"@type":"ListItem","position":2,"name":"S\u00e9n\u00e9gal : la Banque africaine de d\u00e9veloppement renforce les capacit\u00e9s de ses unit\u00e9s de gestion de projets sur les proc\u00e9dures de d\u00e9caissement"}]},{"@type":"WebSite","@id":"https:\/\/challengeseconomiques.com\/#website","url":"https:\/\/challengeseconomiques.com\/","name":"challenges economiques","description":"","potentialAction":[{"@type":"SearchAction","target":{"@type":"EntryPoint","urlTemplate":"https:\/\/challengeseconomiques.com\/?s={search_term_string}"},"query-input":{"@type":"PropertyValueSpecification","valueRequired":true,"valueName":"search_term_string"}}],"inLanguage":"fr-FR"},{"@type":"Person","@id":"https:\/\/challengeseconomiques.com\/#\/schema\/person\/2f70a31e102db1741c1a1c00c2bbd8a6","name":"aliou kane ndiaye","image":{"@type":"ImageObject","inLanguage":"fr-FR","@id":"https:\/\/challengeseconomiques.com\/#\/schema\/person\/image\/","url":"https:\/\/secure.gravatar.com\/avatar\/df942321e58711a9f1fee838e446766660477bacd4b42fa20400d2c7cf4da7ca?s=96&d=mm&r=g","contentUrl":"https:\/\/secure.gravatar.com\/avatar\/df942321e58711a9f1fee838e446766660477bacd4b42fa20400d2c7cf4da7ca?s=96&d=mm&r=g","caption":"aliou kane ndiaye"},"sameAs":["http:\/\/www.challengeseconomiques.com"],"url":"https:\/\/challengeseconomiques.com\/?author=3"}]}},"jetpack_featured_media_url":"https:\/\/challengeseconomiques.com\/wp-content\/uploads\/2021\/02\/BAD-003-768x493-1.png","jetpack_sharing_enabled":true,"_links":{"self":[{"href":"https:\/\/challengeseconomiques.com\/index.php?rest_route=\/wp\/v2\/posts\/6876","targetHints":{"allow":["GET"]}}],"collection":[{"href":"https:\/\/challengeseconomiques.com\/index.php?rest_route=\/wp\/v2\/posts"}],"about":[{"href":"https:\/\/challengeseconomiques.com\/index.php?rest_route=\/wp\/v2\/types\/post"}],"author":[{"embeddable":true,"href":"https:\/\/challengeseconomiques.com\/index.php?rest_route=\/wp\/v2\/users\/3"}],"replies":[{"embeddable":true,"href":"https:\/\/challengeseconomiques.com\/index.php?rest_route=%2Fwp%2Fv2%2Fcomments&post=6876"}],"version-history":[{"count":1,"href":"https:\/\/challengeseconomiques.com\/index.php?rest_route=\/wp\/v2\/posts\/6876\/revisions"}],"predecessor-version":[{"id":6877,"href":"https:\/\/challengeseconomiques.com\/index.php?rest_route=\/wp\/v2\/posts\/6876\/revisions\/6877"}],"wp:featuredmedia":[{"embeddable":true,"href":"https:\/\/challengeseconomiques.com\/index.php?rest_route=\/wp\/v2\/media\/699"}],"wp:attachment":[{"href":"https:\/\/challengeseconomiques.com\/index.php?rest_route=%2Fwp%2Fv2%2Fmedia&parent=6876"}],"wp:term":[{"taxonomy":"category","embeddable":true,"href":"https:\/\/challengeseconomiques.com\/index.php?rest_route=%2Fwp%2Fv2%2Fcategories&post=6876"},{"taxonomy":"post_tag","embeddable":true,"href":"https:\/\/challengeseconomiques.com\/index.php?rest_route=%2Fwp%2Fv2%2Ftags&post=6876"}],"curies":[{"name":"wp","href":"https:\/\/api.w.org\/{rel}","templated":true}]}}