{"id":6874,"date":"2024-08-20T16:49:39","date_gmt":"2024-08-20T16:49:39","guid":{"rendered":"https:\/\/challengeseconomiques.com\/?p=6874"},"modified":"2024-08-20T16:51:01","modified_gmt":"2024-08-20T16:51:01","slug":"le-premier-ministre-cree-une-commission-chargee-de-reexaminer-les-accords-signes-par-letat-avec-des-partenaires","status":"publish","type":"post","link":"https:\/\/challengeseconomiques.com\/?p=6874","title":{"rendered":"Le Premier ministre cr\u00e9e une commission charg\u00e9e de r\u00e9examiner les accords sign\u00e9s par l\u2019\u00c9tat avec des partenaires"},"content":{"rendered":"<p>Le Premier ministre a constitu\u00e9 une commission charg\u00e9e de \u2018\u2019r\u00e9examiner\u2019\u2019 les contrats sign\u00e9s par l\u2019\u00c9tat du S\u00e9n\u00e9gal avec des partenaires dans des secteurs jug\u00e9s strat\u00e9giques, dans le but de d\u00e9fendre les int\u00e9r\u00eats du pays.<\/p>\n<p>La constitution de ladite commission mat\u00e9rialise une promesse faite au peuple s\u00e9n\u00e9galais par l\u2019actuel parti au pouvoir, a rappel\u00e9 Ousmane Sonko.<\/p>\n<p>\u2018\u2019La cr\u00e9ation de cette commission d\u00e9coule de la volont\u00e9 [\u2026] du pr\u00e9sident de la R\u00e9publique de respecter l\u2019engagement qui a \u00e9t\u00e9 le n\u00f4tre pendant longtemps, en tant que parti d\u2019opposition\u2019\u2019, a-t-il dit en s\u2019exprimant sur la RTS \u00e0 l\u2019occasion de la prise de fonctions des membres de cette instance.<\/p>\n<p>\u2018\u2019Nous avons regrett\u00e9 et d\u00e9nonc\u00e9 vigoureusement la mani\u00e8re dont les accords et les conventions ont \u00e9t\u00e9 sign\u00e9s, le plus souvent au d\u00e9triment des int\u00e9r\u00eats strat\u00e9giques du S\u00e9n\u00e9gal et de son peuple\u2019\u2019, a ajout\u00e9 M. Sonko.<\/p>\n<p>La r\u00e9vision des contrats sign\u00e9s par l\u2019\u00c9tat dans les domaines minier, p\u00e9trolier et fiscal est un \u2018\u2019engagement ferme\u2019\u2019 de Pastef, l\u2019actuel parti au pouvoir, a-t-il dit.<\/p>\n<p>\u2018\u2019Nous avions pris l\u2019engagement ferme de revenir sur ces accords, de les r\u00e9examiner et de les r\u00e9\u00e9quilibrer pour l\u2019int\u00e9r\u00eat de la nation. Nous tenons \u00e0 respecter les engagements que nous prenons avec le peuple. C\u2019est extr\u00eamement important\u2019\u2019, a soutenu Ousmane Sonko.<\/p>\n<p>Il a tenu \u00e0 pr\u00e9ciser que la mission de la commission charg\u00e9e de la r\u00e9vision des contrats n\u2019est pas de remettre en cause tout ce que l\u2019ex-majorit\u00e9 pr\u00e9sidentielle au pouvoir pendant douze ans a sign\u00e9 avec les partenaires de l\u2019\u00c9tat. \u2018\u2019Contrairement \u00e0 ce que certains ont dit, notre logique n\u2019a jamais \u00e9t\u00e9 de venir tout raser, tout remettre \u00e0 plat et nationaliser, comme le disent certains. Ce n\u2019est pas cela notre logique. La logique est de travailler de mani\u00e8re scientifique, rigoureuse et m\u00e9thodique sur tous les aspects de ces conventions, le premier \u00e9tant l\u2019aspect juridique\u2019\u2019, a d\u00e9clar\u00e9 M. Sonko.<\/p>\n<p>\u2018\u2019Le premier exercice consistera \u00e0 passer en revue ces conventions \u00e0 l\u2019aune de leurs bases juridiques et de v\u00e9rifier leur conformit\u00e9 avec les textes juridiques\u2019\u2019, a expliqu\u00e9 le Premier ministre.<\/p>\n<p>Les accords \u00e0 r\u00e9viser portent essentiellement sur le p\u00e9trole, les mines et la fiscalit\u00e9, selon lui.<\/p>\n<p>\u2018\u2019Vous avez r\u00e9ussi, en mettant en place cette instance, \u00e0 faire se rencontrer des cadres de la haute administration aux parcours et \u00e9tats de service remarquables\u2019\u2019, a dit El Hadji Ibrahima Diop, un inspecteur des imp\u00f4ts et des domaines \u00e0 la retraite, nomm\u00e9 pr\u00e9sident de la commission charg\u00e9e de r\u00e9examiner les contrats.<\/p>\n<p>M. Diop, s\u2019exprimant \u00e9galement sur la RTS, assure que l\u2019instance qu\u2019il dirige va s\u2019y employer \u2018\u2019avec m\u00e9thode et efficacit\u00e9, pour mettre en \u00e9vidence l\u2019urgence de r\u00e9viser les contrats\u2019\u2019.<\/p>\n<p>Des avocats sont membres de la commission, qui r\u00e9unit des experts de nombreux domaines.<\/p>\n<p>D\u2019importantes multinationales exercent des activit\u00e9s au S\u00e9n\u00e9gal sur la base de contrats sign\u00e9s avec l\u2019\u00c9tat dans divers secteurs, dont les mines et le p\u00e9trole, une ressource dont le pays est devenu producteur.<\/p>\n<p><strong>(APS)<br \/>\n<\/strong><\/p>\n","protected":false},"excerpt":{"rendered":"<p>Le Premier ministre a constitu\u00e9 une commission charg\u00e9e de \u2018\u2019r\u00e9examiner\u2019\u2019 les contrats sign\u00e9s par l\u2019\u00c9tat du S\u00e9n\u00e9gal avec des partenaires dans des secteurs jug\u00e9s strat\u00e9giques,&#8230;<\/p>\n","protected":false},"author":1,"featured_media":6692,"comment_status":"closed","ping_status":"open","sticky":false,"template":"","format":"standard","meta":{"_jetpack_memberships_contains_paid_content":false,"footnotes":""},"categories":[23],"tags":[],"class_list":["post-6874","post","type-post","status-publish","format-standard","has-post-thumbnail","hentry","category-a-la-une","wpcat-23-id"],"yoast_head":"<!-- This site is optimized with the Yoast SEO plugin v27.1.1 - https:\/\/yoast.com\/product\/yoast-seo-wordpress\/ -->\n<title>Le Premier ministre cr\u00e9e une commission charg\u00e9e de r\u00e9examiner les accords sign\u00e9s par l\u2019\u00c9tat avec des partenaires - challenges economiques<\/title>\n<meta name=\"robots\" content=\"index, follow, max-snippet:-1, max-image-preview:large, max-video-preview:-1\" \/>\n<link rel=\"canonical\" href=\"https:\/\/challengeseconomiques.com\/?p=6874\" \/>\n<meta property=\"og:locale\" content=\"fr_FR\" \/>\n<meta property=\"og:type\" content=\"article\" \/>\n<meta property=\"og:title\" content=\"Le Premier ministre cr\u00e9e une commission charg\u00e9e de r\u00e9examiner les accords sign\u00e9s par l\u2019\u00c9tat avec des partenaires - challenges economiques\" \/>\n<meta property=\"og:description\" content=\"Le Premier ministre a constitu\u00e9 une commission charg\u00e9e de \u2018\u2019r\u00e9examiner\u2019\u2019 les contrats sign\u00e9s par l\u2019\u00c9tat du S\u00e9n\u00e9gal avec des partenaires dans des secteurs jug\u00e9s strat\u00e9giques,...\" \/>\n<meta property=\"og:url\" content=\"https:\/\/challengeseconomiques.com\/?p=6874\" \/>\n<meta property=\"og:site_name\" content=\"challenges economiques\" \/>\n<meta property=\"article:published_time\" content=\"2024-08-20T16:49:39+00:00\" \/>\n<meta property=\"article:modified_time\" content=\"2024-08-20T16:51:01+00:00\" \/>\n<meta property=\"og:image\" content=\"https:\/\/challengeseconomiques.com\/wp-content\/uploads\/2024\/07\/OUSMANE-SONKO-1.jpg\" \/>\n\t<meta property=\"og:image:width\" content=\"600\" \/>\n\t<meta property=\"og:image:height\" content=\"386\" \/>\n\t<meta property=\"og:image:type\" content=\"image\/jpeg\" \/>\n<meta name=\"author\" content=\"admin\" \/>\n<meta name=\"twitter:card\" content=\"summary_large_image\" \/>\n<meta name=\"twitter:label1\" content=\"\u00c9crit par\" \/>\n\t<meta name=\"twitter:data1\" content=\"admin\" \/>\n\t<meta name=\"twitter:label2\" content=\"Dur\u00e9e de lecture estim\u00e9e\" \/>\n\t<meta name=\"twitter:data2\" content=\"3 minutes\" \/>\n<script type=\"application\/ld+json\" class=\"yoast-schema-graph\">{\"@context\":\"https:\/\/schema.org\",\"@graph\":[{\"@type\":\"Article\",\"@id\":\"https:\/\/challengeseconomiques.com\/?p=6874#article\",\"isPartOf\":{\"@id\":\"https:\/\/challengeseconomiques.com\/?p=6874\"},\"author\":{\"name\":\"admin\",\"@id\":\"https:\/\/challengeseconomiques.com\/#\/schema\/person\/b4568c9afebc5a9238a771873801e349\"},\"headline\":\"Le Premier ministre cr\u00e9e une commission charg\u00e9e de r\u00e9examiner les accords sign\u00e9s par l\u2019\u00c9tat avec des partenaires\",\"datePublished\":\"2024-08-20T16:49:39+00:00\",\"dateModified\":\"2024-08-20T16:51:01+00:00\",\"mainEntityOfPage\":{\"@id\":\"https:\/\/challengeseconomiques.com\/?p=6874\"},\"wordCount\":572,\"image\":{\"@id\":\"https:\/\/challengeseconomiques.com\/?p=6874#primaryimage\"},\"thumbnailUrl\":\"https:\/\/challengeseconomiques.com\/wp-content\/uploads\/2024\/07\/OUSMANE-SONKO-1.jpg\",\"articleSection\":[\"A la une\"],\"inLanguage\":\"fr-FR\"},{\"@type\":\"WebPage\",\"@id\":\"https:\/\/challengeseconomiques.com\/?p=6874\",\"url\":\"https:\/\/challengeseconomiques.com\/?p=6874\",\"name\":\"Le Premier ministre cr\u00e9e une commission charg\u00e9e de r\u00e9examiner les accords sign\u00e9s par l\u2019\u00c9tat avec des partenaires - challenges economiques\",\"isPartOf\":{\"@id\":\"https:\/\/challengeseconomiques.com\/#website\"},\"primaryImageOfPage\":{\"@id\":\"https:\/\/challengeseconomiques.com\/?p=6874#primaryimage\"},\"image\":{\"@id\":\"https:\/\/challengeseconomiques.com\/?p=6874#primaryimage\"},\"thumbnailUrl\":\"https:\/\/challengeseconomiques.com\/wp-content\/uploads\/2024\/07\/OUSMANE-SONKO-1.jpg\",\"datePublished\":\"2024-08-20T16:49:39+00:00\",\"dateModified\":\"2024-08-20T16:51:01+00:00\",\"author\":{\"@id\":\"https:\/\/challengeseconomiques.com\/#\/schema\/person\/b4568c9afebc5a9238a771873801e349\"},\"breadcrumb\":{\"@id\":\"https:\/\/challengeseconomiques.com\/?p=6874#breadcrumb\"},\"inLanguage\":\"fr-FR\",\"potentialAction\":[{\"@type\":\"ReadAction\",\"target\":[\"https:\/\/challengeseconomiques.com\/?p=6874\"]}]},{\"@type\":\"ImageObject\",\"inLanguage\":\"fr-FR\",\"@id\":\"https:\/\/challengeseconomiques.com\/?p=6874#primaryimage\",\"url\":\"https:\/\/challengeseconomiques.com\/wp-content\/uploads\/2024\/07\/OUSMANE-SONKO-1.jpg\",\"contentUrl\":\"https:\/\/challengeseconomiques.com\/wp-content\/uploads\/2024\/07\/OUSMANE-SONKO-1.jpg\",\"width\":600,\"height\":386},{\"@type\":\"BreadcrumbList\",\"@id\":\"https:\/\/challengeseconomiques.com\/?p=6874#breadcrumb\",\"itemListElement\":[{\"@type\":\"ListItem\",\"position\":1,\"name\":\"Home\",\"item\":\"https:\/\/challengeseconomiques.com\/\"},{\"@type\":\"ListItem\",\"position\":2,\"name\":\"Le Premier ministre cr\u00e9e une commission charg\u00e9e de r\u00e9examiner les accords sign\u00e9s par l\u2019\u00c9tat avec des partenaires\"}]},{\"@type\":\"WebSite\",\"@id\":\"https:\/\/challengeseconomiques.com\/#website\",\"url\":\"https:\/\/challengeseconomiques.com\/\",\"name\":\"challenges economiques\",\"description\":\"\",\"potentialAction\":[{\"@type\":\"SearchAction\",\"target\":{\"@type\":\"EntryPoint\",\"urlTemplate\":\"https:\/\/challengeseconomiques.com\/?s={search_term_string}\"},\"query-input\":{\"@type\":\"PropertyValueSpecification\",\"valueRequired\":true,\"valueName\":\"search_term_string\"}}],\"inLanguage\":\"fr-FR\"},{\"@type\":\"Person\",\"@id\":\"https:\/\/challengeseconomiques.com\/#\/schema\/person\/b4568c9afebc5a9238a771873801e349\",\"name\":\"admin\",\"image\":{\"@type\":\"ImageObject\",\"inLanguage\":\"fr-FR\",\"@id\":\"https:\/\/challengeseconomiques.com\/#\/schema\/person\/image\/\",\"url\":\"https:\/\/secure.gravatar.com\/avatar\/099e42240b5eea11acdb72751fcce0dd918603f0749d24974b7984ea47ed9fd9?s=96&d=mm&r=g\",\"contentUrl\":\"https:\/\/secure.gravatar.com\/avatar\/099e42240b5eea11acdb72751fcce0dd918603f0749d24974b7984ea47ed9fd9?s=96&d=mm&r=g\",\"caption\":\"admin\"},\"sameAs\":[\"https:\/\/challengeseconomiques.com\"],\"url\":\"https:\/\/challengeseconomiques.com\/?author=1\"}]}<\/script>\n<!-- \/ Yoast SEO plugin. -->","yoast_head_json":{"title":"Le Premier ministre cr\u00e9e une commission charg\u00e9e de r\u00e9examiner les accords sign\u00e9s par l\u2019\u00c9tat avec des partenaires - challenges economiques","robots":{"index":"index","follow":"follow","max-snippet":"max-snippet:-1","max-image-preview":"max-image-preview:large","max-video-preview":"max-video-preview:-1"},"canonical":"https:\/\/challengeseconomiques.com\/?p=6874","og_locale":"fr_FR","og_type":"article","og_title":"Le Premier ministre cr\u00e9e une commission charg\u00e9e de r\u00e9examiner les accords sign\u00e9s par l\u2019\u00c9tat avec des partenaires - challenges economiques","og_description":"Le Premier ministre a constitu\u00e9 une commission charg\u00e9e de \u2018\u2019r\u00e9examiner\u2019\u2019 les contrats sign\u00e9s par l\u2019\u00c9tat du S\u00e9n\u00e9gal avec des partenaires dans des secteurs jug\u00e9s strat\u00e9giques,...","og_url":"https:\/\/challengeseconomiques.com\/?p=6874","og_site_name":"challenges economiques","article_published_time":"2024-08-20T16:49:39+00:00","article_modified_time":"2024-08-20T16:51:01+00:00","og_image":[{"width":600,"height":386,"url":"https:\/\/challengeseconomiques.com\/wp-content\/uploads\/2024\/07\/OUSMANE-SONKO-1.jpg","type":"image\/jpeg"}],"author":"admin","twitter_card":"summary_large_image","twitter_misc":{"\u00c9crit par":"admin","Dur\u00e9e de lecture estim\u00e9e":"3 minutes"},"schema":{"@context":"https:\/\/schema.org","@graph":[{"@type":"Article","@id":"https:\/\/challengeseconomiques.com\/?p=6874#article","isPartOf":{"@id":"https:\/\/challengeseconomiques.com\/?p=6874"},"author":{"name":"admin","@id":"https:\/\/challengeseconomiques.com\/#\/schema\/person\/b4568c9afebc5a9238a771873801e349"},"headline":"Le Premier ministre cr\u00e9e une commission charg\u00e9e de r\u00e9examiner les accords sign\u00e9s par l\u2019\u00c9tat avec des partenaires","datePublished":"2024-08-20T16:49:39+00:00","dateModified":"2024-08-20T16:51:01+00:00","mainEntityOfPage":{"@id":"https:\/\/challengeseconomiques.com\/?p=6874"},"wordCount":572,"image":{"@id":"https:\/\/challengeseconomiques.com\/?p=6874#primaryimage"},"thumbnailUrl":"https:\/\/challengeseconomiques.com\/wp-content\/uploads\/2024\/07\/OUSMANE-SONKO-1.jpg","articleSection":["A la une"],"inLanguage":"fr-FR"},{"@type":"WebPage","@id":"https:\/\/challengeseconomiques.com\/?p=6874","url":"https:\/\/challengeseconomiques.com\/?p=6874","name":"Le Premier ministre cr\u00e9e une commission charg\u00e9e de r\u00e9examiner les accords sign\u00e9s par l\u2019\u00c9tat avec des partenaires - challenges economiques","isPartOf":{"@id":"https:\/\/challengeseconomiques.com\/#website"},"primaryImageOfPage":{"@id":"https:\/\/challengeseconomiques.com\/?p=6874#primaryimage"},"image":{"@id":"https:\/\/challengeseconomiques.com\/?p=6874#primaryimage"},"thumbnailUrl":"https:\/\/challengeseconomiques.com\/wp-content\/uploads\/2024\/07\/OUSMANE-SONKO-1.jpg","datePublished":"2024-08-20T16:49:39+00:00","dateModified":"2024-08-20T16:51:01+00:00","author":{"@id":"https:\/\/challengeseconomiques.com\/#\/schema\/person\/b4568c9afebc5a9238a771873801e349"},"breadcrumb":{"@id":"https:\/\/challengeseconomiques.com\/?p=6874#breadcrumb"},"inLanguage":"fr-FR","potentialAction":[{"@type":"ReadAction","target":["https:\/\/challengeseconomiques.com\/?p=6874"]}]},{"@type":"ImageObject","inLanguage":"fr-FR","@id":"https:\/\/challengeseconomiques.com\/?p=6874#primaryimage","url":"https:\/\/challengeseconomiques.com\/wp-content\/uploads\/2024\/07\/OUSMANE-SONKO-1.jpg","contentUrl":"https:\/\/challengeseconomiques.com\/wp-content\/uploads\/2024\/07\/OUSMANE-SONKO-1.jpg","width":600,"height":386},{"@type":"BreadcrumbList","@id":"https:\/\/challengeseconomiques.com\/?p=6874#breadcrumb","itemListElement":[{"@type":"ListItem","position":1,"name":"Home","item":"https:\/\/challengeseconomiques.com\/"},{"@type":"ListItem","position":2,"name":"Le Premier ministre cr\u00e9e une commission charg\u00e9e de r\u00e9examiner les accords sign\u00e9s par l\u2019\u00c9tat avec des partenaires"}]},{"@type":"WebSite","@id":"https:\/\/challengeseconomiques.com\/#website","url":"https:\/\/challengeseconomiques.com\/","name":"challenges economiques","description":"","potentialAction":[{"@type":"SearchAction","target":{"@type":"EntryPoint","urlTemplate":"https:\/\/challengeseconomiques.com\/?s={search_term_string}"},"query-input":{"@type":"PropertyValueSpecification","valueRequired":true,"valueName":"search_term_string"}}],"inLanguage":"fr-FR"},{"@type":"Person","@id":"https:\/\/challengeseconomiques.com\/#\/schema\/person\/b4568c9afebc5a9238a771873801e349","name":"admin","image":{"@type":"ImageObject","inLanguage":"fr-FR","@id":"https:\/\/challengeseconomiques.com\/#\/schema\/person\/image\/","url":"https:\/\/secure.gravatar.com\/avatar\/099e42240b5eea11acdb72751fcce0dd918603f0749d24974b7984ea47ed9fd9?s=96&d=mm&r=g","contentUrl":"https:\/\/secure.gravatar.com\/avatar\/099e42240b5eea11acdb72751fcce0dd918603f0749d24974b7984ea47ed9fd9?s=96&d=mm&r=g","caption":"admin"},"sameAs":["https:\/\/challengeseconomiques.com"],"url":"https:\/\/challengeseconomiques.com\/?author=1"}]}},"jetpack_featured_media_url":"https:\/\/challengeseconomiques.com\/wp-content\/uploads\/2024\/07\/OUSMANE-SONKO-1.jpg","jetpack_sharing_enabled":true,"_links":{"self":[{"href":"https:\/\/challengeseconomiques.com\/index.php?rest_route=\/wp\/v2\/posts\/6874","targetHints":{"allow":["GET"]}}],"collection":[{"href":"https:\/\/challengeseconomiques.com\/index.php?rest_route=\/wp\/v2\/posts"}],"about":[{"href":"https:\/\/challengeseconomiques.com\/index.php?rest_route=\/wp\/v2\/types\/post"}],"author":[{"embeddable":true,"href":"https:\/\/challengeseconomiques.com\/index.php?rest_route=\/wp\/v2\/users\/1"}],"replies":[{"embeddable":true,"href":"https:\/\/challengeseconomiques.com\/index.php?rest_route=%2Fwp%2Fv2%2Fcomments&post=6874"}],"version-history":[{"count":1,"href":"https:\/\/challengeseconomiques.com\/index.php?rest_route=\/wp\/v2\/posts\/6874\/revisions"}],"predecessor-version":[{"id":6875,"href":"https:\/\/challengeseconomiques.com\/index.php?rest_route=\/wp\/v2\/posts\/6874\/revisions\/6875"}],"wp:featuredmedia":[{"embeddable":true,"href":"https:\/\/challengeseconomiques.com\/index.php?rest_route=\/wp\/v2\/media\/6692"}],"wp:attachment":[{"href":"https:\/\/challengeseconomiques.com\/index.php?rest_route=%2Fwp%2Fv2%2Fmedia&parent=6874"}],"wp:term":[{"taxonomy":"category","embeddable":true,"href":"https:\/\/challengeseconomiques.com\/index.php?rest_route=%2Fwp%2Fv2%2Fcategories&post=6874"},{"taxonomy":"post_tag","embeddable":true,"href":"https:\/\/challengeseconomiques.com\/index.php?rest_route=%2Fwp%2Fv2%2Ftags&post=6874"}],"curies":[{"name":"wp","href":"https:\/\/api.w.org\/{rel}","templated":true}]}}