{"id":6868,"date":"2024-08-20T12:46:31","date_gmt":"2024-08-20T12:46:31","guid":{"rendered":"https:\/\/challengeseconomiques.com\/?p=6868"},"modified":"2024-08-20T12:49:44","modified_gmt":"2024-08-20T12:49:44","slug":"economie-sociale-et-solidaire-litalie-accorde-un-don-dun-montant-de-25-milliards-fcfa-au-senegal","status":"publish","type":"post","link":"https:\/\/challengeseconomiques.com\/?p=6868","title":{"rendered":"Economie sociale et solidaire : L\u2019Italie accorde un don d\u2019un montant de 2,5 milliards FCFA au S\u00e9n\u00e9gal"},"content":{"rendered":"<p>Dans le cadre du Programme d\u2019appui aux acteurs de l\u2019\u00e9conomie sociale et solidaire, a accord\u00e9 au S\u00e9n\u00e9gal un don de 2,5 milliards FCFA. L\u2019accord de don a \u00e9t\u00e9 sign\u00e9 le lundi 19 ao\u00fbt 2024, par le ministre de l\u2019Economie, du Plan et de la Coop\u00e9ration, Dr Abdourahmane Sarr, pour le gouvernement du S\u00e9n\u00e9gal \u00a0et l\u2019ambassadrice d\u2019Italie \u00e0 Dakar, SE Caterina Bertolini, pour l&rsquo;Italie.<\/p>\n<p>Ce programme vise surtout selon le minist\u00e8re de l\u2019\u00e9conomie, du plan et de la coop\u00e9ration du S\u00e9n\u00e9gal \u00e0 am\u00e9liorer les opportunit\u00e9s d&rsquo;inclusion socio-\u00e9conomique des jeunes et la promotion d\u2019une croissance sociale et \u00e9conomique \u00e9quitable.<\/p>\n","protected":false},"excerpt":{"rendered":"<p>Dans le cadre du Programme d\u2019appui aux acteurs de l\u2019\u00e9conomie sociale et solidaire, a accord\u00e9 au S\u00e9n\u00e9gal un don de 2,5 milliards FCFA. L\u2019accord de&#8230;<\/p>\n","protected":false},"author":3,"featured_media":6871,"comment_status":"closed","ping_status":"open","sticky":false,"template":"","format":"standard","meta":{"_jetpack_memberships_contains_paid_content":false,"footnotes":""},"categories":[8],"tags":[],"class_list":["post-6868","post","type-post","status-publish","format-standard","has-post-thumbnail","hentry","category-actualite-economique","wpcat-8-id"],"yoast_head":"<!-- This site is optimized with the Yoast SEO plugin v27.1.1 - https:\/\/yoast.com\/product\/yoast-seo-wordpress\/ -->\n<title>Economie sociale et solidaire : L\u2019Italie accorde un don d\u2019un montant de 2,5 milliards FCFA au S\u00e9n\u00e9gal - challenges economiques<\/title>\n<meta name=\"robots\" content=\"index, follow, max-snippet:-1, max-image-preview:large, max-video-preview:-1\" \/>\n<link rel=\"canonical\" href=\"https:\/\/challengeseconomiques.com\/?p=6868\" \/>\n<meta property=\"og:locale\" content=\"fr_FR\" \/>\n<meta property=\"og:type\" content=\"article\" \/>\n<meta property=\"og:title\" content=\"Economie sociale et solidaire : L\u2019Italie accorde un don d\u2019un montant de 2,5 milliards FCFA au S\u00e9n\u00e9gal - challenges economiques\" \/>\n<meta property=\"og:description\" content=\"Dans le cadre du Programme d\u2019appui aux acteurs de l\u2019\u00e9conomie sociale et solidaire, a accord\u00e9 au S\u00e9n\u00e9gal un don de 2,5 milliards FCFA. L\u2019accord de...\" \/>\n<meta property=\"og:url\" content=\"https:\/\/challengeseconomiques.com\/?p=6868\" \/>\n<meta property=\"og:site_name\" content=\"challenges economiques\" \/>\n<meta property=\"article:published_time\" content=\"2024-08-20T12:46:31+00:00\" \/>\n<meta property=\"article:modified_time\" content=\"2024-08-20T12:49:44+00:00\" \/>\n<meta property=\"og:image\" content=\"https:\/\/challengeseconomiques.com\/wp-content\/uploads\/2024\/08\/italiesenegal.jpg\" \/>\n\t<meta property=\"og:image:width\" content=\"2048\" \/>\n\t<meta property=\"og:image:height\" content=\"1340\" \/>\n\t<meta property=\"og:image:type\" content=\"image\/jpeg\" \/>\n<meta name=\"author\" content=\"aliou kane ndiaye\" \/>\n<meta name=\"twitter:card\" content=\"summary_large_image\" \/>\n<meta name=\"twitter:label1\" content=\"\u00c9crit par\" \/>\n\t<meta name=\"twitter:data1\" content=\"aliou kane ndiaye\" \/>\n\t<meta name=\"twitter:label2\" content=\"Dur\u00e9e de lecture estim\u00e9e\" \/>\n\t<meta name=\"twitter:data2\" content=\"1 minute\" \/>\n<script type=\"application\/ld+json\" class=\"yoast-schema-graph\">{\"@context\":\"https:\/\/schema.org\",\"@graph\":[{\"@type\":\"Article\",\"@id\":\"https:\/\/challengeseconomiques.com\/?p=6868#article\",\"isPartOf\":{\"@id\":\"https:\/\/challengeseconomiques.com\/?p=6868\"},\"author\":{\"name\":\"aliou kane ndiaye\",\"@id\":\"https:\/\/challengeseconomiques.com\/#\/schema\/person\/2f70a31e102db1741c1a1c00c2bbd8a6\"},\"headline\":\"Economie sociale et solidaire : L\u2019Italie accorde un don d\u2019un montant de 2,5 milliards FCFA au S\u00e9n\u00e9gal\",\"datePublished\":\"2024-08-20T12:46:31+00:00\",\"dateModified\":\"2024-08-20T12:49:44+00:00\",\"mainEntityOfPage\":{\"@id\":\"https:\/\/challengeseconomiques.com\/?p=6868\"},\"wordCount\":134,\"image\":{\"@id\":\"https:\/\/challengeseconomiques.com\/?p=6868#primaryimage\"},\"thumbnailUrl\":\"https:\/\/challengeseconomiques.com\/wp-content\/uploads\/2024\/08\/italiesenegal.jpg\",\"articleSection\":[\"Actualit\u00e9 \u00e9conomique\"],\"inLanguage\":\"fr-FR\"},{\"@type\":\"WebPage\",\"@id\":\"https:\/\/challengeseconomiques.com\/?p=6868\",\"url\":\"https:\/\/challengeseconomiques.com\/?p=6868\",\"name\":\"Economie sociale et solidaire : L\u2019Italie accorde un don d\u2019un montant de 2,5 milliards FCFA au S\u00e9n\u00e9gal - challenges economiques\",\"isPartOf\":{\"@id\":\"https:\/\/challengeseconomiques.com\/#website\"},\"primaryImageOfPage\":{\"@id\":\"https:\/\/challengeseconomiques.com\/?p=6868#primaryimage\"},\"image\":{\"@id\":\"https:\/\/challengeseconomiques.com\/?p=6868#primaryimage\"},\"thumbnailUrl\":\"https:\/\/challengeseconomiques.com\/wp-content\/uploads\/2024\/08\/italiesenegal.jpg\",\"datePublished\":\"2024-08-20T12:46:31+00:00\",\"dateModified\":\"2024-08-20T12:49:44+00:00\",\"author\":{\"@id\":\"https:\/\/challengeseconomiques.com\/#\/schema\/person\/2f70a31e102db1741c1a1c00c2bbd8a6\"},\"breadcrumb\":{\"@id\":\"https:\/\/challengeseconomiques.com\/?p=6868#breadcrumb\"},\"inLanguage\":\"fr-FR\",\"potentialAction\":[{\"@type\":\"ReadAction\",\"target\":[\"https:\/\/challengeseconomiques.com\/?p=6868\"]}]},{\"@type\":\"ImageObject\",\"inLanguage\":\"fr-FR\",\"@id\":\"https:\/\/challengeseconomiques.com\/?p=6868#primaryimage\",\"url\":\"https:\/\/challengeseconomiques.com\/wp-content\/uploads\/2024\/08\/italiesenegal.jpg\",\"contentUrl\":\"https:\/\/challengeseconomiques.com\/wp-content\/uploads\/2024\/08\/italiesenegal.jpg\",\"width\":2048,\"height\":1340},{\"@type\":\"BreadcrumbList\",\"@id\":\"https:\/\/challengeseconomiques.com\/?p=6868#breadcrumb\",\"itemListElement\":[{\"@type\":\"ListItem\",\"position\":1,\"name\":\"Home\",\"item\":\"https:\/\/challengeseconomiques.com\/\"},{\"@type\":\"ListItem\",\"position\":2,\"name\":\"Economie sociale et solidaire : L\u2019Italie accorde un don d\u2019un montant de 2,5 milliards FCFA au S\u00e9n\u00e9gal\"}]},{\"@type\":\"WebSite\",\"@id\":\"https:\/\/challengeseconomiques.com\/#website\",\"url\":\"https:\/\/challengeseconomiques.com\/\",\"name\":\"challenges economiques\",\"description\":\"\",\"potentialAction\":[{\"@type\":\"SearchAction\",\"target\":{\"@type\":\"EntryPoint\",\"urlTemplate\":\"https:\/\/challengeseconomiques.com\/?s={search_term_string}\"},\"query-input\":{\"@type\":\"PropertyValueSpecification\",\"valueRequired\":true,\"valueName\":\"search_term_string\"}}],\"inLanguage\":\"fr-FR\"},{\"@type\":\"Person\",\"@id\":\"https:\/\/challengeseconomiques.com\/#\/schema\/person\/2f70a31e102db1741c1a1c00c2bbd8a6\",\"name\":\"aliou kane ndiaye\",\"image\":{\"@type\":\"ImageObject\",\"inLanguage\":\"fr-FR\",\"@id\":\"https:\/\/challengeseconomiques.com\/#\/schema\/person\/image\/\",\"url\":\"https:\/\/secure.gravatar.com\/avatar\/df942321e58711a9f1fee838e446766660477bacd4b42fa20400d2c7cf4da7ca?s=96&d=mm&r=g\",\"contentUrl\":\"https:\/\/secure.gravatar.com\/avatar\/df942321e58711a9f1fee838e446766660477bacd4b42fa20400d2c7cf4da7ca?s=96&d=mm&r=g\",\"caption\":\"aliou kane ndiaye\"},\"sameAs\":[\"http:\/\/www.challengeseconomiques.com\"],\"url\":\"https:\/\/challengeseconomiques.com\/?author=3\"}]}<\/script>\n<!-- \/ Yoast SEO plugin. -->","yoast_head_json":{"title":"Economie sociale et solidaire : L\u2019Italie accorde un don d\u2019un montant de 2,5 milliards FCFA au S\u00e9n\u00e9gal - challenges economiques","robots":{"index":"index","follow":"follow","max-snippet":"max-snippet:-1","max-image-preview":"max-image-preview:large","max-video-preview":"max-video-preview:-1"},"canonical":"https:\/\/challengeseconomiques.com\/?p=6868","og_locale":"fr_FR","og_type":"article","og_title":"Economie sociale et solidaire : L\u2019Italie accorde un don d\u2019un montant de 2,5 milliards FCFA au S\u00e9n\u00e9gal - challenges economiques","og_description":"Dans le cadre du Programme d\u2019appui aux acteurs de l\u2019\u00e9conomie sociale et solidaire, a accord\u00e9 au S\u00e9n\u00e9gal un don de 2,5 milliards FCFA. L\u2019accord de...","og_url":"https:\/\/challengeseconomiques.com\/?p=6868","og_site_name":"challenges economiques","article_published_time":"2024-08-20T12:46:31+00:00","article_modified_time":"2024-08-20T12:49:44+00:00","og_image":[{"width":2048,"height":1340,"url":"https:\/\/challengeseconomiques.com\/wp-content\/uploads\/2024\/08\/italiesenegal.jpg","type":"image\/jpeg"}],"author":"aliou kane ndiaye","twitter_card":"summary_large_image","twitter_misc":{"\u00c9crit par":"aliou kane ndiaye","Dur\u00e9e de lecture estim\u00e9e":"1 minute"},"schema":{"@context":"https:\/\/schema.org","@graph":[{"@type":"Article","@id":"https:\/\/challengeseconomiques.com\/?p=6868#article","isPartOf":{"@id":"https:\/\/challengeseconomiques.com\/?p=6868"},"author":{"name":"aliou kane ndiaye","@id":"https:\/\/challengeseconomiques.com\/#\/schema\/person\/2f70a31e102db1741c1a1c00c2bbd8a6"},"headline":"Economie sociale et solidaire : L\u2019Italie accorde un don d\u2019un montant de 2,5 milliards FCFA au S\u00e9n\u00e9gal","datePublished":"2024-08-20T12:46:31+00:00","dateModified":"2024-08-20T12:49:44+00:00","mainEntityOfPage":{"@id":"https:\/\/challengeseconomiques.com\/?p=6868"},"wordCount":134,"image":{"@id":"https:\/\/challengeseconomiques.com\/?p=6868#primaryimage"},"thumbnailUrl":"https:\/\/challengeseconomiques.com\/wp-content\/uploads\/2024\/08\/italiesenegal.jpg","articleSection":["Actualit\u00e9 \u00e9conomique"],"inLanguage":"fr-FR"},{"@type":"WebPage","@id":"https:\/\/challengeseconomiques.com\/?p=6868","url":"https:\/\/challengeseconomiques.com\/?p=6868","name":"Economie sociale et solidaire : L\u2019Italie accorde un don d\u2019un montant de 2,5 milliards FCFA au S\u00e9n\u00e9gal - challenges economiques","isPartOf":{"@id":"https:\/\/challengeseconomiques.com\/#website"},"primaryImageOfPage":{"@id":"https:\/\/challengeseconomiques.com\/?p=6868#primaryimage"},"image":{"@id":"https:\/\/challengeseconomiques.com\/?p=6868#primaryimage"},"thumbnailUrl":"https:\/\/challengeseconomiques.com\/wp-content\/uploads\/2024\/08\/italiesenegal.jpg","datePublished":"2024-08-20T12:46:31+00:00","dateModified":"2024-08-20T12:49:44+00:00","author":{"@id":"https:\/\/challengeseconomiques.com\/#\/schema\/person\/2f70a31e102db1741c1a1c00c2bbd8a6"},"breadcrumb":{"@id":"https:\/\/challengeseconomiques.com\/?p=6868#breadcrumb"},"inLanguage":"fr-FR","potentialAction":[{"@type":"ReadAction","target":["https:\/\/challengeseconomiques.com\/?p=6868"]}]},{"@type":"ImageObject","inLanguage":"fr-FR","@id":"https:\/\/challengeseconomiques.com\/?p=6868#primaryimage","url":"https:\/\/challengeseconomiques.com\/wp-content\/uploads\/2024\/08\/italiesenegal.jpg","contentUrl":"https:\/\/challengeseconomiques.com\/wp-content\/uploads\/2024\/08\/italiesenegal.jpg","width":2048,"height":1340},{"@type":"BreadcrumbList","@id":"https:\/\/challengeseconomiques.com\/?p=6868#breadcrumb","itemListElement":[{"@type":"ListItem","position":1,"name":"Home","item":"https:\/\/challengeseconomiques.com\/"},{"@type":"ListItem","position":2,"name":"Economie sociale et solidaire : L\u2019Italie accorde un don d\u2019un montant de 2,5 milliards FCFA au S\u00e9n\u00e9gal"}]},{"@type":"WebSite","@id":"https:\/\/challengeseconomiques.com\/#website","url":"https:\/\/challengeseconomiques.com\/","name":"challenges economiques","description":"","potentialAction":[{"@type":"SearchAction","target":{"@type":"EntryPoint","urlTemplate":"https:\/\/challengeseconomiques.com\/?s={search_term_string}"},"query-input":{"@type":"PropertyValueSpecification","valueRequired":true,"valueName":"search_term_string"}}],"inLanguage":"fr-FR"},{"@type":"Person","@id":"https:\/\/challengeseconomiques.com\/#\/schema\/person\/2f70a31e102db1741c1a1c00c2bbd8a6","name":"aliou kane ndiaye","image":{"@type":"ImageObject","inLanguage":"fr-FR","@id":"https:\/\/challengeseconomiques.com\/#\/schema\/person\/image\/","url":"https:\/\/secure.gravatar.com\/avatar\/df942321e58711a9f1fee838e446766660477bacd4b42fa20400d2c7cf4da7ca?s=96&d=mm&r=g","contentUrl":"https:\/\/secure.gravatar.com\/avatar\/df942321e58711a9f1fee838e446766660477bacd4b42fa20400d2c7cf4da7ca?s=96&d=mm&r=g","caption":"aliou kane ndiaye"},"sameAs":["http:\/\/www.challengeseconomiques.com"],"url":"https:\/\/challengeseconomiques.com\/?author=3"}]}},"jetpack_featured_media_url":"https:\/\/challengeseconomiques.com\/wp-content\/uploads\/2024\/08\/italiesenegal.jpg","jetpack_sharing_enabled":true,"_links":{"self":[{"href":"https:\/\/challengeseconomiques.com\/index.php?rest_route=\/wp\/v2\/posts\/6868","targetHints":{"allow":["GET"]}}],"collection":[{"href":"https:\/\/challengeseconomiques.com\/index.php?rest_route=\/wp\/v2\/posts"}],"about":[{"href":"https:\/\/challengeseconomiques.com\/index.php?rest_route=\/wp\/v2\/types\/post"}],"author":[{"embeddable":true,"href":"https:\/\/challengeseconomiques.com\/index.php?rest_route=\/wp\/v2\/users\/3"}],"replies":[{"embeddable":true,"href":"https:\/\/challengeseconomiques.com\/index.php?rest_route=%2Fwp%2Fv2%2Fcomments&post=6868"}],"version-history":[{"count":1,"href":"https:\/\/challengeseconomiques.com\/index.php?rest_route=\/wp\/v2\/posts\/6868\/revisions"}],"predecessor-version":[{"id":6870,"href":"https:\/\/challengeseconomiques.com\/index.php?rest_route=\/wp\/v2\/posts\/6868\/revisions\/6870"}],"wp:featuredmedia":[{"embeddable":true,"href":"https:\/\/challengeseconomiques.com\/index.php?rest_route=\/wp\/v2\/media\/6871"}],"wp:attachment":[{"href":"https:\/\/challengeseconomiques.com\/index.php?rest_route=%2Fwp%2Fv2%2Fmedia&parent=6868"}],"wp:term":[{"taxonomy":"category","embeddable":true,"href":"https:\/\/challengeseconomiques.com\/index.php?rest_route=%2Fwp%2Fv2%2Fcategories&post=6868"},{"taxonomy":"post_tag","embeddable":true,"href":"https:\/\/challengeseconomiques.com\/index.php?rest_route=%2Fwp%2Fv2%2Ftags&post=6868"}],"curies":[{"name":"wp","href":"https:\/\/api.w.org\/{rel}","templated":true}]}}