{"id":6863,"date":"2024-08-19T10:59:36","date_gmt":"2024-08-19T10:59:36","guid":{"rendered":"https:\/\/challengeseconomiques.com\/?p=6863"},"modified":"2024-08-19T11:00:15","modified_gmt":"2024-08-19T11:00:15","slug":"fournir-de-lenergie-avant-la-transition-juste","status":"publish","type":"post","link":"https:\/\/challengeseconomiques.com\/?p=6863","title":{"rendered":"Fournir de l\u2019\u00e9nergie avant la \u00ab transition juste \u00bb"},"content":{"rendered":"<p><strong>Par: Lam\u00e9 Verre<\/strong><\/p>\n<p><strong>Cet automne, diverses conf\u00e9rences examineront les moyens pour l\u2019Afrique de r\u00e9pondre \u00e0 ses besoins \u00e9nerg\u00e9tiques, malgr\u00e9 les pressions en faveur de l\u2019\u00e9limination des hydrocarbures.<\/strong><\/p>\n<p>Caract\u00e9ris\u00e9e par sa d\u00e9mographie jeune, ses nombreux besoins de d\u00e9veloppement socio-\u00e9conomiques et sa pauvret\u00e9 \u00e9nerg\u00e9tique, entre autres, l\u2019Afrique doit r\u00e9pondre \u00e0 la satisfaction des besoins \u00e9nerg\u00e9tiques minimaux de ses populations. Ces questions cruciales doivent \u00eatre concili\u00e9es lors de l\u2019\u00e9laboration de la trajectoire de d\u00e9veloppement de l\u2019Afrique et abord\u00e9es avant de s\u2019atteler \u00e0 la r\u00e9alisation d\u2019\u00e9missions nettes z\u00e9ro.<\/p>\n<p>Face \u00e0 la mont\u00e9e des tensions g\u00e9opolitiques et aux pressions croissantes en faveur de l\u2019\u00e9limination des hydrocarbures de la palette \u00e9nerg\u00e9tique, la premi\u00e8re pr\u00e9occupation du continent devrait \u00eatre d\u2019assurer la disponibilit\u00e9 et l\u2019accessibilit\u00e9 financi\u00e8re de l\u2019\u00e9nergie pour sa population.<\/p>\n<blockquote><p>Pour r\u00e9aliser une transition juste tout en garantissant la s\u00e9curit\u00e9 \u00e9nerg\u00e9tique et l\u2019accessibilit\u00e9 financi\u00e8re pour tous, il faut des niveaux historiques de collaboration et de partenariat.<\/p><\/blockquote>\n<p>Le continent doit se concentrer sur la s\u00e9curisation de l\u2019acc\u00e8s \u00e0 l\u2019\u00e9nergie \u00e0 partir de toutes les sources, malgr\u00e9 les tensions g\u00e9opolitiques et les pressions croissantes visant \u00e0 \u00e9liminer les hydrocarbures. Cette ressource naturelle est actuellement abondante mais largement sous-d\u00e9velopp\u00e9e, une situation qui s\u2019applique \u00e0 tous les pays du continent.<\/p>\n<p>Si la d\u00e9carbonisation est une urgence mondiale, elle ne doit pas se faire au d\u00e9triment de la s\u00e9curit\u00e9 \u00e9nerg\u00e9tique, de la s\u00e9curit\u00e9 nationale ou de la stabilit\u00e9 \u00e9conomique. Cela est particuli\u00e8rement vrai pour l\u2019Afrique qui, on le sait, ne contribue gu\u00e8re aux \u00e9missions mondiales de carbone. Et qui est confront\u00e9 \u00e0 une extr\u00eame pauvret\u00e9 \u00e9nerg\u00e9tique, malgr\u00e9 d\u2019importantes ressources d\u2019hydrocarbures inexploit\u00e9es. Concilier ces deux priorit\u00e9s et les besoins en mol\u00e9cules et en \u00e9lectrons, avec la croissance du continent et sa jeune population, est une t\u00e2che complexe mais n\u00e9cessaire.<\/p>\n<p>Compar\u00e9e \u00e0 la d\u00e9mographie vieillissante des r\u00e9gions d\u00e9velopp\u00e9es, la population jeune de l\u2019Afrique est sur le point d\u2019entra\u00eener une augmentation significative de la demande d\u2019\u00e9nergie dans les ann\u00e9es \u00e0 venir. Cette croissance n\u2019est pas seulement n\u00e9cessaire, elle est aussi source d\u2019espoir, car elle r\u00e9pondra aux aspirations de la jeune population.<\/p>\n<p><strong>Garantir une transition juste<\/strong><\/p>\n<p>Il est donc injuste d\u2019attendre de l\u2019Afrique qu\u2019elle renonce \u00e0 d\u00e9velopper ses ressources \u00e9nerg\u00e9tiques naturelles pour att\u00e9nuer les dommages environnementaux caus\u00e9s par 250 ans d\u2019industrialisation par le Nord. Cette attente laisse une g\u00e9n\u00e9ration enti\u00e8re de c\u00f4t\u00e9 et souligne la n\u00e9cessit\u00e9 d\u2019une \u00e9quit\u00e9 mondiale dans la lutte contre le changement climatique.<\/p>\n<p><img fetchpriority=\"high\" decoding=\"async\" class=\"wp-image-84083 alignleft lazyloaded\" src=\"https:\/\/magazinedelafrique.com\/wp-content\/uploads\/2024\/08\/AOW-Conference_2-300x200.jpg\" sizes=\"(max-width: 347px) 100vw, 347px\" srcset=\"https:\/\/magazinedelafrique.com\/wp-content\/uploads\/2024\/08\/AOW-Conference_2-300x200.jpg 300w, https:\/\/magazinedelafrique.com\/wp-content\/uploads\/2024\/08\/AOW-Conference_2.jpg 500w\" alt=\"AOW Conf\u00e9rence\" width=\"347\" height=\"231\" data-src=\"https:\/\/magazinedelafrique.com\/wp-content\/uploads\/2024\/08\/AOW-Conference_2-300x200.jpg\" data-srcset=\"https:\/\/magazinedelafrique.com\/wp-content\/uploads\/2024\/08\/AOW-Conference_2-300x200.jpg 300w, https:\/\/magazinedelafrique.com\/wp-content\/uploads\/2024\/08\/AOW-Conference_2.jpg 500w\" data-sizes=\"(max-width: 347px) 100vw, 347px\" \/>Une transition \u00e9nerg\u00e9tique v\u00e9ritablement \u00e9quitable n\u2019est pas seulement une n\u00e9cessit\u00e9, mais un imp\u00e9ratif moral qui r\u00e9pond aux besoins de tous les pays, ce qui n\u00e9cessite une collaboration \u00e9tendue. Il est essentiel de trouver un \u00e9quilibre entre les sources d\u2019\u00e9nergie traditionnelles et renouvelables, tout en tenant compte de la croissance de la population jeune de l\u2019Afrique. Si le continent reconna\u00eet la n\u00e9cessit\u00e9 de la d\u00e9carbonisation, il reconna\u00eet \u00e9galement que cela ne peut se faire au d\u00e9triment du d\u00e9veloppement de sa population.<\/p>\n<p>Les besoins \u00e9nerg\u00e9tiques uniques de l\u2019Afrique doivent lui permettre de fixer son propre rythme de transition \u00e9nerg\u00e9tique. La premi\u00e8re \u00e9tape est l\u2019acc\u00e8s \u00e0 l\u2019\u00e9nergie primaire, \u00e0 la cuisine propre et \u00e0 l\u2019eau potable \u2013 une transition juste est \u00e0 la fois une obligation et un droit humain fondamental.<\/p>\n<p>Selon le septi\u00e8me objectif de d\u00e9veloppement durable des Nations unies, il est essentiel de garantir \u00e0 tous une \u00e9nergie abordable, fiable, durable et moderne. On estime que les foyers urbains devraient disposer de 100 kWh d\u2019\u00e9nergie pour un acc\u00e8s de base, ce qui est insuffisant pour faire fonctionner un r\u00e9frig\u00e9rateur. C\u2019est pourquoi des appels ont \u00e9t\u00e9 lanc\u00e9s pour que le minimum d\u2019\u00e9nergie moderne soit plus proche de 1\u00a0000 kWh.<\/p>\n<p>Il est vain de discuter d\u2019une transition juste pour ceux qui n\u2019ont pas acc\u00e8s \u00e0 l\u2019\u00e9nergie de base. Pour atteindre ce point de d\u00e9part, la demande d\u2019\u00e9nergie doit augmenter. Cependant, l\u2019augmentation actuelle de la demande mondiale d\u2019\u00e9nergie, stimul\u00e9e par l\u2019int\u00e9gration de l\u2019IA des grandes entreprises technologiques, met en \u00e9vidence l\u2019injustice d\u2019insister pour que l\u2019Afrique laisse ses hydrocarbures dans le sol en vue d\u2019un \u00ab\u00a0<em>Net Zero<\/em> \u00bb alors qu\u2019elle n\u2019a pas acc\u00e8s \u00e0 l\u2019\u00e9nergie.<\/p>\n<p><strong>Des efforts de collaboration pour une transition juste<\/strong><\/p>\n<p>Les besoins \u00e9nerg\u00e9tiques minimaux pour le d\u00e9veloppement humain doivent \u00e9galement provenir d\u2019une \u00e9nergie abordable, fiable et \u00e0 faible teneur en carbone. Si le passage aux \u00e9nergies renouvelables est noble et n\u00e9cessaire, une autre transition \u00e9nerg\u00e9tique vitale consiste \u00e0 passer de l\u2019absence d\u2019\u00e9nergie \u00e0 une \u00ab\u00a0<em>certaine \u00e9nergie<\/em> \u00bb. Le monde en d\u00e9veloppement demande que chacun ait acc\u00e8s \u00e0 la m\u00eame quantit\u00e9 d\u2019\u00e9nergie que celle n\u00e9cessaire pour alimenter un r\u00e9frig\u00e9rateur, ce qui n\u2019est pas trop demander\u00a0!<\/p>\n<p><img decoding=\"async\" class=\"wp-image-84082 alignright lazyloaded\" src=\"https:\/\/magazinedelafrique.com\/wp-content\/uploads\/2024\/08\/AOW-Conference_3-300x200.jpg\" sizes=\"(max-width: 395px) 100vw, 395px\" srcset=\"https:\/\/magazinedelafrique.com\/wp-content\/uploads\/2024\/08\/AOW-Conference_3-300x200.jpg 300w, https:\/\/magazinedelafrique.com\/wp-content\/uploads\/2024\/08\/AOW-Conference_3.jpg 500w\" alt=\"\" width=\"395\" height=\"263\" data-src=\"https:\/\/magazinedelafrique.com\/wp-content\/uploads\/2024\/08\/AOW-Conference_3-300x200.jpg\" data-srcset=\"https:\/\/magazinedelafrique.com\/wp-content\/uploads\/2024\/08\/AOW-Conference_3-300x200.jpg 300w, https:\/\/magazinedelafrique.com\/wp-content\/uploads\/2024\/08\/AOW-Conference_3.jpg 500w\" data-sizes=\"(max-width: 395px) 100vw, 395px\" \/>Pour r\u00e9aliser une transition juste tout en garantissant la s\u00e9curit\u00e9 \u00e9nerg\u00e9tique et l\u2019accessibilit\u00e9 financi\u00e8re pour tous, il faut des niveaux historiques de collaboration et de partenariat. Les entreprises traditionnelles du secteur de l\u2019\u00e9nergie doivent travailler avec les entreprises \u00e9mergentes sp\u00e9cialis\u00e9es dans les \u00e9nergies propres, et le Nord doit aligner ses exigences en mati\u00e8re de transition \u00e9nerg\u00e9tique sur les besoins en \u00e9nergie primaire du Sud.<\/p>\n<p>R\u00e9cemment, au Mozambique et en C\u00f4te d\u2019Ivoire, nous avons constat\u00e9 les avantages qu\u2019il y a \u00e0 maximiser la participation des ressortissants nationaux \u00e0 la fourniture de biens et de services, \u00e0 promouvoir le transfert de comp\u00e9tences et de technologies, \u00e0 renforcer les possibilit\u00e9s d\u2019emploi et \u00e0 favoriser un environnement commercial dynamique dans les deux pays.<\/p>\n<p>Nous continuons \u00e0 d\u00e9couvrir des opportunit\u00e9s commerciales, en tirant parti de projets \u00e9chelonn\u00e9s et acc\u00e9l\u00e9r\u00e9s. Par exemple, Baleine augmentera encore sa production avec le d\u00e9marrage de sa phase 2 d\u2019ici le quatri\u00e8me trimestre 2024, visant une production totale du champ allant jusqu\u2019\u00e0 60 kbepj et 70 millions de pieds cubes de gaz par jour \u2013 ce qui confirme l\u2019immense potentiel du projet !<\/p>\n<p>Pour que la transition soit vraiment juste, il faut que des pays \u00e0 des stades de d\u00e9veloppement diff\u00e9rents collaborent pour comprendre leurs besoins respectifs et y r\u00e9pondre. Des \u00e9v\u00e9nements internationaux tels que l\u2019Africa Oil Week (AOW), qui se tiendra au Cap en octobre, offrent une plateforme pour ces dialogues cruciaux, afin que toutes les parties prenantes puissent s\u2019engager sur la voie du \u00ab\u00a0z\u00e9ro \u00e9nergie \u00bb tout en garantissant la s\u00e9curit\u00e9 et l\u2019accessibilit\u00e9 de l\u2019\u00e9nergie pour tous. Signalons que la <a href=\"https:\/\/aowenergy.com\/home#prId=313409\" target=\"_blank\" rel=\"noopener\">conf\u00e9rence AOW<\/a> : Investing In African Energy), qui se d\u00e9roulera du 7 au 10 octobre au Cape Town International Conference Centre, mettra en lumi\u00e8re les possibilit\u00e9s offertes par la cha\u00eene de valeur de la transition \u00e9nerg\u00e9tique pour le continent, par le continent.<\/p>\n<p>La conf\u00e9rence se concentrera sur l\u2019exploration et la production responsables, la mon\u00e9tisation du gaz et les carburants de l\u2019avenir. Elle mettra en relation les leaders de l\u2019industrie, fa\u00e7onnera les politiques et catalysera les investissements.<\/p>\n<p>&nbsp;<\/p>\n<p><img decoding=\"async\" class=\"size-medium wp-image-84085 alignnone lazyloaded\" src=\"https:\/\/magazinedelafrique.com\/wp-content\/uploads\/2024\/08\/Lame-Verre-201x300.jpg\" sizes=\"(max-width: 201px) 100vw, 201px\" srcset=\"https:\/\/magazinedelafrique.com\/wp-content\/uploads\/2024\/08\/Lame-Verre-201x300.jpg 201w, https:\/\/magazinedelafrique.com\/wp-content\/uploads\/2024\/08\/Lame-Verre.jpg 535w\" alt=\"Lame Verre\" width=\"201\" height=\"300\" data-src=\"https:\/\/magazinedelafrique.com\/wp-content\/uploads\/2024\/08\/Lame-Verre-201x300.jpg\" data-srcset=\"https:\/\/magazinedelafrique.com\/wp-content\/uploads\/2024\/08\/Lame-Verre-201x300.jpg 201w, https:\/\/magazinedelafrique.com\/wp-content\/uploads\/2024\/08\/Lame-Verre.jpg 535w\" data-sizes=\"(max-width: 201px) 100vw, 201px\" \/><\/p>\n<p><strong>Lam\u00e9 Verre est membre de l\u2019Energy Institute et du Global Future Council on Energy Transition du Forum \u00e9conomique mondial.<\/strong><\/p>\n<p><strong>Le Magazine de l&rsquo;Afrique<\/strong><\/p>\n","protected":false},"excerpt":{"rendered":"<p>Par: Lam\u00e9 Verre Cet automne, diverses conf\u00e9rences examineront les moyens pour l\u2019Afrique de r\u00e9pondre \u00e0 ses besoins \u00e9nerg\u00e9tiques, malgr\u00e9 les pressions en faveur de l\u2019\u00e9limination&#8230;<\/p>\n","protected":false},"author":1,"featured_media":6864,"comment_status":"closed","ping_status":"open","sticky":false,"template":"","format":"standard","meta":{"_jetpack_memberships_contains_paid_content":false,"footnotes":""},"categories":[16],"tags":[],"class_list":["post-6863","post","type-post","status-publish","format-standard","has-post-thumbnail","hentry","category-contribution","wpcat-16-id"],"yoast_head":"<!-- This site is optimized with the Yoast SEO plugin v27.1.1 - https:\/\/yoast.com\/product\/yoast-seo-wordpress\/ -->\n<title>Fournir de l\u2019\u00e9nergie avant la \u00ab transition juste \u00bb - challenges economiques<\/title>\n<meta name=\"robots\" content=\"index, follow, max-snippet:-1, max-image-preview:large, max-video-preview:-1\" \/>\n<link rel=\"canonical\" href=\"https:\/\/challengeseconomiques.com\/?p=6863\" \/>\n<meta property=\"og:locale\" content=\"fr_FR\" \/>\n<meta property=\"og:type\" content=\"article\" \/>\n<meta property=\"og:title\" content=\"Fournir de l\u2019\u00e9nergie avant la \u00ab transition juste \u00bb - challenges economiques\" \/>\n<meta property=\"og:description\" content=\"Par: Lam\u00e9 Verre Cet automne, diverses conf\u00e9rences examineront les moyens pour l\u2019Afrique de r\u00e9pondre \u00e0 ses besoins \u00e9nerg\u00e9tiques, malgr\u00e9 les pressions en faveur de l\u2019\u00e9limination...\" \/>\n<meta property=\"og:url\" content=\"https:\/\/challengeseconomiques.com\/?p=6863\" \/>\n<meta property=\"og:site_name\" content=\"challenges economiques\" \/>\n<meta property=\"article:published_time\" content=\"2024-08-19T10:59:36+00:00\" \/>\n<meta property=\"article:modified_time\" content=\"2024-08-19T11:00:15+00:00\" \/>\n<meta property=\"og:image\" content=\"https:\/\/challengeseconomiques.com\/wp-content\/uploads\/2024\/08\/Exploitation-gisement-Baleine-770x470-1.webp\" \/>\n\t<meta property=\"og:image:width\" content=\"770\" \/>\n\t<meta property=\"og:image:height\" content=\"470\" \/>\n\t<meta property=\"og:image:type\" content=\"image\/webp\" \/>\n<meta name=\"author\" content=\"admin\" \/>\n<meta name=\"twitter:card\" content=\"summary_large_image\" \/>\n<meta name=\"twitter:label1\" content=\"\u00c9crit par\" \/>\n\t<meta name=\"twitter:data1\" content=\"admin\" \/>\n\t<meta name=\"twitter:label2\" content=\"Dur\u00e9e de lecture estim\u00e9e\" \/>\n\t<meta name=\"twitter:data2\" content=\"6 minutes\" \/>\n<script type=\"application\/ld+json\" class=\"yoast-schema-graph\">{\"@context\":\"https:\/\/schema.org\",\"@graph\":[{\"@type\":\"Article\",\"@id\":\"https:\/\/challengeseconomiques.com\/?p=6863#article\",\"isPartOf\":{\"@id\":\"https:\/\/challengeseconomiques.com\/?p=6863\"},\"author\":{\"name\":\"admin\",\"@id\":\"https:\/\/challengeseconomiques.com\/#\/schema\/person\/b4568c9afebc5a9238a771873801e349\"},\"headline\":\"Fournir de l\u2019\u00e9nergie avant la \u00ab transition juste \u00bb\",\"datePublished\":\"2024-08-19T10:59:36+00:00\",\"dateModified\":\"2024-08-19T11:00:15+00:00\",\"mainEntityOfPage\":{\"@id\":\"https:\/\/challengeseconomiques.com\/?p=6863\"},\"wordCount\":1274,\"image\":{\"@id\":\"https:\/\/challengeseconomiques.com\/?p=6863#primaryimage\"},\"thumbnailUrl\":\"https:\/\/challengeseconomiques.com\/wp-content\/uploads\/2024\/08\/Exploitation-gisement-Baleine-770x470-1.webp\",\"articleSection\":[\"Contribution\"],\"inLanguage\":\"fr-FR\"},{\"@type\":\"WebPage\",\"@id\":\"https:\/\/challengeseconomiques.com\/?p=6863\",\"url\":\"https:\/\/challengeseconomiques.com\/?p=6863\",\"name\":\"Fournir de l\u2019\u00e9nergie avant la \u00ab transition juste \u00bb - challenges economiques\",\"isPartOf\":{\"@id\":\"https:\/\/challengeseconomiques.com\/#website\"},\"primaryImageOfPage\":{\"@id\":\"https:\/\/challengeseconomiques.com\/?p=6863#primaryimage\"},\"image\":{\"@id\":\"https:\/\/challengeseconomiques.com\/?p=6863#primaryimage\"},\"thumbnailUrl\":\"https:\/\/challengeseconomiques.com\/wp-content\/uploads\/2024\/08\/Exploitation-gisement-Baleine-770x470-1.webp\",\"datePublished\":\"2024-08-19T10:59:36+00:00\",\"dateModified\":\"2024-08-19T11:00:15+00:00\",\"author\":{\"@id\":\"https:\/\/challengeseconomiques.com\/#\/schema\/person\/b4568c9afebc5a9238a771873801e349\"},\"breadcrumb\":{\"@id\":\"https:\/\/challengeseconomiques.com\/?p=6863#breadcrumb\"},\"inLanguage\":\"fr-FR\",\"potentialAction\":[{\"@type\":\"ReadAction\",\"target\":[\"https:\/\/challengeseconomiques.com\/?p=6863\"]}]},{\"@type\":\"ImageObject\",\"inLanguage\":\"fr-FR\",\"@id\":\"https:\/\/challengeseconomiques.com\/?p=6863#primaryimage\",\"url\":\"https:\/\/challengeseconomiques.com\/wp-content\/uploads\/2024\/08\/Exploitation-gisement-Baleine-770x470-1.webp\",\"contentUrl\":\"https:\/\/challengeseconomiques.com\/wp-content\/uploads\/2024\/08\/Exploitation-gisement-Baleine-770x470-1.webp\",\"width\":770,\"height\":470},{\"@type\":\"BreadcrumbList\",\"@id\":\"https:\/\/challengeseconomiques.com\/?p=6863#breadcrumb\",\"itemListElement\":[{\"@type\":\"ListItem\",\"position\":1,\"name\":\"Home\",\"item\":\"https:\/\/challengeseconomiques.com\/\"},{\"@type\":\"ListItem\",\"position\":2,\"name\":\"Fournir de l\u2019\u00e9nergie avant la \u00ab transition juste \u00bb\"}]},{\"@type\":\"WebSite\",\"@id\":\"https:\/\/challengeseconomiques.com\/#website\",\"url\":\"https:\/\/challengeseconomiques.com\/\",\"name\":\"challenges economiques\",\"description\":\"\",\"potentialAction\":[{\"@type\":\"SearchAction\",\"target\":{\"@type\":\"EntryPoint\",\"urlTemplate\":\"https:\/\/challengeseconomiques.com\/?s={search_term_string}\"},\"query-input\":{\"@type\":\"PropertyValueSpecification\",\"valueRequired\":true,\"valueName\":\"search_term_string\"}}],\"inLanguage\":\"fr-FR\"},{\"@type\":\"Person\",\"@id\":\"https:\/\/challengeseconomiques.com\/#\/schema\/person\/b4568c9afebc5a9238a771873801e349\",\"name\":\"admin\",\"image\":{\"@type\":\"ImageObject\",\"inLanguage\":\"fr-FR\",\"@id\":\"https:\/\/challengeseconomiques.com\/#\/schema\/person\/image\/\",\"url\":\"https:\/\/secure.gravatar.com\/avatar\/099e42240b5eea11acdb72751fcce0dd918603f0749d24974b7984ea47ed9fd9?s=96&d=mm&r=g\",\"contentUrl\":\"https:\/\/secure.gravatar.com\/avatar\/099e42240b5eea11acdb72751fcce0dd918603f0749d24974b7984ea47ed9fd9?s=96&d=mm&r=g\",\"caption\":\"admin\"},\"sameAs\":[\"https:\/\/challengeseconomiques.com\"],\"url\":\"https:\/\/challengeseconomiques.com\/?author=1\"}]}<\/script>\n<!-- \/ Yoast SEO plugin. -->","yoast_head_json":{"title":"Fournir de l\u2019\u00e9nergie avant la \u00ab transition juste \u00bb - challenges economiques","robots":{"index":"index","follow":"follow","max-snippet":"max-snippet:-1","max-image-preview":"max-image-preview:large","max-video-preview":"max-video-preview:-1"},"canonical":"https:\/\/challengeseconomiques.com\/?p=6863","og_locale":"fr_FR","og_type":"article","og_title":"Fournir de l\u2019\u00e9nergie avant la \u00ab transition juste \u00bb - challenges economiques","og_description":"Par: Lam\u00e9 Verre Cet automne, diverses conf\u00e9rences examineront les moyens pour l\u2019Afrique de r\u00e9pondre \u00e0 ses besoins \u00e9nerg\u00e9tiques, malgr\u00e9 les pressions en faveur de l\u2019\u00e9limination...","og_url":"https:\/\/challengeseconomiques.com\/?p=6863","og_site_name":"challenges economiques","article_published_time":"2024-08-19T10:59:36+00:00","article_modified_time":"2024-08-19T11:00:15+00:00","og_image":[{"width":770,"height":470,"url":"https:\/\/challengeseconomiques.com\/wp-content\/uploads\/2024\/08\/Exploitation-gisement-Baleine-770x470-1.webp","type":"image\/webp"}],"author":"admin","twitter_card":"summary_large_image","twitter_misc":{"\u00c9crit par":"admin","Dur\u00e9e de lecture estim\u00e9e":"6 minutes"},"schema":{"@context":"https:\/\/schema.org","@graph":[{"@type":"Article","@id":"https:\/\/challengeseconomiques.com\/?p=6863#article","isPartOf":{"@id":"https:\/\/challengeseconomiques.com\/?p=6863"},"author":{"name":"admin","@id":"https:\/\/challengeseconomiques.com\/#\/schema\/person\/b4568c9afebc5a9238a771873801e349"},"headline":"Fournir de l\u2019\u00e9nergie avant la \u00ab transition juste \u00bb","datePublished":"2024-08-19T10:59:36+00:00","dateModified":"2024-08-19T11:00:15+00:00","mainEntityOfPage":{"@id":"https:\/\/challengeseconomiques.com\/?p=6863"},"wordCount":1274,"image":{"@id":"https:\/\/challengeseconomiques.com\/?p=6863#primaryimage"},"thumbnailUrl":"https:\/\/challengeseconomiques.com\/wp-content\/uploads\/2024\/08\/Exploitation-gisement-Baleine-770x470-1.webp","articleSection":["Contribution"],"inLanguage":"fr-FR"},{"@type":"WebPage","@id":"https:\/\/challengeseconomiques.com\/?p=6863","url":"https:\/\/challengeseconomiques.com\/?p=6863","name":"Fournir de l\u2019\u00e9nergie avant la \u00ab transition juste \u00bb - challenges economiques","isPartOf":{"@id":"https:\/\/challengeseconomiques.com\/#website"},"primaryImageOfPage":{"@id":"https:\/\/challengeseconomiques.com\/?p=6863#primaryimage"},"image":{"@id":"https:\/\/challengeseconomiques.com\/?p=6863#primaryimage"},"thumbnailUrl":"https:\/\/challengeseconomiques.com\/wp-content\/uploads\/2024\/08\/Exploitation-gisement-Baleine-770x470-1.webp","datePublished":"2024-08-19T10:59:36+00:00","dateModified":"2024-08-19T11:00:15+00:00","author":{"@id":"https:\/\/challengeseconomiques.com\/#\/schema\/person\/b4568c9afebc5a9238a771873801e349"},"breadcrumb":{"@id":"https:\/\/challengeseconomiques.com\/?p=6863#breadcrumb"},"inLanguage":"fr-FR","potentialAction":[{"@type":"ReadAction","target":["https:\/\/challengeseconomiques.com\/?p=6863"]}]},{"@type":"ImageObject","inLanguage":"fr-FR","@id":"https:\/\/challengeseconomiques.com\/?p=6863#primaryimage","url":"https:\/\/challengeseconomiques.com\/wp-content\/uploads\/2024\/08\/Exploitation-gisement-Baleine-770x470-1.webp","contentUrl":"https:\/\/challengeseconomiques.com\/wp-content\/uploads\/2024\/08\/Exploitation-gisement-Baleine-770x470-1.webp","width":770,"height":470},{"@type":"BreadcrumbList","@id":"https:\/\/challengeseconomiques.com\/?p=6863#breadcrumb","itemListElement":[{"@type":"ListItem","position":1,"name":"Home","item":"https:\/\/challengeseconomiques.com\/"},{"@type":"ListItem","position":2,"name":"Fournir de l\u2019\u00e9nergie avant la \u00ab transition juste \u00bb"}]},{"@type":"WebSite","@id":"https:\/\/challengeseconomiques.com\/#website","url":"https:\/\/challengeseconomiques.com\/","name":"challenges economiques","description":"","potentialAction":[{"@type":"SearchAction","target":{"@type":"EntryPoint","urlTemplate":"https:\/\/challengeseconomiques.com\/?s={search_term_string}"},"query-input":{"@type":"PropertyValueSpecification","valueRequired":true,"valueName":"search_term_string"}}],"inLanguage":"fr-FR"},{"@type":"Person","@id":"https:\/\/challengeseconomiques.com\/#\/schema\/person\/b4568c9afebc5a9238a771873801e349","name":"admin","image":{"@type":"ImageObject","inLanguage":"fr-FR","@id":"https:\/\/challengeseconomiques.com\/#\/schema\/person\/image\/","url":"https:\/\/secure.gravatar.com\/avatar\/099e42240b5eea11acdb72751fcce0dd918603f0749d24974b7984ea47ed9fd9?s=96&d=mm&r=g","contentUrl":"https:\/\/secure.gravatar.com\/avatar\/099e42240b5eea11acdb72751fcce0dd918603f0749d24974b7984ea47ed9fd9?s=96&d=mm&r=g","caption":"admin"},"sameAs":["https:\/\/challengeseconomiques.com"],"url":"https:\/\/challengeseconomiques.com\/?author=1"}]}},"jetpack_featured_media_url":"https:\/\/challengeseconomiques.com\/wp-content\/uploads\/2024\/08\/Exploitation-gisement-Baleine-770x470-1.webp","jetpack_sharing_enabled":true,"_links":{"self":[{"href":"https:\/\/challengeseconomiques.com\/index.php?rest_route=\/wp\/v2\/posts\/6863","targetHints":{"allow":["GET"]}}],"collection":[{"href":"https:\/\/challengeseconomiques.com\/index.php?rest_route=\/wp\/v2\/posts"}],"about":[{"href":"https:\/\/challengeseconomiques.com\/index.php?rest_route=\/wp\/v2\/types\/post"}],"author":[{"embeddable":true,"href":"https:\/\/challengeseconomiques.com\/index.php?rest_route=\/wp\/v2\/users\/1"}],"replies":[{"embeddable":true,"href":"https:\/\/challengeseconomiques.com\/index.php?rest_route=%2Fwp%2Fv2%2Fcomments&post=6863"}],"version-history":[{"count":1,"href":"https:\/\/challengeseconomiques.com\/index.php?rest_route=\/wp\/v2\/posts\/6863\/revisions"}],"predecessor-version":[{"id":6865,"href":"https:\/\/challengeseconomiques.com\/index.php?rest_route=\/wp\/v2\/posts\/6863\/revisions\/6865"}],"wp:featuredmedia":[{"embeddable":true,"href":"https:\/\/challengeseconomiques.com\/index.php?rest_route=\/wp\/v2\/media\/6864"}],"wp:attachment":[{"href":"https:\/\/challengeseconomiques.com\/index.php?rest_route=%2Fwp%2Fv2%2Fmedia&parent=6863"}],"wp:term":[{"taxonomy":"category","embeddable":true,"href":"https:\/\/challengeseconomiques.com\/index.php?rest_route=%2Fwp%2Fv2%2Fcategories&post=6863"},{"taxonomy":"post_tag","embeddable":true,"href":"https:\/\/challengeseconomiques.com\/index.php?rest_route=%2Fwp%2Fv2%2Ftags&post=6863"}],"curies":[{"name":"wp","href":"https:\/\/api.w.org\/{rel}","templated":true}]}}