{"id":6860,"date":"2024-08-16T11:52:06","date_gmt":"2024-08-16T11:52:06","guid":{"rendered":"https:\/\/challengeseconomiques.com\/?p=6860"},"modified":"2024-08-16T11:52:41","modified_gmt":"2024-08-16T11:52:41","slug":"les-ambitions-dafreximbank-en-faveur-du-commerce-intra-africain","status":"publish","type":"post","link":"https:\/\/challengeseconomiques.com\/?p=6860","title":{"rendered":"Les ambitions d\u2019Afreximbank en faveur du commerce intra-africain"},"content":{"rendered":"<p><strong>La banque du commerce pr\u00e9voit de doubler son financement du commerce intra africain pour le porter \u00e0 40 milliards de dollars \u00e0 horizon 2026.<\/strong><\/p>\n<p>La Banque africaine d\u2019import-export pr\u00e9voit de doubler son financement du commerce intra-africain de 20 milliards de dollars en 2021 \u00e0 40 milliards\u00a0$ d\u2019ici \u00e0 2026. Tel est l\u2019engagement r\u00e9it\u00e9r\u00e9 Haytham ElMaayergi, vice-pr\u00e9sident ex\u00e9cutif d\u2019Afreximbank.<\/p>\n<p>Le responsable du p\u00f4le Global Trade Bank s\u2019adressait aux participants de la r\u00e9union du Caucus africain de la Banque mondiale et du FMI (Fonds mon\u00e9taire international) qui s\u2019est tenu \u00e0 Abuja, du 1<sup>er<\/sup> au 3 ao\u00fbt 2024.<\/p>\n<blockquote><p>\u00ab\u00a0Nous vous demandons de r\u00e9affirmer que les privil\u00e8ges et immunit\u00e9s sp\u00e9ciaux que vous avez accord\u00e9s \u00e0 ces institutions, y compris le statut de cr\u00e9ancier privil\u00e9gi\u00e9, sont essentiels pour r\u00e9pondre aux besoins de d\u00e9veloppement du continent.\u00a0\u00bb<\/p><\/blockquote>\n<p>Haytham ElMaayergi a soulign\u00e9 qu\u2019Afreximbank avait \u00e9t\u00e9 un champion de la facilitation du commerce intra-africain depuis sa cr\u00e9ation et qu\u2019elle avait engag\u00e9 1 milliard\u00a0$ pour soutenir le financement du Fonds d\u2019ajustement de la ZLECAf (Zone de libre-\u00e9change continental africaine) ainsi qu\u2019une subvention de 10 millions\u00a0$ pour faciliter l\u2019\u00e9tablissement et la mise en \u0153uvre op\u00e9rationnelle de ce fonds.<\/p>\n<p>\u00ab\u00a0<em>La banque travaille \u00e9galement en partenariat avec le Secr\u00e9tariat de la ZLECAf et la Commission de l\u2019Union africaine pour assurer une mise en \u0153uvre r\u00e9ussie du Syst\u00e8me panafricain de paiement et de r\u00e8glement, de l\u2019Africa Trade Gateway et du R\u00e9gime collaboratif africain de garantie de transit d\u2019Afreximbank\u00a0<\/em>\u00bb, a-t-il poursuivi.<\/p>\n<p>Il a soulign\u00e9 que le Nigeria \u00e9tait l\u2019un des principaux membres fondateurs de la Banque et avait continu\u00e9 \u00e0 jouer un r\u00f4le essentiel dans sa croissance et son succ\u00e8s en tant que deuxi\u00e8me actionnaire, ajoutant qu\u2019Afreximbank avait \u00e9galement jou\u00e9 un r\u00f4le essentiel dans le soutien de l\u2019agenda de d\u00e9veloppement du pays.<\/p>\n<p>\u00ab\u00a0<em>Depuis sa cr\u00e9ation en 1993, la banque a approuv\u00e9 plus de 40 milliards de dollars US en soutien aux entit\u00e9s publiques et priv\u00e9es nig\u00e9rianes<\/em>\u00a0\u00bb, a soulign\u00e9 Haytham ElMaayergi, ajoutant qu\u2019elle mettait actuellement en \u0153uvre plusieurs de ses initiatives continentales phares dans le pays, notamment le Centre m\u00e9dical africain d\u2019excellence et le Centre africain de commerce d\u2019Afreximbank.<\/p>\n<p>Il a en outre soulign\u00e9 la cr\u00e9ation de plusieurs autres institutions financi\u00e8res multilat\u00e9rales continentales en vue d\u2019aider \u00e0 combler les lacunes financi\u00e8res majeures en Afrique et de faciliter le commerce. Et a ajout\u00e9 que des privil\u00e8ges et une capitalisation sont accord\u00e9s \u00e0 ces entreprises pour leur permettre de remplir leurs mandats. Haytham ElMaayergi a aussi fait observer que c\u2019est pour renforcer leur efficacit\u00e9 que l\u2019Alliance des institutions financi\u00e8res multilat\u00e9rales africaines (AAMFI) a \u00e9t\u00e9 lanc\u00e9e, en collaboration avec la CUA, en marge de la 37e session ordinaire de la Conf\u00e9rence des chefs d\u2019\u00c9tat et de gouvernement de l\u2019UA \u00e0 Addis-Abeba en f\u00e9vrier 2024.<\/p>\n<p>Il a soulign\u00e9 que l\u2019UA avait reconnu que les institutions financi\u00e8res multilat\u00e9rales africaines \u00e9taient essentielles pour renforcer le cadre financier continental et faire progresser l\u2019Agenda 2063 de l\u2019UA, appelant les participants \u00e0 la r\u00e9union \u00e0 r\u00e9affirmer leur engagement \u00e0 l\u2019\u00e9gard de ces institutions. Il a d\u2019ailleurs exhort\u00e9 la Banque mondiale et le FMI \u00e0 collaborer avec l\u2019AAMFI pour relever les d\u00e9fis du continent.<\/p>\n<p>\u00ab\u00a0<em>Plus particuli\u00e8rement, nous vous demandons de r\u00e9affirmer que les privil\u00e8ges et immunit\u00e9s sp\u00e9ciaux que vous avez accord\u00e9s \u00e0 ces institutions, y compris le statut de cr\u00e9ancier privil\u00e9gi\u00e9, sont essentiels pour r\u00e9pondre aux besoins de d\u00e9veloppement du continent, et d\u2019appeler toutes les parties prenantes \u00e0 respecter les obligations conventionnelles que vous avez contract\u00e9es \u00e0 l\u2019\u00e9gard de ces institutions.<\/em>\u00a0\u00bb<\/p>\n<p><strong>Le Magazine de l&rsquo;Afrique<\/strong><\/p>\n","protected":false},"excerpt":{"rendered":"<p>La banque du commerce pr\u00e9voit de doubler son financement du commerce intra africain pour le porter \u00e0 40 milliards de dollars \u00e0 horizon 2026. La&#8230;<\/p>\n","protected":false},"author":1,"featured_media":6861,"comment_status":"closed","ping_status":"open","sticky":false,"template":"","format":"standard","meta":{"_jetpack_memberships_contains_paid_content":false,"footnotes":""},"categories":[8],"tags":[],"class_list":["post-6860","post","type-post","status-publish","format-standard","has-post-thumbnail","hentry","category-actualite-economique","wpcat-8-id"],"yoast_head":"<!-- This site is optimized with the Yoast SEO plugin v27.1.1 - https:\/\/yoast.com\/product\/yoast-seo-wordpress\/ -->\n<title>Les ambitions d\u2019Afreximbank en faveur du commerce intra-africain - challenges economiques<\/title>\n<meta name=\"robots\" content=\"index, follow, max-snippet:-1, max-image-preview:large, max-video-preview:-1\" \/>\n<link rel=\"canonical\" href=\"https:\/\/challengeseconomiques.com\/?p=6860\" \/>\n<meta property=\"og:locale\" content=\"fr_FR\" \/>\n<meta property=\"og:type\" content=\"article\" \/>\n<meta property=\"og:title\" content=\"Les ambitions d\u2019Afreximbank en faveur du commerce intra-africain - challenges economiques\" \/>\n<meta property=\"og:description\" content=\"La banque du commerce pr\u00e9voit de doubler son financement du commerce intra africain pour le porter \u00e0 40 milliards de dollars \u00e0 horizon 2026. La...\" \/>\n<meta property=\"og:url\" content=\"https:\/\/challengeseconomiques.com\/?p=6860\" \/>\n<meta property=\"og:site_name\" content=\"challenges economiques\" \/>\n<meta property=\"article:published_time\" content=\"2024-08-16T11:52:06+00:00\" \/>\n<meta property=\"article:modified_time\" content=\"2024-08-16T11:52:41+00:00\" \/>\n<meta property=\"og:image\" content=\"https:\/\/challengeseconomiques.com\/wp-content\/uploads\/2024\/08\/Commerce-transports-ports-camions-770x470-1.webp\" \/>\n\t<meta property=\"og:image:width\" content=\"770\" \/>\n\t<meta property=\"og:image:height\" content=\"470\" \/>\n\t<meta property=\"og:image:type\" content=\"image\/webp\" \/>\n<meta name=\"author\" content=\"admin\" \/>\n<meta name=\"twitter:card\" content=\"summary_large_image\" \/>\n<meta name=\"twitter:label1\" content=\"\u00c9crit par\" \/>\n\t<meta name=\"twitter:data1\" content=\"admin\" \/>\n\t<meta name=\"twitter:label2\" content=\"Dur\u00e9e de lecture estim\u00e9e\" \/>\n\t<meta name=\"twitter:data2\" content=\"3 minutes\" \/>\n<script type=\"application\/ld+json\" class=\"yoast-schema-graph\">{\"@context\":\"https:\/\/schema.org\",\"@graph\":[{\"@type\":\"Article\",\"@id\":\"https:\/\/challengeseconomiques.com\/?p=6860#article\",\"isPartOf\":{\"@id\":\"https:\/\/challengeseconomiques.com\/?p=6860\"},\"author\":{\"name\":\"admin\",\"@id\":\"https:\/\/challengeseconomiques.com\/#\/schema\/person\/b4568c9afebc5a9238a771873801e349\"},\"headline\":\"Les ambitions d\u2019Afreximbank en faveur du commerce intra-africain\",\"datePublished\":\"2024-08-16T11:52:06+00:00\",\"dateModified\":\"2024-08-16T11:52:41+00:00\",\"mainEntityOfPage\":{\"@id\":\"https:\/\/challengeseconomiques.com\/?p=6860\"},\"wordCount\":645,\"image\":{\"@id\":\"https:\/\/challengeseconomiques.com\/?p=6860#primaryimage\"},\"thumbnailUrl\":\"https:\/\/challengeseconomiques.com\/wp-content\/uploads\/2024\/08\/Commerce-transports-ports-camions-770x470-1.webp\",\"articleSection\":[\"Actualit\u00e9 \u00e9conomique\"],\"inLanguage\":\"fr-FR\"},{\"@type\":\"WebPage\",\"@id\":\"https:\/\/challengeseconomiques.com\/?p=6860\",\"url\":\"https:\/\/challengeseconomiques.com\/?p=6860\",\"name\":\"Les ambitions d\u2019Afreximbank en faveur du commerce intra-africain - challenges economiques\",\"isPartOf\":{\"@id\":\"https:\/\/challengeseconomiques.com\/#website\"},\"primaryImageOfPage\":{\"@id\":\"https:\/\/challengeseconomiques.com\/?p=6860#primaryimage\"},\"image\":{\"@id\":\"https:\/\/challengeseconomiques.com\/?p=6860#primaryimage\"},\"thumbnailUrl\":\"https:\/\/challengeseconomiques.com\/wp-content\/uploads\/2024\/08\/Commerce-transports-ports-camions-770x470-1.webp\",\"datePublished\":\"2024-08-16T11:52:06+00:00\",\"dateModified\":\"2024-08-16T11:52:41+00:00\",\"author\":{\"@id\":\"https:\/\/challengeseconomiques.com\/#\/schema\/person\/b4568c9afebc5a9238a771873801e349\"},\"breadcrumb\":{\"@id\":\"https:\/\/challengeseconomiques.com\/?p=6860#breadcrumb\"},\"inLanguage\":\"fr-FR\",\"potentialAction\":[{\"@type\":\"ReadAction\",\"target\":[\"https:\/\/challengeseconomiques.com\/?p=6860\"]}]},{\"@type\":\"ImageObject\",\"inLanguage\":\"fr-FR\",\"@id\":\"https:\/\/challengeseconomiques.com\/?p=6860#primaryimage\",\"url\":\"https:\/\/challengeseconomiques.com\/wp-content\/uploads\/2024\/08\/Commerce-transports-ports-camions-770x470-1.webp\",\"contentUrl\":\"https:\/\/challengeseconomiques.com\/wp-content\/uploads\/2024\/08\/Commerce-transports-ports-camions-770x470-1.webp\",\"width\":770,\"height\":470},{\"@type\":\"BreadcrumbList\",\"@id\":\"https:\/\/challengeseconomiques.com\/?p=6860#breadcrumb\",\"itemListElement\":[{\"@type\":\"ListItem\",\"position\":1,\"name\":\"Home\",\"item\":\"https:\/\/challengeseconomiques.com\/\"},{\"@type\":\"ListItem\",\"position\":2,\"name\":\"Les ambitions d\u2019Afreximbank en faveur du commerce intra-africain\"}]},{\"@type\":\"WebSite\",\"@id\":\"https:\/\/challengeseconomiques.com\/#website\",\"url\":\"https:\/\/challengeseconomiques.com\/\",\"name\":\"challenges economiques\",\"description\":\"\",\"potentialAction\":[{\"@type\":\"SearchAction\",\"target\":{\"@type\":\"EntryPoint\",\"urlTemplate\":\"https:\/\/challengeseconomiques.com\/?s={search_term_string}\"},\"query-input\":{\"@type\":\"PropertyValueSpecification\",\"valueRequired\":true,\"valueName\":\"search_term_string\"}}],\"inLanguage\":\"fr-FR\"},{\"@type\":\"Person\",\"@id\":\"https:\/\/challengeseconomiques.com\/#\/schema\/person\/b4568c9afebc5a9238a771873801e349\",\"name\":\"admin\",\"image\":{\"@type\":\"ImageObject\",\"inLanguage\":\"fr-FR\",\"@id\":\"https:\/\/challengeseconomiques.com\/#\/schema\/person\/image\/\",\"url\":\"https:\/\/secure.gravatar.com\/avatar\/099e42240b5eea11acdb72751fcce0dd918603f0749d24974b7984ea47ed9fd9?s=96&d=mm&r=g\",\"contentUrl\":\"https:\/\/secure.gravatar.com\/avatar\/099e42240b5eea11acdb72751fcce0dd918603f0749d24974b7984ea47ed9fd9?s=96&d=mm&r=g\",\"caption\":\"admin\"},\"sameAs\":[\"https:\/\/challengeseconomiques.com\"],\"url\":\"https:\/\/challengeseconomiques.com\/?author=1\"}]}<\/script>\n<!-- \/ Yoast SEO plugin. -->","yoast_head_json":{"title":"Les ambitions d\u2019Afreximbank en faveur du commerce intra-africain - challenges economiques","robots":{"index":"index","follow":"follow","max-snippet":"max-snippet:-1","max-image-preview":"max-image-preview:large","max-video-preview":"max-video-preview:-1"},"canonical":"https:\/\/challengeseconomiques.com\/?p=6860","og_locale":"fr_FR","og_type":"article","og_title":"Les ambitions d\u2019Afreximbank en faveur du commerce intra-africain - challenges economiques","og_description":"La banque du commerce pr\u00e9voit de doubler son financement du commerce intra africain pour le porter \u00e0 40 milliards de dollars \u00e0 horizon 2026. La...","og_url":"https:\/\/challengeseconomiques.com\/?p=6860","og_site_name":"challenges economiques","article_published_time":"2024-08-16T11:52:06+00:00","article_modified_time":"2024-08-16T11:52:41+00:00","og_image":[{"width":770,"height":470,"url":"https:\/\/challengeseconomiques.com\/wp-content\/uploads\/2024\/08\/Commerce-transports-ports-camions-770x470-1.webp","type":"image\/webp"}],"author":"admin","twitter_card":"summary_large_image","twitter_misc":{"\u00c9crit par":"admin","Dur\u00e9e de lecture estim\u00e9e":"3 minutes"},"schema":{"@context":"https:\/\/schema.org","@graph":[{"@type":"Article","@id":"https:\/\/challengeseconomiques.com\/?p=6860#article","isPartOf":{"@id":"https:\/\/challengeseconomiques.com\/?p=6860"},"author":{"name":"admin","@id":"https:\/\/challengeseconomiques.com\/#\/schema\/person\/b4568c9afebc5a9238a771873801e349"},"headline":"Les ambitions d\u2019Afreximbank en faveur du commerce intra-africain","datePublished":"2024-08-16T11:52:06+00:00","dateModified":"2024-08-16T11:52:41+00:00","mainEntityOfPage":{"@id":"https:\/\/challengeseconomiques.com\/?p=6860"},"wordCount":645,"image":{"@id":"https:\/\/challengeseconomiques.com\/?p=6860#primaryimage"},"thumbnailUrl":"https:\/\/challengeseconomiques.com\/wp-content\/uploads\/2024\/08\/Commerce-transports-ports-camions-770x470-1.webp","articleSection":["Actualit\u00e9 \u00e9conomique"],"inLanguage":"fr-FR"},{"@type":"WebPage","@id":"https:\/\/challengeseconomiques.com\/?p=6860","url":"https:\/\/challengeseconomiques.com\/?p=6860","name":"Les ambitions d\u2019Afreximbank en faveur du commerce intra-africain - challenges economiques","isPartOf":{"@id":"https:\/\/challengeseconomiques.com\/#website"},"primaryImageOfPage":{"@id":"https:\/\/challengeseconomiques.com\/?p=6860#primaryimage"},"image":{"@id":"https:\/\/challengeseconomiques.com\/?p=6860#primaryimage"},"thumbnailUrl":"https:\/\/challengeseconomiques.com\/wp-content\/uploads\/2024\/08\/Commerce-transports-ports-camions-770x470-1.webp","datePublished":"2024-08-16T11:52:06+00:00","dateModified":"2024-08-16T11:52:41+00:00","author":{"@id":"https:\/\/challengeseconomiques.com\/#\/schema\/person\/b4568c9afebc5a9238a771873801e349"},"breadcrumb":{"@id":"https:\/\/challengeseconomiques.com\/?p=6860#breadcrumb"},"inLanguage":"fr-FR","potentialAction":[{"@type":"ReadAction","target":["https:\/\/challengeseconomiques.com\/?p=6860"]}]},{"@type":"ImageObject","inLanguage":"fr-FR","@id":"https:\/\/challengeseconomiques.com\/?p=6860#primaryimage","url":"https:\/\/challengeseconomiques.com\/wp-content\/uploads\/2024\/08\/Commerce-transports-ports-camions-770x470-1.webp","contentUrl":"https:\/\/challengeseconomiques.com\/wp-content\/uploads\/2024\/08\/Commerce-transports-ports-camions-770x470-1.webp","width":770,"height":470},{"@type":"BreadcrumbList","@id":"https:\/\/challengeseconomiques.com\/?p=6860#breadcrumb","itemListElement":[{"@type":"ListItem","position":1,"name":"Home","item":"https:\/\/challengeseconomiques.com\/"},{"@type":"ListItem","position":2,"name":"Les ambitions d\u2019Afreximbank en faveur du commerce intra-africain"}]},{"@type":"WebSite","@id":"https:\/\/challengeseconomiques.com\/#website","url":"https:\/\/challengeseconomiques.com\/","name":"challenges economiques","description":"","potentialAction":[{"@type":"SearchAction","target":{"@type":"EntryPoint","urlTemplate":"https:\/\/challengeseconomiques.com\/?s={search_term_string}"},"query-input":{"@type":"PropertyValueSpecification","valueRequired":true,"valueName":"search_term_string"}}],"inLanguage":"fr-FR"},{"@type":"Person","@id":"https:\/\/challengeseconomiques.com\/#\/schema\/person\/b4568c9afebc5a9238a771873801e349","name":"admin","image":{"@type":"ImageObject","inLanguage":"fr-FR","@id":"https:\/\/challengeseconomiques.com\/#\/schema\/person\/image\/","url":"https:\/\/secure.gravatar.com\/avatar\/099e42240b5eea11acdb72751fcce0dd918603f0749d24974b7984ea47ed9fd9?s=96&d=mm&r=g","contentUrl":"https:\/\/secure.gravatar.com\/avatar\/099e42240b5eea11acdb72751fcce0dd918603f0749d24974b7984ea47ed9fd9?s=96&d=mm&r=g","caption":"admin"},"sameAs":["https:\/\/challengeseconomiques.com"],"url":"https:\/\/challengeseconomiques.com\/?author=1"}]}},"jetpack_featured_media_url":"https:\/\/challengeseconomiques.com\/wp-content\/uploads\/2024\/08\/Commerce-transports-ports-camions-770x470-1.webp","jetpack_sharing_enabled":true,"_links":{"self":[{"href":"https:\/\/challengeseconomiques.com\/index.php?rest_route=\/wp\/v2\/posts\/6860","targetHints":{"allow":["GET"]}}],"collection":[{"href":"https:\/\/challengeseconomiques.com\/index.php?rest_route=\/wp\/v2\/posts"}],"about":[{"href":"https:\/\/challengeseconomiques.com\/index.php?rest_route=\/wp\/v2\/types\/post"}],"author":[{"embeddable":true,"href":"https:\/\/challengeseconomiques.com\/index.php?rest_route=\/wp\/v2\/users\/1"}],"replies":[{"embeddable":true,"href":"https:\/\/challengeseconomiques.com\/index.php?rest_route=%2Fwp%2Fv2%2Fcomments&post=6860"}],"version-history":[{"count":1,"href":"https:\/\/challengeseconomiques.com\/index.php?rest_route=\/wp\/v2\/posts\/6860\/revisions"}],"predecessor-version":[{"id":6862,"href":"https:\/\/challengeseconomiques.com\/index.php?rest_route=\/wp\/v2\/posts\/6860\/revisions\/6862"}],"wp:featuredmedia":[{"embeddable":true,"href":"https:\/\/challengeseconomiques.com\/index.php?rest_route=\/wp\/v2\/media\/6861"}],"wp:attachment":[{"href":"https:\/\/challengeseconomiques.com\/index.php?rest_route=%2Fwp%2Fv2%2Fmedia&parent=6860"}],"wp:term":[{"taxonomy":"category","embeddable":true,"href":"https:\/\/challengeseconomiques.com\/index.php?rest_route=%2Fwp%2Fv2%2Fcategories&post=6860"},{"taxonomy":"post_tag","embeddable":true,"href":"https:\/\/challengeseconomiques.com\/index.php?rest_route=%2Fwp%2Fv2%2Ftags&post=6860"}],"curies":[{"name":"wp","href":"https:\/\/api.w.org\/{rel}","templated":true}]}}