{"id":6853,"date":"2024-08-15T16:07:22","date_gmt":"2024-08-15T16:07:22","guid":{"rendered":"https:\/\/challengeseconomiques.com\/?p=6853"},"modified":"2024-08-15T16:10:32","modified_gmt":"2024-08-15T16:10:32","slug":"la-bnde-ouvre-une-seconde-agence-a-thies-pour-plus-de-proximite-avec-les-clients","status":"publish","type":"post","link":"https:\/\/challengeseconomiques.com\/?p=6853","title":{"rendered":"La BNDE ouvre une seconde agence \u00e0 Thi\u00e8s pour plus de proximit\u00e9 avec les clients"},"content":{"rendered":"<p>Mamadou Faye le Directeur g\u00e9n\u00e9ral de la Banque nationale pour le d\u00e9veloppement \u00e9conomique (BNDE) \u00a0a inaugur\u00e9 le mercredi 14 aout 2024, la seconde agence de la banque, dans la ville de Thi\u00e8s. Elle est situ\u00e9e au carrefour commun\u00e9ment appel\u00e9 rond h\u00f4pital r\u00e9gional, quuatier Radoul\u00e9ne . L\u2019ouverture de cette agence \u00e0 la client\u00e8le thi\u00e8ssoise de la banque (au nombre 4000) se justifie selon M. Faye par la recherche de la proximit\u00e9 avec les clients mais \u00e9galement par l\u2019importance que la ville de Thi\u00e8s a acquise sur le plan \u00e9conomique. La BNDE compte aussi avec l\u2019installation de cette seconde agence \u00e0 Thi\u00e8s participer \u00e0 l\u2019inclusion financi\u00e8re des populations de la ville a assur\u00e9 Mamadou Faye.<\/p>\n<p>\u00ab A travers l\u2019ouverture de cette agence, nous avons souhait\u00e9 marquer le renouveau de la BNDE \u00bb a d\u00e9clar\u00e9 Mamadou Faye. Un renouveau qui vient apr\u00e8s des moments difficiles travers\u00e9e par toute l\u2019\u00e9conomie \u00a0(guerre entre la Russie et l\u2019Ukraine, crise au moyen Orient). Ces \u00e9v\u00e9nements ont selon le nouveau patron de la BNDE eu beaucoup d\u2019impacts sur la liquidit\u00e9 de mani\u00e8re g\u00e9n\u00e9rale au S\u00e9n\u00e9gal.<\/p>\n<p>Ce renouveau sera accompagn\u00e9 par l\u2019entr\u00e9e de la banque nationale pour le d\u00e9veloppement \u00e9conomique, qui f\u00eate ses dix ans cette ann\u00e9e, dans le top dix des plus grandes banques de la place de Dakar. L\u2019Etat du S\u00e9n\u00e9gal d\u00e9tenteur de 93% du capital de la banque sera \u00e0\u00a0 c\u00f4t\u00e9 d\u2019elle pour lui permettre d\u2019accomplir sa mission, \u00e0 savoir accompagner les PMI\/ PMI, les Grandes entreprises ainsi que les particuliers a assur\u00e9 M. Faye. Il faut souligner que \u00a0l\u2019Etat du S\u00e9n\u00e9gal \u00a0a \u00a0\u00a0permis \u00e0 la BNDE d\u2019\u00eatre la plus grande banque en activit\u00e9 du S\u00e9n\u00e9gal en termes de capital, \u00a0en augmentant son capital social qui est pass\u00e9 de 11 \u00e0 \u00a052 milliards FCFA.<\/p>\n","protected":false},"excerpt":{"rendered":"<p>Mamadou Faye le Directeur g\u00e9n\u00e9ral de la Banque nationale pour le d\u00e9veloppement \u00e9conomique (BNDE) \u00a0a inaugur\u00e9 le mercredi 14 aout 2024, la seconde agence de&#8230;<\/p>\n","protected":false},"author":1,"featured_media":6854,"comment_status":"closed","ping_status":"open","sticky":false,"template":"","format":"standard","meta":{"_jetpack_memberships_contains_paid_content":false,"footnotes":""},"categories":[23,8],"tags":[],"class_list":["post-6853","post","type-post","status-publish","format-standard","has-post-thumbnail","hentry","category-a-la-une","category-actualite-economique","wpcat-23-id","wpcat-8-id"],"yoast_head":"<!-- This site is optimized with the Yoast SEO plugin v27.1.1 - https:\/\/yoast.com\/product\/yoast-seo-wordpress\/ -->\n<title>La BNDE ouvre une seconde agence \u00e0 Thi\u00e8s pour plus de proximit\u00e9 avec les clients - challenges economiques<\/title>\n<meta name=\"robots\" content=\"index, follow, max-snippet:-1, max-image-preview:large, max-video-preview:-1\" \/>\n<link rel=\"canonical\" href=\"https:\/\/challengeseconomiques.com\/?p=6853\" \/>\n<meta property=\"og:locale\" content=\"fr_FR\" \/>\n<meta property=\"og:type\" content=\"article\" \/>\n<meta property=\"og:title\" content=\"La BNDE ouvre une seconde agence \u00e0 Thi\u00e8s pour plus de proximit\u00e9 avec les clients - challenges economiques\" \/>\n<meta property=\"og:description\" content=\"Mamadou Faye le Directeur g\u00e9n\u00e9ral de la Banque nationale pour le d\u00e9veloppement \u00e9conomique (BNDE) \u00a0a inaugur\u00e9 le mercredi 14 aout 2024, la seconde agence de...\" \/>\n<meta property=\"og:url\" content=\"https:\/\/challengeseconomiques.com\/?p=6853\" \/>\n<meta property=\"og:site_name\" content=\"challenges economiques\" \/>\n<meta property=\"article:published_time\" content=\"2024-08-15T16:07:22+00:00\" \/>\n<meta property=\"article:modified_time\" content=\"2024-08-15T16:10:32+00:00\" \/>\n<meta property=\"og:image\" content=\"https:\/\/challengeseconomiques.com\/wp-content\/uploads\/2024\/08\/bndethies.jpg\" \/>\n\t<meta property=\"og:image:width\" content=\"1080\" \/>\n\t<meta property=\"og:image:height\" content=\"780\" \/>\n\t<meta property=\"og:image:type\" content=\"image\/jpeg\" \/>\n<meta name=\"author\" content=\"admin\" \/>\n<meta name=\"twitter:card\" content=\"summary_large_image\" \/>\n<meta name=\"twitter:label1\" content=\"\u00c9crit par\" \/>\n\t<meta name=\"twitter:data1\" content=\"admin\" \/>\n\t<meta name=\"twitter:label2\" content=\"Dur\u00e9e de lecture estim\u00e9e\" \/>\n\t<meta name=\"twitter:data2\" content=\"2 minutes\" \/>\n<script type=\"application\/ld+json\" class=\"yoast-schema-graph\">{\"@context\":\"https:\/\/schema.org\",\"@graph\":[{\"@type\":\"Article\",\"@id\":\"https:\/\/challengeseconomiques.com\/?p=6853#article\",\"isPartOf\":{\"@id\":\"https:\/\/challengeseconomiques.com\/?p=6853\"},\"author\":{\"name\":\"admin\",\"@id\":\"https:\/\/challengeseconomiques.com\/#\/schema\/person\/b4568c9afebc5a9238a771873801e349\"},\"headline\":\"La BNDE ouvre une seconde agence \u00e0 Thi\u00e8s pour plus de proximit\u00e9 avec les clients\",\"datePublished\":\"2024-08-15T16:07:22+00:00\",\"dateModified\":\"2024-08-15T16:10:32+00:00\",\"mainEntityOfPage\":{\"@id\":\"https:\/\/challengeseconomiques.com\/?p=6853\"},\"wordCount\":336,\"image\":{\"@id\":\"https:\/\/challengeseconomiques.com\/?p=6853#primaryimage\"},\"thumbnailUrl\":\"https:\/\/challengeseconomiques.com\/wp-content\/uploads\/2024\/08\/bndethies.jpg\",\"articleSection\":[\"A la une\",\"Actualit\u00e9 \u00e9conomique\"],\"inLanguage\":\"fr-FR\"},{\"@type\":\"WebPage\",\"@id\":\"https:\/\/challengeseconomiques.com\/?p=6853\",\"url\":\"https:\/\/challengeseconomiques.com\/?p=6853\",\"name\":\"La BNDE ouvre une seconde agence \u00e0 Thi\u00e8s pour plus de proximit\u00e9 avec les clients - challenges economiques\",\"isPartOf\":{\"@id\":\"https:\/\/challengeseconomiques.com\/#website\"},\"primaryImageOfPage\":{\"@id\":\"https:\/\/challengeseconomiques.com\/?p=6853#primaryimage\"},\"image\":{\"@id\":\"https:\/\/challengeseconomiques.com\/?p=6853#primaryimage\"},\"thumbnailUrl\":\"https:\/\/challengeseconomiques.com\/wp-content\/uploads\/2024\/08\/bndethies.jpg\",\"datePublished\":\"2024-08-15T16:07:22+00:00\",\"dateModified\":\"2024-08-15T16:10:32+00:00\",\"author\":{\"@id\":\"https:\/\/challengeseconomiques.com\/#\/schema\/person\/b4568c9afebc5a9238a771873801e349\"},\"breadcrumb\":{\"@id\":\"https:\/\/challengeseconomiques.com\/?p=6853#breadcrumb\"},\"inLanguage\":\"fr-FR\",\"potentialAction\":[{\"@type\":\"ReadAction\",\"target\":[\"https:\/\/challengeseconomiques.com\/?p=6853\"]}]},{\"@type\":\"ImageObject\",\"inLanguage\":\"fr-FR\",\"@id\":\"https:\/\/challengeseconomiques.com\/?p=6853#primaryimage\",\"url\":\"https:\/\/challengeseconomiques.com\/wp-content\/uploads\/2024\/08\/bndethies.jpg\",\"contentUrl\":\"https:\/\/challengeseconomiques.com\/wp-content\/uploads\/2024\/08\/bndethies.jpg\",\"width\":1080,\"height\":780},{\"@type\":\"BreadcrumbList\",\"@id\":\"https:\/\/challengeseconomiques.com\/?p=6853#breadcrumb\",\"itemListElement\":[{\"@type\":\"ListItem\",\"position\":1,\"name\":\"Home\",\"item\":\"https:\/\/challengeseconomiques.com\/\"},{\"@type\":\"ListItem\",\"position\":2,\"name\":\"La BNDE ouvre une seconde agence \u00e0 Thi\u00e8s pour plus de proximit\u00e9 avec les clients\"}]},{\"@type\":\"WebSite\",\"@id\":\"https:\/\/challengeseconomiques.com\/#website\",\"url\":\"https:\/\/challengeseconomiques.com\/\",\"name\":\"challenges economiques\",\"description\":\"\",\"potentialAction\":[{\"@type\":\"SearchAction\",\"target\":{\"@type\":\"EntryPoint\",\"urlTemplate\":\"https:\/\/challengeseconomiques.com\/?s={search_term_string}\"},\"query-input\":{\"@type\":\"PropertyValueSpecification\",\"valueRequired\":true,\"valueName\":\"search_term_string\"}}],\"inLanguage\":\"fr-FR\"},{\"@type\":\"Person\",\"@id\":\"https:\/\/challengeseconomiques.com\/#\/schema\/person\/b4568c9afebc5a9238a771873801e349\",\"name\":\"admin\",\"image\":{\"@type\":\"ImageObject\",\"inLanguage\":\"fr-FR\",\"@id\":\"https:\/\/challengeseconomiques.com\/#\/schema\/person\/image\/\",\"url\":\"https:\/\/secure.gravatar.com\/avatar\/099e42240b5eea11acdb72751fcce0dd918603f0749d24974b7984ea47ed9fd9?s=96&d=mm&r=g\",\"contentUrl\":\"https:\/\/secure.gravatar.com\/avatar\/099e42240b5eea11acdb72751fcce0dd918603f0749d24974b7984ea47ed9fd9?s=96&d=mm&r=g\",\"caption\":\"admin\"},\"sameAs\":[\"https:\/\/challengeseconomiques.com\"],\"url\":\"https:\/\/challengeseconomiques.com\/?author=1\"}]}<\/script>\n<!-- \/ Yoast SEO plugin. -->","yoast_head_json":{"title":"La BNDE ouvre une seconde agence \u00e0 Thi\u00e8s pour plus de proximit\u00e9 avec les clients - challenges economiques","robots":{"index":"index","follow":"follow","max-snippet":"max-snippet:-1","max-image-preview":"max-image-preview:large","max-video-preview":"max-video-preview:-1"},"canonical":"https:\/\/challengeseconomiques.com\/?p=6853","og_locale":"fr_FR","og_type":"article","og_title":"La BNDE ouvre une seconde agence \u00e0 Thi\u00e8s pour plus de proximit\u00e9 avec les clients - challenges economiques","og_description":"Mamadou Faye le Directeur g\u00e9n\u00e9ral de la Banque nationale pour le d\u00e9veloppement \u00e9conomique (BNDE) \u00a0a inaugur\u00e9 le mercredi 14 aout 2024, la seconde agence de...","og_url":"https:\/\/challengeseconomiques.com\/?p=6853","og_site_name":"challenges economiques","article_published_time":"2024-08-15T16:07:22+00:00","article_modified_time":"2024-08-15T16:10:32+00:00","og_image":[{"width":1080,"height":780,"url":"https:\/\/challengeseconomiques.com\/wp-content\/uploads\/2024\/08\/bndethies.jpg","type":"image\/jpeg"}],"author":"admin","twitter_card":"summary_large_image","twitter_misc":{"\u00c9crit par":"admin","Dur\u00e9e de lecture estim\u00e9e":"2 minutes"},"schema":{"@context":"https:\/\/schema.org","@graph":[{"@type":"Article","@id":"https:\/\/challengeseconomiques.com\/?p=6853#article","isPartOf":{"@id":"https:\/\/challengeseconomiques.com\/?p=6853"},"author":{"name":"admin","@id":"https:\/\/challengeseconomiques.com\/#\/schema\/person\/b4568c9afebc5a9238a771873801e349"},"headline":"La BNDE ouvre une seconde agence \u00e0 Thi\u00e8s pour plus de proximit\u00e9 avec les clients","datePublished":"2024-08-15T16:07:22+00:00","dateModified":"2024-08-15T16:10:32+00:00","mainEntityOfPage":{"@id":"https:\/\/challengeseconomiques.com\/?p=6853"},"wordCount":336,"image":{"@id":"https:\/\/challengeseconomiques.com\/?p=6853#primaryimage"},"thumbnailUrl":"https:\/\/challengeseconomiques.com\/wp-content\/uploads\/2024\/08\/bndethies.jpg","articleSection":["A la une","Actualit\u00e9 \u00e9conomique"],"inLanguage":"fr-FR"},{"@type":"WebPage","@id":"https:\/\/challengeseconomiques.com\/?p=6853","url":"https:\/\/challengeseconomiques.com\/?p=6853","name":"La BNDE ouvre une seconde agence \u00e0 Thi\u00e8s pour plus de proximit\u00e9 avec les clients - challenges economiques","isPartOf":{"@id":"https:\/\/challengeseconomiques.com\/#website"},"primaryImageOfPage":{"@id":"https:\/\/challengeseconomiques.com\/?p=6853#primaryimage"},"image":{"@id":"https:\/\/challengeseconomiques.com\/?p=6853#primaryimage"},"thumbnailUrl":"https:\/\/challengeseconomiques.com\/wp-content\/uploads\/2024\/08\/bndethies.jpg","datePublished":"2024-08-15T16:07:22+00:00","dateModified":"2024-08-15T16:10:32+00:00","author":{"@id":"https:\/\/challengeseconomiques.com\/#\/schema\/person\/b4568c9afebc5a9238a771873801e349"},"breadcrumb":{"@id":"https:\/\/challengeseconomiques.com\/?p=6853#breadcrumb"},"inLanguage":"fr-FR","potentialAction":[{"@type":"ReadAction","target":["https:\/\/challengeseconomiques.com\/?p=6853"]}]},{"@type":"ImageObject","inLanguage":"fr-FR","@id":"https:\/\/challengeseconomiques.com\/?p=6853#primaryimage","url":"https:\/\/challengeseconomiques.com\/wp-content\/uploads\/2024\/08\/bndethies.jpg","contentUrl":"https:\/\/challengeseconomiques.com\/wp-content\/uploads\/2024\/08\/bndethies.jpg","width":1080,"height":780},{"@type":"BreadcrumbList","@id":"https:\/\/challengeseconomiques.com\/?p=6853#breadcrumb","itemListElement":[{"@type":"ListItem","position":1,"name":"Home","item":"https:\/\/challengeseconomiques.com\/"},{"@type":"ListItem","position":2,"name":"La BNDE ouvre une seconde agence \u00e0 Thi\u00e8s pour plus de proximit\u00e9 avec les clients"}]},{"@type":"WebSite","@id":"https:\/\/challengeseconomiques.com\/#website","url":"https:\/\/challengeseconomiques.com\/","name":"challenges economiques","description":"","potentialAction":[{"@type":"SearchAction","target":{"@type":"EntryPoint","urlTemplate":"https:\/\/challengeseconomiques.com\/?s={search_term_string}"},"query-input":{"@type":"PropertyValueSpecification","valueRequired":true,"valueName":"search_term_string"}}],"inLanguage":"fr-FR"},{"@type":"Person","@id":"https:\/\/challengeseconomiques.com\/#\/schema\/person\/b4568c9afebc5a9238a771873801e349","name":"admin","image":{"@type":"ImageObject","inLanguage":"fr-FR","@id":"https:\/\/challengeseconomiques.com\/#\/schema\/person\/image\/","url":"https:\/\/secure.gravatar.com\/avatar\/099e42240b5eea11acdb72751fcce0dd918603f0749d24974b7984ea47ed9fd9?s=96&d=mm&r=g","contentUrl":"https:\/\/secure.gravatar.com\/avatar\/099e42240b5eea11acdb72751fcce0dd918603f0749d24974b7984ea47ed9fd9?s=96&d=mm&r=g","caption":"admin"},"sameAs":["https:\/\/challengeseconomiques.com"],"url":"https:\/\/challengeseconomiques.com\/?author=1"}]}},"jetpack_featured_media_url":"https:\/\/challengeseconomiques.com\/wp-content\/uploads\/2024\/08\/bndethies.jpg","jetpack_sharing_enabled":true,"_links":{"self":[{"href":"https:\/\/challengeseconomiques.com\/index.php?rest_route=\/wp\/v2\/posts\/6853","targetHints":{"allow":["GET"]}}],"collection":[{"href":"https:\/\/challengeseconomiques.com\/index.php?rest_route=\/wp\/v2\/posts"}],"about":[{"href":"https:\/\/challengeseconomiques.com\/index.php?rest_route=\/wp\/v2\/types\/post"}],"author":[{"embeddable":true,"href":"https:\/\/challengeseconomiques.com\/index.php?rest_route=\/wp\/v2\/users\/1"}],"replies":[{"embeddable":true,"href":"https:\/\/challengeseconomiques.com\/index.php?rest_route=%2Fwp%2Fv2%2Fcomments&post=6853"}],"version-history":[{"count":2,"href":"https:\/\/challengeseconomiques.com\/index.php?rest_route=\/wp\/v2\/posts\/6853\/revisions"}],"predecessor-version":[{"id":6857,"href":"https:\/\/challengeseconomiques.com\/index.php?rest_route=\/wp\/v2\/posts\/6853\/revisions\/6857"}],"wp:featuredmedia":[{"embeddable":true,"href":"https:\/\/challengeseconomiques.com\/index.php?rest_route=\/wp\/v2\/media\/6854"}],"wp:attachment":[{"href":"https:\/\/challengeseconomiques.com\/index.php?rest_route=%2Fwp%2Fv2%2Fmedia&parent=6853"}],"wp:term":[{"taxonomy":"category","embeddable":true,"href":"https:\/\/challengeseconomiques.com\/index.php?rest_route=%2Fwp%2Fv2%2Fcategories&post=6853"},{"taxonomy":"post_tag","embeddable":true,"href":"https:\/\/challengeseconomiques.com\/index.php?rest_route=%2Fwp%2Fv2%2Ftags&post=6853"}],"curies":[{"name":"wp","href":"https:\/\/api.w.org\/{rel}","templated":true}]}}