{"id":6849,"date":"2024-08-13T15:35:30","date_gmt":"2024-08-13T15:35:30","guid":{"rendered":"https:\/\/challengeseconomiques.com\/?p=6849"},"modified":"2024-08-13T15:36:18","modified_gmt":"2024-08-13T15:36:18","slug":"meg-oneill-designee-personnalite-de-lannee-dans-le-domaine-de-lenergie","status":"publish","type":"post","link":"https:\/\/challengeseconomiques.com\/?p=6849","title":{"rendered":"Meg O\u2019Neill d\u00e9sign\u00e9e \u00ab Personnalit\u00e9 de l\u2019ann\u00e9e dans le domaine de l\u2019\u00e9nergie \u00bb"},"content":{"rendered":"<p><strong>La Chambre africaine de l\u2019\u00e9nergie (AEC), porte-parole du secteur \u00e9nerg\u00e9tique africain a annonc\u00e9 que Meg O\u2019Neill, la directrice g\u00e9n\u00e9rale de Woodside Energy, a \u00e9t\u00e9 \u00e9lue \u00ab\u00a0Personnalit\u00e9 de l\u2019ann\u00e9e dans le domaine de l\u2019\u00e9nergie\u00a0\u00bb, informe un communiqu\u00e9 . <\/strong><\/p>\n<p>Il faut noter que ce prix r\u00e9compense l\u2019exp\u00e9rience de pr\u00e8s de trois d\u00e9cennies de Madame O\u2019Neill dans l\u2019industrie mondiale du p\u00e9trole et du gaz, ainsi que son engagement in\u00e9branlable \u00e0 assurer une transition \u00e9nerg\u00e9tique africaine juste, qui s\u2019est traduit par une livraison exceptionnelle de projets et des investissements de plusieurs milliards de dollars dans les ressources p\u00e9troli\u00e8res et gazi\u00e8res de l\u2019Afrique.<\/p>\n<p>Le communiqu\u00e9 de l&rsquo;AEC pr\u00e9cise que Mme O\u2019Neill\u00a0 recevra le prix \u00e0 l\u2019occasion de l\u2019African Energy Week : Invest in African Energy 2024, l\u2019\u00e9v\u00e9nement annuel de l\u2019AEC. Cap Twon va abriter la rencontre officielle de l\u2019industrie \u00e9nerg\u00e9tique africaine, qui se tiendra du 4 au 8 novembre.<\/p>\n<p>Ce prix est d\u00e9cern\u00e9 aux personnes qui ont apport\u00e9 une contribution substantielle au secteur de l\u2019\u00e9nergie en Afrique et qui ont plaid\u00e9 en faveur d\u2019une industrie plus inclusive. La directrice g\u00e9n\u00e9rale de Woodside Energy est la premi\u00e8re personnalit\u00e9, qui n&rsquo;est pas originaire du continent africain \u00e0 recevoir ce prix.<\/p>\n<p>Les pr\u00e9c\u00e9dents laur\u00e9ats sont feu le pr\u00e9sident namibien Hage Geingob (2023) et le pr\u00e9sident du conseil d\u2019administration de la banque africaine d\u2019import-export Benedict Oramah en 2022.<\/p>\n<p>Initialement attir\u00e9e par l\u2019industrie p\u00e9troli\u00e8re et gazi\u00e8re en raison de son int\u00e9r\u00eat pour les voyages, Meg O\u2019Neill a entam\u00e9 une carri\u00e8re de 23 ans chez ExxonMobil, o\u00f9 elle a occup\u00e9 des postes de direction au sein de la soci\u00e9t\u00e9 de production d\u2019ExxonMobil en Indon\u00e9sie, en Norv\u00e8ge et au Canada.<\/p>\n<p>Elle a aussi occup\u00e9 le poste de vice-pr\u00e9sidente pour l\u2019Afrique chez ExxonMobil Development Company, responsable des principaux projets de la soci\u00e9t\u00e9 en Angola, au Nig\u00e9ria, en Tanzanie et au Mozambique.<\/p>\n<p><strong>Idrissa GUEYE<\/strong><\/p>\n","protected":false},"excerpt":{"rendered":"<p>La Chambre africaine de l\u2019\u00e9nergie (AEC), porte-parole du secteur \u00e9nerg\u00e9tique africain a annonc\u00e9 que Meg O\u2019Neill, la directrice g\u00e9n\u00e9rale de Woodside Energy, a \u00e9t\u00e9 \u00e9lue&#8230;<\/p>\n","protected":false},"author":1,"featured_media":6850,"comment_status":"closed","ping_status":"open","sticky":false,"template":"","format":"standard","meta":{"_jetpack_memberships_contains_paid_content":false,"footnotes":""},"categories":[8],"tags":[],"class_list":["post-6849","post","type-post","status-publish","format-standard","has-post-thumbnail","hentry","category-actualite-economique","wpcat-8-id"],"yoast_head":"<!-- This site is optimized with the Yoast SEO plugin v27.1.1 - https:\/\/yoast.com\/product\/yoast-seo-wordpress\/ -->\n<title>Meg O\u2019Neill d\u00e9sign\u00e9e \u00ab Personnalit\u00e9 de l\u2019ann\u00e9e dans le domaine de l\u2019\u00e9nergie \u00bb - challenges economiques<\/title>\n<meta name=\"robots\" content=\"index, follow, max-snippet:-1, max-image-preview:large, max-video-preview:-1\" \/>\n<link rel=\"canonical\" href=\"https:\/\/challengeseconomiques.com\/?p=6849\" \/>\n<meta property=\"og:locale\" content=\"fr_FR\" \/>\n<meta property=\"og:type\" content=\"article\" \/>\n<meta property=\"og:title\" content=\"Meg O\u2019Neill d\u00e9sign\u00e9e \u00ab Personnalit\u00e9 de l\u2019ann\u00e9e dans le domaine de l\u2019\u00e9nergie \u00bb - challenges economiques\" \/>\n<meta property=\"og:description\" content=\"La Chambre africaine de l\u2019\u00e9nergie (AEC), porte-parole du secteur \u00e9nerg\u00e9tique africain a annonc\u00e9 que Meg O\u2019Neill, la directrice g\u00e9n\u00e9rale de Woodside Energy, a \u00e9t\u00e9 \u00e9lue...\" \/>\n<meta property=\"og:url\" content=\"https:\/\/challengeseconomiques.com\/?p=6849\" \/>\n<meta property=\"og:site_name\" content=\"challenges economiques\" \/>\n<meta property=\"article:published_time\" content=\"2024-08-13T15:35:30+00:00\" \/>\n<meta property=\"article:modified_time\" content=\"2024-08-13T15:36:18+00:00\" \/>\n<meta property=\"og:image\" content=\"https:\/\/challengeseconomiques.com\/wp-content\/uploads\/2024\/08\/NEIL.jpg\" \/>\n\t<meta property=\"og:image:width\" content=\"947\" \/>\n\t<meta property=\"og:image:height\" content=\"870\" \/>\n\t<meta property=\"og:image:type\" content=\"image\/jpeg\" \/>\n<meta name=\"author\" content=\"admin\" \/>\n<meta name=\"twitter:card\" content=\"summary_large_image\" \/>\n<meta name=\"twitter:label1\" content=\"\u00c9crit par\" \/>\n\t<meta name=\"twitter:data1\" content=\"admin\" \/>\n\t<meta name=\"twitter:label2\" content=\"Dur\u00e9e de lecture estim\u00e9e\" \/>\n\t<meta name=\"twitter:data2\" content=\"2 minutes\" \/>\n<script type=\"application\/ld+json\" class=\"yoast-schema-graph\">{\"@context\":\"https:\/\/schema.org\",\"@graph\":[{\"@type\":\"Article\",\"@id\":\"https:\/\/challengeseconomiques.com\/?p=6849#article\",\"isPartOf\":{\"@id\":\"https:\/\/challengeseconomiques.com\/?p=6849\"},\"author\":{\"name\":\"admin\",\"@id\":\"https:\/\/challengeseconomiques.com\/#\/schema\/person\/b4568c9afebc5a9238a771873801e349\"},\"headline\":\"Meg O\u2019Neill d\u00e9sign\u00e9e \u00ab Personnalit\u00e9 de l\u2019ann\u00e9e dans le domaine de l\u2019\u00e9nergie \u00bb\",\"datePublished\":\"2024-08-13T15:35:30+00:00\",\"dateModified\":\"2024-08-13T15:36:18+00:00\",\"mainEntityOfPage\":{\"@id\":\"https:\/\/challengeseconomiques.com\/?p=6849\"},\"wordCount\":370,\"image\":{\"@id\":\"https:\/\/challengeseconomiques.com\/?p=6849#primaryimage\"},\"thumbnailUrl\":\"https:\/\/challengeseconomiques.com\/wp-content\/uploads\/2024\/08\/NEIL.jpg\",\"articleSection\":[\"Actualit\u00e9 \u00e9conomique\"],\"inLanguage\":\"fr-FR\"},{\"@type\":\"WebPage\",\"@id\":\"https:\/\/challengeseconomiques.com\/?p=6849\",\"url\":\"https:\/\/challengeseconomiques.com\/?p=6849\",\"name\":\"Meg O\u2019Neill d\u00e9sign\u00e9e \u00ab Personnalit\u00e9 de l\u2019ann\u00e9e dans le domaine de l\u2019\u00e9nergie \u00bb - challenges economiques\",\"isPartOf\":{\"@id\":\"https:\/\/challengeseconomiques.com\/#website\"},\"primaryImageOfPage\":{\"@id\":\"https:\/\/challengeseconomiques.com\/?p=6849#primaryimage\"},\"image\":{\"@id\":\"https:\/\/challengeseconomiques.com\/?p=6849#primaryimage\"},\"thumbnailUrl\":\"https:\/\/challengeseconomiques.com\/wp-content\/uploads\/2024\/08\/NEIL.jpg\",\"datePublished\":\"2024-08-13T15:35:30+00:00\",\"dateModified\":\"2024-08-13T15:36:18+00:00\",\"author\":{\"@id\":\"https:\/\/challengeseconomiques.com\/#\/schema\/person\/b4568c9afebc5a9238a771873801e349\"},\"breadcrumb\":{\"@id\":\"https:\/\/challengeseconomiques.com\/?p=6849#breadcrumb\"},\"inLanguage\":\"fr-FR\",\"potentialAction\":[{\"@type\":\"ReadAction\",\"target\":[\"https:\/\/challengeseconomiques.com\/?p=6849\"]}]},{\"@type\":\"ImageObject\",\"inLanguage\":\"fr-FR\",\"@id\":\"https:\/\/challengeseconomiques.com\/?p=6849#primaryimage\",\"url\":\"https:\/\/challengeseconomiques.com\/wp-content\/uploads\/2024\/08\/NEIL.jpg\",\"contentUrl\":\"https:\/\/challengeseconomiques.com\/wp-content\/uploads\/2024\/08\/NEIL.jpg\",\"width\":947,\"height\":870},{\"@type\":\"BreadcrumbList\",\"@id\":\"https:\/\/challengeseconomiques.com\/?p=6849#breadcrumb\",\"itemListElement\":[{\"@type\":\"ListItem\",\"position\":1,\"name\":\"Home\",\"item\":\"https:\/\/challengeseconomiques.com\/\"},{\"@type\":\"ListItem\",\"position\":2,\"name\":\"Meg O\u2019Neill d\u00e9sign\u00e9e \u00ab Personnalit\u00e9 de l\u2019ann\u00e9e dans le domaine de l\u2019\u00e9nergie \u00bb\"}]},{\"@type\":\"WebSite\",\"@id\":\"https:\/\/challengeseconomiques.com\/#website\",\"url\":\"https:\/\/challengeseconomiques.com\/\",\"name\":\"challenges economiques\",\"description\":\"\",\"potentialAction\":[{\"@type\":\"SearchAction\",\"target\":{\"@type\":\"EntryPoint\",\"urlTemplate\":\"https:\/\/challengeseconomiques.com\/?s={search_term_string}\"},\"query-input\":{\"@type\":\"PropertyValueSpecification\",\"valueRequired\":true,\"valueName\":\"search_term_string\"}}],\"inLanguage\":\"fr-FR\"},{\"@type\":\"Person\",\"@id\":\"https:\/\/challengeseconomiques.com\/#\/schema\/person\/b4568c9afebc5a9238a771873801e349\",\"name\":\"admin\",\"image\":{\"@type\":\"ImageObject\",\"inLanguage\":\"fr-FR\",\"@id\":\"https:\/\/challengeseconomiques.com\/#\/schema\/person\/image\/\",\"url\":\"https:\/\/secure.gravatar.com\/avatar\/099e42240b5eea11acdb72751fcce0dd918603f0749d24974b7984ea47ed9fd9?s=96&d=mm&r=g\",\"contentUrl\":\"https:\/\/secure.gravatar.com\/avatar\/099e42240b5eea11acdb72751fcce0dd918603f0749d24974b7984ea47ed9fd9?s=96&d=mm&r=g\",\"caption\":\"admin\"},\"sameAs\":[\"https:\/\/challengeseconomiques.com\"],\"url\":\"https:\/\/challengeseconomiques.com\/?author=1\"}]}<\/script>\n<!-- \/ Yoast SEO plugin. -->","yoast_head_json":{"title":"Meg O\u2019Neill d\u00e9sign\u00e9e \u00ab Personnalit\u00e9 de l\u2019ann\u00e9e dans le domaine de l\u2019\u00e9nergie \u00bb - challenges economiques","robots":{"index":"index","follow":"follow","max-snippet":"max-snippet:-1","max-image-preview":"max-image-preview:large","max-video-preview":"max-video-preview:-1"},"canonical":"https:\/\/challengeseconomiques.com\/?p=6849","og_locale":"fr_FR","og_type":"article","og_title":"Meg O\u2019Neill d\u00e9sign\u00e9e \u00ab Personnalit\u00e9 de l\u2019ann\u00e9e dans le domaine de l\u2019\u00e9nergie \u00bb - challenges economiques","og_description":"La Chambre africaine de l\u2019\u00e9nergie (AEC), porte-parole du secteur \u00e9nerg\u00e9tique africain a annonc\u00e9 que Meg O\u2019Neill, la directrice g\u00e9n\u00e9rale de Woodside Energy, a \u00e9t\u00e9 \u00e9lue...","og_url":"https:\/\/challengeseconomiques.com\/?p=6849","og_site_name":"challenges economiques","article_published_time":"2024-08-13T15:35:30+00:00","article_modified_time":"2024-08-13T15:36:18+00:00","og_image":[{"width":947,"height":870,"url":"https:\/\/challengeseconomiques.com\/wp-content\/uploads\/2024\/08\/NEIL.jpg","type":"image\/jpeg"}],"author":"admin","twitter_card":"summary_large_image","twitter_misc":{"\u00c9crit par":"admin","Dur\u00e9e de lecture estim\u00e9e":"2 minutes"},"schema":{"@context":"https:\/\/schema.org","@graph":[{"@type":"Article","@id":"https:\/\/challengeseconomiques.com\/?p=6849#article","isPartOf":{"@id":"https:\/\/challengeseconomiques.com\/?p=6849"},"author":{"name":"admin","@id":"https:\/\/challengeseconomiques.com\/#\/schema\/person\/b4568c9afebc5a9238a771873801e349"},"headline":"Meg O\u2019Neill d\u00e9sign\u00e9e \u00ab Personnalit\u00e9 de l\u2019ann\u00e9e dans le domaine de l\u2019\u00e9nergie \u00bb","datePublished":"2024-08-13T15:35:30+00:00","dateModified":"2024-08-13T15:36:18+00:00","mainEntityOfPage":{"@id":"https:\/\/challengeseconomiques.com\/?p=6849"},"wordCount":370,"image":{"@id":"https:\/\/challengeseconomiques.com\/?p=6849#primaryimage"},"thumbnailUrl":"https:\/\/challengeseconomiques.com\/wp-content\/uploads\/2024\/08\/NEIL.jpg","articleSection":["Actualit\u00e9 \u00e9conomique"],"inLanguage":"fr-FR"},{"@type":"WebPage","@id":"https:\/\/challengeseconomiques.com\/?p=6849","url":"https:\/\/challengeseconomiques.com\/?p=6849","name":"Meg O\u2019Neill d\u00e9sign\u00e9e \u00ab Personnalit\u00e9 de l\u2019ann\u00e9e dans le domaine de l\u2019\u00e9nergie \u00bb - challenges economiques","isPartOf":{"@id":"https:\/\/challengeseconomiques.com\/#website"},"primaryImageOfPage":{"@id":"https:\/\/challengeseconomiques.com\/?p=6849#primaryimage"},"image":{"@id":"https:\/\/challengeseconomiques.com\/?p=6849#primaryimage"},"thumbnailUrl":"https:\/\/challengeseconomiques.com\/wp-content\/uploads\/2024\/08\/NEIL.jpg","datePublished":"2024-08-13T15:35:30+00:00","dateModified":"2024-08-13T15:36:18+00:00","author":{"@id":"https:\/\/challengeseconomiques.com\/#\/schema\/person\/b4568c9afebc5a9238a771873801e349"},"breadcrumb":{"@id":"https:\/\/challengeseconomiques.com\/?p=6849#breadcrumb"},"inLanguage":"fr-FR","potentialAction":[{"@type":"ReadAction","target":["https:\/\/challengeseconomiques.com\/?p=6849"]}]},{"@type":"ImageObject","inLanguage":"fr-FR","@id":"https:\/\/challengeseconomiques.com\/?p=6849#primaryimage","url":"https:\/\/challengeseconomiques.com\/wp-content\/uploads\/2024\/08\/NEIL.jpg","contentUrl":"https:\/\/challengeseconomiques.com\/wp-content\/uploads\/2024\/08\/NEIL.jpg","width":947,"height":870},{"@type":"BreadcrumbList","@id":"https:\/\/challengeseconomiques.com\/?p=6849#breadcrumb","itemListElement":[{"@type":"ListItem","position":1,"name":"Home","item":"https:\/\/challengeseconomiques.com\/"},{"@type":"ListItem","position":2,"name":"Meg O\u2019Neill d\u00e9sign\u00e9e \u00ab Personnalit\u00e9 de l\u2019ann\u00e9e dans le domaine de l\u2019\u00e9nergie \u00bb"}]},{"@type":"WebSite","@id":"https:\/\/challengeseconomiques.com\/#website","url":"https:\/\/challengeseconomiques.com\/","name":"challenges economiques","description":"","potentialAction":[{"@type":"SearchAction","target":{"@type":"EntryPoint","urlTemplate":"https:\/\/challengeseconomiques.com\/?s={search_term_string}"},"query-input":{"@type":"PropertyValueSpecification","valueRequired":true,"valueName":"search_term_string"}}],"inLanguage":"fr-FR"},{"@type":"Person","@id":"https:\/\/challengeseconomiques.com\/#\/schema\/person\/b4568c9afebc5a9238a771873801e349","name":"admin","image":{"@type":"ImageObject","inLanguage":"fr-FR","@id":"https:\/\/challengeseconomiques.com\/#\/schema\/person\/image\/","url":"https:\/\/secure.gravatar.com\/avatar\/099e42240b5eea11acdb72751fcce0dd918603f0749d24974b7984ea47ed9fd9?s=96&d=mm&r=g","contentUrl":"https:\/\/secure.gravatar.com\/avatar\/099e42240b5eea11acdb72751fcce0dd918603f0749d24974b7984ea47ed9fd9?s=96&d=mm&r=g","caption":"admin"},"sameAs":["https:\/\/challengeseconomiques.com"],"url":"https:\/\/challengeseconomiques.com\/?author=1"}]}},"jetpack_featured_media_url":"https:\/\/challengeseconomiques.com\/wp-content\/uploads\/2024\/08\/NEIL.jpg","jetpack_sharing_enabled":true,"_links":{"self":[{"href":"https:\/\/challengeseconomiques.com\/index.php?rest_route=\/wp\/v2\/posts\/6849","targetHints":{"allow":["GET"]}}],"collection":[{"href":"https:\/\/challengeseconomiques.com\/index.php?rest_route=\/wp\/v2\/posts"}],"about":[{"href":"https:\/\/challengeseconomiques.com\/index.php?rest_route=\/wp\/v2\/types\/post"}],"author":[{"embeddable":true,"href":"https:\/\/challengeseconomiques.com\/index.php?rest_route=\/wp\/v2\/users\/1"}],"replies":[{"embeddable":true,"href":"https:\/\/challengeseconomiques.com\/index.php?rest_route=%2Fwp%2Fv2%2Fcomments&post=6849"}],"version-history":[{"count":1,"href":"https:\/\/challengeseconomiques.com\/index.php?rest_route=\/wp\/v2\/posts\/6849\/revisions"}],"predecessor-version":[{"id":6851,"href":"https:\/\/challengeseconomiques.com\/index.php?rest_route=\/wp\/v2\/posts\/6849\/revisions\/6851"}],"wp:featuredmedia":[{"embeddable":true,"href":"https:\/\/challengeseconomiques.com\/index.php?rest_route=\/wp\/v2\/media\/6850"}],"wp:attachment":[{"href":"https:\/\/challengeseconomiques.com\/index.php?rest_route=%2Fwp%2Fv2%2Fmedia&parent=6849"}],"wp:term":[{"taxonomy":"category","embeddable":true,"href":"https:\/\/challengeseconomiques.com\/index.php?rest_route=%2Fwp%2Fv2%2Fcategories&post=6849"},{"taxonomy":"post_tag","embeddable":true,"href":"https:\/\/challengeseconomiques.com\/index.php?rest_route=%2Fwp%2Fv2%2Ftags&post=6849"}],"curies":[{"name":"wp","href":"https:\/\/api.w.org\/{rel}","templated":true}]}}