{"id":6831,"date":"2024-08-09T11:56:11","date_gmt":"2024-08-09T11:56:11","guid":{"rendered":"https:\/\/challengeseconomiques.com\/?p=6831"},"modified":"2024-08-09T12:09:09","modified_gmt":"2024-08-09T12:09:09","slug":"le-ministre-de-la-communication-demande-a-lartp-dassoir-une-regulation-tarifaire-accessible-pour-tous","status":"publish","type":"post","link":"https:\/\/challengeseconomiques.com\/?p=6831","title":{"rendered":"Le ministre de la Communication demande \u00e0 l\u2019ARTP d\u2019assoir une r\u00e9gulation tarifaire accessible pour tous"},"content":{"rendered":"<p><strong>Le ministre de la Communication, des T\u00e9l\u00e9communications et du Num\u00e9rique, Alioune Sall, a demand\u00e9, jeudi, \u00e0 l\u2019Autorit\u00e9 de r\u00e9gulation des t\u00e9l\u00e9communications et des postes (ARTP) d\u2019asseoir une r\u00e9gulation tarifaire \u00e0 m\u00eame de concilier l\u2019\u00e9quilibre du secteur avec des prestations de qualit\u00e9 pour des communications \u00e9lectroniques accessibles.<\/strong><\/p>\n<p>\u2018\u2019Je compte sur l\u2019engagement du directeur g\u00e9n\u00e9ral de l\u2019ARTP\u2019\u2019, a d\u00e9clar\u00e9 M. Sall, jeudi, \u00e0 l\u2019ouverture des \u00a0journ\u00e9es de concertation sur la r\u00e9gulation des communications \u00e9lectroniques.<\/p>\n<p>Ces journ\u00e9es qui prennent fin vendredi\u00a0ont pour objectif de favoriser \u2018\u2019un dialogue constructif\u2019\u2019 entre les parties prenantes pour \u2018\u2019identifier\u2019\u2019 les r\u00e9sistances du march\u00e9 et formuler des recommandations \u2018\u2019concr\u00e8tes\u2019\u2019.<\/p>\n<p>Le ministre de la Communication, des T\u00e9l\u00e9communications et du Num\u00e9rique signale que m\u00eame si les march\u00e9s des communications \u00e9lectroniques sont lib\u00e9ralis\u00e9s, une r\u00e9gulation \u2018\u2019appropri\u00e9e\u2019\u2019 permettrait de garantir des services de qualit\u00e9 \u00e0 des tarifs soutenables pour les populations.<\/p>\n<p>&nbsp;<\/p>\n<p>\u2018\u2019Nonobstant des baisses op\u00e9r\u00e9es r\u00e9cemment, j\u2019exhorte les op\u00e9rateurs de t\u00e9l\u00e9communications \u00e0 faire davantage d\u2019efforts dans ce sens, pour am\u00e9liorer le pouvoir d\u2019achat de nos concitoyens et surtout dans l\u2019acc\u00e8s \u00e0 l\u2019internet, devenu incontournable dans les produits de consommation des m\u00e9nages\u2019\u2019, a indiqu\u00e9 M. Sall.<\/p>\n<p>Il a affirm\u00e9 que l\u2019intelligence artificielle, l\u2019internet des objets, le big data et le commerce \u00e9lectronique, entre autres, \u2018\u2019nous interpellent \u00e0 plus d\u2019un titre\u2019\u2019.<\/p>\n<p>Alioune Sall a soutenu que l\u2019utilisation responsable du num\u00e9rique requiert un encadrement juridique \u2018\u2019rigoureux\u2019\u2019 et \u2018\u2019\u00e0 la mesure de nos aspirations\u2019\u2019, dans un \u2018\u2019cadre concert\u00e9\u2019\u2019, impliquant toutes les parties prenantes.<\/p>\n<p>\u2018\u2019J\u2019appr\u00e9cie \u00e0 sa juste valeur l\u2019approche du directeur g\u00e9n\u00e9ral de l\u2019ARTP \u00e0 travers cette belle initiative qui permettra \u00e0 tous les acteurs de se prononcer sur les acquis \u00e0 consolider, les d\u00e9fis \u00e0 relever et les difficult\u00e9s \u00e0 juguler dans le respect des lois et r\u00e8glements\u2019\u2019, a-t-il fait savoir.<\/p>\n<p>Les responsables de l\u2019ARTP ont promis d\u2019adopter des solutions concert\u00e9es \u00e0 l\u2019issue de ces deux jours de concertation.<\/p>\n<p>&nbsp;<\/p>\n<p>\u2018\u2019La d\u00e9marche concert\u00e9e avec toutes les parties prenantes permettra de briser le plafond de verre que constitue souvent le d\u00e9calage de la r\u00e9glementation par rapport aux besoins explicites ou implicites du secteur\u2019\u2019, a dit Dahirou Thiam, le directeur g\u00e9n\u00e9ral de l\u2019ARTP.<\/p>\n<p>Selon lui, la r\u00e9gulation des communications \u00e9lectroniques fait toujours face \u00e0 de nouveaux d\u00e9fis, notamment en raison de la mutation \u2018\u2019rapide et constante\u2019\u2019 des technologies et de l\u2019\u00e9volution des attentes des consommateurs.<\/p>\n<p>\u2018\u2019Notre volont\u00e9, conform\u00e9ment aux textes en vigueur, est de veiller \u00e0 ce que l\u2019utilisation et le d\u00e9ploiement des communications \u00e9lectroniques contribuent \u00e0 faciliter la vie quotidienne des populations dans tous les domaines, \u00e0 favoriser le d\u00e9veloppement \u00e9conomique, social et culturel\u2019\u2019, a soulign\u00e9 M. Thiam.<\/p>\n<p>Il a assur\u00e9 que l\u2019ARTP, de concert avec tous les acteurs, compte mettre en place des \u2018\u2019m\u00e9canismes de r\u00e9gulation incitatifs\u2019\u2019 pour faciliter l\u2019acc\u00e8s aux services d\u2019internet partout au S\u00e9n\u00e9gal et \u00e0 des tarifs abordables.<\/p>\n<p><strong>(APS)<\/strong><\/p>\n","protected":false},"excerpt":{"rendered":"<p>Le ministre de la Communication, des T\u00e9l\u00e9communications et du Num\u00e9rique, Alioune Sall, a demand\u00e9, jeudi, \u00e0 l\u2019Autorit\u00e9 de r\u00e9gulation des t\u00e9l\u00e9communications et des postes (ARTP)&#8230;<\/p>\n","protected":false},"author":3,"featured_media":6832,"comment_status":"closed","ping_status":"open","sticky":false,"template":"","format":"standard","meta":{"_jetpack_memberships_contains_paid_content":false,"footnotes":""},"categories":[23],"tags":[],"class_list":["post-6831","post","type-post","status-publish","format-standard","has-post-thumbnail","hentry","category-a-la-une","wpcat-23-id"],"yoast_head":"<!-- This site is optimized with the Yoast SEO plugin v27.1.1 - https:\/\/yoast.com\/product\/yoast-seo-wordpress\/ -->\n<title>Le ministre de la Communication demande \u00e0 l\u2019ARTP d\u2019assoir une r\u00e9gulation tarifaire accessible pour tous - challenges economiques<\/title>\n<meta name=\"robots\" content=\"index, follow, max-snippet:-1, max-image-preview:large, max-video-preview:-1\" \/>\n<link rel=\"canonical\" href=\"https:\/\/challengeseconomiques.com\/?p=6831\" \/>\n<meta property=\"og:locale\" content=\"fr_FR\" \/>\n<meta property=\"og:type\" content=\"article\" \/>\n<meta property=\"og:title\" content=\"Le ministre de la Communication demande \u00e0 l\u2019ARTP d\u2019assoir une r\u00e9gulation tarifaire accessible pour tous - challenges economiques\" \/>\n<meta property=\"og:description\" content=\"Le ministre de la Communication, des T\u00e9l\u00e9communications et du Num\u00e9rique, Alioune Sall, a demand\u00e9, jeudi, \u00e0 l\u2019Autorit\u00e9 de r\u00e9gulation des t\u00e9l\u00e9communications et des postes (ARTP)...\" \/>\n<meta property=\"og:url\" content=\"https:\/\/challengeseconomiques.com\/?p=6831\" \/>\n<meta property=\"og:site_name\" content=\"challenges economiques\" \/>\n<meta property=\"article:published_time\" content=\"2024-08-09T11:56:11+00:00\" \/>\n<meta property=\"article:modified_time\" content=\"2024-08-09T12:09:09+00:00\" \/>\n<meta property=\"og:image\" content=\"https:\/\/challengeseconomiques.com\/wp-content\/uploads\/2024\/08\/alioune-Sall.jpg\" \/>\n\t<meta property=\"og:image:width\" content=\"819\" \/>\n\t<meta property=\"og:image:height\" content=\"733\" \/>\n\t<meta property=\"og:image:type\" content=\"image\/jpeg\" \/>\n<meta name=\"author\" content=\"aliou kane ndiaye\" \/>\n<meta name=\"twitter:card\" content=\"summary_large_image\" \/>\n<meta name=\"twitter:label1\" content=\"\u00c9crit par\" \/>\n\t<meta name=\"twitter:data1\" content=\"aliou kane ndiaye\" \/>\n\t<meta name=\"twitter:label2\" content=\"Dur\u00e9e de lecture estim\u00e9e\" \/>\n\t<meta name=\"twitter:data2\" content=\"3 minutes\" \/>\n<script type=\"application\/ld+json\" class=\"yoast-schema-graph\">{\"@context\":\"https:\/\/schema.org\",\"@graph\":[{\"@type\":\"Article\",\"@id\":\"https:\/\/challengeseconomiques.com\/?p=6831#article\",\"isPartOf\":{\"@id\":\"https:\/\/challengeseconomiques.com\/?p=6831\"},\"author\":{\"name\":\"aliou kane ndiaye\",\"@id\":\"https:\/\/challengeseconomiques.com\/#\/schema\/person\/2f70a31e102db1741c1a1c00c2bbd8a6\"},\"headline\":\"Le ministre de la Communication demande \u00e0 l\u2019ARTP d\u2019assoir une r\u00e9gulation tarifaire accessible pour tous\",\"datePublished\":\"2024-08-09T11:56:11+00:00\",\"dateModified\":\"2024-08-09T12:09:09+00:00\",\"mainEntityOfPage\":{\"@id\":\"https:\/\/challengeseconomiques.com\/?p=6831\"},\"wordCount\":540,\"image\":{\"@id\":\"https:\/\/challengeseconomiques.com\/?p=6831#primaryimage\"},\"thumbnailUrl\":\"https:\/\/challengeseconomiques.com\/wp-content\/uploads\/2024\/08\/alioune-Sall.jpg\",\"articleSection\":[\"A la une\"],\"inLanguage\":\"fr-FR\"},{\"@type\":\"WebPage\",\"@id\":\"https:\/\/challengeseconomiques.com\/?p=6831\",\"url\":\"https:\/\/challengeseconomiques.com\/?p=6831\",\"name\":\"Le ministre de la Communication demande \u00e0 l\u2019ARTP d\u2019assoir une r\u00e9gulation tarifaire accessible pour tous - challenges economiques\",\"isPartOf\":{\"@id\":\"https:\/\/challengeseconomiques.com\/#website\"},\"primaryImageOfPage\":{\"@id\":\"https:\/\/challengeseconomiques.com\/?p=6831#primaryimage\"},\"image\":{\"@id\":\"https:\/\/challengeseconomiques.com\/?p=6831#primaryimage\"},\"thumbnailUrl\":\"https:\/\/challengeseconomiques.com\/wp-content\/uploads\/2024\/08\/alioune-Sall.jpg\",\"datePublished\":\"2024-08-09T11:56:11+00:00\",\"dateModified\":\"2024-08-09T12:09:09+00:00\",\"author\":{\"@id\":\"https:\/\/challengeseconomiques.com\/#\/schema\/person\/2f70a31e102db1741c1a1c00c2bbd8a6\"},\"breadcrumb\":{\"@id\":\"https:\/\/challengeseconomiques.com\/?p=6831#breadcrumb\"},\"inLanguage\":\"fr-FR\",\"potentialAction\":[{\"@type\":\"ReadAction\",\"target\":[\"https:\/\/challengeseconomiques.com\/?p=6831\"]}]},{\"@type\":\"ImageObject\",\"inLanguage\":\"fr-FR\",\"@id\":\"https:\/\/challengeseconomiques.com\/?p=6831#primaryimage\",\"url\":\"https:\/\/challengeseconomiques.com\/wp-content\/uploads\/2024\/08\/alioune-Sall.jpg\",\"contentUrl\":\"https:\/\/challengeseconomiques.com\/wp-content\/uploads\/2024\/08\/alioune-Sall.jpg\",\"width\":819,\"height\":733},{\"@type\":\"BreadcrumbList\",\"@id\":\"https:\/\/challengeseconomiques.com\/?p=6831#breadcrumb\",\"itemListElement\":[{\"@type\":\"ListItem\",\"position\":1,\"name\":\"Home\",\"item\":\"https:\/\/challengeseconomiques.com\/\"},{\"@type\":\"ListItem\",\"position\":2,\"name\":\"Le ministre de la Communication demande \u00e0 l\u2019ARTP d\u2019assoir une r\u00e9gulation tarifaire accessible pour tous\"}]},{\"@type\":\"WebSite\",\"@id\":\"https:\/\/challengeseconomiques.com\/#website\",\"url\":\"https:\/\/challengeseconomiques.com\/\",\"name\":\"challenges economiques\",\"description\":\"\",\"potentialAction\":[{\"@type\":\"SearchAction\",\"target\":{\"@type\":\"EntryPoint\",\"urlTemplate\":\"https:\/\/challengeseconomiques.com\/?s={search_term_string}\"},\"query-input\":{\"@type\":\"PropertyValueSpecification\",\"valueRequired\":true,\"valueName\":\"search_term_string\"}}],\"inLanguage\":\"fr-FR\"},{\"@type\":\"Person\",\"@id\":\"https:\/\/challengeseconomiques.com\/#\/schema\/person\/2f70a31e102db1741c1a1c00c2bbd8a6\",\"name\":\"aliou kane ndiaye\",\"image\":{\"@type\":\"ImageObject\",\"inLanguage\":\"fr-FR\",\"@id\":\"https:\/\/challengeseconomiques.com\/#\/schema\/person\/image\/\",\"url\":\"https:\/\/secure.gravatar.com\/avatar\/df942321e58711a9f1fee838e446766660477bacd4b42fa20400d2c7cf4da7ca?s=96&d=mm&r=g\",\"contentUrl\":\"https:\/\/secure.gravatar.com\/avatar\/df942321e58711a9f1fee838e446766660477bacd4b42fa20400d2c7cf4da7ca?s=96&d=mm&r=g\",\"caption\":\"aliou kane ndiaye\"},\"sameAs\":[\"http:\/\/www.challengeseconomiques.com\"],\"url\":\"https:\/\/challengeseconomiques.com\/?author=3\"}]}<\/script>\n<!-- \/ Yoast SEO plugin. -->","yoast_head_json":{"title":"Le ministre de la Communication demande \u00e0 l\u2019ARTP d\u2019assoir une r\u00e9gulation tarifaire accessible pour tous - challenges economiques","robots":{"index":"index","follow":"follow","max-snippet":"max-snippet:-1","max-image-preview":"max-image-preview:large","max-video-preview":"max-video-preview:-1"},"canonical":"https:\/\/challengeseconomiques.com\/?p=6831","og_locale":"fr_FR","og_type":"article","og_title":"Le ministre de la Communication demande \u00e0 l\u2019ARTP d\u2019assoir une r\u00e9gulation tarifaire accessible pour tous - challenges economiques","og_description":"Le ministre de la Communication, des T\u00e9l\u00e9communications et du Num\u00e9rique, Alioune Sall, a demand\u00e9, jeudi, \u00e0 l\u2019Autorit\u00e9 de r\u00e9gulation des t\u00e9l\u00e9communications et des postes (ARTP)...","og_url":"https:\/\/challengeseconomiques.com\/?p=6831","og_site_name":"challenges economiques","article_published_time":"2024-08-09T11:56:11+00:00","article_modified_time":"2024-08-09T12:09:09+00:00","og_image":[{"width":819,"height":733,"url":"https:\/\/challengeseconomiques.com\/wp-content\/uploads\/2024\/08\/alioune-Sall.jpg","type":"image\/jpeg"}],"author":"aliou kane ndiaye","twitter_card":"summary_large_image","twitter_misc":{"\u00c9crit par":"aliou kane ndiaye","Dur\u00e9e de lecture estim\u00e9e":"3 minutes"},"schema":{"@context":"https:\/\/schema.org","@graph":[{"@type":"Article","@id":"https:\/\/challengeseconomiques.com\/?p=6831#article","isPartOf":{"@id":"https:\/\/challengeseconomiques.com\/?p=6831"},"author":{"name":"aliou kane ndiaye","@id":"https:\/\/challengeseconomiques.com\/#\/schema\/person\/2f70a31e102db1741c1a1c00c2bbd8a6"},"headline":"Le ministre de la Communication demande \u00e0 l\u2019ARTP d\u2019assoir une r\u00e9gulation tarifaire accessible pour tous","datePublished":"2024-08-09T11:56:11+00:00","dateModified":"2024-08-09T12:09:09+00:00","mainEntityOfPage":{"@id":"https:\/\/challengeseconomiques.com\/?p=6831"},"wordCount":540,"image":{"@id":"https:\/\/challengeseconomiques.com\/?p=6831#primaryimage"},"thumbnailUrl":"https:\/\/challengeseconomiques.com\/wp-content\/uploads\/2024\/08\/alioune-Sall.jpg","articleSection":["A la une"],"inLanguage":"fr-FR"},{"@type":"WebPage","@id":"https:\/\/challengeseconomiques.com\/?p=6831","url":"https:\/\/challengeseconomiques.com\/?p=6831","name":"Le ministre de la Communication demande \u00e0 l\u2019ARTP d\u2019assoir une r\u00e9gulation tarifaire accessible pour tous - challenges economiques","isPartOf":{"@id":"https:\/\/challengeseconomiques.com\/#website"},"primaryImageOfPage":{"@id":"https:\/\/challengeseconomiques.com\/?p=6831#primaryimage"},"image":{"@id":"https:\/\/challengeseconomiques.com\/?p=6831#primaryimage"},"thumbnailUrl":"https:\/\/challengeseconomiques.com\/wp-content\/uploads\/2024\/08\/alioune-Sall.jpg","datePublished":"2024-08-09T11:56:11+00:00","dateModified":"2024-08-09T12:09:09+00:00","author":{"@id":"https:\/\/challengeseconomiques.com\/#\/schema\/person\/2f70a31e102db1741c1a1c00c2bbd8a6"},"breadcrumb":{"@id":"https:\/\/challengeseconomiques.com\/?p=6831#breadcrumb"},"inLanguage":"fr-FR","potentialAction":[{"@type":"ReadAction","target":["https:\/\/challengeseconomiques.com\/?p=6831"]}]},{"@type":"ImageObject","inLanguage":"fr-FR","@id":"https:\/\/challengeseconomiques.com\/?p=6831#primaryimage","url":"https:\/\/challengeseconomiques.com\/wp-content\/uploads\/2024\/08\/alioune-Sall.jpg","contentUrl":"https:\/\/challengeseconomiques.com\/wp-content\/uploads\/2024\/08\/alioune-Sall.jpg","width":819,"height":733},{"@type":"BreadcrumbList","@id":"https:\/\/challengeseconomiques.com\/?p=6831#breadcrumb","itemListElement":[{"@type":"ListItem","position":1,"name":"Home","item":"https:\/\/challengeseconomiques.com\/"},{"@type":"ListItem","position":2,"name":"Le ministre de la Communication demande \u00e0 l\u2019ARTP d\u2019assoir une r\u00e9gulation tarifaire accessible pour tous"}]},{"@type":"WebSite","@id":"https:\/\/challengeseconomiques.com\/#website","url":"https:\/\/challengeseconomiques.com\/","name":"challenges economiques","description":"","potentialAction":[{"@type":"SearchAction","target":{"@type":"EntryPoint","urlTemplate":"https:\/\/challengeseconomiques.com\/?s={search_term_string}"},"query-input":{"@type":"PropertyValueSpecification","valueRequired":true,"valueName":"search_term_string"}}],"inLanguage":"fr-FR"},{"@type":"Person","@id":"https:\/\/challengeseconomiques.com\/#\/schema\/person\/2f70a31e102db1741c1a1c00c2bbd8a6","name":"aliou kane ndiaye","image":{"@type":"ImageObject","inLanguage":"fr-FR","@id":"https:\/\/challengeseconomiques.com\/#\/schema\/person\/image\/","url":"https:\/\/secure.gravatar.com\/avatar\/df942321e58711a9f1fee838e446766660477bacd4b42fa20400d2c7cf4da7ca?s=96&d=mm&r=g","contentUrl":"https:\/\/secure.gravatar.com\/avatar\/df942321e58711a9f1fee838e446766660477bacd4b42fa20400d2c7cf4da7ca?s=96&d=mm&r=g","caption":"aliou kane ndiaye"},"sameAs":["http:\/\/www.challengeseconomiques.com"],"url":"https:\/\/challengeseconomiques.com\/?author=3"}]}},"jetpack_featured_media_url":"https:\/\/challengeseconomiques.com\/wp-content\/uploads\/2024\/08\/alioune-Sall.jpg","jetpack_sharing_enabled":true,"_links":{"self":[{"href":"https:\/\/challengeseconomiques.com\/index.php?rest_route=\/wp\/v2\/posts\/6831","targetHints":{"allow":["GET"]}}],"collection":[{"href":"https:\/\/challengeseconomiques.com\/index.php?rest_route=\/wp\/v2\/posts"}],"about":[{"href":"https:\/\/challengeseconomiques.com\/index.php?rest_route=\/wp\/v2\/types\/post"}],"author":[{"embeddable":true,"href":"https:\/\/challengeseconomiques.com\/index.php?rest_route=\/wp\/v2\/users\/3"}],"replies":[{"embeddable":true,"href":"https:\/\/challengeseconomiques.com\/index.php?rest_route=%2Fwp%2Fv2%2Fcomments&post=6831"}],"version-history":[{"count":1,"href":"https:\/\/challengeseconomiques.com\/index.php?rest_route=\/wp\/v2\/posts\/6831\/revisions"}],"predecessor-version":[{"id":6833,"href":"https:\/\/challengeseconomiques.com\/index.php?rest_route=\/wp\/v2\/posts\/6831\/revisions\/6833"}],"wp:featuredmedia":[{"embeddable":true,"href":"https:\/\/challengeseconomiques.com\/index.php?rest_route=\/wp\/v2\/media\/6832"}],"wp:attachment":[{"href":"https:\/\/challengeseconomiques.com\/index.php?rest_route=%2Fwp%2Fv2%2Fmedia&parent=6831"}],"wp:term":[{"taxonomy":"category","embeddable":true,"href":"https:\/\/challengeseconomiques.com\/index.php?rest_route=%2Fwp%2Fv2%2Fcategories&post=6831"},{"taxonomy":"post_tag","embeddable":true,"href":"https:\/\/challengeseconomiques.com\/index.php?rest_route=%2Fwp%2Fv2%2Ftags&post=6831"}],"curies":[{"name":"wp","href":"https:\/\/api.w.org\/{rel}","templated":true}]}}