{"id":6817,"date":"2024-08-06T15:23:50","date_gmt":"2024-08-06T15:23:50","guid":{"rendered":"https:\/\/challengeseconomiques.com\/?p=6817"},"modified":"2024-08-07T21:34:27","modified_gmt":"2024-08-07T21:34:27","slug":"plaidoyer-de-mamadou-faye-pour-lerection-dune-banque-denvergure-au-senegal","status":"publish","type":"post","link":"https:\/\/challengeseconomiques.com\/?p=6817","title":{"rendered":"Plaidoyer de Mamadou Faye pour l&rsquo;\u00e9rection d&rsquo;une banque d&rsquo;envergure au S\u00e9n\u00e9gal"},"content":{"rendered":"<p><strong>Mamadou Faye, le directeur g\u00e9n\u00e9ral de la banque nationale de d\u00e9veloppement \u00e9conomique (BNDE) plaide pour l&rsquo;\u00e9rection d&rsquo;une banque d&rsquo;envergure au S\u00e9n\u00e9gal dont les capitaux seraient essentiellement d\u00e9tenus par des s\u00e9n\u00e9galais.<\/strong><\/p>\n<p>En effet, il affirme qu&rsquo;il est temps que notre pays dispose \u00e0 l&rsquo;image de certains pays de la sous-r\u00e9gion ouest-africaine d&rsquo;une institution comme celle-ci, afin d&rsquo;accompagner le d\u00e9veloppement \u00e9conomique local.<\/p>\n<p>Faye, qui intervenait vendredi 2 ao\u00fbt 2024 \u00e0 l&rsquo;occasion de la signature d\u2019une convention de partenariat entre son institution et le secr\u00e9tariat technique du Comit\u00e9 National de Suivi du Contenu Local (ST-CNSCL), a notamment insist\u00e9 sur les cas la C\u00f4te d&rsquo;Ivoire, du Burkina Faso et du Mali, qui selon lui disposent de banques d&rsquo;envergure.<\/p>\n<p>\u00ab\u00a0Ce sont des banques \u00e0 participation majoritairement d\u00e9tenues par leurs compatriotes, par les nationaux, qui sont en mesure non seulement d&rsquo;accompagner le d\u00e9veloppement local de l&rsquo;\u00e9conomie de leur pays,\u00a0 mais qui sont m\u00eame en mesure d&rsquo;avoir des ambitions d&rsquo;expansion\u00a0\u00bb, a relev\u00e9 le directeur g\u00e9n\u00e9ral de la BNDE.<\/p>\n<p>Il a de ce point de vue rappel\u00e9 qu&rsquo;au S\u00e9n\u00e9gal, il existe des banques, qui sont \u00e0 capitaux de la sous-r\u00e9gion et qui prosp\u00e8rent.<\/p>\n<p>\u00ab\u00a0On est sur un march\u00e9 ouvert, commun \u00e0 tout l&rsquo;espace UEMOA. Donc cette comp\u00e9tition au niveau r\u00e9gional est tout \u00e0 fait normale.\u00a0 Mais nous estimons qu&rsquo;il est temps que le S\u00e9n\u00e9gal dispose d&rsquo;une v\u00e9ritable grande banque\u00a0 qui appartient aux S\u00e9n\u00e9galais, je ne dirais pas qui appartient \u00e0 l&rsquo;\u00c9tat\u00a0\u00bb, a t-il pr\u00e9cis\u00e9.<\/p>\n<p>Revenant sur le r\u00f4le de la BNDE, il a tenu \u00e0 noter que c&rsquo;est une banque certes d\u00e9tenue par l&rsquo;\u00c9tat,\u00a0 mais qui appartient \u00e0 tous les S\u00e9n\u00e9galais.<\/p>\n<p>\u00ab\u00a0C&rsquo;est une banque qui appartient au peuple s\u00e9n\u00e9galais,\u00a0 donc qui doit \u00eatre soutenue par tous les S\u00e9n\u00e9galais, mais \u00e9galement qui doit \u00eatre en mesure d&rsquo;accompagner l&rsquo;\u00c9tat du S\u00e9n\u00e9gal\u00a0 dans ses ambitions de d\u00e9veloppement \u00e9conomique,\u00a0 mais au-del\u00e0 d&rsquo;accompagner tous les acteurs \u00e9conomiques s\u00e9n\u00e9galais, pour que justement leurs projets puissent \u00eatre concr\u00e9tis\u00e9s\u00a0\u00bb, a t-il expliqu\u00e9.<\/p>\n","protected":false},"excerpt":{"rendered":"<p>Mamadou Faye, le directeur g\u00e9n\u00e9ral de la banque nationale de d\u00e9veloppement \u00e9conomique (BNDE) plaide pour l&rsquo;\u00e9rection d&rsquo;une banque d&rsquo;envergure au S\u00e9n\u00e9gal dont les capitaux seraient&#8230;<\/p>\n","protected":false},"author":3,"featured_media":6827,"comment_status":"closed","ping_status":"open","sticky":false,"template":"","format":"standard","meta":{"_jetpack_memberships_contains_paid_content":false,"footnotes":""},"categories":[23],"tags":[],"class_list":["post-6817","post","type-post","status-publish","format-standard","has-post-thumbnail","hentry","category-a-la-une","wpcat-23-id"],"yoast_head":"<!-- This site is optimized with the Yoast SEO plugin v27.1.1 - https:\/\/yoast.com\/product\/yoast-seo-wordpress\/ -->\n<title>Plaidoyer de Mamadou Faye pour l&#039;\u00e9rection d&#039;une banque d&#039;envergure au S\u00e9n\u00e9gal - challenges economiques<\/title>\n<meta name=\"robots\" content=\"index, follow, max-snippet:-1, max-image-preview:large, max-video-preview:-1\" \/>\n<link rel=\"canonical\" href=\"https:\/\/challengeseconomiques.com\/?p=6817\" \/>\n<meta property=\"og:locale\" content=\"fr_FR\" \/>\n<meta property=\"og:type\" content=\"article\" \/>\n<meta property=\"og:title\" content=\"Plaidoyer de Mamadou Faye pour l&#039;\u00e9rection d&#039;une banque d&#039;envergure au S\u00e9n\u00e9gal - challenges economiques\" \/>\n<meta property=\"og:description\" content=\"Mamadou Faye, le directeur g\u00e9n\u00e9ral de la banque nationale de d\u00e9veloppement \u00e9conomique (BNDE) plaide pour l&rsquo;\u00e9rection d&rsquo;une banque d&rsquo;envergure au S\u00e9n\u00e9gal dont les capitaux seraient...\" \/>\n<meta property=\"og:url\" content=\"https:\/\/challengeseconomiques.com\/?p=6817\" \/>\n<meta property=\"og:site_name\" content=\"challenges economiques\" \/>\n<meta property=\"article:published_time\" content=\"2024-08-06T15:23:50+00:00\" \/>\n<meta property=\"article:modified_time\" content=\"2024-08-07T21:34:27+00:00\" \/>\n<meta property=\"og:image\" content=\"https:\/\/challengeseconomiques.com\/wp-content\/uploads\/2024\/08\/mfayebnde.jpg\" \/>\n\t<meta property=\"og:image:width\" content=\"672\" \/>\n\t<meta property=\"og:image:height\" content=\"532\" \/>\n\t<meta property=\"og:image:type\" content=\"image\/jpeg\" \/>\n<meta name=\"author\" content=\"aliou kane ndiaye\" \/>\n<meta name=\"twitter:card\" content=\"summary_large_image\" \/>\n<meta name=\"twitter:label1\" content=\"\u00c9crit par\" \/>\n\t<meta name=\"twitter:data1\" content=\"aliou kane ndiaye\" \/>\n\t<meta name=\"twitter:label2\" content=\"Dur\u00e9e de lecture estim\u00e9e\" \/>\n\t<meta name=\"twitter:data2\" content=\"2 minutes\" \/>\n<script type=\"application\/ld+json\" class=\"yoast-schema-graph\">{\"@context\":\"https:\/\/schema.org\",\"@graph\":[{\"@type\":\"Article\",\"@id\":\"https:\/\/challengeseconomiques.com\/?p=6817#article\",\"isPartOf\":{\"@id\":\"https:\/\/challengeseconomiques.com\/?p=6817\"},\"author\":{\"name\":\"aliou kane ndiaye\",\"@id\":\"https:\/\/challengeseconomiques.com\/#\/schema\/person\/2f70a31e102db1741c1a1c00c2bbd8a6\"},\"headline\":\"Plaidoyer de Mamadou Faye pour l&rsquo;\u00e9rection d&rsquo;une banque d&rsquo;envergure au S\u00e9n\u00e9gal\",\"datePublished\":\"2024-08-06T15:23:50+00:00\",\"dateModified\":\"2024-08-07T21:34:27+00:00\",\"mainEntityOfPage\":{\"@id\":\"https:\/\/challengeseconomiques.com\/?p=6817\"},\"wordCount\":392,\"image\":{\"@id\":\"https:\/\/challengeseconomiques.com\/?p=6817#primaryimage\"},\"thumbnailUrl\":\"https:\/\/challengeseconomiques.com\/wp-content\/uploads\/2024\/08\/mfayebnde.jpg\",\"articleSection\":[\"A la une\"],\"inLanguage\":\"fr-FR\"},{\"@type\":\"WebPage\",\"@id\":\"https:\/\/challengeseconomiques.com\/?p=6817\",\"url\":\"https:\/\/challengeseconomiques.com\/?p=6817\",\"name\":\"Plaidoyer de Mamadou Faye pour l'\u00e9rection d'une banque d'envergure au S\u00e9n\u00e9gal - challenges economiques\",\"isPartOf\":{\"@id\":\"https:\/\/challengeseconomiques.com\/#website\"},\"primaryImageOfPage\":{\"@id\":\"https:\/\/challengeseconomiques.com\/?p=6817#primaryimage\"},\"image\":{\"@id\":\"https:\/\/challengeseconomiques.com\/?p=6817#primaryimage\"},\"thumbnailUrl\":\"https:\/\/challengeseconomiques.com\/wp-content\/uploads\/2024\/08\/mfayebnde.jpg\",\"datePublished\":\"2024-08-06T15:23:50+00:00\",\"dateModified\":\"2024-08-07T21:34:27+00:00\",\"author\":{\"@id\":\"https:\/\/challengeseconomiques.com\/#\/schema\/person\/2f70a31e102db1741c1a1c00c2bbd8a6\"},\"breadcrumb\":{\"@id\":\"https:\/\/challengeseconomiques.com\/?p=6817#breadcrumb\"},\"inLanguage\":\"fr-FR\",\"potentialAction\":[{\"@type\":\"ReadAction\",\"target\":[\"https:\/\/challengeseconomiques.com\/?p=6817\"]}]},{\"@type\":\"ImageObject\",\"inLanguage\":\"fr-FR\",\"@id\":\"https:\/\/challengeseconomiques.com\/?p=6817#primaryimage\",\"url\":\"https:\/\/challengeseconomiques.com\/wp-content\/uploads\/2024\/08\/mfayebnde.jpg\",\"contentUrl\":\"https:\/\/challengeseconomiques.com\/wp-content\/uploads\/2024\/08\/mfayebnde.jpg\",\"width\":672,\"height\":532},{\"@type\":\"BreadcrumbList\",\"@id\":\"https:\/\/challengeseconomiques.com\/?p=6817#breadcrumb\",\"itemListElement\":[{\"@type\":\"ListItem\",\"position\":1,\"name\":\"Home\",\"item\":\"https:\/\/challengeseconomiques.com\/\"},{\"@type\":\"ListItem\",\"position\":2,\"name\":\"Plaidoyer de Mamadou Faye pour l&#8217;\u00e9rection d&#8217;une banque d&#8217;envergure au S\u00e9n\u00e9gal\"}]},{\"@type\":\"WebSite\",\"@id\":\"https:\/\/challengeseconomiques.com\/#website\",\"url\":\"https:\/\/challengeseconomiques.com\/\",\"name\":\"challenges economiques\",\"description\":\"\",\"potentialAction\":[{\"@type\":\"SearchAction\",\"target\":{\"@type\":\"EntryPoint\",\"urlTemplate\":\"https:\/\/challengeseconomiques.com\/?s={search_term_string}\"},\"query-input\":{\"@type\":\"PropertyValueSpecification\",\"valueRequired\":true,\"valueName\":\"search_term_string\"}}],\"inLanguage\":\"fr-FR\"},{\"@type\":\"Person\",\"@id\":\"https:\/\/challengeseconomiques.com\/#\/schema\/person\/2f70a31e102db1741c1a1c00c2bbd8a6\",\"name\":\"aliou kane ndiaye\",\"image\":{\"@type\":\"ImageObject\",\"inLanguage\":\"fr-FR\",\"@id\":\"https:\/\/challengeseconomiques.com\/#\/schema\/person\/image\/\",\"url\":\"https:\/\/secure.gravatar.com\/avatar\/df942321e58711a9f1fee838e446766660477bacd4b42fa20400d2c7cf4da7ca?s=96&d=mm&r=g\",\"contentUrl\":\"https:\/\/secure.gravatar.com\/avatar\/df942321e58711a9f1fee838e446766660477bacd4b42fa20400d2c7cf4da7ca?s=96&d=mm&r=g\",\"caption\":\"aliou kane ndiaye\"},\"sameAs\":[\"http:\/\/www.challengeseconomiques.com\"],\"url\":\"https:\/\/challengeseconomiques.com\/?author=3\"}]}<\/script>\n<!-- \/ Yoast SEO plugin. -->","yoast_head_json":{"title":"Plaidoyer de Mamadou Faye pour l'\u00e9rection d'une banque d'envergure au S\u00e9n\u00e9gal - challenges economiques","robots":{"index":"index","follow":"follow","max-snippet":"max-snippet:-1","max-image-preview":"max-image-preview:large","max-video-preview":"max-video-preview:-1"},"canonical":"https:\/\/challengeseconomiques.com\/?p=6817","og_locale":"fr_FR","og_type":"article","og_title":"Plaidoyer de Mamadou Faye pour l'\u00e9rection d'une banque d'envergure au S\u00e9n\u00e9gal - challenges economiques","og_description":"Mamadou Faye, le directeur g\u00e9n\u00e9ral de la banque nationale de d\u00e9veloppement \u00e9conomique (BNDE) plaide pour l&rsquo;\u00e9rection d&rsquo;une banque d&rsquo;envergure au S\u00e9n\u00e9gal dont les capitaux seraient...","og_url":"https:\/\/challengeseconomiques.com\/?p=6817","og_site_name":"challenges economiques","article_published_time":"2024-08-06T15:23:50+00:00","article_modified_time":"2024-08-07T21:34:27+00:00","og_image":[{"width":672,"height":532,"url":"https:\/\/challengeseconomiques.com\/wp-content\/uploads\/2024\/08\/mfayebnde.jpg","type":"image\/jpeg"}],"author":"aliou kane ndiaye","twitter_card":"summary_large_image","twitter_misc":{"\u00c9crit par":"aliou kane ndiaye","Dur\u00e9e de lecture estim\u00e9e":"2 minutes"},"schema":{"@context":"https:\/\/schema.org","@graph":[{"@type":"Article","@id":"https:\/\/challengeseconomiques.com\/?p=6817#article","isPartOf":{"@id":"https:\/\/challengeseconomiques.com\/?p=6817"},"author":{"name":"aliou kane ndiaye","@id":"https:\/\/challengeseconomiques.com\/#\/schema\/person\/2f70a31e102db1741c1a1c00c2bbd8a6"},"headline":"Plaidoyer de Mamadou Faye pour l&rsquo;\u00e9rection d&rsquo;une banque d&rsquo;envergure au S\u00e9n\u00e9gal","datePublished":"2024-08-06T15:23:50+00:00","dateModified":"2024-08-07T21:34:27+00:00","mainEntityOfPage":{"@id":"https:\/\/challengeseconomiques.com\/?p=6817"},"wordCount":392,"image":{"@id":"https:\/\/challengeseconomiques.com\/?p=6817#primaryimage"},"thumbnailUrl":"https:\/\/challengeseconomiques.com\/wp-content\/uploads\/2024\/08\/mfayebnde.jpg","articleSection":["A la une"],"inLanguage":"fr-FR"},{"@type":"WebPage","@id":"https:\/\/challengeseconomiques.com\/?p=6817","url":"https:\/\/challengeseconomiques.com\/?p=6817","name":"Plaidoyer de Mamadou Faye pour l'\u00e9rection d'une banque d'envergure au S\u00e9n\u00e9gal - challenges economiques","isPartOf":{"@id":"https:\/\/challengeseconomiques.com\/#website"},"primaryImageOfPage":{"@id":"https:\/\/challengeseconomiques.com\/?p=6817#primaryimage"},"image":{"@id":"https:\/\/challengeseconomiques.com\/?p=6817#primaryimage"},"thumbnailUrl":"https:\/\/challengeseconomiques.com\/wp-content\/uploads\/2024\/08\/mfayebnde.jpg","datePublished":"2024-08-06T15:23:50+00:00","dateModified":"2024-08-07T21:34:27+00:00","author":{"@id":"https:\/\/challengeseconomiques.com\/#\/schema\/person\/2f70a31e102db1741c1a1c00c2bbd8a6"},"breadcrumb":{"@id":"https:\/\/challengeseconomiques.com\/?p=6817#breadcrumb"},"inLanguage":"fr-FR","potentialAction":[{"@type":"ReadAction","target":["https:\/\/challengeseconomiques.com\/?p=6817"]}]},{"@type":"ImageObject","inLanguage":"fr-FR","@id":"https:\/\/challengeseconomiques.com\/?p=6817#primaryimage","url":"https:\/\/challengeseconomiques.com\/wp-content\/uploads\/2024\/08\/mfayebnde.jpg","contentUrl":"https:\/\/challengeseconomiques.com\/wp-content\/uploads\/2024\/08\/mfayebnde.jpg","width":672,"height":532},{"@type":"BreadcrumbList","@id":"https:\/\/challengeseconomiques.com\/?p=6817#breadcrumb","itemListElement":[{"@type":"ListItem","position":1,"name":"Home","item":"https:\/\/challengeseconomiques.com\/"},{"@type":"ListItem","position":2,"name":"Plaidoyer de Mamadou Faye pour l&#8217;\u00e9rection d&#8217;une banque d&#8217;envergure au S\u00e9n\u00e9gal"}]},{"@type":"WebSite","@id":"https:\/\/challengeseconomiques.com\/#website","url":"https:\/\/challengeseconomiques.com\/","name":"challenges economiques","description":"","potentialAction":[{"@type":"SearchAction","target":{"@type":"EntryPoint","urlTemplate":"https:\/\/challengeseconomiques.com\/?s={search_term_string}"},"query-input":{"@type":"PropertyValueSpecification","valueRequired":true,"valueName":"search_term_string"}}],"inLanguage":"fr-FR"},{"@type":"Person","@id":"https:\/\/challengeseconomiques.com\/#\/schema\/person\/2f70a31e102db1741c1a1c00c2bbd8a6","name":"aliou kane ndiaye","image":{"@type":"ImageObject","inLanguage":"fr-FR","@id":"https:\/\/challengeseconomiques.com\/#\/schema\/person\/image\/","url":"https:\/\/secure.gravatar.com\/avatar\/df942321e58711a9f1fee838e446766660477bacd4b42fa20400d2c7cf4da7ca?s=96&d=mm&r=g","contentUrl":"https:\/\/secure.gravatar.com\/avatar\/df942321e58711a9f1fee838e446766660477bacd4b42fa20400d2c7cf4da7ca?s=96&d=mm&r=g","caption":"aliou kane ndiaye"},"sameAs":["http:\/\/www.challengeseconomiques.com"],"url":"https:\/\/challengeseconomiques.com\/?author=3"}]}},"jetpack_featured_media_url":"https:\/\/challengeseconomiques.com\/wp-content\/uploads\/2024\/08\/mfayebnde.jpg","jetpack_sharing_enabled":true,"_links":{"self":[{"href":"https:\/\/challengeseconomiques.com\/index.php?rest_route=\/wp\/v2\/posts\/6817","targetHints":{"allow":["GET"]}}],"collection":[{"href":"https:\/\/challengeseconomiques.com\/index.php?rest_route=\/wp\/v2\/posts"}],"about":[{"href":"https:\/\/challengeseconomiques.com\/index.php?rest_route=\/wp\/v2\/types\/post"}],"author":[{"embeddable":true,"href":"https:\/\/challengeseconomiques.com\/index.php?rest_route=\/wp\/v2\/users\/3"}],"replies":[{"embeddable":true,"href":"https:\/\/challengeseconomiques.com\/index.php?rest_route=%2Fwp%2Fv2%2Fcomments&post=6817"}],"version-history":[{"count":1,"href":"https:\/\/challengeseconomiques.com\/index.php?rest_route=\/wp\/v2\/posts\/6817\/revisions"}],"predecessor-version":[{"id":6819,"href":"https:\/\/challengeseconomiques.com\/index.php?rest_route=\/wp\/v2\/posts\/6817\/revisions\/6819"}],"wp:featuredmedia":[{"embeddable":true,"href":"https:\/\/challengeseconomiques.com\/index.php?rest_route=\/wp\/v2\/media\/6827"}],"wp:attachment":[{"href":"https:\/\/challengeseconomiques.com\/index.php?rest_route=%2Fwp%2Fv2%2Fmedia&parent=6817"}],"wp:term":[{"taxonomy":"category","embeddable":true,"href":"https:\/\/challengeseconomiques.com\/index.php?rest_route=%2Fwp%2Fv2%2Fcategories&post=6817"},{"taxonomy":"post_tag","embeddable":true,"href":"https:\/\/challengeseconomiques.com\/index.php?rest_route=%2Fwp%2Fv2%2Ftags&post=6817"}],"curies":[{"name":"wp","href":"https:\/\/api.w.org\/{rel}","templated":true}]}}