{"id":6812,"date":"2024-08-06T12:17:31","date_gmt":"2024-08-06T12:17:31","guid":{"rendered":"https:\/\/challengeseconomiques.com\/?p=6812"},"modified":"2024-08-06T12:18:12","modified_gmt":"2024-08-06T12:18:12","slug":"le-ministre-de-lindustrie-annonce-la-construction-prochaine-de-centres-de-stockage-dans-dautres-localites-du-senegal","status":"publish","type":"post","link":"https:\/\/challengeseconomiques.com\/?p=6812","title":{"rendered":"Le ministre de l\u2019industrie annonce la construction prochaine de centres de stockage dans d\u2019autres localit\u00e9s du  S\u00e9n\u00e9gal."},"content":{"rendered":"<p>En visite au march\u00e9 d\u2019int\u00e9r\u00eat national, le lundi 5 ao\u00fbt 2024, le ministre de l\u2019industrie et du commerce, Serigne Gueye Diop a donn\u00e9 un petit aper\u00e7u de la \u00ab\u00a0nouvelle vision\u00a0\u00bb qu\u2019il a de la Soci\u00e9t\u00e9 d\u2019exploitation du march\u00e9 d\u2019int\u00e9r\u00eat national et de la gare des gros porteurs (SEMIG).<\/p>\n<p>Devant la presse et le personnel de la SEMIG, le ministre de l\u2019industrie et du commerce a expliqu\u00e9 la vision beaucoup plus importante que les nouvelles autorit\u00e9s ont pour des structures comme la SEMIG. Pour la r\u00e9alisation de ces nouvelles ambitions, il faut un plan d\u2019investissement clair. Le ministre a ainsi demand\u00e9 au Pr\u00e9sident du Conseil d\u2019administration de la SEMIG, Abdoulaye SOW, par ailleurs, Pr\u00e9sident de la chambre de commerce de Dakar et au nouveau Directeur g\u00e9n\u00e9ral de lui proposer un plan d\u2019investissement.<\/p>\n<p>La SEMIG a l\u2019instar des grands march\u00e9s, comme celui de Rungis en France, doit avoir en son sein \u00a0des h\u00f4tels, des centres d\u2019accueil, des centres de spectacle avec beaucoup d\u2019activit\u00e9s, selon le ministre de l\u2019industrie.<\/p>\n<p>La s\u00e9curisation du foncier (35 hectares) fait partie \u00e9galement des priorit\u00e9s au niveau de la SEMIG selon le ministre de l\u2019industrie, de m\u00eame que la construction d\u2019une bonne route. Celle qui m\u00e8ne \u00e0 la SEMIG est remplie de nids de poule et de crevasses. Elle rend l\u2019acc\u00e8s au centre tr\u00e8s difficile.<\/p>\n<p>Serigne Gueye Diop a annonc\u00e9 la construction prochainement dans d\u2019autres localit\u00e9s du pays notamment \u00e0 Touba et dans le Sud du pays, \u00e0 Ziguinchor, d\u2019autres centres comme celui qu\u2019abrite la SEMIG. M. Diop a apr\u00e8s avoir encourag\u00e9 et f\u00e9licit\u00e9 le directeur g\u00e9n\u00e9ral sortant et \u00a0le personnel annonc\u00e9 que la passation de service entre le DG entrant et le DG sortant aura lieu le 12 aout 2024.<\/p>\n<p><img fetchpriority=\"high\" decoding=\"async\" class=\"alignnone  wp-image-6814\" src=\"https:\/\/challengeseconomiques.com\/wp-content\/uploads\/2024\/08\/semigvisite2-300x187.jpg\" alt=\"\" width=\"691\" height=\"431\" srcset=\"https:\/\/challengeseconomiques.com\/wp-content\/uploads\/2024\/08\/semigvisite2-300x187.jpg 300w, https:\/\/challengeseconomiques.com\/wp-content\/uploads\/2024\/08\/semigvisite2-1024x638.jpg 1024w, https:\/\/challengeseconomiques.com\/wp-content\/uploads\/2024\/08\/semigvisite2-768x479.jpg 768w, https:\/\/challengeseconomiques.com\/wp-content\/uploads\/2024\/08\/semigvisite2.jpg 1080w\" sizes=\"(max-width: 691px) 100vw, 691px\" \/><\/p>\n","protected":false},"excerpt":{"rendered":"<p>En visite au march\u00e9 d\u2019int\u00e9r\u00eat national, le lundi 5 ao\u00fbt 2024, le ministre de l\u2019industrie et du commerce, Serigne Gueye Diop a donn\u00e9 un petit&#8230;<\/p>\n","protected":false},"author":1,"featured_media":6813,"comment_status":"closed","ping_status":"open","sticky":false,"template":"","format":"standard","meta":{"_jetpack_memberships_contains_paid_content":false,"footnotes":""},"categories":[23,8],"tags":[],"class_list":["post-6812","post","type-post","status-publish","format-standard","has-post-thumbnail","hentry","category-a-la-une","category-actualite-economique","wpcat-23-id","wpcat-8-id"],"yoast_head":"<!-- This site is optimized with the Yoast SEO plugin v27.1.1 - https:\/\/yoast.com\/product\/yoast-seo-wordpress\/ -->\n<title>Le ministre de l\u2019industrie annonce la construction prochaine de centres de stockage dans d\u2019autres localit\u00e9s du S\u00e9n\u00e9gal. - challenges economiques<\/title>\n<meta name=\"robots\" content=\"index, follow, max-snippet:-1, max-image-preview:large, max-video-preview:-1\" \/>\n<link rel=\"canonical\" href=\"https:\/\/challengeseconomiques.com\/?p=6812\" \/>\n<meta property=\"og:locale\" content=\"fr_FR\" \/>\n<meta property=\"og:type\" content=\"article\" \/>\n<meta property=\"og:title\" content=\"Le ministre de l\u2019industrie annonce la construction prochaine de centres de stockage dans d\u2019autres localit\u00e9s du S\u00e9n\u00e9gal. - challenges economiques\" \/>\n<meta property=\"og:description\" content=\"En visite au march\u00e9 d\u2019int\u00e9r\u00eat national, le lundi 5 ao\u00fbt 2024, le ministre de l\u2019industrie et du commerce, Serigne Gueye Diop a donn\u00e9 un petit...\" \/>\n<meta property=\"og:url\" content=\"https:\/\/challengeseconomiques.com\/?p=6812\" \/>\n<meta property=\"og:site_name\" content=\"challenges economiques\" \/>\n<meta property=\"article:published_time\" content=\"2024-08-06T12:17:31+00:00\" \/>\n<meta property=\"article:modified_time\" content=\"2024-08-06T12:18:12+00:00\" \/>\n<meta property=\"og:image\" content=\"https:\/\/challengeseconomiques.com\/wp-content\/uploads\/2024\/08\/semigvisiste-scaled.jpg\" \/>\n\t<meta property=\"og:image:width\" content=\"2560\" \/>\n\t<meta property=\"og:image:height\" content=\"1727\" \/>\n\t<meta property=\"og:image:type\" content=\"image\/jpeg\" \/>\n<meta name=\"author\" content=\"admin\" \/>\n<meta name=\"twitter:card\" content=\"summary_large_image\" \/>\n<meta name=\"twitter:label1\" content=\"\u00c9crit par\" \/>\n\t<meta name=\"twitter:data1\" content=\"admin\" \/>\n\t<meta name=\"twitter:label2\" content=\"Dur\u00e9e de lecture estim\u00e9e\" \/>\n\t<meta name=\"twitter:data2\" content=\"2 minutes\" \/>\n<script type=\"application\/ld+json\" class=\"yoast-schema-graph\">{\"@context\":\"https:\/\/schema.org\",\"@graph\":[{\"@type\":\"Article\",\"@id\":\"https:\/\/challengeseconomiques.com\/?p=6812#article\",\"isPartOf\":{\"@id\":\"https:\/\/challengeseconomiques.com\/?p=6812\"},\"author\":{\"name\":\"admin\",\"@id\":\"https:\/\/challengeseconomiques.com\/#\/schema\/person\/b4568c9afebc5a9238a771873801e349\"},\"headline\":\"Le ministre de l\u2019industrie annonce la construction prochaine de centres de stockage dans d\u2019autres localit\u00e9s du S\u00e9n\u00e9gal.\",\"datePublished\":\"2024-08-06T12:17:31+00:00\",\"dateModified\":\"2024-08-06T12:18:12+00:00\",\"mainEntityOfPage\":{\"@id\":\"https:\/\/challengeseconomiques.com\/?p=6812\"},\"wordCount\":343,\"image\":{\"@id\":\"https:\/\/challengeseconomiques.com\/?p=6812#primaryimage\"},\"thumbnailUrl\":\"https:\/\/challengeseconomiques.com\/wp-content\/uploads\/2024\/08\/semigvisiste-scaled.jpg\",\"articleSection\":[\"A la une\",\"Actualit\u00e9 \u00e9conomique\"],\"inLanguage\":\"fr-FR\"},{\"@type\":\"WebPage\",\"@id\":\"https:\/\/challengeseconomiques.com\/?p=6812\",\"url\":\"https:\/\/challengeseconomiques.com\/?p=6812\",\"name\":\"Le ministre de l\u2019industrie annonce la construction prochaine de centres de stockage dans d\u2019autres localit\u00e9s du S\u00e9n\u00e9gal. - challenges economiques\",\"isPartOf\":{\"@id\":\"https:\/\/challengeseconomiques.com\/#website\"},\"primaryImageOfPage\":{\"@id\":\"https:\/\/challengeseconomiques.com\/?p=6812#primaryimage\"},\"image\":{\"@id\":\"https:\/\/challengeseconomiques.com\/?p=6812#primaryimage\"},\"thumbnailUrl\":\"https:\/\/challengeseconomiques.com\/wp-content\/uploads\/2024\/08\/semigvisiste-scaled.jpg\",\"datePublished\":\"2024-08-06T12:17:31+00:00\",\"dateModified\":\"2024-08-06T12:18:12+00:00\",\"author\":{\"@id\":\"https:\/\/challengeseconomiques.com\/#\/schema\/person\/b4568c9afebc5a9238a771873801e349\"},\"breadcrumb\":{\"@id\":\"https:\/\/challengeseconomiques.com\/?p=6812#breadcrumb\"},\"inLanguage\":\"fr-FR\",\"potentialAction\":[{\"@type\":\"ReadAction\",\"target\":[\"https:\/\/challengeseconomiques.com\/?p=6812\"]}]},{\"@type\":\"ImageObject\",\"inLanguage\":\"fr-FR\",\"@id\":\"https:\/\/challengeseconomiques.com\/?p=6812#primaryimage\",\"url\":\"https:\/\/challengeseconomiques.com\/wp-content\/uploads\/2024\/08\/semigvisiste-scaled.jpg\",\"contentUrl\":\"https:\/\/challengeseconomiques.com\/wp-content\/uploads\/2024\/08\/semigvisiste-scaled.jpg\",\"width\":2560,\"height\":1727},{\"@type\":\"BreadcrumbList\",\"@id\":\"https:\/\/challengeseconomiques.com\/?p=6812#breadcrumb\",\"itemListElement\":[{\"@type\":\"ListItem\",\"position\":1,\"name\":\"Home\",\"item\":\"https:\/\/challengeseconomiques.com\/\"},{\"@type\":\"ListItem\",\"position\":2,\"name\":\"Le ministre de l\u2019industrie annonce la construction prochaine de centres de stockage dans d\u2019autres localit\u00e9s du S\u00e9n\u00e9gal.\"}]},{\"@type\":\"WebSite\",\"@id\":\"https:\/\/challengeseconomiques.com\/#website\",\"url\":\"https:\/\/challengeseconomiques.com\/\",\"name\":\"challenges economiques\",\"description\":\"\",\"potentialAction\":[{\"@type\":\"SearchAction\",\"target\":{\"@type\":\"EntryPoint\",\"urlTemplate\":\"https:\/\/challengeseconomiques.com\/?s={search_term_string}\"},\"query-input\":{\"@type\":\"PropertyValueSpecification\",\"valueRequired\":true,\"valueName\":\"search_term_string\"}}],\"inLanguage\":\"fr-FR\"},{\"@type\":\"Person\",\"@id\":\"https:\/\/challengeseconomiques.com\/#\/schema\/person\/b4568c9afebc5a9238a771873801e349\",\"name\":\"admin\",\"image\":{\"@type\":\"ImageObject\",\"inLanguage\":\"fr-FR\",\"@id\":\"https:\/\/challengeseconomiques.com\/#\/schema\/person\/image\/\",\"url\":\"https:\/\/secure.gravatar.com\/avatar\/099e42240b5eea11acdb72751fcce0dd918603f0749d24974b7984ea47ed9fd9?s=96&d=mm&r=g\",\"contentUrl\":\"https:\/\/secure.gravatar.com\/avatar\/099e42240b5eea11acdb72751fcce0dd918603f0749d24974b7984ea47ed9fd9?s=96&d=mm&r=g\",\"caption\":\"admin\"},\"sameAs\":[\"https:\/\/challengeseconomiques.com\"],\"url\":\"https:\/\/challengeseconomiques.com\/?author=1\"}]}<\/script>\n<!-- \/ Yoast SEO plugin. -->","yoast_head_json":{"title":"Le ministre de l\u2019industrie annonce la construction prochaine de centres de stockage dans d\u2019autres localit\u00e9s du S\u00e9n\u00e9gal. - challenges economiques","robots":{"index":"index","follow":"follow","max-snippet":"max-snippet:-1","max-image-preview":"max-image-preview:large","max-video-preview":"max-video-preview:-1"},"canonical":"https:\/\/challengeseconomiques.com\/?p=6812","og_locale":"fr_FR","og_type":"article","og_title":"Le ministre de l\u2019industrie annonce la construction prochaine de centres de stockage dans d\u2019autres localit\u00e9s du S\u00e9n\u00e9gal. - challenges economiques","og_description":"En visite au march\u00e9 d\u2019int\u00e9r\u00eat national, le lundi 5 ao\u00fbt 2024, le ministre de l\u2019industrie et du commerce, Serigne Gueye Diop a donn\u00e9 un petit...","og_url":"https:\/\/challengeseconomiques.com\/?p=6812","og_site_name":"challenges economiques","article_published_time":"2024-08-06T12:17:31+00:00","article_modified_time":"2024-08-06T12:18:12+00:00","og_image":[{"width":2560,"height":1727,"url":"https:\/\/challengeseconomiques.com\/wp-content\/uploads\/2024\/08\/semigvisiste-scaled.jpg","type":"image\/jpeg"}],"author":"admin","twitter_card":"summary_large_image","twitter_misc":{"\u00c9crit par":"admin","Dur\u00e9e de lecture estim\u00e9e":"2 minutes"},"schema":{"@context":"https:\/\/schema.org","@graph":[{"@type":"Article","@id":"https:\/\/challengeseconomiques.com\/?p=6812#article","isPartOf":{"@id":"https:\/\/challengeseconomiques.com\/?p=6812"},"author":{"name":"admin","@id":"https:\/\/challengeseconomiques.com\/#\/schema\/person\/b4568c9afebc5a9238a771873801e349"},"headline":"Le ministre de l\u2019industrie annonce la construction prochaine de centres de stockage dans d\u2019autres localit\u00e9s du S\u00e9n\u00e9gal.","datePublished":"2024-08-06T12:17:31+00:00","dateModified":"2024-08-06T12:18:12+00:00","mainEntityOfPage":{"@id":"https:\/\/challengeseconomiques.com\/?p=6812"},"wordCount":343,"image":{"@id":"https:\/\/challengeseconomiques.com\/?p=6812#primaryimage"},"thumbnailUrl":"https:\/\/challengeseconomiques.com\/wp-content\/uploads\/2024\/08\/semigvisiste-scaled.jpg","articleSection":["A la une","Actualit\u00e9 \u00e9conomique"],"inLanguage":"fr-FR"},{"@type":"WebPage","@id":"https:\/\/challengeseconomiques.com\/?p=6812","url":"https:\/\/challengeseconomiques.com\/?p=6812","name":"Le ministre de l\u2019industrie annonce la construction prochaine de centres de stockage dans d\u2019autres localit\u00e9s du S\u00e9n\u00e9gal. - challenges economiques","isPartOf":{"@id":"https:\/\/challengeseconomiques.com\/#website"},"primaryImageOfPage":{"@id":"https:\/\/challengeseconomiques.com\/?p=6812#primaryimage"},"image":{"@id":"https:\/\/challengeseconomiques.com\/?p=6812#primaryimage"},"thumbnailUrl":"https:\/\/challengeseconomiques.com\/wp-content\/uploads\/2024\/08\/semigvisiste-scaled.jpg","datePublished":"2024-08-06T12:17:31+00:00","dateModified":"2024-08-06T12:18:12+00:00","author":{"@id":"https:\/\/challengeseconomiques.com\/#\/schema\/person\/b4568c9afebc5a9238a771873801e349"},"breadcrumb":{"@id":"https:\/\/challengeseconomiques.com\/?p=6812#breadcrumb"},"inLanguage":"fr-FR","potentialAction":[{"@type":"ReadAction","target":["https:\/\/challengeseconomiques.com\/?p=6812"]}]},{"@type":"ImageObject","inLanguage":"fr-FR","@id":"https:\/\/challengeseconomiques.com\/?p=6812#primaryimage","url":"https:\/\/challengeseconomiques.com\/wp-content\/uploads\/2024\/08\/semigvisiste-scaled.jpg","contentUrl":"https:\/\/challengeseconomiques.com\/wp-content\/uploads\/2024\/08\/semigvisiste-scaled.jpg","width":2560,"height":1727},{"@type":"BreadcrumbList","@id":"https:\/\/challengeseconomiques.com\/?p=6812#breadcrumb","itemListElement":[{"@type":"ListItem","position":1,"name":"Home","item":"https:\/\/challengeseconomiques.com\/"},{"@type":"ListItem","position":2,"name":"Le ministre de l\u2019industrie annonce la construction prochaine de centres de stockage dans d\u2019autres localit\u00e9s du S\u00e9n\u00e9gal."}]},{"@type":"WebSite","@id":"https:\/\/challengeseconomiques.com\/#website","url":"https:\/\/challengeseconomiques.com\/","name":"challenges economiques","description":"","potentialAction":[{"@type":"SearchAction","target":{"@type":"EntryPoint","urlTemplate":"https:\/\/challengeseconomiques.com\/?s={search_term_string}"},"query-input":{"@type":"PropertyValueSpecification","valueRequired":true,"valueName":"search_term_string"}}],"inLanguage":"fr-FR"},{"@type":"Person","@id":"https:\/\/challengeseconomiques.com\/#\/schema\/person\/b4568c9afebc5a9238a771873801e349","name":"admin","image":{"@type":"ImageObject","inLanguage":"fr-FR","@id":"https:\/\/challengeseconomiques.com\/#\/schema\/person\/image\/","url":"https:\/\/secure.gravatar.com\/avatar\/099e42240b5eea11acdb72751fcce0dd918603f0749d24974b7984ea47ed9fd9?s=96&d=mm&r=g","contentUrl":"https:\/\/secure.gravatar.com\/avatar\/099e42240b5eea11acdb72751fcce0dd918603f0749d24974b7984ea47ed9fd9?s=96&d=mm&r=g","caption":"admin"},"sameAs":["https:\/\/challengeseconomiques.com"],"url":"https:\/\/challengeseconomiques.com\/?author=1"}]}},"jetpack_featured_media_url":"https:\/\/challengeseconomiques.com\/wp-content\/uploads\/2024\/08\/semigvisiste-scaled.jpg","jetpack_sharing_enabled":true,"_links":{"self":[{"href":"https:\/\/challengeseconomiques.com\/index.php?rest_route=\/wp\/v2\/posts\/6812","targetHints":{"allow":["GET"]}}],"collection":[{"href":"https:\/\/challengeseconomiques.com\/index.php?rest_route=\/wp\/v2\/posts"}],"about":[{"href":"https:\/\/challengeseconomiques.com\/index.php?rest_route=\/wp\/v2\/types\/post"}],"author":[{"embeddable":true,"href":"https:\/\/challengeseconomiques.com\/index.php?rest_route=\/wp\/v2\/users\/1"}],"replies":[{"embeddable":true,"href":"https:\/\/challengeseconomiques.com\/index.php?rest_route=%2Fwp%2Fv2%2Fcomments&post=6812"}],"version-history":[{"count":1,"href":"https:\/\/challengeseconomiques.com\/index.php?rest_route=\/wp\/v2\/posts\/6812\/revisions"}],"predecessor-version":[{"id":6815,"href":"https:\/\/challengeseconomiques.com\/index.php?rest_route=\/wp\/v2\/posts\/6812\/revisions\/6815"}],"wp:featuredmedia":[{"embeddable":true,"href":"https:\/\/challengeseconomiques.com\/index.php?rest_route=\/wp\/v2\/media\/6813"}],"wp:attachment":[{"href":"https:\/\/challengeseconomiques.com\/index.php?rest_route=%2Fwp%2Fv2%2Fmedia&parent=6812"}],"wp:term":[{"taxonomy":"category","embeddable":true,"href":"https:\/\/challengeseconomiques.com\/index.php?rest_route=%2Fwp%2Fv2%2Fcategories&post=6812"},{"taxonomy":"post_tag","embeddable":true,"href":"https:\/\/challengeseconomiques.com\/index.php?rest_route=%2Fwp%2Fv2%2Ftags&post=6812"}],"curies":[{"name":"wp","href":"https:\/\/api.w.org\/{rel}","templated":true}]}}