{"id":6805,"date":"2024-08-02T22:02:36","date_gmt":"2024-08-02T22:02:36","guid":{"rendered":"https:\/\/challengeseconomiques.com\/?p=6805"},"modified":"2024-08-02T22:03:14","modified_gmt":"2024-08-02T22:03:14","slug":"dakar-va-accueillir-le-forum-sur-la-conformite","status":"publish","type":"post","link":"https:\/\/challengeseconomiques.com\/?p=6805","title":{"rendered":"Dakar va accueillir le Forum sur la Conformit\u00e9"},"content":{"rendered":"<p><strong>Idrissa Diop,directeur de la Conformit\u00e9 d&rsquo;Afreximbank<\/strong><\/p>\n<p><strong>Afreximbank et le Groupe intergouvernemental d&rsquo;action contre le blanchiment d&rsquo;argent en Afrique de l&rsquo;ouest (GIABA) \u00a0co-organisent un Forum sur la Conformit\u00e9, du 4 au 6 septembre 2024 \u00e0 Dakar. L&rsquo;\u00e9v\u00e9nement a pour but d&rsquo;am\u00e9liorer le commerce global en Afrique afin de permettre aux acteurs \u00e9conomiques du continent de s&rsquo;aligner sur les normes internationales de r\u00e9glementation et de \u00a0conformit\u00e9. <\/strong><\/p>\n<p>D&rsquo;apr\u00e8s le communiqu\u00e9 de la Banque, les participants vont porter un regard sur les exigences du Groupe d&rsquo;action financi\u00e8re sur le blanchiment de capitaux (Gafi) en mati\u00e8res d&rsquo;identification des b\u00e9n\u00e9ficiaires ultimes (UBO). Il sera \u00e9galement question des implications consid\u00e9rables concernant la facilitation des \u00e9changes.<\/p>\n<p>En outre, le Forum explorera le r\u00f4le transformateur de l&rsquo;Intelligence Artificielle (IA) dans les processus de conformit\u00e9. Le GAFI pr\u00e9sentera les strat\u00e9gies permettant aux pays africains d&rsquo;effectuer les \u00a0r\u00e9formes n\u00e9cessaires pour sortir de sa liste grise. Le forum sera \u00e9galement l&rsquo;occasion de vulgariser les derni\u00e8res technologies en mati\u00e8re de Conformit\u00e9.<\/p>\n<p>Pour le directeur de la Conformit\u00e9 d&rsquo;Afreximbank, Idrissa Diop, une meilleure conformit\u00e9 g\u00e9n\u00e8re un meilleur commerce pour l\u2019Afrique. Il consid\u00e8re la conformit\u00e9 commerciale comme une responsabilit\u00e9 pour toutes les entreprises. D&rsquo;apr\u00e8s M. Diop, le dispositif garantit la circulation rapide des marchandises \u00e0 travers les fronti\u00e8res. Il assure que le poids des pressions r\u00e9glementaires actuelles rend les contr\u00f4les de conformit\u00e9 commerciale particuli\u00e8rement importants pour att\u00e9nuer les risques.<\/p>\n<p>Pendant 48 heures, banquiers centraux, banquiers commerciaux, agents de conformit\u00e9, experts en commerce, \u00a0repr\u00e9sentants d\u2019institutions financi\u00e8res et \u00a0fournisseurs de technologie de toute l&rsquo;Afrique vont \u00e9changer. Des d\u00e9l\u00e9gu\u00e9s provenant du Royaume-Uni, de l&rsquo;Europe, de la Russie et des \u00c9mirats arabes Unis vont \u00e9galement y prendre part au Forum.<\/p>\n<p>&nbsp;<\/p>\n<p>&nbsp;<\/p>\n","protected":false},"excerpt":{"rendered":"<p>Idrissa Diop,directeur de la Conformit\u00e9 d&rsquo;Afreximbank Afreximbank et le Groupe intergouvernemental d&rsquo;action contre le blanchiment d&rsquo;argent en Afrique de l&rsquo;ouest (GIABA) \u00a0co-organisent un Forum sur&#8230;<\/p>\n","protected":false},"author":1,"featured_media":6807,"comment_status":"closed","ping_status":"open","sticky":false,"template":"","format":"standard","meta":{"_jetpack_memberships_contains_paid_content":false,"footnotes":""},"categories":[8],"tags":[],"class_list":["post-6805","post","type-post","status-publish","format-standard","has-post-thumbnail","hentry","category-actualite-economique","wpcat-8-id"],"yoast_head":"<!-- This site is optimized with the Yoast SEO plugin v27.1.1 - https:\/\/yoast.com\/product\/yoast-seo-wordpress\/ -->\n<title>Dakar va accueillir le Forum sur la Conformit\u00e9 - challenges economiques<\/title>\n<meta name=\"robots\" content=\"index, follow, max-snippet:-1, max-image-preview:large, max-video-preview:-1\" \/>\n<link rel=\"canonical\" href=\"https:\/\/challengeseconomiques.com\/?p=6805\" \/>\n<meta property=\"og:locale\" content=\"fr_FR\" \/>\n<meta property=\"og:type\" content=\"article\" \/>\n<meta property=\"og:title\" content=\"Dakar va accueillir le Forum sur la Conformit\u00e9 - challenges economiques\" \/>\n<meta property=\"og:description\" content=\"Idrissa Diop,directeur de la Conformit\u00e9 d&rsquo;Afreximbank Afreximbank et le Groupe intergouvernemental d&rsquo;action contre le blanchiment d&rsquo;argent en Afrique de l&rsquo;ouest (GIABA) \u00a0co-organisent un Forum sur...\" \/>\n<meta property=\"og:url\" content=\"https:\/\/challengeseconomiques.com\/?p=6805\" \/>\n<meta property=\"og:site_name\" content=\"challenges economiques\" \/>\n<meta property=\"article:published_time\" content=\"2024-08-02T22:02:36+00:00\" \/>\n<meta property=\"article:modified_time\" content=\"2024-08-02T22:03:14+00:00\" \/>\n<meta property=\"og:image\" content=\"https:\/\/challengeseconomiques.com\/wp-content\/uploads\/2024\/08\/idrissadiopafrimeximbank.jpg\" \/>\n\t<meta property=\"og:image:width\" content=\"800\" \/>\n\t<meta property=\"og:image:height\" content=\"533\" \/>\n\t<meta property=\"og:image:type\" content=\"image\/jpeg\" \/>\n<meta name=\"author\" content=\"admin\" \/>\n<meta name=\"twitter:card\" content=\"summary_large_image\" \/>\n<meta name=\"twitter:label1\" content=\"\u00c9crit par\" \/>\n\t<meta name=\"twitter:data1\" content=\"admin\" \/>\n\t<meta name=\"twitter:label2\" content=\"Dur\u00e9e de lecture estim\u00e9e\" \/>\n\t<meta name=\"twitter:data2\" content=\"2 minutes\" \/>\n<script type=\"application\/ld+json\" class=\"yoast-schema-graph\">{\"@context\":\"https:\/\/schema.org\",\"@graph\":[{\"@type\":\"Article\",\"@id\":\"https:\/\/challengeseconomiques.com\/?p=6805#article\",\"isPartOf\":{\"@id\":\"https:\/\/challengeseconomiques.com\/?p=6805\"},\"author\":{\"name\":\"admin\",\"@id\":\"https:\/\/challengeseconomiques.com\/#\/schema\/person\/b4568c9afebc5a9238a771873801e349\"},\"headline\":\"Dakar va accueillir le Forum sur la Conformit\u00e9\",\"datePublished\":\"2024-08-02T22:02:36+00:00\",\"dateModified\":\"2024-08-02T22:03:14+00:00\",\"mainEntityOfPage\":{\"@id\":\"https:\/\/challengeseconomiques.com\/?p=6805\"},\"wordCount\":325,\"image\":{\"@id\":\"https:\/\/challengeseconomiques.com\/?p=6805#primaryimage\"},\"thumbnailUrl\":\"https:\/\/challengeseconomiques.com\/wp-content\/uploads\/2024\/08\/idrissadiopafrimeximbank.jpg\",\"articleSection\":[\"Actualit\u00e9 \u00e9conomique\"],\"inLanguage\":\"fr-FR\"},{\"@type\":\"WebPage\",\"@id\":\"https:\/\/challengeseconomiques.com\/?p=6805\",\"url\":\"https:\/\/challengeseconomiques.com\/?p=6805\",\"name\":\"Dakar va accueillir le Forum sur la Conformit\u00e9 - challenges economiques\",\"isPartOf\":{\"@id\":\"https:\/\/challengeseconomiques.com\/#website\"},\"primaryImageOfPage\":{\"@id\":\"https:\/\/challengeseconomiques.com\/?p=6805#primaryimage\"},\"image\":{\"@id\":\"https:\/\/challengeseconomiques.com\/?p=6805#primaryimage\"},\"thumbnailUrl\":\"https:\/\/challengeseconomiques.com\/wp-content\/uploads\/2024\/08\/idrissadiopafrimeximbank.jpg\",\"datePublished\":\"2024-08-02T22:02:36+00:00\",\"dateModified\":\"2024-08-02T22:03:14+00:00\",\"author\":{\"@id\":\"https:\/\/challengeseconomiques.com\/#\/schema\/person\/b4568c9afebc5a9238a771873801e349\"},\"breadcrumb\":{\"@id\":\"https:\/\/challengeseconomiques.com\/?p=6805#breadcrumb\"},\"inLanguage\":\"fr-FR\",\"potentialAction\":[{\"@type\":\"ReadAction\",\"target\":[\"https:\/\/challengeseconomiques.com\/?p=6805\"]}]},{\"@type\":\"ImageObject\",\"inLanguage\":\"fr-FR\",\"@id\":\"https:\/\/challengeseconomiques.com\/?p=6805#primaryimage\",\"url\":\"https:\/\/challengeseconomiques.com\/wp-content\/uploads\/2024\/08\/idrissadiopafrimeximbank.jpg\",\"contentUrl\":\"https:\/\/challengeseconomiques.com\/wp-content\/uploads\/2024\/08\/idrissadiopafrimeximbank.jpg\",\"width\":800,\"height\":533},{\"@type\":\"BreadcrumbList\",\"@id\":\"https:\/\/challengeseconomiques.com\/?p=6805#breadcrumb\",\"itemListElement\":[{\"@type\":\"ListItem\",\"position\":1,\"name\":\"Home\",\"item\":\"https:\/\/challengeseconomiques.com\/\"},{\"@type\":\"ListItem\",\"position\":2,\"name\":\"Dakar va accueillir le Forum sur la Conformit\u00e9\"}]},{\"@type\":\"WebSite\",\"@id\":\"https:\/\/challengeseconomiques.com\/#website\",\"url\":\"https:\/\/challengeseconomiques.com\/\",\"name\":\"challenges economiques\",\"description\":\"\",\"potentialAction\":[{\"@type\":\"SearchAction\",\"target\":{\"@type\":\"EntryPoint\",\"urlTemplate\":\"https:\/\/challengeseconomiques.com\/?s={search_term_string}\"},\"query-input\":{\"@type\":\"PropertyValueSpecification\",\"valueRequired\":true,\"valueName\":\"search_term_string\"}}],\"inLanguage\":\"fr-FR\"},{\"@type\":\"Person\",\"@id\":\"https:\/\/challengeseconomiques.com\/#\/schema\/person\/b4568c9afebc5a9238a771873801e349\",\"name\":\"admin\",\"image\":{\"@type\":\"ImageObject\",\"inLanguage\":\"fr-FR\",\"@id\":\"https:\/\/challengeseconomiques.com\/#\/schema\/person\/image\/\",\"url\":\"https:\/\/secure.gravatar.com\/avatar\/099e42240b5eea11acdb72751fcce0dd918603f0749d24974b7984ea47ed9fd9?s=96&d=mm&r=g\",\"contentUrl\":\"https:\/\/secure.gravatar.com\/avatar\/099e42240b5eea11acdb72751fcce0dd918603f0749d24974b7984ea47ed9fd9?s=96&d=mm&r=g\",\"caption\":\"admin\"},\"sameAs\":[\"https:\/\/challengeseconomiques.com\"],\"url\":\"https:\/\/challengeseconomiques.com\/?author=1\"}]}<\/script>\n<!-- \/ Yoast SEO plugin. -->","yoast_head_json":{"title":"Dakar va accueillir le Forum sur la Conformit\u00e9 - challenges economiques","robots":{"index":"index","follow":"follow","max-snippet":"max-snippet:-1","max-image-preview":"max-image-preview:large","max-video-preview":"max-video-preview:-1"},"canonical":"https:\/\/challengeseconomiques.com\/?p=6805","og_locale":"fr_FR","og_type":"article","og_title":"Dakar va accueillir le Forum sur la Conformit\u00e9 - challenges economiques","og_description":"Idrissa Diop,directeur de la Conformit\u00e9 d&rsquo;Afreximbank Afreximbank et le Groupe intergouvernemental d&rsquo;action contre le blanchiment d&rsquo;argent en Afrique de l&rsquo;ouest (GIABA) \u00a0co-organisent un Forum sur...","og_url":"https:\/\/challengeseconomiques.com\/?p=6805","og_site_name":"challenges economiques","article_published_time":"2024-08-02T22:02:36+00:00","article_modified_time":"2024-08-02T22:03:14+00:00","og_image":[{"width":800,"height":533,"url":"https:\/\/challengeseconomiques.com\/wp-content\/uploads\/2024\/08\/idrissadiopafrimeximbank.jpg","type":"image\/jpeg"}],"author":"admin","twitter_card":"summary_large_image","twitter_misc":{"\u00c9crit par":"admin","Dur\u00e9e de lecture estim\u00e9e":"2 minutes"},"schema":{"@context":"https:\/\/schema.org","@graph":[{"@type":"Article","@id":"https:\/\/challengeseconomiques.com\/?p=6805#article","isPartOf":{"@id":"https:\/\/challengeseconomiques.com\/?p=6805"},"author":{"name":"admin","@id":"https:\/\/challengeseconomiques.com\/#\/schema\/person\/b4568c9afebc5a9238a771873801e349"},"headline":"Dakar va accueillir le Forum sur la Conformit\u00e9","datePublished":"2024-08-02T22:02:36+00:00","dateModified":"2024-08-02T22:03:14+00:00","mainEntityOfPage":{"@id":"https:\/\/challengeseconomiques.com\/?p=6805"},"wordCount":325,"image":{"@id":"https:\/\/challengeseconomiques.com\/?p=6805#primaryimage"},"thumbnailUrl":"https:\/\/challengeseconomiques.com\/wp-content\/uploads\/2024\/08\/idrissadiopafrimeximbank.jpg","articleSection":["Actualit\u00e9 \u00e9conomique"],"inLanguage":"fr-FR"},{"@type":"WebPage","@id":"https:\/\/challengeseconomiques.com\/?p=6805","url":"https:\/\/challengeseconomiques.com\/?p=6805","name":"Dakar va accueillir le Forum sur la Conformit\u00e9 - challenges economiques","isPartOf":{"@id":"https:\/\/challengeseconomiques.com\/#website"},"primaryImageOfPage":{"@id":"https:\/\/challengeseconomiques.com\/?p=6805#primaryimage"},"image":{"@id":"https:\/\/challengeseconomiques.com\/?p=6805#primaryimage"},"thumbnailUrl":"https:\/\/challengeseconomiques.com\/wp-content\/uploads\/2024\/08\/idrissadiopafrimeximbank.jpg","datePublished":"2024-08-02T22:02:36+00:00","dateModified":"2024-08-02T22:03:14+00:00","author":{"@id":"https:\/\/challengeseconomiques.com\/#\/schema\/person\/b4568c9afebc5a9238a771873801e349"},"breadcrumb":{"@id":"https:\/\/challengeseconomiques.com\/?p=6805#breadcrumb"},"inLanguage":"fr-FR","potentialAction":[{"@type":"ReadAction","target":["https:\/\/challengeseconomiques.com\/?p=6805"]}]},{"@type":"ImageObject","inLanguage":"fr-FR","@id":"https:\/\/challengeseconomiques.com\/?p=6805#primaryimage","url":"https:\/\/challengeseconomiques.com\/wp-content\/uploads\/2024\/08\/idrissadiopafrimeximbank.jpg","contentUrl":"https:\/\/challengeseconomiques.com\/wp-content\/uploads\/2024\/08\/idrissadiopafrimeximbank.jpg","width":800,"height":533},{"@type":"BreadcrumbList","@id":"https:\/\/challengeseconomiques.com\/?p=6805#breadcrumb","itemListElement":[{"@type":"ListItem","position":1,"name":"Home","item":"https:\/\/challengeseconomiques.com\/"},{"@type":"ListItem","position":2,"name":"Dakar va accueillir le Forum sur la Conformit\u00e9"}]},{"@type":"WebSite","@id":"https:\/\/challengeseconomiques.com\/#website","url":"https:\/\/challengeseconomiques.com\/","name":"challenges economiques","description":"","potentialAction":[{"@type":"SearchAction","target":{"@type":"EntryPoint","urlTemplate":"https:\/\/challengeseconomiques.com\/?s={search_term_string}"},"query-input":{"@type":"PropertyValueSpecification","valueRequired":true,"valueName":"search_term_string"}}],"inLanguage":"fr-FR"},{"@type":"Person","@id":"https:\/\/challengeseconomiques.com\/#\/schema\/person\/b4568c9afebc5a9238a771873801e349","name":"admin","image":{"@type":"ImageObject","inLanguage":"fr-FR","@id":"https:\/\/challengeseconomiques.com\/#\/schema\/person\/image\/","url":"https:\/\/secure.gravatar.com\/avatar\/099e42240b5eea11acdb72751fcce0dd918603f0749d24974b7984ea47ed9fd9?s=96&d=mm&r=g","contentUrl":"https:\/\/secure.gravatar.com\/avatar\/099e42240b5eea11acdb72751fcce0dd918603f0749d24974b7984ea47ed9fd9?s=96&d=mm&r=g","caption":"admin"},"sameAs":["https:\/\/challengeseconomiques.com"],"url":"https:\/\/challengeseconomiques.com\/?author=1"}]}},"jetpack_featured_media_url":"https:\/\/challengeseconomiques.com\/wp-content\/uploads\/2024\/08\/idrissadiopafrimeximbank.jpg","jetpack_sharing_enabled":true,"_links":{"self":[{"href":"https:\/\/challengeseconomiques.com\/index.php?rest_route=\/wp\/v2\/posts\/6805","targetHints":{"allow":["GET"]}}],"collection":[{"href":"https:\/\/challengeseconomiques.com\/index.php?rest_route=\/wp\/v2\/posts"}],"about":[{"href":"https:\/\/challengeseconomiques.com\/index.php?rest_route=\/wp\/v2\/types\/post"}],"author":[{"embeddable":true,"href":"https:\/\/challengeseconomiques.com\/index.php?rest_route=\/wp\/v2\/users\/1"}],"replies":[{"embeddable":true,"href":"https:\/\/challengeseconomiques.com\/index.php?rest_route=%2Fwp%2Fv2%2Fcomments&post=6805"}],"version-history":[{"count":1,"href":"https:\/\/challengeseconomiques.com\/index.php?rest_route=\/wp\/v2\/posts\/6805\/revisions"}],"predecessor-version":[{"id":6808,"href":"https:\/\/challengeseconomiques.com\/index.php?rest_route=\/wp\/v2\/posts\/6805\/revisions\/6808"}],"wp:featuredmedia":[{"embeddable":true,"href":"https:\/\/challengeseconomiques.com\/index.php?rest_route=\/wp\/v2\/media\/6807"}],"wp:attachment":[{"href":"https:\/\/challengeseconomiques.com\/index.php?rest_route=%2Fwp%2Fv2%2Fmedia&parent=6805"}],"wp:term":[{"taxonomy":"category","embeddable":true,"href":"https:\/\/challengeseconomiques.com\/index.php?rest_route=%2Fwp%2Fv2%2Fcategories&post=6805"},{"taxonomy":"post_tag","embeddable":true,"href":"https:\/\/challengeseconomiques.com\/index.php?rest_route=%2Fwp%2Fv2%2Ftags&post=6805"}],"curies":[{"name":"wp","href":"https:\/\/api.w.org\/{rel}","templated":true}]}}