{"id":6802,"date":"2024-08-02T18:01:13","date_gmt":"2024-08-02T18:01:13","guid":{"rendered":"https:\/\/challengeseconomiques.com\/?p=6802"},"modified":"2024-08-02T18:02:24","modified_gmt":"2024-08-02T18:02:24","slug":"la-bnde-et-le-st-cnscl-signent-une-convention-de-partenariat","status":"publish","type":"post","link":"https:\/\/challengeseconomiques.com\/?p=6802","title":{"rendered":"La BNDE et le ST-CNSCL signent une convention de partenariat"},"content":{"rendered":"<p>Mamadou Faye, le directeur g\u00e9n\u00e9ral de la banque nationale de d\u00e9veloppement \u00e9conomique (BNDE) et Dr Mor Bakhoum, le secr\u00e9taire technique du Comit\u00e9 National de Suivi du Contenu Local (ST-CNSCL) ont proc\u00e9d\u00e9 vendredi 2 ao\u00fbt 2024 \u00e0 la signature d&rsquo;une convention de partenariat gr\u00e2ce \u00e0 laquelle, les deux institutions vont accompagner le financement des petites et moyennes entreprises (PME) et des petites et moyennes industries (PMI).<\/p>\n<p>Ce partenariat marque une \u00e9tape cl\u00e9 dans l&rsquo;accompagnement des entreprises locales, leur offrant une facilit\u00e9 d\u2019acc\u00e8s aux financements n\u00e9cessaires \u00e0 leur croissance et \u00e0 leur d\u00e9veloppement.<\/p>\n<p>Il faut pr\u00e9ciser que cet accompagnement de la BNDE, qui se fait en perspective de l&rsquo;exploitation du p\u00e9trole et du gaz va se faire aussi bien dans la r\u00e9flexion ou en tout cas dans le calibrage des besoins de financement des structures b\u00e9n\u00e9ficiaires.<\/p>\n<p>Gr\u00e2ce \u00e0 cette collaboration, le ST-CNSCL et la BNDE entendent promouvoir un environnement financier plus inclusif, permettant aux PME s\u00e9n\u00e9galaises de saisir les opportunit\u00e9s offertes par le secteur extractif et de jouer un r\u00f4le majeur dans le d\u00e9veloppement \u00e9conomique de notre pays.<\/p>\n<p>Mamadou Faye, le directeur g\u00e9n\u00e9ral de la BNDE a li\u00e9 l&rsquo;engagement de son institution dans ce partenariat \u00e0 la mission, qui lui est assign\u00e9e par l&rsquo;Etat\u00a0 dans le d\u00e9veloppement \u00e9conomique du S\u00e9n\u00e9gal.<\/p>\n<p>Il a en outre d\u00e9clar\u00e9 que la BNDE est fi\u00e8re de s&rsquo;associer au ST-CNSCL pour contribuer \u00e0 la mont\u00e9e en puissance des entreprises locales dans le secteur extractif. Et \u00e0 son avis ce partenariat est le reflet de l&rsquo;engagement de la BNDE \u00e0 soutenir le d\u00e9veloppement \u00e9conomique du S\u00e9n\u00e9gal en renfor\u00e7ant la comp\u00e9titivit\u00e9 du secteur priv\u00e9 national<\/p>\n<p>\u00ab\u00a0L&rsquo;une des principales missions de la BNDE, c&rsquo;est d&rsquo;accompagner le d\u00e9veloppement \u00e9conomique du S\u00e9n\u00e9gal.\u00a0 Et qui dit accompagner le d\u00e9veloppement \u00e9conomique du S\u00e9n\u00e9gal, dit naturellement accompagner toutes les entreprises s\u00e9n\u00e9galaises,\u00a0 et notamment les PME et les PMI, parce que c&rsquo;est un segment qui a difficilement acc\u00e8s au financement,\u00a0 pour plusieurs raisons\u00a0\u00bb, a-t-il relev\u00e9.<\/p>\n<p>Et s&rsquo;expliquant sur ces raisons, il a indiqu\u00e9 que l&rsquo;une de ces raisons, c&rsquo;est que la plupart des PME\u00a0 et PMI sont mal organis\u00e9es et mal structur\u00e9es,\u00a0 ne disposent pas de garantie et parfois n&rsquo;ont pas de bonne capacit\u00e9s de n\u00e9gociation face aux banquiers.<\/p>\n<p>La convention doit aussi se mat\u00e9rialiser par l&rsquo;octroi du financement \u00e0 des conditions avantageuses et facilit\u00e9es,\u00a0 mais \u00e9galement l&rsquo;accompagnement dans l&rsquo;utilisation de ces financements \u00a0et dans la mise en \u0153uvre de leurs strat\u00e9gies.<\/p>\n<p>\u00ab\u00a0L&rsquo;ambition que nous avons et qui nous a pouss\u00e9 \u00e0 nous rapprocher du secr\u00e9tariat technique\u00a0 en charge du contenu local sur les hydrocarbures et les mines, est que nous avons estim\u00e9 que du fait des missions de la banque,\u00a0 nous avons l&rsquo;obligation de nous mettre aux c\u00f4t\u00e9s des entreprises s\u00e9n\u00e9galaises, d&rsquo;\u00eatre \u00e0 disposition de mani\u00e8re g\u00e9n\u00e9rale de l&rsquo;\u00e9conomie s\u00e9n\u00e9galaise, de sorte que toutes les retomb\u00e9es attendues de l&rsquo;exploitation du p\u00e9trole et du gaz soient d&rsquo;abord capt\u00e9es par les entreprises s\u00e9n\u00e9galaises\u00a0\u00bb, a expliqu\u00e9 M.Faye.<\/p>\n<p>En parall\u00e8le, il a soutenu que le secteur financier et en particulier la BNDE doit jouer un r\u00f4le majeur, pour que justement nos entreprises soient mieux pr\u00e9par\u00e9es et soient en mesure de pouvoir faire face \u00e0 une concurrence attendue\u00a0 des multinationales qui vont vouloir se ruer sur les opportunit\u00e9s que l&rsquo;exploitation du gaz et du p\u00e9trole offre \u00e0 nos compatriotes.<\/p>\n<p>Pour rappel, le ST-CNSCL\u00a0 a pour mission de coordonner la mise en \u0153uvre de la politique de contenu local au S\u00e9n\u00e9gal. Dr Mor Bakhoum, son secr\u00e9taire technique a soulign\u00e9 que le secteur du p\u00e9trole et du gaz est un secteur assez sp\u00e9cifique, o\u00f9 la comp\u00e9tition est tr\u00e8s rude o\u00f9 il faut vraiment concevoir des offres de financement adapt\u00e9es.<\/p>\n<p>\u00ab\u00a0Dans cette dynamique l\u00e0,\u00a0 nous allons travailler de mani\u00e8re tr\u00e8s \u00e9troite avec la BNDE et toutes les institutions qui sont impliqu\u00e9es dans l&rsquo;accompagnement des entreprises, pour trouver des solutions de financement, mais \u00e9galement les accompagner dans la mise en \u0153uvre de ces financements, parce que c&rsquo;est un volet \u00a0tr\u00e8s important quand on parle de contenu local\u00a0\u00bb, a annonc\u00e9 Mor Bakhoum.<\/p>\n<p>Et \u00e0 propos de la fusion des deux secr\u00e9tariats techniques en charge des hydrocarbures et des mines, en une seule entit\u00e9, M. Bakhoum a soutenu que l&rsquo;objectif de cette d\u00e9marche est de conf\u00e9rer plus d&rsquo;efficience dans l&rsquo;intervention de l&rsquo;Etat dans le secteur des hydrocarbures.<\/p>\n","protected":false},"excerpt":{"rendered":"<p>Mamadou Faye, le directeur g\u00e9n\u00e9ral de la banque nationale de d\u00e9veloppement \u00e9conomique (BNDE) et Dr Mor Bakhoum, le secr\u00e9taire technique du Comit\u00e9 National de Suivi&#8230;<\/p>\n","protected":false},"author":1,"featured_media":6803,"comment_status":"closed","ping_status":"open","sticky":false,"template":"","format":"standard","meta":{"_jetpack_memberships_contains_paid_content":false,"footnotes":""},"categories":[23],"tags":[],"class_list":["post-6802","post","type-post","status-publish","format-standard","has-post-thumbnail","hentry","category-a-la-une","wpcat-23-id"],"yoast_head":"<!-- This site is optimized with the Yoast SEO plugin v27.1.1 - https:\/\/yoast.com\/product\/yoast-seo-wordpress\/ -->\n<title>La BNDE et le ST-CNSCL signent une convention de partenariat - challenges economiques<\/title>\n<meta name=\"robots\" content=\"index, follow, max-snippet:-1, max-image-preview:large, max-video-preview:-1\" \/>\n<link rel=\"canonical\" href=\"https:\/\/challengeseconomiques.com\/?p=6802\" \/>\n<meta property=\"og:locale\" content=\"fr_FR\" \/>\n<meta property=\"og:type\" content=\"article\" \/>\n<meta property=\"og:title\" content=\"La BNDE et le ST-CNSCL signent une convention de partenariat - challenges economiques\" \/>\n<meta property=\"og:description\" content=\"Mamadou Faye, le directeur g\u00e9n\u00e9ral de la banque nationale de d\u00e9veloppement \u00e9conomique (BNDE) et Dr Mor Bakhoum, le secr\u00e9taire technique du Comit\u00e9 National de Suivi...\" \/>\n<meta property=\"og:url\" content=\"https:\/\/challengeseconomiques.com\/?p=6802\" \/>\n<meta property=\"og:site_name\" content=\"challenges economiques\" \/>\n<meta property=\"article:published_time\" content=\"2024-08-02T18:01:13+00:00\" \/>\n<meta property=\"article:modified_time\" content=\"2024-08-02T18:02:24+00:00\" \/>\n<meta property=\"og:image\" content=\"https:\/\/challengeseconomiques.com\/wp-content\/uploads\/2024\/08\/bndestsccl.jpg\" \/>\n\t<meta property=\"og:image:width\" content=\"608\" \/>\n\t<meta property=\"og:image:height\" content=\"1080\" \/>\n\t<meta property=\"og:image:type\" content=\"image\/jpeg\" \/>\n<meta name=\"author\" content=\"admin\" \/>\n<meta name=\"twitter:card\" content=\"summary_large_image\" \/>\n<meta name=\"twitter:label1\" content=\"\u00c9crit par\" \/>\n\t<meta name=\"twitter:data1\" content=\"admin\" \/>\n\t<meta name=\"twitter:label2\" content=\"Dur\u00e9e de lecture estim\u00e9e\" \/>\n\t<meta name=\"twitter:data2\" content=\"4 minutes\" \/>\n<script type=\"application\/ld+json\" class=\"yoast-schema-graph\">{\"@context\":\"https:\/\/schema.org\",\"@graph\":[{\"@type\":\"Article\",\"@id\":\"https:\/\/challengeseconomiques.com\/?p=6802#article\",\"isPartOf\":{\"@id\":\"https:\/\/challengeseconomiques.com\/?p=6802\"},\"author\":{\"name\":\"admin\",\"@id\":\"https:\/\/challengeseconomiques.com\/#\/schema\/person\/b4568c9afebc5a9238a771873801e349\"},\"headline\":\"La BNDE et le ST-CNSCL signent une convention de partenariat\",\"datePublished\":\"2024-08-02T18:01:13+00:00\",\"dateModified\":\"2024-08-02T18:02:24+00:00\",\"mainEntityOfPage\":{\"@id\":\"https:\/\/challengeseconomiques.com\/?p=6802\"},\"wordCount\":813,\"image\":{\"@id\":\"https:\/\/challengeseconomiques.com\/?p=6802#primaryimage\"},\"thumbnailUrl\":\"https:\/\/challengeseconomiques.com\/wp-content\/uploads\/2024\/08\/bndestsccl.jpg\",\"articleSection\":[\"A la une\"],\"inLanguage\":\"fr-FR\"},{\"@type\":\"WebPage\",\"@id\":\"https:\/\/challengeseconomiques.com\/?p=6802\",\"url\":\"https:\/\/challengeseconomiques.com\/?p=6802\",\"name\":\"La BNDE et le ST-CNSCL signent une convention de partenariat - challenges economiques\",\"isPartOf\":{\"@id\":\"https:\/\/challengeseconomiques.com\/#website\"},\"primaryImageOfPage\":{\"@id\":\"https:\/\/challengeseconomiques.com\/?p=6802#primaryimage\"},\"image\":{\"@id\":\"https:\/\/challengeseconomiques.com\/?p=6802#primaryimage\"},\"thumbnailUrl\":\"https:\/\/challengeseconomiques.com\/wp-content\/uploads\/2024\/08\/bndestsccl.jpg\",\"datePublished\":\"2024-08-02T18:01:13+00:00\",\"dateModified\":\"2024-08-02T18:02:24+00:00\",\"author\":{\"@id\":\"https:\/\/challengeseconomiques.com\/#\/schema\/person\/b4568c9afebc5a9238a771873801e349\"},\"breadcrumb\":{\"@id\":\"https:\/\/challengeseconomiques.com\/?p=6802#breadcrumb\"},\"inLanguage\":\"fr-FR\",\"potentialAction\":[{\"@type\":\"ReadAction\",\"target\":[\"https:\/\/challengeseconomiques.com\/?p=6802\"]}]},{\"@type\":\"ImageObject\",\"inLanguage\":\"fr-FR\",\"@id\":\"https:\/\/challengeseconomiques.com\/?p=6802#primaryimage\",\"url\":\"https:\/\/challengeseconomiques.com\/wp-content\/uploads\/2024\/08\/bndestsccl.jpg\",\"contentUrl\":\"https:\/\/challengeseconomiques.com\/wp-content\/uploads\/2024\/08\/bndestsccl.jpg\",\"width\":608,\"height\":1080},{\"@type\":\"BreadcrumbList\",\"@id\":\"https:\/\/challengeseconomiques.com\/?p=6802#breadcrumb\",\"itemListElement\":[{\"@type\":\"ListItem\",\"position\":1,\"name\":\"Home\",\"item\":\"https:\/\/challengeseconomiques.com\/\"},{\"@type\":\"ListItem\",\"position\":2,\"name\":\"La BNDE et le ST-CNSCL signent une convention de partenariat\"}]},{\"@type\":\"WebSite\",\"@id\":\"https:\/\/challengeseconomiques.com\/#website\",\"url\":\"https:\/\/challengeseconomiques.com\/\",\"name\":\"challenges economiques\",\"description\":\"\",\"potentialAction\":[{\"@type\":\"SearchAction\",\"target\":{\"@type\":\"EntryPoint\",\"urlTemplate\":\"https:\/\/challengeseconomiques.com\/?s={search_term_string}\"},\"query-input\":{\"@type\":\"PropertyValueSpecification\",\"valueRequired\":true,\"valueName\":\"search_term_string\"}}],\"inLanguage\":\"fr-FR\"},{\"@type\":\"Person\",\"@id\":\"https:\/\/challengeseconomiques.com\/#\/schema\/person\/b4568c9afebc5a9238a771873801e349\",\"name\":\"admin\",\"image\":{\"@type\":\"ImageObject\",\"inLanguage\":\"fr-FR\",\"@id\":\"https:\/\/challengeseconomiques.com\/#\/schema\/person\/image\/\",\"url\":\"https:\/\/secure.gravatar.com\/avatar\/099e42240b5eea11acdb72751fcce0dd918603f0749d24974b7984ea47ed9fd9?s=96&d=mm&r=g\",\"contentUrl\":\"https:\/\/secure.gravatar.com\/avatar\/099e42240b5eea11acdb72751fcce0dd918603f0749d24974b7984ea47ed9fd9?s=96&d=mm&r=g\",\"caption\":\"admin\"},\"sameAs\":[\"https:\/\/challengeseconomiques.com\"],\"url\":\"https:\/\/challengeseconomiques.com\/?author=1\"}]}<\/script>\n<!-- \/ Yoast SEO plugin. -->","yoast_head_json":{"title":"La BNDE et le ST-CNSCL signent une convention de partenariat - challenges economiques","robots":{"index":"index","follow":"follow","max-snippet":"max-snippet:-1","max-image-preview":"max-image-preview:large","max-video-preview":"max-video-preview:-1"},"canonical":"https:\/\/challengeseconomiques.com\/?p=6802","og_locale":"fr_FR","og_type":"article","og_title":"La BNDE et le ST-CNSCL signent une convention de partenariat - challenges economiques","og_description":"Mamadou Faye, le directeur g\u00e9n\u00e9ral de la banque nationale de d\u00e9veloppement \u00e9conomique (BNDE) et Dr Mor Bakhoum, le secr\u00e9taire technique du Comit\u00e9 National de Suivi...","og_url":"https:\/\/challengeseconomiques.com\/?p=6802","og_site_name":"challenges economiques","article_published_time":"2024-08-02T18:01:13+00:00","article_modified_time":"2024-08-02T18:02:24+00:00","og_image":[{"width":608,"height":1080,"url":"https:\/\/challengeseconomiques.com\/wp-content\/uploads\/2024\/08\/bndestsccl.jpg","type":"image\/jpeg"}],"author":"admin","twitter_card":"summary_large_image","twitter_misc":{"\u00c9crit par":"admin","Dur\u00e9e de lecture estim\u00e9e":"4 minutes"},"schema":{"@context":"https:\/\/schema.org","@graph":[{"@type":"Article","@id":"https:\/\/challengeseconomiques.com\/?p=6802#article","isPartOf":{"@id":"https:\/\/challengeseconomiques.com\/?p=6802"},"author":{"name":"admin","@id":"https:\/\/challengeseconomiques.com\/#\/schema\/person\/b4568c9afebc5a9238a771873801e349"},"headline":"La BNDE et le ST-CNSCL signent une convention de partenariat","datePublished":"2024-08-02T18:01:13+00:00","dateModified":"2024-08-02T18:02:24+00:00","mainEntityOfPage":{"@id":"https:\/\/challengeseconomiques.com\/?p=6802"},"wordCount":813,"image":{"@id":"https:\/\/challengeseconomiques.com\/?p=6802#primaryimage"},"thumbnailUrl":"https:\/\/challengeseconomiques.com\/wp-content\/uploads\/2024\/08\/bndestsccl.jpg","articleSection":["A la une"],"inLanguage":"fr-FR"},{"@type":"WebPage","@id":"https:\/\/challengeseconomiques.com\/?p=6802","url":"https:\/\/challengeseconomiques.com\/?p=6802","name":"La BNDE et le ST-CNSCL signent une convention de partenariat - challenges economiques","isPartOf":{"@id":"https:\/\/challengeseconomiques.com\/#website"},"primaryImageOfPage":{"@id":"https:\/\/challengeseconomiques.com\/?p=6802#primaryimage"},"image":{"@id":"https:\/\/challengeseconomiques.com\/?p=6802#primaryimage"},"thumbnailUrl":"https:\/\/challengeseconomiques.com\/wp-content\/uploads\/2024\/08\/bndestsccl.jpg","datePublished":"2024-08-02T18:01:13+00:00","dateModified":"2024-08-02T18:02:24+00:00","author":{"@id":"https:\/\/challengeseconomiques.com\/#\/schema\/person\/b4568c9afebc5a9238a771873801e349"},"breadcrumb":{"@id":"https:\/\/challengeseconomiques.com\/?p=6802#breadcrumb"},"inLanguage":"fr-FR","potentialAction":[{"@type":"ReadAction","target":["https:\/\/challengeseconomiques.com\/?p=6802"]}]},{"@type":"ImageObject","inLanguage":"fr-FR","@id":"https:\/\/challengeseconomiques.com\/?p=6802#primaryimage","url":"https:\/\/challengeseconomiques.com\/wp-content\/uploads\/2024\/08\/bndestsccl.jpg","contentUrl":"https:\/\/challengeseconomiques.com\/wp-content\/uploads\/2024\/08\/bndestsccl.jpg","width":608,"height":1080},{"@type":"BreadcrumbList","@id":"https:\/\/challengeseconomiques.com\/?p=6802#breadcrumb","itemListElement":[{"@type":"ListItem","position":1,"name":"Home","item":"https:\/\/challengeseconomiques.com\/"},{"@type":"ListItem","position":2,"name":"La BNDE et le ST-CNSCL signent une convention de partenariat"}]},{"@type":"WebSite","@id":"https:\/\/challengeseconomiques.com\/#website","url":"https:\/\/challengeseconomiques.com\/","name":"challenges economiques","description":"","potentialAction":[{"@type":"SearchAction","target":{"@type":"EntryPoint","urlTemplate":"https:\/\/challengeseconomiques.com\/?s={search_term_string}"},"query-input":{"@type":"PropertyValueSpecification","valueRequired":true,"valueName":"search_term_string"}}],"inLanguage":"fr-FR"},{"@type":"Person","@id":"https:\/\/challengeseconomiques.com\/#\/schema\/person\/b4568c9afebc5a9238a771873801e349","name":"admin","image":{"@type":"ImageObject","inLanguage":"fr-FR","@id":"https:\/\/challengeseconomiques.com\/#\/schema\/person\/image\/","url":"https:\/\/secure.gravatar.com\/avatar\/099e42240b5eea11acdb72751fcce0dd918603f0749d24974b7984ea47ed9fd9?s=96&d=mm&r=g","contentUrl":"https:\/\/secure.gravatar.com\/avatar\/099e42240b5eea11acdb72751fcce0dd918603f0749d24974b7984ea47ed9fd9?s=96&d=mm&r=g","caption":"admin"},"sameAs":["https:\/\/challengeseconomiques.com"],"url":"https:\/\/challengeseconomiques.com\/?author=1"}]}},"jetpack_featured_media_url":"https:\/\/challengeseconomiques.com\/wp-content\/uploads\/2024\/08\/bndestsccl.jpg","jetpack_sharing_enabled":true,"_links":{"self":[{"href":"https:\/\/challengeseconomiques.com\/index.php?rest_route=\/wp\/v2\/posts\/6802","targetHints":{"allow":["GET"]}}],"collection":[{"href":"https:\/\/challengeseconomiques.com\/index.php?rest_route=\/wp\/v2\/posts"}],"about":[{"href":"https:\/\/challengeseconomiques.com\/index.php?rest_route=\/wp\/v2\/types\/post"}],"author":[{"embeddable":true,"href":"https:\/\/challengeseconomiques.com\/index.php?rest_route=\/wp\/v2\/users\/1"}],"replies":[{"embeddable":true,"href":"https:\/\/challengeseconomiques.com\/index.php?rest_route=%2Fwp%2Fv2%2Fcomments&post=6802"}],"version-history":[{"count":1,"href":"https:\/\/challengeseconomiques.com\/index.php?rest_route=\/wp\/v2\/posts\/6802\/revisions"}],"predecessor-version":[{"id":6804,"href":"https:\/\/challengeseconomiques.com\/index.php?rest_route=\/wp\/v2\/posts\/6802\/revisions\/6804"}],"wp:featuredmedia":[{"embeddable":true,"href":"https:\/\/challengeseconomiques.com\/index.php?rest_route=\/wp\/v2\/media\/6803"}],"wp:attachment":[{"href":"https:\/\/challengeseconomiques.com\/index.php?rest_route=%2Fwp%2Fv2%2Fmedia&parent=6802"}],"wp:term":[{"taxonomy":"category","embeddable":true,"href":"https:\/\/challengeseconomiques.com\/index.php?rest_route=%2Fwp%2Fv2%2Fcategories&post=6802"},{"taxonomy":"post_tag","embeddable":true,"href":"https:\/\/challengeseconomiques.com\/index.php?rest_route=%2Fwp%2Fv2%2Ftags&post=6802"}],"curies":[{"name":"wp","href":"https:\/\/api.w.org\/{rel}","templated":true}]}}