{"id":6785,"date":"2024-07-30T15:05:19","date_gmt":"2024-07-30T15:05:19","guid":{"rendered":"https:\/\/challengeseconomiques.com\/?p=6785"},"modified":"2024-07-30T15:05:49","modified_gmt":"2024-07-30T15:05:49","slug":"fusions-acquisitions-et-fermetures-marquent-le-secteur-des-telecommunications-en-afrique","status":"publish","type":"post","link":"https:\/\/challengeseconomiques.com\/?p=6785","title":{"rendered":"Fusions, acquisitions et fermetures marquent le secteur des t\u00e9l\u00e9communications en Afrique"},"content":{"rendered":"<p>En Afrique, le secteur des t\u00e9l\u00e9communications a \u00e9t\u00e9 marqu\u00e9 au cours de la derni\u00e8re d\u00e9cennie par des fusions, des acquisitions et des fermetures telles que l&rsquo;acquisition par Telecel des op\u00e9rations de MTN en Guin\u00e9e-Bissau et en Guin\u00e9e Conakry, ainsi que son acquisition de Vodafone Ghana, indique un communiqu\u00e9 d&rsquo;African Media Agency (AMA).<\/p>\n<p>S&rsquo;expliquant sur ces \u00e9v\u00e9nements, Robert van Breukelen, le pr\u00e9sident directeur g\u00e9n\u00e9ral (PDG) d&rsquo;Itemate Solutions a pr\u00e9cis\u00e9 que ces mutations dans le secteur des t\u00e9l\u00e9communications interviennent \u00e0 un moment ou les services financiers mobiles en Afrique ont augment\u00e9 avec environ 435 millions (hausse de 9 % en glissement annuel) de comptes d&rsquo;argent mobile actifs \u00e0 la fin de 2023.<\/p>\n<p>\u00ab Les op\u00e9rateurs de t\u00e9l\u00e9communications les plus importants se concentrent sur de plus grands march\u00e9s, se diversifiant dans les services financiers mobiles tels que les services bancaires, les pr\u00eats, les envois de fonds, les assurances et l&rsquo;argent mobile\u00a0\u00bb, a relev\u00e9 le communiqu\u00e9.<\/p>\n<p>La source pr\u00e9cise aussi que cette situation cr\u00e9e une occasion en or pour les op\u00e9rateurs de t\u00e9l\u00e9communications \u00e9mergents d&rsquo;\u00e9tendre leur empreinte et d&rsquo;apporter une r\u00e9elle contribution \u00e0 la transformation num\u00e9rique et au PIB local dans leurs r\u00e9gions respectives.<\/p>\n<p>\u00c0 propos de la cible relative aux march\u00e9s ruraux mal desservis, le communiqu\u00e9 note que les grandes entreprises de t\u00e9l\u00e9communications ont tendance \u00e0 se concentrer sur les clients num\u00e9riques, les entreprises et les clients haut de gamme dans les zones dens\u00e9ment peupl\u00e9es.<\/p>\n<p>\u00ab\u00a0Et cette d\u00e9marche permet aux entreprises de t\u00e9l\u00e9communications \u00e9mergentes de cibler les segments de march\u00e9 bas de gamme dans les zones rurales, y compris les clients pr\u00e9pay\u00e9s avec des t\u00e9l\u00e9phones mobiles\u00a0\u00bb, poursuit le communiqu\u00e9.<\/p>\n<p>En Afrique subsaharienne, environ 66 % des connexions mobiles sont pr\u00e9pay\u00e9es, et les t\u00e9l\u00e9phones mobiles repr\u00e9sentent pr\u00e8s de la moiti\u00e9 de tous les appareils mobiles.<\/p>\n<p>Mais, les op\u00e9rateurs de t\u00e9l\u00e9communications \u00e9mergents sont confront\u00e9s \u00e0 des d\u00e9fis tels que la fid\u00e9lit\u00e9 \u00e0 la marque et les co\u00fbts d&rsquo;infrastructure, selon van Breukelen.<\/p>\n<p>En effet, bon nombre des marques les plus reconnues en Afrique sont des op\u00e9rateurs de t\u00e9l\u00e9communications : MTN se classe 2e \u00a0 et Safaricom\/Mpesa 4e dans le rapport des marques africaines les plus admir\u00e9es de 2023.<\/p>\n","protected":false},"excerpt":{"rendered":"<p>En Afrique, le secteur des t\u00e9l\u00e9communications a \u00e9t\u00e9 marqu\u00e9 au cours de la derni\u00e8re d\u00e9cennie par des fusions, des acquisitions et des fermetures telles que&#8230;<\/p>\n","protected":false},"author":1,"featured_media":6786,"comment_status":"closed","ping_status":"open","sticky":false,"template":"","format":"standard","meta":{"_jetpack_memberships_contains_paid_content":false,"footnotes":""},"categories":[8],"tags":[],"class_list":["post-6785","post","type-post","status-publish","format-standard","has-post-thumbnail","hentry","category-actualite-economique","wpcat-8-id"],"yoast_head":"<!-- This site is optimized with the Yoast SEO plugin v27.1.1 - https:\/\/yoast.com\/product\/yoast-seo-wordpress\/ -->\n<title>Fusions, acquisitions et fermetures marquent le secteur des t\u00e9l\u00e9communications en Afrique - challenges economiques<\/title>\n<meta name=\"robots\" content=\"index, follow, max-snippet:-1, max-image-preview:large, max-video-preview:-1\" \/>\n<link rel=\"canonical\" href=\"https:\/\/challengeseconomiques.com\/?p=6785\" \/>\n<meta property=\"og:locale\" content=\"fr_FR\" \/>\n<meta property=\"og:type\" content=\"article\" \/>\n<meta property=\"og:title\" content=\"Fusions, acquisitions et fermetures marquent le secteur des t\u00e9l\u00e9communications en Afrique - challenges economiques\" \/>\n<meta property=\"og:description\" content=\"En Afrique, le secteur des t\u00e9l\u00e9communications a \u00e9t\u00e9 marqu\u00e9 au cours de la derni\u00e8re d\u00e9cennie par des fusions, des acquisitions et des fermetures telles que...\" \/>\n<meta property=\"og:url\" content=\"https:\/\/challengeseconomiques.com\/?p=6785\" \/>\n<meta property=\"og:site_name\" content=\"challenges economiques\" \/>\n<meta property=\"article:published_time\" content=\"2024-07-30T15:05:19+00:00\" \/>\n<meta property=\"article:modified_time\" content=\"2024-07-30T15:05:49+00:00\" \/>\n<meta property=\"og:image\" content=\"https:\/\/challengeseconomiques.com\/wp-content\/uploads\/2024\/07\/telecoms.jpg\" \/>\n\t<meta property=\"og:image:width\" content=\"790\" \/>\n\t<meta property=\"og:image:height\" content=\"476\" \/>\n\t<meta property=\"og:image:type\" content=\"image\/jpeg\" \/>\n<meta name=\"author\" content=\"admin\" \/>\n<meta name=\"twitter:card\" content=\"summary_large_image\" \/>\n<meta name=\"twitter:label1\" content=\"\u00c9crit par\" \/>\n\t<meta name=\"twitter:data1\" content=\"admin\" \/>\n\t<meta name=\"twitter:label2\" content=\"Dur\u00e9e de lecture estim\u00e9e\" \/>\n\t<meta name=\"twitter:data2\" content=\"2 minutes\" \/>\n<script type=\"application\/ld+json\" class=\"yoast-schema-graph\">{\"@context\":\"https:\/\/schema.org\",\"@graph\":[{\"@type\":\"Article\",\"@id\":\"https:\/\/challengeseconomiques.com\/?p=6785#article\",\"isPartOf\":{\"@id\":\"https:\/\/challengeseconomiques.com\/?p=6785\"},\"author\":{\"name\":\"admin\",\"@id\":\"https:\/\/challengeseconomiques.com\/#\/schema\/person\/b4568c9afebc5a9238a771873801e349\"},\"headline\":\"Fusions, acquisitions et fermetures marquent le secteur des t\u00e9l\u00e9communications en Afrique\",\"datePublished\":\"2024-07-30T15:05:19+00:00\",\"dateModified\":\"2024-07-30T15:05:49+00:00\",\"mainEntityOfPage\":{\"@id\":\"https:\/\/challengeseconomiques.com\/?p=6785\"},\"wordCount\":415,\"image\":{\"@id\":\"https:\/\/challengeseconomiques.com\/?p=6785#primaryimage\"},\"thumbnailUrl\":\"https:\/\/challengeseconomiques.com\/wp-content\/uploads\/2024\/07\/telecoms.jpg\",\"articleSection\":[\"Actualit\u00e9 \u00e9conomique\"],\"inLanguage\":\"fr-FR\"},{\"@type\":\"WebPage\",\"@id\":\"https:\/\/challengeseconomiques.com\/?p=6785\",\"url\":\"https:\/\/challengeseconomiques.com\/?p=6785\",\"name\":\"Fusions, acquisitions et fermetures marquent le secteur des t\u00e9l\u00e9communications en Afrique - challenges economiques\",\"isPartOf\":{\"@id\":\"https:\/\/challengeseconomiques.com\/#website\"},\"primaryImageOfPage\":{\"@id\":\"https:\/\/challengeseconomiques.com\/?p=6785#primaryimage\"},\"image\":{\"@id\":\"https:\/\/challengeseconomiques.com\/?p=6785#primaryimage\"},\"thumbnailUrl\":\"https:\/\/challengeseconomiques.com\/wp-content\/uploads\/2024\/07\/telecoms.jpg\",\"datePublished\":\"2024-07-30T15:05:19+00:00\",\"dateModified\":\"2024-07-30T15:05:49+00:00\",\"author\":{\"@id\":\"https:\/\/challengeseconomiques.com\/#\/schema\/person\/b4568c9afebc5a9238a771873801e349\"},\"breadcrumb\":{\"@id\":\"https:\/\/challengeseconomiques.com\/?p=6785#breadcrumb\"},\"inLanguage\":\"fr-FR\",\"potentialAction\":[{\"@type\":\"ReadAction\",\"target\":[\"https:\/\/challengeseconomiques.com\/?p=6785\"]}]},{\"@type\":\"ImageObject\",\"inLanguage\":\"fr-FR\",\"@id\":\"https:\/\/challengeseconomiques.com\/?p=6785#primaryimage\",\"url\":\"https:\/\/challengeseconomiques.com\/wp-content\/uploads\/2024\/07\/telecoms.jpg\",\"contentUrl\":\"https:\/\/challengeseconomiques.com\/wp-content\/uploads\/2024\/07\/telecoms.jpg\",\"width\":790,\"height\":476},{\"@type\":\"BreadcrumbList\",\"@id\":\"https:\/\/challengeseconomiques.com\/?p=6785#breadcrumb\",\"itemListElement\":[{\"@type\":\"ListItem\",\"position\":1,\"name\":\"Home\",\"item\":\"https:\/\/challengeseconomiques.com\/\"},{\"@type\":\"ListItem\",\"position\":2,\"name\":\"Fusions, acquisitions et fermetures marquent le secteur des t\u00e9l\u00e9communications en Afrique\"}]},{\"@type\":\"WebSite\",\"@id\":\"https:\/\/challengeseconomiques.com\/#website\",\"url\":\"https:\/\/challengeseconomiques.com\/\",\"name\":\"challenges economiques\",\"description\":\"\",\"potentialAction\":[{\"@type\":\"SearchAction\",\"target\":{\"@type\":\"EntryPoint\",\"urlTemplate\":\"https:\/\/challengeseconomiques.com\/?s={search_term_string}\"},\"query-input\":{\"@type\":\"PropertyValueSpecification\",\"valueRequired\":true,\"valueName\":\"search_term_string\"}}],\"inLanguage\":\"fr-FR\"},{\"@type\":\"Person\",\"@id\":\"https:\/\/challengeseconomiques.com\/#\/schema\/person\/b4568c9afebc5a9238a771873801e349\",\"name\":\"admin\",\"image\":{\"@type\":\"ImageObject\",\"inLanguage\":\"fr-FR\",\"@id\":\"https:\/\/challengeseconomiques.com\/#\/schema\/person\/image\/\",\"url\":\"https:\/\/secure.gravatar.com\/avatar\/099e42240b5eea11acdb72751fcce0dd918603f0749d24974b7984ea47ed9fd9?s=96&d=mm&r=g\",\"contentUrl\":\"https:\/\/secure.gravatar.com\/avatar\/099e42240b5eea11acdb72751fcce0dd918603f0749d24974b7984ea47ed9fd9?s=96&d=mm&r=g\",\"caption\":\"admin\"},\"sameAs\":[\"https:\/\/challengeseconomiques.com\"],\"url\":\"https:\/\/challengeseconomiques.com\/?author=1\"}]}<\/script>\n<!-- \/ Yoast SEO plugin. -->","yoast_head_json":{"title":"Fusions, acquisitions et fermetures marquent le secteur des t\u00e9l\u00e9communications en Afrique - challenges economiques","robots":{"index":"index","follow":"follow","max-snippet":"max-snippet:-1","max-image-preview":"max-image-preview:large","max-video-preview":"max-video-preview:-1"},"canonical":"https:\/\/challengeseconomiques.com\/?p=6785","og_locale":"fr_FR","og_type":"article","og_title":"Fusions, acquisitions et fermetures marquent le secteur des t\u00e9l\u00e9communications en Afrique - challenges economiques","og_description":"En Afrique, le secteur des t\u00e9l\u00e9communications a \u00e9t\u00e9 marqu\u00e9 au cours de la derni\u00e8re d\u00e9cennie par des fusions, des acquisitions et des fermetures telles que...","og_url":"https:\/\/challengeseconomiques.com\/?p=6785","og_site_name":"challenges economiques","article_published_time":"2024-07-30T15:05:19+00:00","article_modified_time":"2024-07-30T15:05:49+00:00","og_image":[{"width":790,"height":476,"url":"https:\/\/challengeseconomiques.com\/wp-content\/uploads\/2024\/07\/telecoms.jpg","type":"image\/jpeg"}],"author":"admin","twitter_card":"summary_large_image","twitter_misc":{"\u00c9crit par":"admin","Dur\u00e9e de lecture estim\u00e9e":"2 minutes"},"schema":{"@context":"https:\/\/schema.org","@graph":[{"@type":"Article","@id":"https:\/\/challengeseconomiques.com\/?p=6785#article","isPartOf":{"@id":"https:\/\/challengeseconomiques.com\/?p=6785"},"author":{"name":"admin","@id":"https:\/\/challengeseconomiques.com\/#\/schema\/person\/b4568c9afebc5a9238a771873801e349"},"headline":"Fusions, acquisitions et fermetures marquent le secteur des t\u00e9l\u00e9communications en Afrique","datePublished":"2024-07-30T15:05:19+00:00","dateModified":"2024-07-30T15:05:49+00:00","mainEntityOfPage":{"@id":"https:\/\/challengeseconomiques.com\/?p=6785"},"wordCount":415,"image":{"@id":"https:\/\/challengeseconomiques.com\/?p=6785#primaryimage"},"thumbnailUrl":"https:\/\/challengeseconomiques.com\/wp-content\/uploads\/2024\/07\/telecoms.jpg","articleSection":["Actualit\u00e9 \u00e9conomique"],"inLanguage":"fr-FR"},{"@type":"WebPage","@id":"https:\/\/challengeseconomiques.com\/?p=6785","url":"https:\/\/challengeseconomiques.com\/?p=6785","name":"Fusions, acquisitions et fermetures marquent le secteur des t\u00e9l\u00e9communications en Afrique - challenges economiques","isPartOf":{"@id":"https:\/\/challengeseconomiques.com\/#website"},"primaryImageOfPage":{"@id":"https:\/\/challengeseconomiques.com\/?p=6785#primaryimage"},"image":{"@id":"https:\/\/challengeseconomiques.com\/?p=6785#primaryimage"},"thumbnailUrl":"https:\/\/challengeseconomiques.com\/wp-content\/uploads\/2024\/07\/telecoms.jpg","datePublished":"2024-07-30T15:05:19+00:00","dateModified":"2024-07-30T15:05:49+00:00","author":{"@id":"https:\/\/challengeseconomiques.com\/#\/schema\/person\/b4568c9afebc5a9238a771873801e349"},"breadcrumb":{"@id":"https:\/\/challengeseconomiques.com\/?p=6785#breadcrumb"},"inLanguage":"fr-FR","potentialAction":[{"@type":"ReadAction","target":["https:\/\/challengeseconomiques.com\/?p=6785"]}]},{"@type":"ImageObject","inLanguage":"fr-FR","@id":"https:\/\/challengeseconomiques.com\/?p=6785#primaryimage","url":"https:\/\/challengeseconomiques.com\/wp-content\/uploads\/2024\/07\/telecoms.jpg","contentUrl":"https:\/\/challengeseconomiques.com\/wp-content\/uploads\/2024\/07\/telecoms.jpg","width":790,"height":476},{"@type":"BreadcrumbList","@id":"https:\/\/challengeseconomiques.com\/?p=6785#breadcrumb","itemListElement":[{"@type":"ListItem","position":1,"name":"Home","item":"https:\/\/challengeseconomiques.com\/"},{"@type":"ListItem","position":2,"name":"Fusions, acquisitions et fermetures marquent le secteur des t\u00e9l\u00e9communications en Afrique"}]},{"@type":"WebSite","@id":"https:\/\/challengeseconomiques.com\/#website","url":"https:\/\/challengeseconomiques.com\/","name":"challenges economiques","description":"","potentialAction":[{"@type":"SearchAction","target":{"@type":"EntryPoint","urlTemplate":"https:\/\/challengeseconomiques.com\/?s={search_term_string}"},"query-input":{"@type":"PropertyValueSpecification","valueRequired":true,"valueName":"search_term_string"}}],"inLanguage":"fr-FR"},{"@type":"Person","@id":"https:\/\/challengeseconomiques.com\/#\/schema\/person\/b4568c9afebc5a9238a771873801e349","name":"admin","image":{"@type":"ImageObject","inLanguage":"fr-FR","@id":"https:\/\/challengeseconomiques.com\/#\/schema\/person\/image\/","url":"https:\/\/secure.gravatar.com\/avatar\/099e42240b5eea11acdb72751fcce0dd918603f0749d24974b7984ea47ed9fd9?s=96&d=mm&r=g","contentUrl":"https:\/\/secure.gravatar.com\/avatar\/099e42240b5eea11acdb72751fcce0dd918603f0749d24974b7984ea47ed9fd9?s=96&d=mm&r=g","caption":"admin"},"sameAs":["https:\/\/challengeseconomiques.com"],"url":"https:\/\/challengeseconomiques.com\/?author=1"}]}},"jetpack_featured_media_url":"https:\/\/challengeseconomiques.com\/wp-content\/uploads\/2024\/07\/telecoms.jpg","jetpack_sharing_enabled":true,"_links":{"self":[{"href":"https:\/\/challengeseconomiques.com\/index.php?rest_route=\/wp\/v2\/posts\/6785","targetHints":{"allow":["GET"]}}],"collection":[{"href":"https:\/\/challengeseconomiques.com\/index.php?rest_route=\/wp\/v2\/posts"}],"about":[{"href":"https:\/\/challengeseconomiques.com\/index.php?rest_route=\/wp\/v2\/types\/post"}],"author":[{"embeddable":true,"href":"https:\/\/challengeseconomiques.com\/index.php?rest_route=\/wp\/v2\/users\/1"}],"replies":[{"embeddable":true,"href":"https:\/\/challengeseconomiques.com\/index.php?rest_route=%2Fwp%2Fv2%2Fcomments&post=6785"}],"version-history":[{"count":1,"href":"https:\/\/challengeseconomiques.com\/index.php?rest_route=\/wp\/v2\/posts\/6785\/revisions"}],"predecessor-version":[{"id":6787,"href":"https:\/\/challengeseconomiques.com\/index.php?rest_route=\/wp\/v2\/posts\/6785\/revisions\/6787"}],"wp:featuredmedia":[{"embeddable":true,"href":"https:\/\/challengeseconomiques.com\/index.php?rest_route=\/wp\/v2\/media\/6786"}],"wp:attachment":[{"href":"https:\/\/challengeseconomiques.com\/index.php?rest_route=%2Fwp%2Fv2%2Fmedia&parent=6785"}],"wp:term":[{"taxonomy":"category","embeddable":true,"href":"https:\/\/challengeseconomiques.com\/index.php?rest_route=%2Fwp%2Fv2%2Fcategories&post=6785"},{"taxonomy":"post_tag","embeddable":true,"href":"https:\/\/challengeseconomiques.com\/index.php?rest_route=%2Fwp%2Fv2%2Ftags&post=6785"}],"curies":[{"name":"wp","href":"https:\/\/api.w.org\/{rel}","templated":true}]}}