{"id":6774,"date":"2024-07-29T11:26:50","date_gmt":"2024-07-29T11:26:50","guid":{"rendered":"https:\/\/challengeseconomiques.com\/?p=6774"},"modified":"2024-07-29T11:27:29","modified_gmt":"2024-07-29T11:27:29","slug":"laeroport-ousmane-masseck-ndiaye-de-saint-louis-integre-lasecna","status":"publish","type":"post","link":"https:\/\/challengeseconomiques.com\/?p=6774","title":{"rendered":"L\u2019a\u00e9roport Ousmane-Masseck-Ndiaye de Saint-Louis int\u00e8gre l\u2019ASECNA"},"content":{"rendered":"<p>L\u2019a\u00e9roport international Ousmane-Masseck-Ndiaye de Saint-Louis (nord) vient d\u2019int\u00e9grer l\u2019Agence pour la s\u00e9curit\u00e9 de la navigation a\u00e9rienne en Afrique et \u00e0 Madagascar (ASECNA), apr\u00e8s plusieurs \u2018\u2019tentatives\u2019\u2019 d\u2019int\u00e9gration \u2018\u2019infructueuses\u2019\u2019, a annonc\u00e9 le minist\u00e8re s\u00e9n\u00e9galais des Infrastructures et des Transports terrestres et a\u00e9riens.<\/p>\n<p>Apr\u00e8s plusieurs \u2018\u2019tentatives infructueuses\u2019\u2019 men\u00e9es par le minist\u00e8re de tutelle en vue de l\u2019int\u00e9gration de cette infrastructure a\u00e9roportuaire \u00e0 l\u2019ASECNA, l\u2019actuel ministre charg\u00e9 du transport a\u00e9rien, Malick Ndiaye, et ses collaborateurs \u2018\u2019ont travaill\u00e9 d\u2019arrache-pied pour corriger les impairs et \u00e9changer intens\u00e9ment avec les autorit\u00e9s pendant trois mois\u2019\u2019, lit-on dans un communiqu\u00e9 re\u00e7u dudit d\u00e9partement minist\u00e9riel, samedi 27 juillet.<\/p>\n<p>L\u2019int\u00e9gration de l\u2019a\u00e9roport international Ousmane-Masseck-Ndiaye \u00e0 l\u2019agence continentale charg\u00e9e de la navigation a\u00e9rienne a eu lieu lors de la 73<sup>e<\/sup> r\u00e9union du comit\u00e9 des ministres de l\u2019ASECNA, vendredi 26 juillet, \u00e0 Ouagadougou, la capitale du Burkina Faso, selon la m\u00eame source.<\/p>\n<p>Elle annonce que l\u2019agence africaine charg\u00e9e de la s\u00e9curit\u00e9 des transports a\u00e9riens va assurer la gestion des services de navigation de l\u2019a\u00e9roport de Saint-Louis \u00e0 partir du 1er janvier prochain.<\/p>\n<p><strong> Un \u2018\u2019niveau satisfaisant de la mise aux normes OACI\u2019\u2019<\/strong><\/p>\n<p>En m\u00eame temps, l\u2019a\u00e9roport international Blaise-Diagne va continuer \u00e0 s\u2019occuper de la gestion commerciale de l\u2019a\u00e9rogare de Saint-Louis, selon le communiqu\u00e9.<\/p>\n<p>Il signale que 15 ministres et des responsables de minist\u00e8res concern\u00e9s dans les pays membres de l\u2019agence africaine ont pris part \u00e0 la r\u00e9union de Ouagadougou.<\/p>\n<p>L\u2019examen du projet d\u2019int\u00e9gration de l\u2019a\u00e9roport de Saint-Louis \u00e0 l\u2019ASECNA faisait l\u2019objet d\u2019une demande introduite depuis quelques ann\u00e9es par les autorit\u00e9s s\u00e9n\u00e9galaises aupr\u00e8s de la direction de l\u2019agence continentale, selon le minist\u00e8re des Infrastructures et des Transports terrestres et a\u00e9riens.<\/p>\n<p>Il ajoute dans son communiqu\u00e9 que \u2018\u2019le ministre s\u00e9n\u00e9galais a su convaincre ses pairs, gr\u00e2ce au niveau satisfaisant de la mise aux normes OACI (Organisation de l\u2019aviation civile internationale) de l\u2019a\u00e9roport de Saint-Louis, une condition indispensable pour son admission aux activit\u00e9s communautaires de l\u2019ASECNA\u2019\u2019.<\/p>\n<p>L\u2019int\u00e9gration de l\u2019a\u00e9roport Ousmane-Masseck-Ndiaye \u00e0 l\u2019ASECNA a fait d\u2019une r\u00e9solution des membres du comit\u00e9 des ministres charg\u00e9s des transports a\u00e9riens en Afrique, pr\u00e9cise la m\u00eame source.<\/p>\n<p>Elle rappelle que l\u2019exploitation commerciale de l\u2019a\u00e9roport de Saint-Louis a d\u00e9marr\u00e9 le 7 d\u00e9cembre 2023. L\u2019ASECNA a \u00e9t\u00e9 cr\u00e9\u00e9e le 12 d\u00e9cembre 1959 \u00e0 Saint-Louis du S\u00e9n\u00e9gal.<\/p>\n<p><strong>(APS)<br \/>\n<\/strong><\/p>\n","protected":false},"excerpt":{"rendered":"<p>L\u2019a\u00e9roport international Ousmane-Masseck-Ndiaye de Saint-Louis (nord) vient d\u2019int\u00e9grer l\u2019Agence pour la s\u00e9curit\u00e9 de la navigation a\u00e9rienne en Afrique et \u00e0 Madagascar (ASECNA), apr\u00e8s plusieurs \u2018\u2019tentatives\u2019\u2019&#8230;<\/p>\n","protected":false},"author":1,"featured_media":5780,"comment_status":"closed","ping_status":"open","sticky":false,"template":"","format":"standard","meta":{"_jetpack_memberships_contains_paid_content":false,"footnotes":""},"categories":[8],"tags":[],"class_list":["post-6774","post","type-post","status-publish","format-standard","has-post-thumbnail","hentry","category-actualite-economique","wpcat-8-id"],"yoast_head":"<!-- This site is optimized with the Yoast SEO plugin v27.1.1 - https:\/\/yoast.com\/product\/yoast-seo-wordpress\/ -->\n<title>L\u2019a\u00e9roport Ousmane-Masseck-Ndiaye de Saint-Louis int\u00e8gre l\u2019ASECNA - challenges economiques<\/title>\n<meta name=\"robots\" content=\"index, follow, max-snippet:-1, max-image-preview:large, max-video-preview:-1\" \/>\n<link rel=\"canonical\" href=\"https:\/\/challengeseconomiques.com\/?p=6774\" \/>\n<meta property=\"og:locale\" content=\"fr_FR\" \/>\n<meta property=\"og:type\" content=\"article\" \/>\n<meta property=\"og:title\" content=\"L\u2019a\u00e9roport Ousmane-Masseck-Ndiaye de Saint-Louis int\u00e8gre l\u2019ASECNA - challenges economiques\" \/>\n<meta property=\"og:description\" content=\"L\u2019a\u00e9roport international Ousmane-Masseck-Ndiaye de Saint-Louis (nord) vient d\u2019int\u00e9grer l\u2019Agence pour la s\u00e9curit\u00e9 de la navigation a\u00e9rienne en Afrique et \u00e0 Madagascar (ASECNA), apr\u00e8s plusieurs \u2018\u2019tentatives\u2019\u2019...\" \/>\n<meta property=\"og:url\" content=\"https:\/\/challengeseconomiques.com\/?p=6774\" \/>\n<meta property=\"og:site_name\" content=\"challenges economiques\" \/>\n<meta property=\"article:published_time\" content=\"2024-07-29T11:26:50+00:00\" \/>\n<meta property=\"article:modified_time\" content=\"2024-07-29T11:27:29+00:00\" \/>\n<meta property=\"og:image\" content=\"https:\/\/challengeseconomiques.com\/wp-content\/uploads\/2023\/12\/saintlouisairport.jpg\" \/>\n\t<meta property=\"og:image:width\" content=\"1024\" \/>\n\t<meta property=\"og:image:height\" content=\"538\" \/>\n\t<meta property=\"og:image:type\" content=\"image\/jpeg\" \/>\n<meta name=\"author\" content=\"admin\" \/>\n<meta name=\"twitter:card\" content=\"summary_large_image\" \/>\n<meta name=\"twitter:label1\" content=\"\u00c9crit par\" \/>\n\t<meta name=\"twitter:data1\" content=\"admin\" \/>\n\t<meta name=\"twitter:label2\" content=\"Dur\u00e9e de lecture estim\u00e9e\" \/>\n\t<meta name=\"twitter:data2\" content=\"2 minutes\" \/>\n<script type=\"application\/ld+json\" class=\"yoast-schema-graph\">{\"@context\":\"https:\/\/schema.org\",\"@graph\":[{\"@type\":\"Article\",\"@id\":\"https:\/\/challengeseconomiques.com\/?p=6774#article\",\"isPartOf\":{\"@id\":\"https:\/\/challengeseconomiques.com\/?p=6774\"},\"author\":{\"name\":\"admin\",\"@id\":\"https:\/\/challengeseconomiques.com\/#\/schema\/person\/b4568c9afebc5a9238a771873801e349\"},\"headline\":\"L\u2019a\u00e9roport Ousmane-Masseck-Ndiaye de Saint-Louis int\u00e8gre l\u2019ASECNA\",\"datePublished\":\"2024-07-29T11:26:50+00:00\",\"dateModified\":\"2024-07-29T11:27:29+00:00\",\"mainEntityOfPage\":{\"@id\":\"https:\/\/challengeseconomiques.com\/?p=6774\"},\"wordCount\":456,\"image\":{\"@id\":\"https:\/\/challengeseconomiques.com\/?p=6774#primaryimage\"},\"thumbnailUrl\":\"https:\/\/challengeseconomiques.com\/wp-content\/uploads\/2023\/12\/saintlouisairport.jpg\",\"articleSection\":[\"Actualit\u00e9 \u00e9conomique\"],\"inLanguage\":\"fr-FR\"},{\"@type\":\"WebPage\",\"@id\":\"https:\/\/challengeseconomiques.com\/?p=6774\",\"url\":\"https:\/\/challengeseconomiques.com\/?p=6774\",\"name\":\"L\u2019a\u00e9roport Ousmane-Masseck-Ndiaye de Saint-Louis int\u00e8gre l\u2019ASECNA - challenges economiques\",\"isPartOf\":{\"@id\":\"https:\/\/challengeseconomiques.com\/#website\"},\"primaryImageOfPage\":{\"@id\":\"https:\/\/challengeseconomiques.com\/?p=6774#primaryimage\"},\"image\":{\"@id\":\"https:\/\/challengeseconomiques.com\/?p=6774#primaryimage\"},\"thumbnailUrl\":\"https:\/\/challengeseconomiques.com\/wp-content\/uploads\/2023\/12\/saintlouisairport.jpg\",\"datePublished\":\"2024-07-29T11:26:50+00:00\",\"dateModified\":\"2024-07-29T11:27:29+00:00\",\"author\":{\"@id\":\"https:\/\/challengeseconomiques.com\/#\/schema\/person\/b4568c9afebc5a9238a771873801e349\"},\"breadcrumb\":{\"@id\":\"https:\/\/challengeseconomiques.com\/?p=6774#breadcrumb\"},\"inLanguage\":\"fr-FR\",\"potentialAction\":[{\"@type\":\"ReadAction\",\"target\":[\"https:\/\/challengeseconomiques.com\/?p=6774\"]}]},{\"@type\":\"ImageObject\",\"inLanguage\":\"fr-FR\",\"@id\":\"https:\/\/challengeseconomiques.com\/?p=6774#primaryimage\",\"url\":\"https:\/\/challengeseconomiques.com\/wp-content\/uploads\/2023\/12\/saintlouisairport.jpg\",\"contentUrl\":\"https:\/\/challengeseconomiques.com\/wp-content\/uploads\/2023\/12\/saintlouisairport.jpg\",\"width\":1024,\"height\":538},{\"@type\":\"BreadcrumbList\",\"@id\":\"https:\/\/challengeseconomiques.com\/?p=6774#breadcrumb\",\"itemListElement\":[{\"@type\":\"ListItem\",\"position\":1,\"name\":\"Home\",\"item\":\"https:\/\/challengeseconomiques.com\/\"},{\"@type\":\"ListItem\",\"position\":2,\"name\":\"L\u2019a\u00e9roport Ousmane-Masseck-Ndiaye de Saint-Louis int\u00e8gre l\u2019ASECNA\"}]},{\"@type\":\"WebSite\",\"@id\":\"https:\/\/challengeseconomiques.com\/#website\",\"url\":\"https:\/\/challengeseconomiques.com\/\",\"name\":\"challenges economiques\",\"description\":\"\",\"potentialAction\":[{\"@type\":\"SearchAction\",\"target\":{\"@type\":\"EntryPoint\",\"urlTemplate\":\"https:\/\/challengeseconomiques.com\/?s={search_term_string}\"},\"query-input\":{\"@type\":\"PropertyValueSpecification\",\"valueRequired\":true,\"valueName\":\"search_term_string\"}}],\"inLanguage\":\"fr-FR\"},{\"@type\":\"Person\",\"@id\":\"https:\/\/challengeseconomiques.com\/#\/schema\/person\/b4568c9afebc5a9238a771873801e349\",\"name\":\"admin\",\"image\":{\"@type\":\"ImageObject\",\"inLanguage\":\"fr-FR\",\"@id\":\"https:\/\/challengeseconomiques.com\/#\/schema\/person\/image\/\",\"url\":\"https:\/\/secure.gravatar.com\/avatar\/099e42240b5eea11acdb72751fcce0dd918603f0749d24974b7984ea47ed9fd9?s=96&d=mm&r=g\",\"contentUrl\":\"https:\/\/secure.gravatar.com\/avatar\/099e42240b5eea11acdb72751fcce0dd918603f0749d24974b7984ea47ed9fd9?s=96&d=mm&r=g\",\"caption\":\"admin\"},\"sameAs\":[\"https:\/\/challengeseconomiques.com\"],\"url\":\"https:\/\/challengeseconomiques.com\/?author=1\"}]}<\/script>\n<!-- \/ Yoast SEO plugin. -->","yoast_head_json":{"title":"L\u2019a\u00e9roport Ousmane-Masseck-Ndiaye de Saint-Louis int\u00e8gre l\u2019ASECNA - challenges economiques","robots":{"index":"index","follow":"follow","max-snippet":"max-snippet:-1","max-image-preview":"max-image-preview:large","max-video-preview":"max-video-preview:-1"},"canonical":"https:\/\/challengeseconomiques.com\/?p=6774","og_locale":"fr_FR","og_type":"article","og_title":"L\u2019a\u00e9roport Ousmane-Masseck-Ndiaye de Saint-Louis int\u00e8gre l\u2019ASECNA - challenges economiques","og_description":"L\u2019a\u00e9roport international Ousmane-Masseck-Ndiaye de Saint-Louis (nord) vient d\u2019int\u00e9grer l\u2019Agence pour la s\u00e9curit\u00e9 de la navigation a\u00e9rienne en Afrique et \u00e0 Madagascar (ASECNA), apr\u00e8s plusieurs \u2018\u2019tentatives\u2019\u2019...","og_url":"https:\/\/challengeseconomiques.com\/?p=6774","og_site_name":"challenges economiques","article_published_time":"2024-07-29T11:26:50+00:00","article_modified_time":"2024-07-29T11:27:29+00:00","og_image":[{"width":1024,"height":538,"url":"https:\/\/challengeseconomiques.com\/wp-content\/uploads\/2023\/12\/saintlouisairport.jpg","type":"image\/jpeg"}],"author":"admin","twitter_card":"summary_large_image","twitter_misc":{"\u00c9crit par":"admin","Dur\u00e9e de lecture estim\u00e9e":"2 minutes"},"schema":{"@context":"https:\/\/schema.org","@graph":[{"@type":"Article","@id":"https:\/\/challengeseconomiques.com\/?p=6774#article","isPartOf":{"@id":"https:\/\/challengeseconomiques.com\/?p=6774"},"author":{"name":"admin","@id":"https:\/\/challengeseconomiques.com\/#\/schema\/person\/b4568c9afebc5a9238a771873801e349"},"headline":"L\u2019a\u00e9roport Ousmane-Masseck-Ndiaye de Saint-Louis int\u00e8gre l\u2019ASECNA","datePublished":"2024-07-29T11:26:50+00:00","dateModified":"2024-07-29T11:27:29+00:00","mainEntityOfPage":{"@id":"https:\/\/challengeseconomiques.com\/?p=6774"},"wordCount":456,"image":{"@id":"https:\/\/challengeseconomiques.com\/?p=6774#primaryimage"},"thumbnailUrl":"https:\/\/challengeseconomiques.com\/wp-content\/uploads\/2023\/12\/saintlouisairport.jpg","articleSection":["Actualit\u00e9 \u00e9conomique"],"inLanguage":"fr-FR"},{"@type":"WebPage","@id":"https:\/\/challengeseconomiques.com\/?p=6774","url":"https:\/\/challengeseconomiques.com\/?p=6774","name":"L\u2019a\u00e9roport Ousmane-Masseck-Ndiaye de Saint-Louis int\u00e8gre l\u2019ASECNA - challenges economiques","isPartOf":{"@id":"https:\/\/challengeseconomiques.com\/#website"},"primaryImageOfPage":{"@id":"https:\/\/challengeseconomiques.com\/?p=6774#primaryimage"},"image":{"@id":"https:\/\/challengeseconomiques.com\/?p=6774#primaryimage"},"thumbnailUrl":"https:\/\/challengeseconomiques.com\/wp-content\/uploads\/2023\/12\/saintlouisairport.jpg","datePublished":"2024-07-29T11:26:50+00:00","dateModified":"2024-07-29T11:27:29+00:00","author":{"@id":"https:\/\/challengeseconomiques.com\/#\/schema\/person\/b4568c9afebc5a9238a771873801e349"},"breadcrumb":{"@id":"https:\/\/challengeseconomiques.com\/?p=6774#breadcrumb"},"inLanguage":"fr-FR","potentialAction":[{"@type":"ReadAction","target":["https:\/\/challengeseconomiques.com\/?p=6774"]}]},{"@type":"ImageObject","inLanguage":"fr-FR","@id":"https:\/\/challengeseconomiques.com\/?p=6774#primaryimage","url":"https:\/\/challengeseconomiques.com\/wp-content\/uploads\/2023\/12\/saintlouisairport.jpg","contentUrl":"https:\/\/challengeseconomiques.com\/wp-content\/uploads\/2023\/12\/saintlouisairport.jpg","width":1024,"height":538},{"@type":"BreadcrumbList","@id":"https:\/\/challengeseconomiques.com\/?p=6774#breadcrumb","itemListElement":[{"@type":"ListItem","position":1,"name":"Home","item":"https:\/\/challengeseconomiques.com\/"},{"@type":"ListItem","position":2,"name":"L\u2019a\u00e9roport Ousmane-Masseck-Ndiaye de Saint-Louis int\u00e8gre l\u2019ASECNA"}]},{"@type":"WebSite","@id":"https:\/\/challengeseconomiques.com\/#website","url":"https:\/\/challengeseconomiques.com\/","name":"challenges economiques","description":"","potentialAction":[{"@type":"SearchAction","target":{"@type":"EntryPoint","urlTemplate":"https:\/\/challengeseconomiques.com\/?s={search_term_string}"},"query-input":{"@type":"PropertyValueSpecification","valueRequired":true,"valueName":"search_term_string"}}],"inLanguage":"fr-FR"},{"@type":"Person","@id":"https:\/\/challengeseconomiques.com\/#\/schema\/person\/b4568c9afebc5a9238a771873801e349","name":"admin","image":{"@type":"ImageObject","inLanguage":"fr-FR","@id":"https:\/\/challengeseconomiques.com\/#\/schema\/person\/image\/","url":"https:\/\/secure.gravatar.com\/avatar\/099e42240b5eea11acdb72751fcce0dd918603f0749d24974b7984ea47ed9fd9?s=96&d=mm&r=g","contentUrl":"https:\/\/secure.gravatar.com\/avatar\/099e42240b5eea11acdb72751fcce0dd918603f0749d24974b7984ea47ed9fd9?s=96&d=mm&r=g","caption":"admin"},"sameAs":["https:\/\/challengeseconomiques.com"],"url":"https:\/\/challengeseconomiques.com\/?author=1"}]}},"jetpack_featured_media_url":"https:\/\/challengeseconomiques.com\/wp-content\/uploads\/2023\/12\/saintlouisairport.jpg","jetpack_sharing_enabled":true,"_links":{"self":[{"href":"https:\/\/challengeseconomiques.com\/index.php?rest_route=\/wp\/v2\/posts\/6774","targetHints":{"allow":["GET"]}}],"collection":[{"href":"https:\/\/challengeseconomiques.com\/index.php?rest_route=\/wp\/v2\/posts"}],"about":[{"href":"https:\/\/challengeseconomiques.com\/index.php?rest_route=\/wp\/v2\/types\/post"}],"author":[{"embeddable":true,"href":"https:\/\/challengeseconomiques.com\/index.php?rest_route=\/wp\/v2\/users\/1"}],"replies":[{"embeddable":true,"href":"https:\/\/challengeseconomiques.com\/index.php?rest_route=%2Fwp%2Fv2%2Fcomments&post=6774"}],"version-history":[{"count":1,"href":"https:\/\/challengeseconomiques.com\/index.php?rest_route=\/wp\/v2\/posts\/6774\/revisions"}],"predecessor-version":[{"id":6775,"href":"https:\/\/challengeseconomiques.com\/index.php?rest_route=\/wp\/v2\/posts\/6774\/revisions\/6775"}],"wp:featuredmedia":[{"embeddable":true,"href":"https:\/\/challengeseconomiques.com\/index.php?rest_route=\/wp\/v2\/media\/5780"}],"wp:attachment":[{"href":"https:\/\/challengeseconomiques.com\/index.php?rest_route=%2Fwp%2Fv2%2Fmedia&parent=6774"}],"wp:term":[{"taxonomy":"category","embeddable":true,"href":"https:\/\/challengeseconomiques.com\/index.php?rest_route=%2Fwp%2Fv2%2Fcategories&post=6774"},{"taxonomy":"post_tag","embeddable":true,"href":"https:\/\/challengeseconomiques.com\/index.php?rest_route=%2Fwp%2Fv2%2Ftags&post=6774"}],"curies":[{"name":"wp","href":"https:\/\/api.w.org\/{rel}","templated":true}]}}