{"id":6771,"date":"2024-07-29T11:06:36","date_gmt":"2024-07-29T11:06:36","guid":{"rendered":"https:\/\/challengeseconomiques.com\/?p=6771"},"modified":"2024-07-29T11:07:08","modified_gmt":"2024-07-29T11:07:08","slug":"la-sar-veut-porter-sa-capacite-annuelle-de-production-a-5-millions-de-tonnes","status":"publish","type":"post","link":"https:\/\/challengeseconomiques.com\/?p=6771","title":{"rendered":"La SAR veut porter sa capacit\u00e9 annuelle de production \u00e0 5 millions de tonnes"},"content":{"rendered":"<p>La soci\u00e9t\u00e9 africaine de raffinage compte porter sa capacit\u00e9 annuelle de production \u00e0 5 millions de tonnes. Cette ambition de l&rsquo;entreprise s&rsquo;inscrit dans le cadre du projet de d\u00e9veloppement SAR 2.0 dont l&rsquo;objectif est de diversifier les activit\u00e9s de l&rsquo;entreprise en s&rsquo;orientant vers la p\u00e9trochimie, indique un communiqu\u00e9 de presse apr\u00e8s une rencontre avec le partenaire Woodside, qui se charge du d\u00e9veloppement des r\u00e9serves de Sangomar.<\/p>\n<p>\u00c0 travers son projet d&rsquo;augmentation de capacit\u00e9 et d&rsquo;augmentation et d&rsquo;adaptation au brut s\u00e9n\u00e9galais ACATBS, la SAR avait adapt\u00e9 ses installations, afin de traiter le brut extrait du site de Sangomar et va aussi proc\u00e9der \u00e0 une augmentation de ses capacit\u00e9s de stockage.<\/p>\n<p>Ainsi, la capacit\u00e9 de raffinage de l&rsquo;entreprise \u00e9tait pass\u00e9e de 1,2 millions de tonnes \u00e0 1,5 millions de tonnes. Et il faut pr\u00e9ciser que la SAR entend se d\u00e9velopper dans un contexte de d\u00e9marrage de l&rsquo;exploitation du p\u00e9trole au S\u00e9n\u00e9gal.<\/p>\n<p>D&rsquo;ailleurs des travaux sont en cours avec le g\u00e9ant australien, pour \u00e9laborer et s&rsquo;aligner sur les conditions d&rsquo;un partenariat gagnant-gagnant, en pr\u00e9lude de la livraison prochaine du brut de Sangomar \u00e0 la raffinerie de Mbao.<\/p>\n<p><strong>Idrissa GUEYE<\/strong><\/p>\n","protected":false},"excerpt":{"rendered":"<p>La soci\u00e9t\u00e9 africaine de raffinage compte porter sa capacit\u00e9 annuelle de production \u00e0 5 millions de tonnes. Cette ambition de l&rsquo;entreprise s&rsquo;inscrit dans le cadre&#8230;<\/p>\n","protected":false},"author":1,"featured_media":6772,"comment_status":"closed","ping_status":"open","sticky":false,"template":"","format":"standard","meta":{"_jetpack_memberships_contains_paid_content":false,"footnotes":""},"categories":[8],"tags":[],"class_list":["post-6771","post","type-post","status-publish","format-standard","has-post-thumbnail","hentry","category-actualite-economique","wpcat-8-id"],"yoast_head":"<!-- This site is optimized with the Yoast SEO plugin v27.1.1 - https:\/\/yoast.com\/product\/yoast-seo-wordpress\/ -->\n<title>La SAR veut porter sa capacit\u00e9 annuelle de production \u00e0 5 millions de tonnes - challenges economiques<\/title>\n<meta name=\"robots\" content=\"index, follow, max-snippet:-1, max-image-preview:large, max-video-preview:-1\" \/>\n<link rel=\"canonical\" href=\"https:\/\/challengeseconomiques.com\/?p=6771\" \/>\n<meta property=\"og:locale\" content=\"fr_FR\" \/>\n<meta property=\"og:type\" content=\"article\" \/>\n<meta property=\"og:title\" content=\"La SAR veut porter sa capacit\u00e9 annuelle de production \u00e0 5 millions de tonnes - challenges economiques\" \/>\n<meta property=\"og:description\" content=\"La soci\u00e9t\u00e9 africaine de raffinage compte porter sa capacit\u00e9 annuelle de production \u00e0 5 millions de tonnes. Cette ambition de l&rsquo;entreprise s&rsquo;inscrit dans le cadre...\" \/>\n<meta property=\"og:url\" content=\"https:\/\/challengeseconomiques.com\/?p=6771\" \/>\n<meta property=\"og:site_name\" content=\"challenges economiques\" \/>\n<meta property=\"article:published_time\" content=\"2024-07-29T11:06:36+00:00\" \/>\n<meta property=\"article:modified_time\" content=\"2024-07-29T11:07:08+00:00\" \/>\n<meta property=\"og:image\" content=\"https:\/\/challengeseconomiques.com\/wp-content\/uploads\/2024\/07\/Sar.jpg\" \/>\n\t<meta property=\"og:image:width\" content=\"650\" \/>\n\t<meta property=\"og:image:height\" content=\"434\" \/>\n\t<meta property=\"og:image:type\" content=\"image\/jpeg\" \/>\n<meta name=\"author\" content=\"admin\" \/>\n<meta name=\"twitter:card\" content=\"summary_large_image\" \/>\n<meta name=\"twitter:label1\" content=\"\u00c9crit par\" \/>\n\t<meta name=\"twitter:data1\" content=\"admin\" \/>\n\t<meta name=\"twitter:label2\" content=\"Dur\u00e9e de lecture estim\u00e9e\" \/>\n\t<meta name=\"twitter:data2\" content=\"1 minute\" \/>\n<script type=\"application\/ld+json\" class=\"yoast-schema-graph\">{\"@context\":\"https:\/\/schema.org\",\"@graph\":[{\"@type\":\"Article\",\"@id\":\"https:\/\/challengeseconomiques.com\/?p=6771#article\",\"isPartOf\":{\"@id\":\"https:\/\/challengeseconomiques.com\/?p=6771\"},\"author\":{\"name\":\"admin\",\"@id\":\"https:\/\/challengeseconomiques.com\/#\/schema\/person\/b4568c9afebc5a9238a771873801e349\"},\"headline\":\"La SAR veut porter sa capacit\u00e9 annuelle de production \u00e0 5 millions de tonnes\",\"datePublished\":\"2024-07-29T11:06:36+00:00\",\"dateModified\":\"2024-07-29T11:07:08+00:00\",\"mainEntityOfPage\":{\"@id\":\"https:\/\/challengeseconomiques.com\/?p=6771\"},\"wordCount\":222,\"image\":{\"@id\":\"https:\/\/challengeseconomiques.com\/?p=6771#primaryimage\"},\"thumbnailUrl\":\"https:\/\/challengeseconomiques.com\/wp-content\/uploads\/2024\/07\/Sar.jpg\",\"articleSection\":[\"Actualit\u00e9 \u00e9conomique\"],\"inLanguage\":\"fr-FR\"},{\"@type\":\"WebPage\",\"@id\":\"https:\/\/challengeseconomiques.com\/?p=6771\",\"url\":\"https:\/\/challengeseconomiques.com\/?p=6771\",\"name\":\"La SAR veut porter sa capacit\u00e9 annuelle de production \u00e0 5 millions de tonnes - challenges economiques\",\"isPartOf\":{\"@id\":\"https:\/\/challengeseconomiques.com\/#website\"},\"primaryImageOfPage\":{\"@id\":\"https:\/\/challengeseconomiques.com\/?p=6771#primaryimage\"},\"image\":{\"@id\":\"https:\/\/challengeseconomiques.com\/?p=6771#primaryimage\"},\"thumbnailUrl\":\"https:\/\/challengeseconomiques.com\/wp-content\/uploads\/2024\/07\/Sar.jpg\",\"datePublished\":\"2024-07-29T11:06:36+00:00\",\"dateModified\":\"2024-07-29T11:07:08+00:00\",\"author\":{\"@id\":\"https:\/\/challengeseconomiques.com\/#\/schema\/person\/b4568c9afebc5a9238a771873801e349\"},\"breadcrumb\":{\"@id\":\"https:\/\/challengeseconomiques.com\/?p=6771#breadcrumb\"},\"inLanguage\":\"fr-FR\",\"potentialAction\":[{\"@type\":\"ReadAction\",\"target\":[\"https:\/\/challengeseconomiques.com\/?p=6771\"]}]},{\"@type\":\"ImageObject\",\"inLanguage\":\"fr-FR\",\"@id\":\"https:\/\/challengeseconomiques.com\/?p=6771#primaryimage\",\"url\":\"https:\/\/challengeseconomiques.com\/wp-content\/uploads\/2024\/07\/Sar.jpg\",\"contentUrl\":\"https:\/\/challengeseconomiques.com\/wp-content\/uploads\/2024\/07\/Sar.jpg\",\"width\":650,\"height\":434},{\"@type\":\"BreadcrumbList\",\"@id\":\"https:\/\/challengeseconomiques.com\/?p=6771#breadcrumb\",\"itemListElement\":[{\"@type\":\"ListItem\",\"position\":1,\"name\":\"Home\",\"item\":\"https:\/\/challengeseconomiques.com\/\"},{\"@type\":\"ListItem\",\"position\":2,\"name\":\"La SAR veut porter sa capacit\u00e9 annuelle de production \u00e0 5 millions de tonnes\"}]},{\"@type\":\"WebSite\",\"@id\":\"https:\/\/challengeseconomiques.com\/#website\",\"url\":\"https:\/\/challengeseconomiques.com\/\",\"name\":\"challenges economiques\",\"description\":\"\",\"potentialAction\":[{\"@type\":\"SearchAction\",\"target\":{\"@type\":\"EntryPoint\",\"urlTemplate\":\"https:\/\/challengeseconomiques.com\/?s={search_term_string}\"},\"query-input\":{\"@type\":\"PropertyValueSpecification\",\"valueRequired\":true,\"valueName\":\"search_term_string\"}}],\"inLanguage\":\"fr-FR\"},{\"@type\":\"Person\",\"@id\":\"https:\/\/challengeseconomiques.com\/#\/schema\/person\/b4568c9afebc5a9238a771873801e349\",\"name\":\"admin\",\"image\":{\"@type\":\"ImageObject\",\"inLanguage\":\"fr-FR\",\"@id\":\"https:\/\/challengeseconomiques.com\/#\/schema\/person\/image\/\",\"url\":\"https:\/\/secure.gravatar.com\/avatar\/099e42240b5eea11acdb72751fcce0dd918603f0749d24974b7984ea47ed9fd9?s=96&d=mm&r=g\",\"contentUrl\":\"https:\/\/secure.gravatar.com\/avatar\/099e42240b5eea11acdb72751fcce0dd918603f0749d24974b7984ea47ed9fd9?s=96&d=mm&r=g\",\"caption\":\"admin\"},\"sameAs\":[\"https:\/\/challengeseconomiques.com\"],\"url\":\"https:\/\/challengeseconomiques.com\/?author=1\"}]}<\/script>\n<!-- \/ Yoast SEO plugin. -->","yoast_head_json":{"title":"La SAR veut porter sa capacit\u00e9 annuelle de production \u00e0 5 millions de tonnes - challenges economiques","robots":{"index":"index","follow":"follow","max-snippet":"max-snippet:-1","max-image-preview":"max-image-preview:large","max-video-preview":"max-video-preview:-1"},"canonical":"https:\/\/challengeseconomiques.com\/?p=6771","og_locale":"fr_FR","og_type":"article","og_title":"La SAR veut porter sa capacit\u00e9 annuelle de production \u00e0 5 millions de tonnes - challenges economiques","og_description":"La soci\u00e9t\u00e9 africaine de raffinage compte porter sa capacit\u00e9 annuelle de production \u00e0 5 millions de tonnes. Cette ambition de l&rsquo;entreprise s&rsquo;inscrit dans le cadre...","og_url":"https:\/\/challengeseconomiques.com\/?p=6771","og_site_name":"challenges economiques","article_published_time":"2024-07-29T11:06:36+00:00","article_modified_time":"2024-07-29T11:07:08+00:00","og_image":[{"width":650,"height":434,"url":"https:\/\/challengeseconomiques.com\/wp-content\/uploads\/2024\/07\/Sar.jpg","type":"image\/jpeg"}],"author":"admin","twitter_card":"summary_large_image","twitter_misc":{"\u00c9crit par":"admin","Dur\u00e9e de lecture estim\u00e9e":"1 minute"},"schema":{"@context":"https:\/\/schema.org","@graph":[{"@type":"Article","@id":"https:\/\/challengeseconomiques.com\/?p=6771#article","isPartOf":{"@id":"https:\/\/challengeseconomiques.com\/?p=6771"},"author":{"name":"admin","@id":"https:\/\/challengeseconomiques.com\/#\/schema\/person\/b4568c9afebc5a9238a771873801e349"},"headline":"La SAR veut porter sa capacit\u00e9 annuelle de production \u00e0 5 millions de tonnes","datePublished":"2024-07-29T11:06:36+00:00","dateModified":"2024-07-29T11:07:08+00:00","mainEntityOfPage":{"@id":"https:\/\/challengeseconomiques.com\/?p=6771"},"wordCount":222,"image":{"@id":"https:\/\/challengeseconomiques.com\/?p=6771#primaryimage"},"thumbnailUrl":"https:\/\/challengeseconomiques.com\/wp-content\/uploads\/2024\/07\/Sar.jpg","articleSection":["Actualit\u00e9 \u00e9conomique"],"inLanguage":"fr-FR"},{"@type":"WebPage","@id":"https:\/\/challengeseconomiques.com\/?p=6771","url":"https:\/\/challengeseconomiques.com\/?p=6771","name":"La SAR veut porter sa capacit\u00e9 annuelle de production \u00e0 5 millions de tonnes - challenges economiques","isPartOf":{"@id":"https:\/\/challengeseconomiques.com\/#website"},"primaryImageOfPage":{"@id":"https:\/\/challengeseconomiques.com\/?p=6771#primaryimage"},"image":{"@id":"https:\/\/challengeseconomiques.com\/?p=6771#primaryimage"},"thumbnailUrl":"https:\/\/challengeseconomiques.com\/wp-content\/uploads\/2024\/07\/Sar.jpg","datePublished":"2024-07-29T11:06:36+00:00","dateModified":"2024-07-29T11:07:08+00:00","author":{"@id":"https:\/\/challengeseconomiques.com\/#\/schema\/person\/b4568c9afebc5a9238a771873801e349"},"breadcrumb":{"@id":"https:\/\/challengeseconomiques.com\/?p=6771#breadcrumb"},"inLanguage":"fr-FR","potentialAction":[{"@type":"ReadAction","target":["https:\/\/challengeseconomiques.com\/?p=6771"]}]},{"@type":"ImageObject","inLanguage":"fr-FR","@id":"https:\/\/challengeseconomiques.com\/?p=6771#primaryimage","url":"https:\/\/challengeseconomiques.com\/wp-content\/uploads\/2024\/07\/Sar.jpg","contentUrl":"https:\/\/challengeseconomiques.com\/wp-content\/uploads\/2024\/07\/Sar.jpg","width":650,"height":434},{"@type":"BreadcrumbList","@id":"https:\/\/challengeseconomiques.com\/?p=6771#breadcrumb","itemListElement":[{"@type":"ListItem","position":1,"name":"Home","item":"https:\/\/challengeseconomiques.com\/"},{"@type":"ListItem","position":2,"name":"La SAR veut porter sa capacit\u00e9 annuelle de production \u00e0 5 millions de tonnes"}]},{"@type":"WebSite","@id":"https:\/\/challengeseconomiques.com\/#website","url":"https:\/\/challengeseconomiques.com\/","name":"challenges economiques","description":"","potentialAction":[{"@type":"SearchAction","target":{"@type":"EntryPoint","urlTemplate":"https:\/\/challengeseconomiques.com\/?s={search_term_string}"},"query-input":{"@type":"PropertyValueSpecification","valueRequired":true,"valueName":"search_term_string"}}],"inLanguage":"fr-FR"},{"@type":"Person","@id":"https:\/\/challengeseconomiques.com\/#\/schema\/person\/b4568c9afebc5a9238a771873801e349","name":"admin","image":{"@type":"ImageObject","inLanguage":"fr-FR","@id":"https:\/\/challengeseconomiques.com\/#\/schema\/person\/image\/","url":"https:\/\/secure.gravatar.com\/avatar\/099e42240b5eea11acdb72751fcce0dd918603f0749d24974b7984ea47ed9fd9?s=96&d=mm&r=g","contentUrl":"https:\/\/secure.gravatar.com\/avatar\/099e42240b5eea11acdb72751fcce0dd918603f0749d24974b7984ea47ed9fd9?s=96&d=mm&r=g","caption":"admin"},"sameAs":["https:\/\/challengeseconomiques.com"],"url":"https:\/\/challengeseconomiques.com\/?author=1"}]}},"jetpack_featured_media_url":"https:\/\/challengeseconomiques.com\/wp-content\/uploads\/2024\/07\/Sar.jpg","jetpack_sharing_enabled":true,"_links":{"self":[{"href":"https:\/\/challengeseconomiques.com\/index.php?rest_route=\/wp\/v2\/posts\/6771","targetHints":{"allow":["GET"]}}],"collection":[{"href":"https:\/\/challengeseconomiques.com\/index.php?rest_route=\/wp\/v2\/posts"}],"about":[{"href":"https:\/\/challengeseconomiques.com\/index.php?rest_route=\/wp\/v2\/types\/post"}],"author":[{"embeddable":true,"href":"https:\/\/challengeseconomiques.com\/index.php?rest_route=\/wp\/v2\/users\/1"}],"replies":[{"embeddable":true,"href":"https:\/\/challengeseconomiques.com\/index.php?rest_route=%2Fwp%2Fv2%2Fcomments&post=6771"}],"version-history":[{"count":1,"href":"https:\/\/challengeseconomiques.com\/index.php?rest_route=\/wp\/v2\/posts\/6771\/revisions"}],"predecessor-version":[{"id":6773,"href":"https:\/\/challengeseconomiques.com\/index.php?rest_route=\/wp\/v2\/posts\/6771\/revisions\/6773"}],"wp:featuredmedia":[{"embeddable":true,"href":"https:\/\/challengeseconomiques.com\/index.php?rest_route=\/wp\/v2\/media\/6772"}],"wp:attachment":[{"href":"https:\/\/challengeseconomiques.com\/index.php?rest_route=%2Fwp%2Fv2%2Fmedia&parent=6771"}],"wp:term":[{"taxonomy":"category","embeddable":true,"href":"https:\/\/challengeseconomiques.com\/index.php?rest_route=%2Fwp%2Fv2%2Fcategories&post=6771"},{"taxonomy":"post_tag","embeddable":true,"href":"https:\/\/challengeseconomiques.com\/index.php?rest_route=%2Fwp%2Fv2%2Ftags&post=6771"}],"curies":[{"name":"wp","href":"https:\/\/api.w.org\/{rel}","templated":true}]}}