{"id":6760,"date":"2024-07-26T11:01:21","date_gmt":"2024-07-26T11:01:21","guid":{"rendered":"https:\/\/challengeseconomiques.com\/?p=6760"},"modified":"2024-07-26T11:02:24","modified_gmt":"2024-07-26T11:02:24","slug":"un-commerce-intra-cedeao-insuffisant","status":"publish","type":"post","link":"https:\/\/challengeseconomiques.com\/?p=6760","title":{"rendered":"Un commerce intra CEDEAO insuffisant"},"content":{"rendered":"<p><strong>La BIDC pointe le retard pris par le libre-\u00e9change en Afrique de l\u2019Ouest, suppos\u00e9e pourtant constituer une zone int\u00e9gr\u00e9e. Encourager le carburant et les engrais constitue une piste pour r\u00e9pondre \u00e0 ce d\u00e9fi.<\/strong><\/p>\n<p>&nbsp;<\/p>\n<p>La croissance \u00e9conomique en Afrique de l\u2019Ouest (UEMOA) devrait atteindre 6,0\u00a0% en 2024 et 6,5\u00a0% en 2025, pronostique la BIDC (Banque d\u2019investissement et de d\u00e9veloppement de la CEDEAO). L\u2019institution publie ses <em>Perspectives de d\u00e9veloppement en Afrique de l\u2019Ouest<\/em>, dont le titre est \u00ab\u00a0<em>Renforcer la r\u00e9silience face aux chocs r\u00e9currents<\/em>\u00a0\u00bb.<\/p>\n<p>Ses \u00e9conomistes estiment que les pressions inflationnistes devraient s\u2019att\u00e9nuer, entra\u00eenant une baisse de l\u2019inflation en fin de p\u00e9riode et de l\u2019inflation moyenne en 2024 et 2025. Pour autant, l\u2019inflation moyenne dans la CEDEAO devrait s\u2019\u00e9tablir \u00e0 20,0 % \u00e0 la fin de l\u2019ann\u00e9e 2024 et \u00e0 16,4% fin 2025.<\/p>\n<blockquote><p>Bien que les \u00e9changes au sein de la sous-r\u00e9gion soient faibles, il existe des interd\u00e9pendances pour certains biens et services essentiels qui seront assez difficiles \u00e0 remplacer.<\/p><\/blockquote>\n<p>Une inflation bien mieux ma\u00eetris\u00e9e dans la zone UEMOA, \u00e0 3,1% en 224 et 2,5% en 2025, gr\u00e2ce \u00e0 la stabilit\u00e9 de la monnaie et \u00e0 la baisse attendue des prix des denr\u00e9es alimentaires. De m\u00eame, la zone devrait enregistrer une am\u00e9lioration de son solde budg\u00e9taire, le d\u00e9ficit se stabilisant autour de 4,5% du PIB cette ann\u00e9e avant de revenir \u00e0 3,9% l\u2019an prochain. Le tout, dans un contexte de l\u00e9g\u00e8re d\u00e9crue de l\u2019endettement, qui pourrait revenir \u00e0 52,4% du PIB en 2025 dans la CEDEAO.<\/p>\n<p>Les \u00e9conomistes distinguent divers facteurs d\u2019am\u00e9lioration, notamment les recettes exceptionnelles provenant des mati\u00e8res premi\u00e8res et la stabilisation et les baisses \u00e9ventuelles des taux d\u2019int\u00e9r\u00eat et leur impact sur les co\u00fbts de financement.<\/p>\n<p>\u00c0 l\u2019inverse, tout risque de d\u00e9gradation n\u2019est pas \u00e9cart\u00e9. Ils tiennent \u00e0 des facteurs ext\u00e9rieurs, comme une escalade du conflit au Moyen-Orient ou l\u2019augmentation des prix du p\u00e9trole brut, ainsi qu\u2019\u00e0 des d\u00e9fis internes, comme l\u2019insuffisance de l\u2019approvisionnement en \u00e9lectricit\u00e9, la pression sur les taux de change. Sans oublier la menace de l\u2019ins\u00e9curit\u00e9 et des \u00e9v\u00e9nements m\u00e9t\u00e9orologiques d\u00e9favorables.<\/p>\n<p>Dans ces conditions, l\u2019Afrique de l\u2019Ouest \u2013 le constat n\u2019est pas nouveau\u00a0\u2013, doit am\u00e9liorer sa r\u00e9silience. Faisant le constat des \u00ab\u00a0chocs\u00a0\u00bb qui empoisonnent la vie des Africains, les \u00e9conomistes consid\u00e8rent qu\u2019il est \u00ab\u00a0<em>imp\u00e9ratif<\/em>\u00a0\u00bb de se pr\u00e9parer \u00e0 ces chocs en s\u2019attaquant aux facteurs qui les d\u00e9clenchent ou les amplifient.<\/p>\n<p>Et d\u2019\u00e9mettre diverses propositions visant \u00e0 renforcer la r\u00e9silience, comme la s\u00e9curisation de la production agricole par la culture de plantes r\u00e9sistantes \u00e0 la s\u00e9cheresse, la diversification des cultures et l\u2019assurance indicielle, essentielles pour lutter contre l\u2019ins\u00e9curit\u00e9 alimentaire.<\/p>\n<p>&nbsp;<\/p>\n<p><strong>Un libre-\u00e9change peu dynamique<\/strong><\/p>\n<p>En outre, la transformation des mati\u00e8res premi\u00e8res en produits finis avant l\u2019exportation, apportera une plus-value non seulement au secteur agricole, mais \u00e9galement aux services, notent les \u00e9conomistes de la BIDC. \u00ab\u00a0<em>Cela permettra aux \u00c9tats membres de se positionner dans les domaines les plus strat\u00e9giques de la cha\u00eene de valeur et de mieux n\u00e9gocier avec leurs partenaires commerciaux, \u00e9tant donn\u00e9 que la transformation aura permis de prolonger la dur\u00e9e de conservation des denr\u00e9es p\u00e9rissables, \u00e9liminant ainsi l\u2019urgence de vendre rapidement.\u00a0<\/em>\u00bb<\/p>\n<figure id=\"attachment_83448\" class=\"wp-caption aligncenter\" aria-describedby=\"caption-attachment-83448\"><img fetchpriority=\"high\" decoding=\"async\" class=\"wp-image-83448 lazyloaded\" src=\"https:\/\/magazinedelafrique.com\/wp-content\/uploads\/2024\/07\/BIDC-graphique-300x245.jpg\" sizes=\"(max-width: 460px) 100vw, 460px\" srcset=\"https:\/\/magazinedelafrique.com\/wp-content\/uploads\/2024\/07\/BIDC-graphique-300x245.jpg 300w, https:\/\/magazinedelafrique.com\/wp-content\/uploads\/2024\/07\/BIDC-graphique.jpg 682w\" alt=\"Part des pays membres dans le commerce intra-CEDEAO.\" width=\"460\" height=\"376\" data-src=\"https:\/\/magazinedelafrique.com\/wp-content\/uploads\/2024\/07\/BIDC-graphique-300x245.jpg\" data-srcset=\"https:\/\/magazinedelafrique.com\/wp-content\/uploads\/2024\/07\/BIDC-graphique-300x245.jpg 300w, https:\/\/magazinedelafrique.com\/wp-content\/uploads\/2024\/07\/BIDC-graphique.jpg 682w\" data-sizes=\"(max-width: 460px) 100vw, 460px\" \/><figcaption id=\"caption-attachment-83448\" class=\"wp-caption-text\">Part des pays membres dans le commerce intra-CEDEAO.<\/figcaption><\/figure>\n<p>&nbsp;<\/p>\n<p>Plus sp\u00e9cifiquement, le rapport s\u2019interroge sur la place du libre-\u00e9change \u00e0 l\u2019\u00e9chelle de la sous-r\u00e9gion. En effet, la CEDEAO et une zone de libre-\u00e9change, cens\u00e9e promouvoir le commerce intrar\u00e9gional en rendant les biens et services produits au sein d\u2019une zone g\u00e9ographique moins chers que ceux produits en dehors de cette zone.<\/p>\n<p>Le constat n\u2019est gu\u00e8re flatteur\u00a0: \u00ab\u00a0<em>Apr\u00e8s des d\u00e9cennies de mise en place d\u2019une zone de libre-\u00e9change, la r\u00e9gion de la CEDEAO peine toujours \u00e0 stimuler le commerce intrar\u00e9gional, avec des \u00e9changes intra-CEDEAO inf\u00e9rieurs \u00e0 12 %.<\/em>\u00a0\u00bb<\/p>\n<p>Cette situation constitue un d\u00e9fi majeur pour l\u2019int\u00e9gration \u00e9conomique et, plus encore, pour la pleine r\u00e9alisation des avantages de l\u2019unification mon\u00e9taire, qui est rest\u00e9e un objectif de la Communaut\u00e9 depuis sa cr\u00e9ation. L\u2019essence m\u00eame de l\u2019unification mon\u00e9taire r\u00e9side dans la r\u00e9duction des co\u00fbts de transaction, engendr\u00e9s par la conversion mon\u00e9taire n\u00e9cessaire au commerce. Avec des \u00e9changes commerciaux de l\u2019ordre de 12\u00a0%, \u00ab\u00a0la possibilit\u00e9 de r\u00e9aliser des gains significatifs gr\u00e2ce \u00e0 l\u2019utilisation d\u2019une monnaie unique est assez faible, sauf en cas d\u2019am\u00e9lioration ex-post du commerce\u00a0\u00bb, commentent les \u00e9conomistes.<\/p>\n<p>Toutefois, l\u2019exp\u00e9rience de l\u2019UEMOA \u2013 une union mon\u00e9taire active depuis plus de cinq d\u00e9cennies\u00a0\u2013, montre que l\u2019utilisation d\u2019une monnaie unique \u00e0 elle seule n\u2019entra\u00eene pas n\u00e9cessairement une am\u00e9lioration ex-post du commerce. Les exportations au sein de la sous-r\u00e9gion sont domin\u00e9es par les r\u00e9exportations, avec en t\u00eate la Gambie, dont les exportations vers la CEDEAO repr\u00e9sentent 61,5\u00a0% du total de ses exportations, dont 44,7% vers le seul Mali.<\/p>\n<p>Le Togo suit avec 54,3\u00a0% du total de ses exportations vers les \u00c9tats membres de la CEDEAO, dont 12,5% vers le Burkina Faso, 9,4% vers le B\u00e9nin et 8,4% vers la C\u00f4te d\u2019Ivoire.<\/p>\n<p>Onze \u00c9tats membres exportent moins de 30\u00a0% de leurs marchandises vers d\u2019autres \u00c9tats membres, \u00e0 l\u2019exception de la Gambie, du Niger, du S\u00e9n\u00e9gal et du Togo. En revanche, le Mali affiche la plus grande part d\u2019importations en provenance de la sous-r\u00e9gion, 53,5% de ses importations. Le Mali importe principalement du S\u00e9n\u00e9gal (23,8 %), de la C\u00f4te d\u2019Ivoire (18,9 %) et de la Guin\u00e9e (3,1 %).<\/p>\n<p>&nbsp;<\/p>\n<p><strong>Des progr\u00e8s sont possibles<\/strong><\/p>\n<p><img decoding=\"async\" class=\"wp-image-83447 alignright lazyloaded\" src=\"https:\/\/magazinedelafrique.com\/wp-content\/uploads\/2024\/07\/BIDC-Perspectives-juillet-2024-couv-212x300.jpg\" sizes=\"(max-width: 270px) 100vw, 270px\" srcset=\"https:\/\/magazinedelafrique.com\/wp-content\/uploads\/2024\/07\/BIDC-Perspectives-juillet-2024-couv-212x300.jpg 212w, https:\/\/magazinedelafrique.com\/wp-content\/uploads\/2024\/07\/BIDC-Perspectives-juillet-2024-couv.jpg 542w\" alt=\"\" width=\"270\" height=\"383\" data-src=\"https:\/\/magazinedelafrique.com\/wp-content\/uploads\/2024\/07\/BIDC-Perspectives-juillet-2024-couv-212x300.jpg\" data-srcset=\"https:\/\/magazinedelafrique.com\/wp-content\/uploads\/2024\/07\/BIDC-Perspectives-juillet-2024-couv-212x300.jpg 212w, https:\/\/magazinedelafrique.com\/wp-content\/uploads\/2024\/07\/BIDC-Perspectives-juillet-2024-couv.jpg 542w\" data-sizes=\"(max-width: 270px) 100vw, 270px\" \/><\/p>\n<p>Le commerce au sein de la sous-r\u00e9gion sont, selon les derni\u00e8res donn\u00e9es, largement domin\u00e9 par les combustibles min\u00e9raux, les huiles min\u00e9rales et les produits de leur distillation ; les substances bitumineuses ; les min\u00e9raux et les composantes \u00ab\u00a0<em>sel ; soufre ; terres et pierres ; mat\u00e9riaux de pl\u00e2trage, chaux et ciment<\/em> \u00bb.<\/p>\n<p>Tout cela souligne le d\u00e9fi que repr\u00e9sente la faiblesse commerce intra-CEDEAO, compte tenu de la taille de certains \u00c9tats membres qui ont moins de 10\u00a0% d\u2019\u00e9changes avec des partenaires sous-r\u00e9gionaux. Pourtant, insistent les \u00e9conomistes, bien que les \u00e9changes au sein de la sous-r\u00e9gion soient faibles, il existe des interd\u00e9pendances pour certains biens et services essentiels qui seront assez difficiles \u00e0 remplacer, en particulier pour les pays enclav\u00e9s dont les importations de carburants et d\u2019huiles passent par les pays c\u00f4tiers et pour les pays c\u00f4tiers dont les besoins en l\u00e9gumes et en viande sont satisfaits par ces pays enclav\u00e9s.<\/p>\n<p>Voil\u00e0 pourquoi, concluent-ils, il est possible de soutenir le commerce intrar\u00e9gional par le biais du commerce des carburants et des engrais, \u00e9tant donn\u00e9 l\u2019essor des capacit\u00e9s de raffinage du p\u00e9trole brut et de production d\u2019engrais dans la sous-r\u00e9gion. Les pays peuvent renforcer leurs interd\u00e9pendances en \u00e9tablissant des lignes de financement commercial solides pour les soutenir, au cas o\u00f9 les comptes ouverts ne seraient pas ad\u00e9quats pour les fournisseurs.<\/p>\n<p><strong>Le Magazine de l&rsquo;Afrique<\/strong><\/p>\n","protected":false},"excerpt":{"rendered":"<p>La BIDC pointe le retard pris par le libre-\u00e9change en Afrique de l\u2019Ouest, suppos\u00e9e pourtant constituer une zone int\u00e9gr\u00e9e. Encourager le carburant et les engrais&#8230;<\/p>\n","protected":false},"author":1,"featured_media":6761,"comment_status":"closed","ping_status":"open","sticky":false,"template":"","format":"standard","meta":{"_jetpack_memberships_contains_paid_content":false,"footnotes":""},"categories":[8],"tags":[],"class_list":["post-6760","post","type-post","status-publish","format-standard","has-post-thumbnail","hentry","category-actualite-economique","wpcat-8-id"],"yoast_head":"<!-- This site is optimized with the Yoast SEO plugin v27.1.1 - https:\/\/yoast.com\/product\/yoast-seo-wordpress\/ -->\n<title>Un commerce intra CEDEAO insuffisant - challenges economiques<\/title>\n<meta name=\"robots\" content=\"index, follow, max-snippet:-1, max-image-preview:large, max-video-preview:-1\" \/>\n<link rel=\"canonical\" href=\"https:\/\/challengeseconomiques.com\/?p=6760\" \/>\n<meta property=\"og:locale\" content=\"fr_FR\" \/>\n<meta property=\"og:type\" content=\"article\" \/>\n<meta property=\"og:title\" content=\"Un commerce intra CEDEAO insuffisant - challenges economiques\" \/>\n<meta property=\"og:description\" content=\"La BIDC pointe le retard pris par le libre-\u00e9change en Afrique de l\u2019Ouest, suppos\u00e9e pourtant constituer une zone int\u00e9gr\u00e9e. Encourager le carburant et les engrais...\" \/>\n<meta property=\"og:url\" content=\"https:\/\/challengeseconomiques.com\/?p=6760\" \/>\n<meta property=\"og:site_name\" content=\"challenges economiques\" \/>\n<meta property=\"article:published_time\" content=\"2024-07-26T11:01:21+00:00\" \/>\n<meta property=\"article:modified_time\" content=\"2024-07-26T11:02:24+00:00\" \/>\n<meta property=\"og:image\" content=\"https:\/\/challengeseconomiques.com\/wp-content\/uploads\/2024\/07\/BIDC-siege-770x470-1.webp\" \/>\n\t<meta property=\"og:image:width\" content=\"770\" \/>\n\t<meta property=\"og:image:height\" content=\"470\" \/>\n\t<meta property=\"og:image:type\" content=\"image\/webp\" \/>\n<meta name=\"author\" content=\"admin\" \/>\n<meta name=\"twitter:card\" content=\"summary_large_image\" \/>\n<meta name=\"twitter:label1\" content=\"\u00c9crit par\" \/>\n\t<meta name=\"twitter:data1\" content=\"admin\" \/>\n\t<meta name=\"twitter:label2\" content=\"Dur\u00e9e de lecture estim\u00e9e\" \/>\n\t<meta name=\"twitter:data2\" content=\"6 minutes\" \/>\n<script type=\"application\/ld+json\" class=\"yoast-schema-graph\">{\"@context\":\"https:\/\/schema.org\",\"@graph\":[{\"@type\":\"Article\",\"@id\":\"https:\/\/challengeseconomiques.com\/?p=6760#article\",\"isPartOf\":{\"@id\":\"https:\/\/challengeseconomiques.com\/?p=6760\"},\"author\":{\"name\":\"admin\",\"@id\":\"https:\/\/challengeseconomiques.com\/#\/schema\/person\/b4568c9afebc5a9238a771873801e349\"},\"headline\":\"Un commerce intra CEDEAO insuffisant\",\"datePublished\":\"2024-07-26T11:01:21+00:00\",\"dateModified\":\"2024-07-26T11:02:24+00:00\",\"mainEntityOfPage\":{\"@id\":\"https:\/\/challengeseconomiques.com\/?p=6760\"},\"wordCount\":1217,\"image\":{\"@id\":\"https:\/\/challengeseconomiques.com\/?p=6760#primaryimage\"},\"thumbnailUrl\":\"https:\/\/challengeseconomiques.com\/wp-content\/uploads\/2024\/07\/BIDC-siege-770x470-1.webp\",\"articleSection\":[\"Actualit\u00e9 \u00e9conomique\"],\"inLanguage\":\"fr-FR\"},{\"@type\":\"WebPage\",\"@id\":\"https:\/\/challengeseconomiques.com\/?p=6760\",\"url\":\"https:\/\/challengeseconomiques.com\/?p=6760\",\"name\":\"Un commerce intra CEDEAO insuffisant - challenges economiques\",\"isPartOf\":{\"@id\":\"https:\/\/challengeseconomiques.com\/#website\"},\"primaryImageOfPage\":{\"@id\":\"https:\/\/challengeseconomiques.com\/?p=6760#primaryimage\"},\"image\":{\"@id\":\"https:\/\/challengeseconomiques.com\/?p=6760#primaryimage\"},\"thumbnailUrl\":\"https:\/\/challengeseconomiques.com\/wp-content\/uploads\/2024\/07\/BIDC-siege-770x470-1.webp\",\"datePublished\":\"2024-07-26T11:01:21+00:00\",\"dateModified\":\"2024-07-26T11:02:24+00:00\",\"author\":{\"@id\":\"https:\/\/challengeseconomiques.com\/#\/schema\/person\/b4568c9afebc5a9238a771873801e349\"},\"breadcrumb\":{\"@id\":\"https:\/\/challengeseconomiques.com\/?p=6760#breadcrumb\"},\"inLanguage\":\"fr-FR\",\"potentialAction\":[{\"@type\":\"ReadAction\",\"target\":[\"https:\/\/challengeseconomiques.com\/?p=6760\"]}]},{\"@type\":\"ImageObject\",\"inLanguage\":\"fr-FR\",\"@id\":\"https:\/\/challengeseconomiques.com\/?p=6760#primaryimage\",\"url\":\"https:\/\/challengeseconomiques.com\/wp-content\/uploads\/2024\/07\/BIDC-siege-770x470-1.webp\",\"contentUrl\":\"https:\/\/challengeseconomiques.com\/wp-content\/uploads\/2024\/07\/BIDC-siege-770x470-1.webp\",\"width\":770,\"height\":470},{\"@type\":\"BreadcrumbList\",\"@id\":\"https:\/\/challengeseconomiques.com\/?p=6760#breadcrumb\",\"itemListElement\":[{\"@type\":\"ListItem\",\"position\":1,\"name\":\"Home\",\"item\":\"https:\/\/challengeseconomiques.com\/\"},{\"@type\":\"ListItem\",\"position\":2,\"name\":\"Un commerce intra CEDEAO insuffisant\"}]},{\"@type\":\"WebSite\",\"@id\":\"https:\/\/challengeseconomiques.com\/#website\",\"url\":\"https:\/\/challengeseconomiques.com\/\",\"name\":\"challenges economiques\",\"description\":\"\",\"potentialAction\":[{\"@type\":\"SearchAction\",\"target\":{\"@type\":\"EntryPoint\",\"urlTemplate\":\"https:\/\/challengeseconomiques.com\/?s={search_term_string}\"},\"query-input\":{\"@type\":\"PropertyValueSpecification\",\"valueRequired\":true,\"valueName\":\"search_term_string\"}}],\"inLanguage\":\"fr-FR\"},{\"@type\":\"Person\",\"@id\":\"https:\/\/challengeseconomiques.com\/#\/schema\/person\/b4568c9afebc5a9238a771873801e349\",\"name\":\"admin\",\"image\":{\"@type\":\"ImageObject\",\"inLanguage\":\"fr-FR\",\"@id\":\"https:\/\/challengeseconomiques.com\/#\/schema\/person\/image\/\",\"url\":\"https:\/\/secure.gravatar.com\/avatar\/099e42240b5eea11acdb72751fcce0dd918603f0749d24974b7984ea47ed9fd9?s=96&d=mm&r=g\",\"contentUrl\":\"https:\/\/secure.gravatar.com\/avatar\/099e42240b5eea11acdb72751fcce0dd918603f0749d24974b7984ea47ed9fd9?s=96&d=mm&r=g\",\"caption\":\"admin\"},\"sameAs\":[\"https:\/\/challengeseconomiques.com\"],\"url\":\"https:\/\/challengeseconomiques.com\/?author=1\"}]}<\/script>\n<!-- \/ Yoast SEO plugin. -->","yoast_head_json":{"title":"Un commerce intra CEDEAO insuffisant - challenges economiques","robots":{"index":"index","follow":"follow","max-snippet":"max-snippet:-1","max-image-preview":"max-image-preview:large","max-video-preview":"max-video-preview:-1"},"canonical":"https:\/\/challengeseconomiques.com\/?p=6760","og_locale":"fr_FR","og_type":"article","og_title":"Un commerce intra CEDEAO insuffisant - challenges economiques","og_description":"La BIDC pointe le retard pris par le libre-\u00e9change en Afrique de l\u2019Ouest, suppos\u00e9e pourtant constituer une zone int\u00e9gr\u00e9e. Encourager le carburant et les engrais...","og_url":"https:\/\/challengeseconomiques.com\/?p=6760","og_site_name":"challenges economiques","article_published_time":"2024-07-26T11:01:21+00:00","article_modified_time":"2024-07-26T11:02:24+00:00","og_image":[{"width":770,"height":470,"url":"https:\/\/challengeseconomiques.com\/wp-content\/uploads\/2024\/07\/BIDC-siege-770x470-1.webp","type":"image\/webp"}],"author":"admin","twitter_card":"summary_large_image","twitter_misc":{"\u00c9crit par":"admin","Dur\u00e9e de lecture estim\u00e9e":"6 minutes"},"schema":{"@context":"https:\/\/schema.org","@graph":[{"@type":"Article","@id":"https:\/\/challengeseconomiques.com\/?p=6760#article","isPartOf":{"@id":"https:\/\/challengeseconomiques.com\/?p=6760"},"author":{"name":"admin","@id":"https:\/\/challengeseconomiques.com\/#\/schema\/person\/b4568c9afebc5a9238a771873801e349"},"headline":"Un commerce intra CEDEAO insuffisant","datePublished":"2024-07-26T11:01:21+00:00","dateModified":"2024-07-26T11:02:24+00:00","mainEntityOfPage":{"@id":"https:\/\/challengeseconomiques.com\/?p=6760"},"wordCount":1217,"image":{"@id":"https:\/\/challengeseconomiques.com\/?p=6760#primaryimage"},"thumbnailUrl":"https:\/\/challengeseconomiques.com\/wp-content\/uploads\/2024\/07\/BIDC-siege-770x470-1.webp","articleSection":["Actualit\u00e9 \u00e9conomique"],"inLanguage":"fr-FR"},{"@type":"WebPage","@id":"https:\/\/challengeseconomiques.com\/?p=6760","url":"https:\/\/challengeseconomiques.com\/?p=6760","name":"Un commerce intra CEDEAO insuffisant - challenges economiques","isPartOf":{"@id":"https:\/\/challengeseconomiques.com\/#website"},"primaryImageOfPage":{"@id":"https:\/\/challengeseconomiques.com\/?p=6760#primaryimage"},"image":{"@id":"https:\/\/challengeseconomiques.com\/?p=6760#primaryimage"},"thumbnailUrl":"https:\/\/challengeseconomiques.com\/wp-content\/uploads\/2024\/07\/BIDC-siege-770x470-1.webp","datePublished":"2024-07-26T11:01:21+00:00","dateModified":"2024-07-26T11:02:24+00:00","author":{"@id":"https:\/\/challengeseconomiques.com\/#\/schema\/person\/b4568c9afebc5a9238a771873801e349"},"breadcrumb":{"@id":"https:\/\/challengeseconomiques.com\/?p=6760#breadcrumb"},"inLanguage":"fr-FR","potentialAction":[{"@type":"ReadAction","target":["https:\/\/challengeseconomiques.com\/?p=6760"]}]},{"@type":"ImageObject","inLanguage":"fr-FR","@id":"https:\/\/challengeseconomiques.com\/?p=6760#primaryimage","url":"https:\/\/challengeseconomiques.com\/wp-content\/uploads\/2024\/07\/BIDC-siege-770x470-1.webp","contentUrl":"https:\/\/challengeseconomiques.com\/wp-content\/uploads\/2024\/07\/BIDC-siege-770x470-1.webp","width":770,"height":470},{"@type":"BreadcrumbList","@id":"https:\/\/challengeseconomiques.com\/?p=6760#breadcrumb","itemListElement":[{"@type":"ListItem","position":1,"name":"Home","item":"https:\/\/challengeseconomiques.com\/"},{"@type":"ListItem","position":2,"name":"Un commerce intra CEDEAO insuffisant"}]},{"@type":"WebSite","@id":"https:\/\/challengeseconomiques.com\/#website","url":"https:\/\/challengeseconomiques.com\/","name":"challenges economiques","description":"","potentialAction":[{"@type":"SearchAction","target":{"@type":"EntryPoint","urlTemplate":"https:\/\/challengeseconomiques.com\/?s={search_term_string}"},"query-input":{"@type":"PropertyValueSpecification","valueRequired":true,"valueName":"search_term_string"}}],"inLanguage":"fr-FR"},{"@type":"Person","@id":"https:\/\/challengeseconomiques.com\/#\/schema\/person\/b4568c9afebc5a9238a771873801e349","name":"admin","image":{"@type":"ImageObject","inLanguage":"fr-FR","@id":"https:\/\/challengeseconomiques.com\/#\/schema\/person\/image\/","url":"https:\/\/secure.gravatar.com\/avatar\/099e42240b5eea11acdb72751fcce0dd918603f0749d24974b7984ea47ed9fd9?s=96&d=mm&r=g","contentUrl":"https:\/\/secure.gravatar.com\/avatar\/099e42240b5eea11acdb72751fcce0dd918603f0749d24974b7984ea47ed9fd9?s=96&d=mm&r=g","caption":"admin"},"sameAs":["https:\/\/challengeseconomiques.com"],"url":"https:\/\/challengeseconomiques.com\/?author=1"}]}},"jetpack_featured_media_url":"https:\/\/challengeseconomiques.com\/wp-content\/uploads\/2024\/07\/BIDC-siege-770x470-1.webp","jetpack_sharing_enabled":true,"_links":{"self":[{"href":"https:\/\/challengeseconomiques.com\/index.php?rest_route=\/wp\/v2\/posts\/6760","targetHints":{"allow":["GET"]}}],"collection":[{"href":"https:\/\/challengeseconomiques.com\/index.php?rest_route=\/wp\/v2\/posts"}],"about":[{"href":"https:\/\/challengeseconomiques.com\/index.php?rest_route=\/wp\/v2\/types\/post"}],"author":[{"embeddable":true,"href":"https:\/\/challengeseconomiques.com\/index.php?rest_route=\/wp\/v2\/users\/1"}],"replies":[{"embeddable":true,"href":"https:\/\/challengeseconomiques.com\/index.php?rest_route=%2Fwp%2Fv2%2Fcomments&post=6760"}],"version-history":[{"count":1,"href":"https:\/\/challengeseconomiques.com\/index.php?rest_route=\/wp\/v2\/posts\/6760\/revisions"}],"predecessor-version":[{"id":6762,"href":"https:\/\/challengeseconomiques.com\/index.php?rest_route=\/wp\/v2\/posts\/6760\/revisions\/6762"}],"wp:featuredmedia":[{"embeddable":true,"href":"https:\/\/challengeseconomiques.com\/index.php?rest_route=\/wp\/v2\/media\/6761"}],"wp:attachment":[{"href":"https:\/\/challengeseconomiques.com\/index.php?rest_route=%2Fwp%2Fv2%2Fmedia&parent=6760"}],"wp:term":[{"taxonomy":"category","embeddable":true,"href":"https:\/\/challengeseconomiques.com\/index.php?rest_route=%2Fwp%2Fv2%2Fcategories&post=6760"},{"taxonomy":"post_tag","embeddable":true,"href":"https:\/\/challengeseconomiques.com\/index.php?rest_route=%2Fwp%2Fv2%2Ftags&post=6760"}],"curies":[{"name":"wp","href":"https:\/\/api.w.org\/{rel}","templated":true}]}}