{"id":6732,"date":"2024-07-18T21:30:02","date_gmt":"2024-07-18T21:30:02","guid":{"rendered":"https:\/\/challengeseconomiques.com\/?p=6732"},"modified":"2024-07-18T21:35:59","modified_gmt":"2024-07-18T21:35:59","slug":"letat-senegalais-a-leve-1-865-milliards-de-francs-cfa-sur-le-marche-financier-de-luemoa-en-vingt-huit-ans","status":"publish","type":"post","link":"https:\/\/challengeseconomiques.com\/?p=6732","title":{"rendered":"L\u2019\u00c9tat s\u00e9n\u00e9galais a lev\u00e9 1.865 milliards de francs CFA sur le march\u00e9 financier de l\u2019UEMOA en vingt-huit ans"},"content":{"rendered":"<p><strong>Le S\u00e9n\u00e9gal a lev\u00e9 1.865 milliards de francs CFA sur le march\u00e9 financier r\u00e9gional depuis la cr\u00e9ation de l\u2019Autorit\u00e9 des march\u00e9s financiers de l\u2019Union \u00e9conomique et mon\u00e9taire ouest-africaine (AMF-UEMOA), le 3 juillet 1996, a-t-on appris, jeudi, \u00e0 Diamniadio (ouest), de Mamadou Ndiaye, conseiller technique au minist\u00e8re s\u00e9n\u00e9galais des Finances et du Budget.<\/strong><\/p>\n<p>\u2018\u2019L\u2019\u00c9tat du S\u00e9n\u00e9gal a b\u00e9n\u00e9fici\u00e9 de l\u2019accompagnement du march\u00e9 financier [de l\u2019UEMOA] depuis sa cr\u00e9ation, avec une mobilisation de plus de 1.865 milliards de francs CFA\u2019\u2019, a-t-il dit.<\/p>\n<p>M. Ndiaye intervenait \u00e0 un colloque international de l\u2019AMF-UMOA, \u00e0 l\u2019universit\u00e9 Amadou-Makhtar-Mbow de Diamniadio, \u00e0 une trentaine de kilom\u00e8tres \u00e0 l\u2019est de Dakar.<\/p>\n<p>\u2018\u2019Contribution de la recherche scientifique au d\u00e9veloppement du march\u00e9 financier r\u00e9gional pour le financement des \u00e9conomies de l\u2019Union \u00e9conomique et mon\u00e9taire ouest-africaine\u2019\u2019 est le th\u00e8me de cette rencontre scientifique.<\/p>\n<p>Selon M. Ndiaye, les sukuks, les \u00e9quivalents en finance islamique des obligations de la finance classique, repr\u00e9sentent 410 milliards de francs CFA, soit 21,98 %, des fonds lev\u00e9s par le S\u00e9n\u00e9gal sur le march\u00e9 financier r\u00e9gional, a-t-il pr\u00e9cis\u00e9.<\/p>\n<p>Le sukuk d\u00e9signe, en droit musulman, un certificat d\u2019investissement conforme \u00e0 la charia, la loi islamique.<\/p>\n<p>Les huit pays de l\u2019UEMOA ont lev\u00e9 21.000 milliards de francs CFA sur le march\u00e9 financier de ladite zone \u00e9conomique, depuis la cr\u00e9ation de l\u2019AMF-UEMOA, pour financer des programmes de d\u00e9veloppement socio\u00e9conomique, selon le fonctionnaire s\u00e9n\u00e9galais.<\/p>\n<p>\u2018\u2019En vingt-huit ans, le march\u00e9 financier a permis la mobilisation de plus de 21.000 milliards de francs CFA au profit des \u00e9conomies de l\u2019Union, dont plus de 70 % ont \u00e9t\u00e9 destin\u00e9s \u00e0 la construction d\u2019infrastructures au profit des populations\u2019\u2019, a pr\u00e9cis\u00e9 Mamadou Ndiaye.<\/p>\n<p>&nbsp;<\/p>\n<p>Selon le conseiller technique du minist\u00e8re des Finances et du Budget, le dynamisme du march\u00e9 de la finance ouest-africaine est essentiellement d\u00fb aux titres publics, c\u2019est-\u00e0-dire les titres de cr\u00e9ance r\u00e9pondant aux besoins de tr\u00e9sorerie des \u00c9tats. \u2018\u2019Les volume des \u00e9missions des titres publics sont pass\u00e9s de 30,2 milliards de francs CFA en 1999 \u00e0 1.796 milliards en 2023, ce qui repr\u00e9sente 78,5 % des \u00e9missions totales sur le march\u00e9 primaire, contre seulement 25,7 % au moment de la mise en place du march\u00e9\u2019\u2019 financier de l\u2019UEMOA, a-t-il signal\u00e9.<\/p>\n<p>Cet accroissement des titres n\u2019a pas permis un accompagnement idoine du secteur priv\u00e9 local, des PME et des PMI notamment, selon Mamadou Ndiaye.<\/p>\n<p>Il estime que \u2018\u2019cette pr\u00e9pond\u00e9rance des titres publics est certes salutaire parce qu\u2019elle traduit la volont\u00e9 des investisseurs du march\u00e9 financier communautaire d\u2019accompagner les \u00c9tats de l\u2019Union dans leur ambition de d\u00e9veloppement\u2019\u2019.<\/p>\n<p>Mais \u2018\u2019elle cache la faible couverture des besoins du secteur priv\u00e9, notamment les PME et les PMI qui constituent la part la plus importante de notre tissu \u00e9conomique\u2019\u2019, a relev\u00e9 M. Ndiaye.<\/p>\n<p>Il encourage les responsables de l\u2019Autorit\u00e9 des march\u00e9s financiers de l\u2019UEMOA, qui prenaient part au colloque, \u00e0 poursuivre et \u00e0 acc\u00e9l\u00e9rer leurs r\u00e9formes, dont la mise en place du fonds de protection des \u00e9pargnants, l\u2019\u00e9laboration d\u2019un cadre r\u00e8glementaire pour le capital-investissement et la revue de la tarification du march\u00e9 financier r\u00e9gional.<\/p>\n<p>\u2018\u2019J\u2019y ajouterai [\u2026] l\u2019\u00e9laboration de la cartographie des risques et d\u2019un syst\u00e8me de management des risques du march\u00e9 financier r\u00e9gional, le renforcement du cadre r\u00e8glementaire des op\u00e9rations de titrisation et l\u2019harmonisation de la fiscalit\u00e9 applicable aux valeurs mobili\u00e8res\u2019\u2019, a poursuivi Mamadou Ndiaye.<\/p>\n<p><strong>(APS)<\/strong><\/p>\n","protected":false},"excerpt":{"rendered":"<p>Le S\u00e9n\u00e9gal a lev\u00e9 1.865 milliards de francs CFA sur le march\u00e9 financier r\u00e9gional depuis la cr\u00e9ation de l\u2019Autorit\u00e9 des march\u00e9s financiers de l\u2019Union \u00e9conomique&#8230;<\/p>\n","protected":false},"author":1,"featured_media":6733,"comment_status":"closed","ping_status":"open","sticky":false,"template":"","format":"standard","meta":{"_jetpack_memberships_contains_paid_content":false,"footnotes":""},"categories":[8],"tags":[],"class_list":["post-6732","post","type-post","status-publish","format-standard","has-post-thumbnail","hentry","category-actualite-economique","wpcat-8-id"],"yoast_head":"<!-- This site is optimized with the Yoast SEO plugin v27.1.1 - https:\/\/yoast.com\/product\/yoast-seo-wordpress\/ -->\n<title>L\u2019\u00c9tat s\u00e9n\u00e9galais a lev\u00e9 1.865 milliards de francs CFA sur le march\u00e9 financier de l\u2019UEMOA en vingt-huit ans - challenges economiques<\/title>\n<meta name=\"robots\" content=\"index, follow, max-snippet:-1, max-image-preview:large, max-video-preview:-1\" \/>\n<link rel=\"canonical\" href=\"https:\/\/challengeseconomiques.com\/?p=6732\" \/>\n<meta property=\"og:locale\" content=\"fr_FR\" \/>\n<meta property=\"og:type\" content=\"article\" \/>\n<meta property=\"og:title\" content=\"L\u2019\u00c9tat s\u00e9n\u00e9galais a lev\u00e9 1.865 milliards de francs CFA sur le march\u00e9 financier de l\u2019UEMOA en vingt-huit ans - challenges economiques\" \/>\n<meta property=\"og:description\" content=\"Le S\u00e9n\u00e9gal a lev\u00e9 1.865 milliards de francs CFA sur le march\u00e9 financier r\u00e9gional depuis la cr\u00e9ation de l\u2019Autorit\u00e9 des march\u00e9s financiers de l\u2019Union \u00e9conomique...\" \/>\n<meta property=\"og:url\" content=\"https:\/\/challengeseconomiques.com\/?p=6732\" \/>\n<meta property=\"og:site_name\" content=\"challenges economiques\" \/>\n<meta property=\"article:published_time\" content=\"2024-07-18T21:30:02+00:00\" \/>\n<meta property=\"article:modified_time\" content=\"2024-07-18T21:35:59+00:00\" \/>\n<meta property=\"og:image\" content=\"https:\/\/challengeseconomiques.com\/wp-content\/uploads\/2024\/07\/AMFUMOA.jpg\" \/>\n\t<meta property=\"og:image:width\" content=\"275\" \/>\n\t<meta property=\"og:image:height\" content=\"183\" \/>\n\t<meta property=\"og:image:type\" content=\"image\/jpeg\" \/>\n<meta name=\"author\" content=\"admin\" \/>\n<meta name=\"twitter:card\" content=\"summary_large_image\" \/>\n<meta name=\"twitter:label1\" content=\"\u00c9crit par\" \/>\n\t<meta name=\"twitter:data1\" content=\"admin\" \/>\n\t<meta name=\"twitter:label2\" content=\"Dur\u00e9e de lecture estim\u00e9e\" \/>\n\t<meta name=\"twitter:data2\" content=\"3 minutes\" \/>\n<script type=\"application\/ld+json\" class=\"yoast-schema-graph\">{\"@context\":\"https:\/\/schema.org\",\"@graph\":[{\"@type\":\"Article\",\"@id\":\"https:\/\/challengeseconomiques.com\/?p=6732#article\",\"isPartOf\":{\"@id\":\"https:\/\/challengeseconomiques.com\/?p=6732\"},\"author\":{\"name\":\"admin\",\"@id\":\"https:\/\/challengeseconomiques.com\/#\/schema\/person\/b4568c9afebc5a9238a771873801e349\"},\"headline\":\"L\u2019\u00c9tat s\u00e9n\u00e9galais a lev\u00e9 1.865 milliards de francs CFA sur le march\u00e9 financier de l\u2019UEMOA en vingt-huit ans\",\"datePublished\":\"2024-07-18T21:30:02+00:00\",\"dateModified\":\"2024-07-18T21:35:59+00:00\",\"mainEntityOfPage\":{\"@id\":\"https:\/\/challengeseconomiques.com\/?p=6732\"},\"wordCount\":610,\"image\":{\"@id\":\"https:\/\/challengeseconomiques.com\/?p=6732#primaryimage\"},\"thumbnailUrl\":\"https:\/\/challengeseconomiques.com\/wp-content\/uploads\/2024\/07\/AMFUMOA.jpg\",\"articleSection\":[\"Actualit\u00e9 \u00e9conomique\"],\"inLanguage\":\"fr-FR\"},{\"@type\":\"WebPage\",\"@id\":\"https:\/\/challengeseconomiques.com\/?p=6732\",\"url\":\"https:\/\/challengeseconomiques.com\/?p=6732\",\"name\":\"L\u2019\u00c9tat s\u00e9n\u00e9galais a lev\u00e9 1.865 milliards de francs CFA sur le march\u00e9 financier de l\u2019UEMOA en vingt-huit ans - challenges economiques\",\"isPartOf\":{\"@id\":\"https:\/\/challengeseconomiques.com\/#website\"},\"primaryImageOfPage\":{\"@id\":\"https:\/\/challengeseconomiques.com\/?p=6732#primaryimage\"},\"image\":{\"@id\":\"https:\/\/challengeseconomiques.com\/?p=6732#primaryimage\"},\"thumbnailUrl\":\"https:\/\/challengeseconomiques.com\/wp-content\/uploads\/2024\/07\/AMFUMOA.jpg\",\"datePublished\":\"2024-07-18T21:30:02+00:00\",\"dateModified\":\"2024-07-18T21:35:59+00:00\",\"author\":{\"@id\":\"https:\/\/challengeseconomiques.com\/#\/schema\/person\/b4568c9afebc5a9238a771873801e349\"},\"breadcrumb\":{\"@id\":\"https:\/\/challengeseconomiques.com\/?p=6732#breadcrumb\"},\"inLanguage\":\"fr-FR\",\"potentialAction\":[{\"@type\":\"ReadAction\",\"target\":[\"https:\/\/challengeseconomiques.com\/?p=6732\"]}]},{\"@type\":\"ImageObject\",\"inLanguage\":\"fr-FR\",\"@id\":\"https:\/\/challengeseconomiques.com\/?p=6732#primaryimage\",\"url\":\"https:\/\/challengeseconomiques.com\/wp-content\/uploads\/2024\/07\/AMFUMOA.jpg\",\"contentUrl\":\"https:\/\/challengeseconomiques.com\/wp-content\/uploads\/2024\/07\/AMFUMOA.jpg\",\"width\":275,\"height\":183},{\"@type\":\"BreadcrumbList\",\"@id\":\"https:\/\/challengeseconomiques.com\/?p=6732#breadcrumb\",\"itemListElement\":[{\"@type\":\"ListItem\",\"position\":1,\"name\":\"Home\",\"item\":\"https:\/\/challengeseconomiques.com\/\"},{\"@type\":\"ListItem\",\"position\":2,\"name\":\"L\u2019\u00c9tat s\u00e9n\u00e9galais a lev\u00e9 1.865 milliards de francs CFA sur le march\u00e9 financier de l\u2019UEMOA en vingt-huit ans\"}]},{\"@type\":\"WebSite\",\"@id\":\"https:\/\/challengeseconomiques.com\/#website\",\"url\":\"https:\/\/challengeseconomiques.com\/\",\"name\":\"challenges economiques\",\"description\":\"\",\"potentialAction\":[{\"@type\":\"SearchAction\",\"target\":{\"@type\":\"EntryPoint\",\"urlTemplate\":\"https:\/\/challengeseconomiques.com\/?s={search_term_string}\"},\"query-input\":{\"@type\":\"PropertyValueSpecification\",\"valueRequired\":true,\"valueName\":\"search_term_string\"}}],\"inLanguage\":\"fr-FR\"},{\"@type\":\"Person\",\"@id\":\"https:\/\/challengeseconomiques.com\/#\/schema\/person\/b4568c9afebc5a9238a771873801e349\",\"name\":\"admin\",\"image\":{\"@type\":\"ImageObject\",\"inLanguage\":\"fr-FR\",\"@id\":\"https:\/\/challengeseconomiques.com\/#\/schema\/person\/image\/\",\"url\":\"https:\/\/secure.gravatar.com\/avatar\/099e42240b5eea11acdb72751fcce0dd918603f0749d24974b7984ea47ed9fd9?s=96&d=mm&r=g\",\"contentUrl\":\"https:\/\/secure.gravatar.com\/avatar\/099e42240b5eea11acdb72751fcce0dd918603f0749d24974b7984ea47ed9fd9?s=96&d=mm&r=g\",\"caption\":\"admin\"},\"sameAs\":[\"https:\/\/challengeseconomiques.com\"],\"url\":\"https:\/\/challengeseconomiques.com\/?author=1\"}]}<\/script>\n<!-- \/ Yoast SEO plugin. -->","yoast_head_json":{"title":"L\u2019\u00c9tat s\u00e9n\u00e9galais a lev\u00e9 1.865 milliards de francs CFA sur le march\u00e9 financier de l\u2019UEMOA en vingt-huit ans - challenges economiques","robots":{"index":"index","follow":"follow","max-snippet":"max-snippet:-1","max-image-preview":"max-image-preview:large","max-video-preview":"max-video-preview:-1"},"canonical":"https:\/\/challengeseconomiques.com\/?p=6732","og_locale":"fr_FR","og_type":"article","og_title":"L\u2019\u00c9tat s\u00e9n\u00e9galais a lev\u00e9 1.865 milliards de francs CFA sur le march\u00e9 financier de l\u2019UEMOA en vingt-huit ans - challenges economiques","og_description":"Le S\u00e9n\u00e9gal a lev\u00e9 1.865 milliards de francs CFA sur le march\u00e9 financier r\u00e9gional depuis la cr\u00e9ation de l\u2019Autorit\u00e9 des march\u00e9s financiers de l\u2019Union \u00e9conomique...","og_url":"https:\/\/challengeseconomiques.com\/?p=6732","og_site_name":"challenges economiques","article_published_time":"2024-07-18T21:30:02+00:00","article_modified_time":"2024-07-18T21:35:59+00:00","og_image":[{"width":275,"height":183,"url":"https:\/\/challengeseconomiques.com\/wp-content\/uploads\/2024\/07\/AMFUMOA.jpg","type":"image\/jpeg"}],"author":"admin","twitter_card":"summary_large_image","twitter_misc":{"\u00c9crit par":"admin","Dur\u00e9e de lecture estim\u00e9e":"3 minutes"},"schema":{"@context":"https:\/\/schema.org","@graph":[{"@type":"Article","@id":"https:\/\/challengeseconomiques.com\/?p=6732#article","isPartOf":{"@id":"https:\/\/challengeseconomiques.com\/?p=6732"},"author":{"name":"admin","@id":"https:\/\/challengeseconomiques.com\/#\/schema\/person\/b4568c9afebc5a9238a771873801e349"},"headline":"L\u2019\u00c9tat s\u00e9n\u00e9galais a lev\u00e9 1.865 milliards de francs CFA sur le march\u00e9 financier de l\u2019UEMOA en vingt-huit ans","datePublished":"2024-07-18T21:30:02+00:00","dateModified":"2024-07-18T21:35:59+00:00","mainEntityOfPage":{"@id":"https:\/\/challengeseconomiques.com\/?p=6732"},"wordCount":610,"image":{"@id":"https:\/\/challengeseconomiques.com\/?p=6732#primaryimage"},"thumbnailUrl":"https:\/\/challengeseconomiques.com\/wp-content\/uploads\/2024\/07\/AMFUMOA.jpg","articleSection":["Actualit\u00e9 \u00e9conomique"],"inLanguage":"fr-FR"},{"@type":"WebPage","@id":"https:\/\/challengeseconomiques.com\/?p=6732","url":"https:\/\/challengeseconomiques.com\/?p=6732","name":"L\u2019\u00c9tat s\u00e9n\u00e9galais a lev\u00e9 1.865 milliards de francs CFA sur le march\u00e9 financier de l\u2019UEMOA en vingt-huit ans - challenges economiques","isPartOf":{"@id":"https:\/\/challengeseconomiques.com\/#website"},"primaryImageOfPage":{"@id":"https:\/\/challengeseconomiques.com\/?p=6732#primaryimage"},"image":{"@id":"https:\/\/challengeseconomiques.com\/?p=6732#primaryimage"},"thumbnailUrl":"https:\/\/challengeseconomiques.com\/wp-content\/uploads\/2024\/07\/AMFUMOA.jpg","datePublished":"2024-07-18T21:30:02+00:00","dateModified":"2024-07-18T21:35:59+00:00","author":{"@id":"https:\/\/challengeseconomiques.com\/#\/schema\/person\/b4568c9afebc5a9238a771873801e349"},"breadcrumb":{"@id":"https:\/\/challengeseconomiques.com\/?p=6732#breadcrumb"},"inLanguage":"fr-FR","potentialAction":[{"@type":"ReadAction","target":["https:\/\/challengeseconomiques.com\/?p=6732"]}]},{"@type":"ImageObject","inLanguage":"fr-FR","@id":"https:\/\/challengeseconomiques.com\/?p=6732#primaryimage","url":"https:\/\/challengeseconomiques.com\/wp-content\/uploads\/2024\/07\/AMFUMOA.jpg","contentUrl":"https:\/\/challengeseconomiques.com\/wp-content\/uploads\/2024\/07\/AMFUMOA.jpg","width":275,"height":183},{"@type":"BreadcrumbList","@id":"https:\/\/challengeseconomiques.com\/?p=6732#breadcrumb","itemListElement":[{"@type":"ListItem","position":1,"name":"Home","item":"https:\/\/challengeseconomiques.com\/"},{"@type":"ListItem","position":2,"name":"L\u2019\u00c9tat s\u00e9n\u00e9galais a lev\u00e9 1.865 milliards de francs CFA sur le march\u00e9 financier de l\u2019UEMOA en vingt-huit ans"}]},{"@type":"WebSite","@id":"https:\/\/challengeseconomiques.com\/#website","url":"https:\/\/challengeseconomiques.com\/","name":"challenges economiques","description":"","potentialAction":[{"@type":"SearchAction","target":{"@type":"EntryPoint","urlTemplate":"https:\/\/challengeseconomiques.com\/?s={search_term_string}"},"query-input":{"@type":"PropertyValueSpecification","valueRequired":true,"valueName":"search_term_string"}}],"inLanguage":"fr-FR"},{"@type":"Person","@id":"https:\/\/challengeseconomiques.com\/#\/schema\/person\/b4568c9afebc5a9238a771873801e349","name":"admin","image":{"@type":"ImageObject","inLanguage":"fr-FR","@id":"https:\/\/challengeseconomiques.com\/#\/schema\/person\/image\/","url":"https:\/\/secure.gravatar.com\/avatar\/099e42240b5eea11acdb72751fcce0dd918603f0749d24974b7984ea47ed9fd9?s=96&d=mm&r=g","contentUrl":"https:\/\/secure.gravatar.com\/avatar\/099e42240b5eea11acdb72751fcce0dd918603f0749d24974b7984ea47ed9fd9?s=96&d=mm&r=g","caption":"admin"},"sameAs":["https:\/\/challengeseconomiques.com"],"url":"https:\/\/challengeseconomiques.com\/?author=1"}]}},"jetpack_featured_media_url":"https:\/\/challengeseconomiques.com\/wp-content\/uploads\/2024\/07\/AMFUMOA.jpg","jetpack_sharing_enabled":true,"_links":{"self":[{"href":"https:\/\/challengeseconomiques.com\/index.php?rest_route=\/wp\/v2\/posts\/6732","targetHints":{"allow":["GET"]}}],"collection":[{"href":"https:\/\/challengeseconomiques.com\/index.php?rest_route=\/wp\/v2\/posts"}],"about":[{"href":"https:\/\/challengeseconomiques.com\/index.php?rest_route=\/wp\/v2\/types\/post"}],"author":[{"embeddable":true,"href":"https:\/\/challengeseconomiques.com\/index.php?rest_route=\/wp\/v2\/users\/1"}],"replies":[{"embeddable":true,"href":"https:\/\/challengeseconomiques.com\/index.php?rest_route=%2Fwp%2Fv2%2Fcomments&post=6732"}],"version-history":[{"count":1,"href":"https:\/\/challengeseconomiques.com\/index.php?rest_route=\/wp\/v2\/posts\/6732\/revisions"}],"predecessor-version":[{"id":6734,"href":"https:\/\/challengeseconomiques.com\/index.php?rest_route=\/wp\/v2\/posts\/6732\/revisions\/6734"}],"wp:featuredmedia":[{"embeddable":true,"href":"https:\/\/challengeseconomiques.com\/index.php?rest_route=\/wp\/v2\/media\/6733"}],"wp:attachment":[{"href":"https:\/\/challengeseconomiques.com\/index.php?rest_route=%2Fwp%2Fv2%2Fmedia&parent=6732"}],"wp:term":[{"taxonomy":"category","embeddable":true,"href":"https:\/\/challengeseconomiques.com\/index.php?rest_route=%2Fwp%2Fv2%2Fcategories&post=6732"},{"taxonomy":"post_tag","embeddable":true,"href":"https:\/\/challengeseconomiques.com\/index.php?rest_route=%2Fwp%2Fv2%2Ftags&post=6732"}],"curies":[{"name":"wp","href":"https:\/\/api.w.org\/{rel}","templated":true}]}}