{"id":6729,"date":"2024-07-18T21:15:13","date_gmt":"2024-07-18T21:15:13","guid":{"rendered":"https:\/\/challengeseconomiques.com\/?p=6729"},"modified":"2024-07-18T21:18:54","modified_gmt":"2024-07-18T21:18:54","slug":"le-senegal-organise-un-atelier-sur-le-diagnostic-du-financement-des-risques-et-catastrophes-frc","status":"publish","type":"post","link":"https:\/\/challengeseconomiques.com\/?p=6729","title":{"rendered":"Le S\u00e9n\u00e9gal organise un atelier sur le diagnostic du financement des risques et catastrophes (FRC)"},"content":{"rendered":"<p><strong>L\u2019Etat du S\u00e9n\u00e9gal, \u00e0 travers le minist\u00e8re des finances et du budget, en collaboration avec la Banque mondiale et le secr\u00e9tariat du global shield ou bouclier mondial, organise un atelier sur le Financement des Risques climatiques et de catastrophes (FRC), les 23 et 24 juillet 2024, \u00e0 Dakar, annonce un communiqu\u00e9 transmis \u00e0 notre r\u00e9daction.<\/strong><\/p>\n<p>L\u2019atelier a pour objectif de partager avec les parties prenantes nationales impliqu\u00e9es les travaux en cours au S\u00e9n\u00e9gal ainsi que les prochaines \u00e9tapes pour le financement des risques climatiques et de catastrophes (FRC).<\/p>\n<p>De fa\u00e7on sp\u00e9cifique, cette activit\u00e9 vise \u00e0 pr\u00e9senter les conclusions du diagnostic sur le financement des risques climatiques et de catastrophes au S\u00e9n\u00e9gal \u00e9labor\u00e9 par la banque mondiale, entamer les discussions pour l\u2019\u00e9laboration d\u2019une strat\u00e9gie nationale, afin de renforcer la r\u00e9silience financi\u00e8re du pays face aux catastrophes et lancer le processus national du pays, \u00e0 l\u2019initiative de global shield.<\/p>\n<p>Le communiqu\u00e9 pr\u00e9cise que Lors du premier jour de l\u2019atelier, la banque mondiale pr\u00e9sentera les conclusions du diagnostic sur le Financement des risques climatiques et de catastrophes.<\/p>\n<p>Cette analyse vise \u00e0 aider les d\u00e9cideurs \u00e0 mieux comprendre les impacts financiers, \u00e9conomiques et budg\u00e9taires li\u00e9s aux catastrophes, ainsi que les options strat\u00e9giques permettant de renforcer la r\u00e9silience financi\u00e8re du pays.<\/p>\n<p>La banque mondiale pr\u00e9sentera \u00e9galement les travaux \u00e0 venir sur l\u2019\u00e9laboration d\u2019une strat\u00e9gie nationale sur le FRC, afin d\u2019am\u00e9liorer la protection de l\u2019Etat, des m\u00e9nages, des entreprises et des agriculteurs face aux chocs.<\/p>\n<p>Relativement au second jour, une vue d\u2019ensemble de l\u2019initiative global shield sera partag\u00e9e. Cette initiative, impuls\u00e9e conjointement par le G7 et le V20 (groupe des vingt (20) pays les plus vuln\u00e9rables aux changements climatiques), vise \u00e0 renforcer la r\u00e9silience financi\u00e8re des personnes et pays vuln\u00e9rables face aux risques climatiques croissants.<\/p>\n<p>Les m\u00e9canismes de financement du global shield seront \u00e9galement pr\u00e9sent\u00e9s. L&rsquo;\u00e9v\u00e9nement comprendra des pr\u00e9sentations, des discussions et des opportunit\u00e9s de r\u00e9seautage, offrant ainsi une plateforme pour partager des id\u00e9es et des exp\u00e9riences.<\/p>\n","protected":false},"excerpt":{"rendered":"<p>L\u2019Etat du S\u00e9n\u00e9gal, \u00e0 travers le minist\u00e8re des finances et du budget, en collaboration avec la Banque mondiale et le secr\u00e9tariat du global shield ou&#8230;<\/p>\n","protected":false},"author":1,"featured_media":6730,"comment_status":"closed","ping_status":"open","sticky":false,"template":"","format":"standard","meta":{"_jetpack_memberships_contains_paid_content":false,"footnotes":""},"categories":[8],"tags":[],"class_list":["post-6729","post","type-post","status-publish","format-standard","has-post-thumbnail","hentry","category-actualite-economique","wpcat-8-id"],"yoast_head":"<!-- This site is optimized with the Yoast SEO plugin v27.1.1 - https:\/\/yoast.com\/product\/yoast-seo-wordpress\/ -->\n<title>Le S\u00e9n\u00e9gal organise un atelier sur le diagnostic du financement des risques et catastrophes (FRC) - challenges economiques<\/title>\n<meta name=\"robots\" content=\"index, follow, max-snippet:-1, max-image-preview:large, max-video-preview:-1\" \/>\n<link rel=\"canonical\" href=\"https:\/\/challengeseconomiques.com\/?p=6729\" \/>\n<meta property=\"og:locale\" content=\"fr_FR\" \/>\n<meta property=\"og:type\" content=\"article\" \/>\n<meta property=\"og:title\" content=\"Le S\u00e9n\u00e9gal organise un atelier sur le diagnostic du financement des risques et catastrophes (FRC) - challenges economiques\" \/>\n<meta property=\"og:description\" content=\"L\u2019Etat du S\u00e9n\u00e9gal, \u00e0 travers le minist\u00e8re des finances et du budget, en collaboration avec la Banque mondiale et le secr\u00e9tariat du global shield ou...\" \/>\n<meta property=\"og:url\" content=\"https:\/\/challengeseconomiques.com\/?p=6729\" \/>\n<meta property=\"og:site_name\" content=\"challenges economiques\" \/>\n<meta property=\"article:published_time\" content=\"2024-07-18T21:15:13+00:00\" \/>\n<meta property=\"article:modified_time\" content=\"2024-07-18T21:18:54+00:00\" \/>\n<meta property=\"og:image\" content=\"https:\/\/challengeseconomiques.com\/wp-content\/uploads\/2024\/07\/riskcatastrophe.jpg\" \/>\n\t<meta property=\"og:image:width\" content=\"780\" \/>\n\t<meta property=\"og:image:height\" content=\"439\" \/>\n\t<meta property=\"og:image:type\" content=\"image\/jpeg\" \/>\n<meta name=\"author\" content=\"admin\" \/>\n<meta name=\"twitter:card\" content=\"summary_large_image\" \/>\n<meta name=\"twitter:label1\" content=\"\u00c9crit par\" \/>\n\t<meta name=\"twitter:data1\" content=\"admin\" \/>\n\t<meta name=\"twitter:label2\" content=\"Dur\u00e9e de lecture estim\u00e9e\" \/>\n\t<meta name=\"twitter:data2\" content=\"2 minutes\" \/>\n<script type=\"application\/ld+json\" class=\"yoast-schema-graph\">{\"@context\":\"https:\/\/schema.org\",\"@graph\":[{\"@type\":\"Article\",\"@id\":\"https:\/\/challengeseconomiques.com\/?p=6729#article\",\"isPartOf\":{\"@id\":\"https:\/\/challengeseconomiques.com\/?p=6729\"},\"author\":{\"name\":\"admin\",\"@id\":\"https:\/\/challengeseconomiques.com\/#\/schema\/person\/b4568c9afebc5a9238a771873801e349\"},\"headline\":\"Le S\u00e9n\u00e9gal organise un atelier sur le diagnostic du financement des risques et catastrophes (FRC)\",\"datePublished\":\"2024-07-18T21:15:13+00:00\",\"dateModified\":\"2024-07-18T21:18:54+00:00\",\"mainEntityOfPage\":{\"@id\":\"https:\/\/challengeseconomiques.com\/?p=6729\"},\"wordCount\":381,\"image\":{\"@id\":\"https:\/\/challengeseconomiques.com\/?p=6729#primaryimage\"},\"thumbnailUrl\":\"https:\/\/challengeseconomiques.com\/wp-content\/uploads\/2024\/07\/riskcatastrophe.jpg\",\"articleSection\":[\"Actualit\u00e9 \u00e9conomique\"],\"inLanguage\":\"fr-FR\"},{\"@type\":\"WebPage\",\"@id\":\"https:\/\/challengeseconomiques.com\/?p=6729\",\"url\":\"https:\/\/challengeseconomiques.com\/?p=6729\",\"name\":\"Le S\u00e9n\u00e9gal organise un atelier sur le diagnostic du financement des risques et catastrophes (FRC) - challenges economiques\",\"isPartOf\":{\"@id\":\"https:\/\/challengeseconomiques.com\/#website\"},\"primaryImageOfPage\":{\"@id\":\"https:\/\/challengeseconomiques.com\/?p=6729#primaryimage\"},\"image\":{\"@id\":\"https:\/\/challengeseconomiques.com\/?p=6729#primaryimage\"},\"thumbnailUrl\":\"https:\/\/challengeseconomiques.com\/wp-content\/uploads\/2024\/07\/riskcatastrophe.jpg\",\"datePublished\":\"2024-07-18T21:15:13+00:00\",\"dateModified\":\"2024-07-18T21:18:54+00:00\",\"author\":{\"@id\":\"https:\/\/challengeseconomiques.com\/#\/schema\/person\/b4568c9afebc5a9238a771873801e349\"},\"breadcrumb\":{\"@id\":\"https:\/\/challengeseconomiques.com\/?p=6729#breadcrumb\"},\"inLanguage\":\"fr-FR\",\"potentialAction\":[{\"@type\":\"ReadAction\",\"target\":[\"https:\/\/challengeseconomiques.com\/?p=6729\"]}]},{\"@type\":\"ImageObject\",\"inLanguage\":\"fr-FR\",\"@id\":\"https:\/\/challengeseconomiques.com\/?p=6729#primaryimage\",\"url\":\"https:\/\/challengeseconomiques.com\/wp-content\/uploads\/2024\/07\/riskcatastrophe.jpg\",\"contentUrl\":\"https:\/\/challengeseconomiques.com\/wp-content\/uploads\/2024\/07\/riskcatastrophe.jpg\",\"width\":780,\"height\":439,\"caption\":\"Rebuilding a road after eruption of Mount Merapi. Yogyakarta, Indonesia. Project: JRF. Photo: Nugroho Nurdikiawan Sunjoyo \/ World Bank Photo ID: NNS-ID009 World Bank From the World Bank Flickr site: https:\/\/flic.kr\/p\/aRAcoR\"},{\"@type\":\"BreadcrumbList\",\"@id\":\"https:\/\/challengeseconomiques.com\/?p=6729#breadcrumb\",\"itemListElement\":[{\"@type\":\"ListItem\",\"position\":1,\"name\":\"Home\",\"item\":\"https:\/\/challengeseconomiques.com\/\"},{\"@type\":\"ListItem\",\"position\":2,\"name\":\"Le S\u00e9n\u00e9gal organise un atelier sur le diagnostic du financement des risques et catastrophes (FRC)\"}]},{\"@type\":\"WebSite\",\"@id\":\"https:\/\/challengeseconomiques.com\/#website\",\"url\":\"https:\/\/challengeseconomiques.com\/\",\"name\":\"challenges economiques\",\"description\":\"\",\"potentialAction\":[{\"@type\":\"SearchAction\",\"target\":{\"@type\":\"EntryPoint\",\"urlTemplate\":\"https:\/\/challengeseconomiques.com\/?s={search_term_string}\"},\"query-input\":{\"@type\":\"PropertyValueSpecification\",\"valueRequired\":true,\"valueName\":\"search_term_string\"}}],\"inLanguage\":\"fr-FR\"},{\"@type\":\"Person\",\"@id\":\"https:\/\/challengeseconomiques.com\/#\/schema\/person\/b4568c9afebc5a9238a771873801e349\",\"name\":\"admin\",\"image\":{\"@type\":\"ImageObject\",\"inLanguage\":\"fr-FR\",\"@id\":\"https:\/\/challengeseconomiques.com\/#\/schema\/person\/image\/\",\"url\":\"https:\/\/secure.gravatar.com\/avatar\/099e42240b5eea11acdb72751fcce0dd918603f0749d24974b7984ea47ed9fd9?s=96&d=mm&r=g\",\"contentUrl\":\"https:\/\/secure.gravatar.com\/avatar\/099e42240b5eea11acdb72751fcce0dd918603f0749d24974b7984ea47ed9fd9?s=96&d=mm&r=g\",\"caption\":\"admin\"},\"sameAs\":[\"https:\/\/challengeseconomiques.com\"],\"url\":\"https:\/\/challengeseconomiques.com\/?author=1\"}]}<\/script>\n<!-- \/ Yoast SEO plugin. -->","yoast_head_json":{"title":"Le S\u00e9n\u00e9gal organise un atelier sur le diagnostic du financement des risques et catastrophes (FRC) - challenges economiques","robots":{"index":"index","follow":"follow","max-snippet":"max-snippet:-1","max-image-preview":"max-image-preview:large","max-video-preview":"max-video-preview:-1"},"canonical":"https:\/\/challengeseconomiques.com\/?p=6729","og_locale":"fr_FR","og_type":"article","og_title":"Le S\u00e9n\u00e9gal organise un atelier sur le diagnostic du financement des risques et catastrophes (FRC) - challenges economiques","og_description":"L\u2019Etat du S\u00e9n\u00e9gal, \u00e0 travers le minist\u00e8re des finances et du budget, en collaboration avec la Banque mondiale et le secr\u00e9tariat du global shield ou...","og_url":"https:\/\/challengeseconomiques.com\/?p=6729","og_site_name":"challenges economiques","article_published_time":"2024-07-18T21:15:13+00:00","article_modified_time":"2024-07-18T21:18:54+00:00","og_image":[{"width":780,"height":439,"url":"https:\/\/challengeseconomiques.com\/wp-content\/uploads\/2024\/07\/riskcatastrophe.jpg","type":"image\/jpeg"}],"author":"admin","twitter_card":"summary_large_image","twitter_misc":{"\u00c9crit par":"admin","Dur\u00e9e de lecture estim\u00e9e":"2 minutes"},"schema":{"@context":"https:\/\/schema.org","@graph":[{"@type":"Article","@id":"https:\/\/challengeseconomiques.com\/?p=6729#article","isPartOf":{"@id":"https:\/\/challengeseconomiques.com\/?p=6729"},"author":{"name":"admin","@id":"https:\/\/challengeseconomiques.com\/#\/schema\/person\/b4568c9afebc5a9238a771873801e349"},"headline":"Le S\u00e9n\u00e9gal organise un atelier sur le diagnostic du financement des risques et catastrophes (FRC)","datePublished":"2024-07-18T21:15:13+00:00","dateModified":"2024-07-18T21:18:54+00:00","mainEntityOfPage":{"@id":"https:\/\/challengeseconomiques.com\/?p=6729"},"wordCount":381,"image":{"@id":"https:\/\/challengeseconomiques.com\/?p=6729#primaryimage"},"thumbnailUrl":"https:\/\/challengeseconomiques.com\/wp-content\/uploads\/2024\/07\/riskcatastrophe.jpg","articleSection":["Actualit\u00e9 \u00e9conomique"],"inLanguage":"fr-FR"},{"@type":"WebPage","@id":"https:\/\/challengeseconomiques.com\/?p=6729","url":"https:\/\/challengeseconomiques.com\/?p=6729","name":"Le S\u00e9n\u00e9gal organise un atelier sur le diagnostic du financement des risques et catastrophes (FRC) - challenges economiques","isPartOf":{"@id":"https:\/\/challengeseconomiques.com\/#website"},"primaryImageOfPage":{"@id":"https:\/\/challengeseconomiques.com\/?p=6729#primaryimage"},"image":{"@id":"https:\/\/challengeseconomiques.com\/?p=6729#primaryimage"},"thumbnailUrl":"https:\/\/challengeseconomiques.com\/wp-content\/uploads\/2024\/07\/riskcatastrophe.jpg","datePublished":"2024-07-18T21:15:13+00:00","dateModified":"2024-07-18T21:18:54+00:00","author":{"@id":"https:\/\/challengeseconomiques.com\/#\/schema\/person\/b4568c9afebc5a9238a771873801e349"},"breadcrumb":{"@id":"https:\/\/challengeseconomiques.com\/?p=6729#breadcrumb"},"inLanguage":"fr-FR","potentialAction":[{"@type":"ReadAction","target":["https:\/\/challengeseconomiques.com\/?p=6729"]}]},{"@type":"ImageObject","inLanguage":"fr-FR","@id":"https:\/\/challengeseconomiques.com\/?p=6729#primaryimage","url":"https:\/\/challengeseconomiques.com\/wp-content\/uploads\/2024\/07\/riskcatastrophe.jpg","contentUrl":"https:\/\/challengeseconomiques.com\/wp-content\/uploads\/2024\/07\/riskcatastrophe.jpg","width":780,"height":439,"caption":"Rebuilding a road after eruption of Mount Merapi. Yogyakarta, Indonesia. Project: JRF. Photo: Nugroho Nurdikiawan Sunjoyo \/ World Bank Photo ID: NNS-ID009 World Bank From the World Bank Flickr site: https:\/\/flic.kr\/p\/aRAcoR"},{"@type":"BreadcrumbList","@id":"https:\/\/challengeseconomiques.com\/?p=6729#breadcrumb","itemListElement":[{"@type":"ListItem","position":1,"name":"Home","item":"https:\/\/challengeseconomiques.com\/"},{"@type":"ListItem","position":2,"name":"Le S\u00e9n\u00e9gal organise un atelier sur le diagnostic du financement des risques et catastrophes (FRC)"}]},{"@type":"WebSite","@id":"https:\/\/challengeseconomiques.com\/#website","url":"https:\/\/challengeseconomiques.com\/","name":"challenges economiques","description":"","potentialAction":[{"@type":"SearchAction","target":{"@type":"EntryPoint","urlTemplate":"https:\/\/challengeseconomiques.com\/?s={search_term_string}"},"query-input":{"@type":"PropertyValueSpecification","valueRequired":true,"valueName":"search_term_string"}}],"inLanguage":"fr-FR"},{"@type":"Person","@id":"https:\/\/challengeseconomiques.com\/#\/schema\/person\/b4568c9afebc5a9238a771873801e349","name":"admin","image":{"@type":"ImageObject","inLanguage":"fr-FR","@id":"https:\/\/challengeseconomiques.com\/#\/schema\/person\/image\/","url":"https:\/\/secure.gravatar.com\/avatar\/099e42240b5eea11acdb72751fcce0dd918603f0749d24974b7984ea47ed9fd9?s=96&d=mm&r=g","contentUrl":"https:\/\/secure.gravatar.com\/avatar\/099e42240b5eea11acdb72751fcce0dd918603f0749d24974b7984ea47ed9fd9?s=96&d=mm&r=g","caption":"admin"},"sameAs":["https:\/\/challengeseconomiques.com"],"url":"https:\/\/challengeseconomiques.com\/?author=1"}]}},"jetpack_featured_media_url":"https:\/\/challengeseconomiques.com\/wp-content\/uploads\/2024\/07\/riskcatastrophe.jpg","jetpack_sharing_enabled":true,"_links":{"self":[{"href":"https:\/\/challengeseconomiques.com\/index.php?rest_route=\/wp\/v2\/posts\/6729","targetHints":{"allow":["GET"]}}],"collection":[{"href":"https:\/\/challengeseconomiques.com\/index.php?rest_route=\/wp\/v2\/posts"}],"about":[{"href":"https:\/\/challengeseconomiques.com\/index.php?rest_route=\/wp\/v2\/types\/post"}],"author":[{"embeddable":true,"href":"https:\/\/challengeseconomiques.com\/index.php?rest_route=\/wp\/v2\/users\/1"}],"replies":[{"embeddable":true,"href":"https:\/\/challengeseconomiques.com\/index.php?rest_route=%2Fwp%2Fv2%2Fcomments&post=6729"}],"version-history":[{"count":1,"href":"https:\/\/challengeseconomiques.com\/index.php?rest_route=\/wp\/v2\/posts\/6729\/revisions"}],"predecessor-version":[{"id":6731,"href":"https:\/\/challengeseconomiques.com\/index.php?rest_route=\/wp\/v2\/posts\/6729\/revisions\/6731"}],"wp:featuredmedia":[{"embeddable":true,"href":"https:\/\/challengeseconomiques.com\/index.php?rest_route=\/wp\/v2\/media\/6730"}],"wp:attachment":[{"href":"https:\/\/challengeseconomiques.com\/index.php?rest_route=%2Fwp%2Fv2%2Fmedia&parent=6729"}],"wp:term":[{"taxonomy":"category","embeddable":true,"href":"https:\/\/challengeseconomiques.com\/index.php?rest_route=%2Fwp%2Fv2%2Fcategories&post=6729"},{"taxonomy":"post_tag","embeddable":true,"href":"https:\/\/challengeseconomiques.com\/index.php?rest_route=%2Fwp%2Fv2%2Ftags&post=6729"}],"curies":[{"name":"wp","href":"https:\/\/api.w.org\/{rel}","templated":true}]}}