{"id":6717,"date":"2024-07-16T15:53:17","date_gmt":"2024-07-16T15:53:17","guid":{"rendered":"https:\/\/challengeseconomiques.com\/?p=6717"},"modified":"2024-07-16T15:53:40","modified_gmt":"2024-07-16T15:53:40","slug":"les-previsions-de-croissance-estimees-a-97-en-2025","status":"publish","type":"post","link":"https:\/\/challengeseconomiques.com\/?p=6717","title":{"rendered":"Les pr\u00e9visions de croissance estim\u00e9es \u00e0 9,7% en 2025"},"content":{"rendered":"<p>Globalement, la croissance de l\u2019\u00e9conomie nationale est attendue en progression de 6,4% sur la p\u00e9riode de 2025-2027 avec un pic de 9,7% en 2025 co\u00efncidant avec la deuxi\u00e8me ann\u00e9e de l\u2019exploitation du p\u00e9trole et du gaz, annonce le document de programmation budg\u00e9taire et \u00e9conomique pluriannuelle (DPBEP).<\/p>\n<p>La source pr\u00e9cise que cette bonne orientation de l\u2019\u00e9conomie nationale devrait \u00eatre soutenue en moyenne sur la p\u00e9riode sous-revue par les performances du secteur secondaire (+10,3%), du secteur tertiaire (+5,1%) et du secteur primaire (+5,2%).<\/p>\n<p>Et toujours, \u00e0 propos de la croissance \u00e9conomique, le DPBEP pr\u00e9cise aussi que pour les ann\u00e9es \u00e0 venir, les pr\u00e9visions du S\u00e9n\u00e9gal, qui sont tributaires de l\u2019exploitation effective des ressources p\u00e9troli\u00e8res et gazi\u00e8res, viennent d\u2019\u00eatre confort\u00e9es par l\u2019annonce faite par la compagnie Woodside, le 11 juin 2024, de la premi\u00e8re extraction de p\u00e9trole du champ de Sangomar, au moment o\u00f9 l\u2019avancement des travaux du champ gazier GTA pr\u00e9figure un d\u00e9marrage proche.<\/p>\n<p>A cela devraient s\u2019ajouter les r\u00e9sultats attendus de la relance de certains secteurs qui font l\u2019objet d\u2019attention et de mesures de soutien de la part des nouvelles autorit\u00e9s.<\/p>\n<p>C\u2019est le cas du secteur de l\u2019agriculture qui avait largement contribu\u00e9 aux performances obtenues par le S\u00e9n\u00e9gal en 2020 dans un contexte de r\u00e9cession mondiale et qui fait l\u2019objet d\u2019attention et de mesures de soutien soutenu des nouvelles autorit\u00e9s, pour optimiser ses performances.<\/p>\n<p>Cette situation augure de bonnes perspectives pour l\u2019activit\u00e9 \u00e9conomique dans les prochaines ann\u00e9es et cr\u00e9dibilise aussi les performances attendues pour la progression des ressources financi\u00e8res internes.<\/p>\n<p>Plus qu\u2019avant, elle est devenue un enjeu de premier ordre pour un pays \u00e9rigeant comme priorit\u00e9, la souverainet\u00e9 dans des domaines tels que l\u2019agriculture et l\u2019alimentation.<\/p>\n","protected":false},"excerpt":{"rendered":"<p>Globalement, la croissance de l\u2019\u00e9conomie nationale est attendue en progression de 6,4% sur la p\u00e9riode de 2025-2027 avec un pic de 9,7% en 2025 co\u00efncidant&#8230;<\/p>\n","protected":false},"author":3,"featured_media":2508,"comment_status":"closed","ping_status":"open","sticky":false,"template":"","format":"standard","meta":{"_jetpack_memberships_contains_paid_content":false,"footnotes":""},"categories":[1],"tags":[],"class_list":["post-6717","post","type-post","status-publish","format-standard","has-post-thumbnail","hentry","category-uncategorized","wpcat-1-id"],"yoast_head":"<!-- This site is optimized with the Yoast SEO plugin v27.1.1 - https:\/\/yoast.com\/product\/yoast-seo-wordpress\/ -->\n<title>Les pr\u00e9visions de croissance estim\u00e9es \u00e0 9,7% en 2025 - challenges economiques<\/title>\n<meta name=\"robots\" content=\"index, follow, max-snippet:-1, max-image-preview:large, max-video-preview:-1\" \/>\n<link rel=\"canonical\" href=\"https:\/\/challengeseconomiques.com\/?p=6717\" \/>\n<meta property=\"og:locale\" content=\"fr_FR\" \/>\n<meta property=\"og:type\" content=\"article\" \/>\n<meta property=\"og:title\" content=\"Les pr\u00e9visions de croissance estim\u00e9es \u00e0 9,7% en 2025 - challenges economiques\" \/>\n<meta property=\"og:description\" content=\"Globalement, la croissance de l\u2019\u00e9conomie nationale est attendue en progression de 6,4% sur la p\u00e9riode de 2025-2027 avec un pic de 9,7% en 2025 co\u00efncidant...\" \/>\n<meta property=\"og:url\" content=\"https:\/\/challengeseconomiques.com\/?p=6717\" \/>\n<meta property=\"og:site_name\" content=\"challenges economiques\" \/>\n<meta property=\"article:published_time\" content=\"2024-07-16T15:53:17+00:00\" \/>\n<meta property=\"article:modified_time\" content=\"2024-07-16T15:53:40+00:00\" \/>\n<meta property=\"og:image\" content=\"https:\/\/challengeseconomiques.com\/wp-content\/uploads\/2022\/01\/croissance-2.jpg\" \/>\n\t<meta property=\"og:image:width\" content=\"987\" \/>\n\t<meta property=\"og:image:height\" content=\"536\" \/>\n\t<meta property=\"og:image:type\" content=\"image\/jpeg\" \/>\n<meta name=\"author\" content=\"aliou kane ndiaye\" \/>\n<meta name=\"twitter:card\" content=\"summary_large_image\" \/>\n<meta name=\"twitter:label1\" content=\"\u00c9crit par\" \/>\n\t<meta name=\"twitter:data1\" content=\"aliou kane ndiaye\" \/>\n\t<meta name=\"twitter:label2\" content=\"Dur\u00e9e de lecture estim\u00e9e\" \/>\n\t<meta name=\"twitter:data2\" content=\"2 minutes\" \/>\n<script type=\"application\/ld+json\" class=\"yoast-schema-graph\">{\"@context\":\"https:\/\/schema.org\",\"@graph\":[{\"@type\":\"Article\",\"@id\":\"https:\/\/challengeseconomiques.com\/?p=6717#article\",\"isPartOf\":{\"@id\":\"https:\/\/challengeseconomiques.com\/?p=6717\"},\"author\":{\"name\":\"aliou kane ndiaye\",\"@id\":\"https:\/\/challengeseconomiques.com\/#\/schema\/person\/2f70a31e102db1741c1a1c00c2bbd8a6\"},\"headline\":\"Les pr\u00e9visions de croissance estim\u00e9es \u00e0 9,7% en 2025\",\"datePublished\":\"2024-07-16T15:53:17+00:00\",\"dateModified\":\"2024-07-16T15:53:40+00:00\",\"mainEntityOfPage\":{\"@id\":\"https:\/\/challengeseconomiques.com\/?p=6717\"},\"wordCount\":320,\"image\":{\"@id\":\"https:\/\/challengeseconomiques.com\/?p=6717#primaryimage\"},\"thumbnailUrl\":\"https:\/\/challengeseconomiques.com\/wp-content\/uploads\/2022\/01\/croissance-2.jpg\",\"articleSection\":[\"Uncategorized\"],\"inLanguage\":\"fr-FR\"},{\"@type\":\"WebPage\",\"@id\":\"https:\/\/challengeseconomiques.com\/?p=6717\",\"url\":\"https:\/\/challengeseconomiques.com\/?p=6717\",\"name\":\"Les pr\u00e9visions de croissance estim\u00e9es \u00e0 9,7% en 2025 - challenges economiques\",\"isPartOf\":{\"@id\":\"https:\/\/challengeseconomiques.com\/#website\"},\"primaryImageOfPage\":{\"@id\":\"https:\/\/challengeseconomiques.com\/?p=6717#primaryimage\"},\"image\":{\"@id\":\"https:\/\/challengeseconomiques.com\/?p=6717#primaryimage\"},\"thumbnailUrl\":\"https:\/\/challengeseconomiques.com\/wp-content\/uploads\/2022\/01\/croissance-2.jpg\",\"datePublished\":\"2024-07-16T15:53:17+00:00\",\"dateModified\":\"2024-07-16T15:53:40+00:00\",\"author\":{\"@id\":\"https:\/\/challengeseconomiques.com\/#\/schema\/person\/2f70a31e102db1741c1a1c00c2bbd8a6\"},\"breadcrumb\":{\"@id\":\"https:\/\/challengeseconomiques.com\/?p=6717#breadcrumb\"},\"inLanguage\":\"fr-FR\",\"potentialAction\":[{\"@type\":\"ReadAction\",\"target\":[\"https:\/\/challengeseconomiques.com\/?p=6717\"]}]},{\"@type\":\"ImageObject\",\"inLanguage\":\"fr-FR\",\"@id\":\"https:\/\/challengeseconomiques.com\/?p=6717#primaryimage\",\"url\":\"https:\/\/challengeseconomiques.com\/wp-content\/uploads\/2022\/01\/croissance-2.jpg\",\"contentUrl\":\"https:\/\/challengeseconomiques.com\/wp-content\/uploads\/2022\/01\/croissance-2.jpg\",\"width\":987,\"height\":536},{\"@type\":\"BreadcrumbList\",\"@id\":\"https:\/\/challengeseconomiques.com\/?p=6717#breadcrumb\",\"itemListElement\":[{\"@type\":\"ListItem\",\"position\":1,\"name\":\"Home\",\"item\":\"https:\/\/challengeseconomiques.com\/\"},{\"@type\":\"ListItem\",\"position\":2,\"name\":\"Les pr\u00e9visions de croissance estim\u00e9es \u00e0 9,7% en 2025\"}]},{\"@type\":\"WebSite\",\"@id\":\"https:\/\/challengeseconomiques.com\/#website\",\"url\":\"https:\/\/challengeseconomiques.com\/\",\"name\":\"challenges economiques\",\"description\":\"\",\"potentialAction\":[{\"@type\":\"SearchAction\",\"target\":{\"@type\":\"EntryPoint\",\"urlTemplate\":\"https:\/\/challengeseconomiques.com\/?s={search_term_string}\"},\"query-input\":{\"@type\":\"PropertyValueSpecification\",\"valueRequired\":true,\"valueName\":\"search_term_string\"}}],\"inLanguage\":\"fr-FR\"},{\"@type\":\"Person\",\"@id\":\"https:\/\/challengeseconomiques.com\/#\/schema\/person\/2f70a31e102db1741c1a1c00c2bbd8a6\",\"name\":\"aliou kane ndiaye\",\"image\":{\"@type\":\"ImageObject\",\"inLanguage\":\"fr-FR\",\"@id\":\"https:\/\/challengeseconomiques.com\/#\/schema\/person\/image\/\",\"url\":\"https:\/\/secure.gravatar.com\/avatar\/df942321e58711a9f1fee838e446766660477bacd4b42fa20400d2c7cf4da7ca?s=96&d=mm&r=g\",\"contentUrl\":\"https:\/\/secure.gravatar.com\/avatar\/df942321e58711a9f1fee838e446766660477bacd4b42fa20400d2c7cf4da7ca?s=96&d=mm&r=g\",\"caption\":\"aliou kane ndiaye\"},\"sameAs\":[\"http:\/\/www.challengeseconomiques.com\"],\"url\":\"https:\/\/challengeseconomiques.com\/?author=3\"}]}<\/script>\n<!-- \/ Yoast SEO plugin. -->","yoast_head_json":{"title":"Les pr\u00e9visions de croissance estim\u00e9es \u00e0 9,7% en 2025 - challenges economiques","robots":{"index":"index","follow":"follow","max-snippet":"max-snippet:-1","max-image-preview":"max-image-preview:large","max-video-preview":"max-video-preview:-1"},"canonical":"https:\/\/challengeseconomiques.com\/?p=6717","og_locale":"fr_FR","og_type":"article","og_title":"Les pr\u00e9visions de croissance estim\u00e9es \u00e0 9,7% en 2025 - challenges economiques","og_description":"Globalement, la croissance de l\u2019\u00e9conomie nationale est attendue en progression de 6,4% sur la p\u00e9riode de 2025-2027 avec un pic de 9,7% en 2025 co\u00efncidant...","og_url":"https:\/\/challengeseconomiques.com\/?p=6717","og_site_name":"challenges economiques","article_published_time":"2024-07-16T15:53:17+00:00","article_modified_time":"2024-07-16T15:53:40+00:00","og_image":[{"width":987,"height":536,"url":"https:\/\/challengeseconomiques.com\/wp-content\/uploads\/2022\/01\/croissance-2.jpg","type":"image\/jpeg"}],"author":"aliou kane ndiaye","twitter_card":"summary_large_image","twitter_misc":{"\u00c9crit par":"aliou kane ndiaye","Dur\u00e9e de lecture estim\u00e9e":"2 minutes"},"schema":{"@context":"https:\/\/schema.org","@graph":[{"@type":"Article","@id":"https:\/\/challengeseconomiques.com\/?p=6717#article","isPartOf":{"@id":"https:\/\/challengeseconomiques.com\/?p=6717"},"author":{"name":"aliou kane ndiaye","@id":"https:\/\/challengeseconomiques.com\/#\/schema\/person\/2f70a31e102db1741c1a1c00c2bbd8a6"},"headline":"Les pr\u00e9visions de croissance estim\u00e9es \u00e0 9,7% en 2025","datePublished":"2024-07-16T15:53:17+00:00","dateModified":"2024-07-16T15:53:40+00:00","mainEntityOfPage":{"@id":"https:\/\/challengeseconomiques.com\/?p=6717"},"wordCount":320,"image":{"@id":"https:\/\/challengeseconomiques.com\/?p=6717#primaryimage"},"thumbnailUrl":"https:\/\/challengeseconomiques.com\/wp-content\/uploads\/2022\/01\/croissance-2.jpg","articleSection":["Uncategorized"],"inLanguage":"fr-FR"},{"@type":"WebPage","@id":"https:\/\/challengeseconomiques.com\/?p=6717","url":"https:\/\/challengeseconomiques.com\/?p=6717","name":"Les pr\u00e9visions de croissance estim\u00e9es \u00e0 9,7% en 2025 - challenges economiques","isPartOf":{"@id":"https:\/\/challengeseconomiques.com\/#website"},"primaryImageOfPage":{"@id":"https:\/\/challengeseconomiques.com\/?p=6717#primaryimage"},"image":{"@id":"https:\/\/challengeseconomiques.com\/?p=6717#primaryimage"},"thumbnailUrl":"https:\/\/challengeseconomiques.com\/wp-content\/uploads\/2022\/01\/croissance-2.jpg","datePublished":"2024-07-16T15:53:17+00:00","dateModified":"2024-07-16T15:53:40+00:00","author":{"@id":"https:\/\/challengeseconomiques.com\/#\/schema\/person\/2f70a31e102db1741c1a1c00c2bbd8a6"},"breadcrumb":{"@id":"https:\/\/challengeseconomiques.com\/?p=6717#breadcrumb"},"inLanguage":"fr-FR","potentialAction":[{"@type":"ReadAction","target":["https:\/\/challengeseconomiques.com\/?p=6717"]}]},{"@type":"ImageObject","inLanguage":"fr-FR","@id":"https:\/\/challengeseconomiques.com\/?p=6717#primaryimage","url":"https:\/\/challengeseconomiques.com\/wp-content\/uploads\/2022\/01\/croissance-2.jpg","contentUrl":"https:\/\/challengeseconomiques.com\/wp-content\/uploads\/2022\/01\/croissance-2.jpg","width":987,"height":536},{"@type":"BreadcrumbList","@id":"https:\/\/challengeseconomiques.com\/?p=6717#breadcrumb","itemListElement":[{"@type":"ListItem","position":1,"name":"Home","item":"https:\/\/challengeseconomiques.com\/"},{"@type":"ListItem","position":2,"name":"Les pr\u00e9visions de croissance estim\u00e9es \u00e0 9,7% en 2025"}]},{"@type":"WebSite","@id":"https:\/\/challengeseconomiques.com\/#website","url":"https:\/\/challengeseconomiques.com\/","name":"challenges economiques","description":"","potentialAction":[{"@type":"SearchAction","target":{"@type":"EntryPoint","urlTemplate":"https:\/\/challengeseconomiques.com\/?s={search_term_string}"},"query-input":{"@type":"PropertyValueSpecification","valueRequired":true,"valueName":"search_term_string"}}],"inLanguage":"fr-FR"},{"@type":"Person","@id":"https:\/\/challengeseconomiques.com\/#\/schema\/person\/2f70a31e102db1741c1a1c00c2bbd8a6","name":"aliou kane ndiaye","image":{"@type":"ImageObject","inLanguage":"fr-FR","@id":"https:\/\/challengeseconomiques.com\/#\/schema\/person\/image\/","url":"https:\/\/secure.gravatar.com\/avatar\/df942321e58711a9f1fee838e446766660477bacd4b42fa20400d2c7cf4da7ca?s=96&d=mm&r=g","contentUrl":"https:\/\/secure.gravatar.com\/avatar\/df942321e58711a9f1fee838e446766660477bacd4b42fa20400d2c7cf4da7ca?s=96&d=mm&r=g","caption":"aliou kane ndiaye"},"sameAs":["http:\/\/www.challengeseconomiques.com"],"url":"https:\/\/challengeseconomiques.com\/?author=3"}]}},"jetpack_featured_media_url":"https:\/\/challengeseconomiques.com\/wp-content\/uploads\/2022\/01\/croissance-2.jpg","jetpack_sharing_enabled":true,"_links":{"self":[{"href":"https:\/\/challengeseconomiques.com\/index.php?rest_route=\/wp\/v2\/posts\/6717","targetHints":{"allow":["GET"]}}],"collection":[{"href":"https:\/\/challengeseconomiques.com\/index.php?rest_route=\/wp\/v2\/posts"}],"about":[{"href":"https:\/\/challengeseconomiques.com\/index.php?rest_route=\/wp\/v2\/types\/post"}],"author":[{"embeddable":true,"href":"https:\/\/challengeseconomiques.com\/index.php?rest_route=\/wp\/v2\/users\/3"}],"replies":[{"embeddable":true,"href":"https:\/\/challengeseconomiques.com\/index.php?rest_route=%2Fwp%2Fv2%2Fcomments&post=6717"}],"version-history":[{"count":1,"href":"https:\/\/challengeseconomiques.com\/index.php?rest_route=\/wp\/v2\/posts\/6717\/revisions"}],"predecessor-version":[{"id":6718,"href":"https:\/\/challengeseconomiques.com\/index.php?rest_route=\/wp\/v2\/posts\/6717\/revisions\/6718"}],"wp:featuredmedia":[{"embeddable":true,"href":"https:\/\/challengeseconomiques.com\/index.php?rest_route=\/wp\/v2\/media\/2508"}],"wp:attachment":[{"href":"https:\/\/challengeseconomiques.com\/index.php?rest_route=%2Fwp%2Fv2%2Fmedia&parent=6717"}],"wp:term":[{"taxonomy":"category","embeddable":true,"href":"https:\/\/challengeseconomiques.com\/index.php?rest_route=%2Fwp%2Fv2%2Fcategories&post=6717"},{"taxonomy":"post_tag","embeddable":true,"href":"https:\/\/challengeseconomiques.com\/index.php?rest_route=%2Fwp%2Fv2%2Ftags&post=6717"}],"curies":[{"name":"wp","href":"https:\/\/api.w.org\/{rel}","templated":true}]}}