{"id":6714,"date":"2024-07-16T15:32:15","date_gmt":"2024-07-16T15:32:15","guid":{"rendered":"https:\/\/challengeseconomiques.com\/?p=6714"},"modified":"2024-07-16T15:32:48","modified_gmt":"2024-07-16T15:32:48","slug":"premiere-edition-du-salon-du-consommer-local-pour-la-valorisation-du-savoir-faire-des-artisans","status":"publish","type":"post","link":"https:\/\/challengeseconomiques.com\/?p=6714","title":{"rendered":"Premi\u00e8re \u00e9dition du salon du consommer-local pour la valorisation du savoir-faire des artisans"},"content":{"rendered":"<p><strong>La premi\u00e8re \u00e9dition du salon du consommer local se tient du 12 au 14 juillet 2024 \u00e0 la Place du Souvenir Africain. A travers l\u2019\u00e9v\u00e9nement, la promotrice, Fanta Diatigui Diarra cherche \u00e0 jouer sa partition dans le concert d\u2019initiatives en faveur de la valorisation du savoir-faire des artisans. La Chambre de Commerce, d\u2019Industrie et d\u2019Agriculture de Dakar (CCIAD) et l\u2019Agence<\/strong> <strong>de D\u00e9veloppement et d\u2019Encadrement des Petites et Moyennes Entreprises (ADEPME), en tant que structures d\u2019appui et d\u2019encadrement, ont pris part \u00e0 la c\u00e9r\u00e9monie d\u2019ouverture. <\/strong><\/p>\n<p>Pour la promotrice du salon, Fanta Diatigui Diarra, la promotion du consommer-local est plus que primordial. Elle a soulign\u00e9 le besoin de donner plus de visibilit\u00e9 au savoir-faire local. Mme Diarra estime que la cr\u00e9ativit\u00e9 des artisans m\u00e9rite d\u2019\u00eatre soutenue \u00e0 travers de telles initiatives.<br \/>\nIntervenant au nom de la Chambre de Commerce, d\u2019Industrie et d\u2019Agriculture de Dakar (CCIAD), le chef du D\u00e9partement Promotion et D\u00e9veloppement des Entreprises \u00e0 l\u2019International (DPDEI), Khadidiatou Ndiaye Dia a garanti \u00e0 l\u2019organisatrice du soutien de l\u2019Institution Consulaire pour le rayonnement du Salon. Apr\u00e8s avoir salu\u00e9 le dynamisme des artisans, elle a invit\u00e9 ces derniers \u00e0 se rapprocher de la CCIAD pour formaliser leurs entreprises afin de b\u00e9n\u00e9ficier, en retour, d\u2019un meilleur accompagnement.<br \/>\nLe pr\u00e9sident du Conseil National des Artisans du S\u00e9n\u00e9gal, Moussa Niang a salu\u00e9 l\u2019initiative dans un contexte de souverainet\u00e9 pr\u00f4n\u00e9e par les nouvelles autorit\u00e9s \u00e9tatiques. Il a exprim\u00e9 le besoin d\u2019accompagnement pour \u00eatre comp\u00e9titif dans le cadre de la Zone de Libre Echange Continentale Africaine (ZLECAF).<br \/>\nPour sa part, l\u2019attach\u00e9e culturelle \u00e0 l\u2019Ambassade du Burkina Faso au S\u00e9n\u00e9gal, Oui Val\u00e9rie Coulibaly Nongana consid\u00e8re la mise en valeur du consommer-local comme une mani\u00e8re de repr\u00e9senter son pays.<br \/>\nDe son c\u00f4t\u00e9, la sp\u00e9cialiste genre \u00e0 l\u2019Agence de D\u00e9veloppement et d\u2019Encadrement des Petites et Moyennes Entreprises (ADEPME), Awa Dioum Diallo a magnifi\u00e9 la dimension sous-r\u00e9gionale du Salon. Elle encourage les initiatives endog\u00e8nes port\u00e9es par des entreprises locales.<\/p>\n<p><strong>(BIE)<br \/>\n<\/strong><\/p>\n","protected":false},"excerpt":{"rendered":"<p>La premi\u00e8re \u00e9dition du salon du consommer local se tient du 12 au 14 juillet 2024 \u00e0 la Place du Souvenir Africain. A travers l\u2019\u00e9v\u00e9nement,&#8230;<\/p>\n","protected":false},"author":1,"featured_media":6715,"comment_status":"closed","ping_status":"open","sticky":false,"template":"","format":"standard","meta":{"_jetpack_memberships_contains_paid_content":false,"footnotes":""},"categories":[8],"tags":[],"class_list":["post-6714","post","type-post","status-publish","format-standard","has-post-thumbnail","hentry","category-actualite-economique","wpcat-8-id"],"yoast_head":"<!-- This site is optimized with the Yoast SEO plugin v27.1.1 - https:\/\/yoast.com\/product\/yoast-seo-wordpress\/ -->\n<title>Premi\u00e8re \u00e9dition du salon du consommer-local pour la valorisation du savoir-faire des artisans - challenges economiques<\/title>\n<meta name=\"robots\" content=\"index, follow, max-snippet:-1, max-image-preview:large, max-video-preview:-1\" \/>\n<link rel=\"canonical\" href=\"https:\/\/challengeseconomiques.com\/?p=6714\" \/>\n<meta property=\"og:locale\" content=\"fr_FR\" \/>\n<meta property=\"og:type\" content=\"article\" \/>\n<meta property=\"og:title\" content=\"Premi\u00e8re \u00e9dition du salon du consommer-local pour la valorisation du savoir-faire des artisans - challenges economiques\" \/>\n<meta property=\"og:description\" content=\"La premi\u00e8re \u00e9dition du salon du consommer local se tient du 12 au 14 juillet 2024 \u00e0 la Place du Souvenir Africain. A travers l\u2019\u00e9v\u00e9nement,...\" \/>\n<meta property=\"og:url\" content=\"https:\/\/challengeseconomiques.com\/?p=6714\" \/>\n<meta property=\"og:site_name\" content=\"challenges economiques\" \/>\n<meta property=\"article:published_time\" content=\"2024-07-16T15:32:15+00:00\" \/>\n<meta property=\"article:modified_time\" content=\"2024-07-16T15:32:48+00:00\" \/>\n<meta property=\"og:image\" content=\"https:\/\/challengeseconomiques.com\/wp-content\/uploads\/2024\/07\/Foire_Consommer_Local.jpeg\" \/>\n\t<meta property=\"og:image:width\" content=\"1280\" \/>\n\t<meta property=\"og:image:height\" content=\"853\" \/>\n\t<meta property=\"og:image:type\" content=\"image\/jpeg\" \/>\n<meta name=\"author\" content=\"admin\" \/>\n<meta name=\"twitter:card\" content=\"summary_large_image\" \/>\n<meta name=\"twitter:label1\" content=\"\u00c9crit par\" \/>\n\t<meta name=\"twitter:data1\" content=\"admin\" \/>\n\t<meta name=\"twitter:label2\" content=\"Dur\u00e9e de lecture estim\u00e9e\" \/>\n\t<meta name=\"twitter:data2\" content=\"2 minutes\" \/>\n<script type=\"application\/ld+json\" class=\"yoast-schema-graph\">{\"@context\":\"https:\/\/schema.org\",\"@graph\":[{\"@type\":\"Article\",\"@id\":\"https:\/\/challengeseconomiques.com\/?p=6714#article\",\"isPartOf\":{\"@id\":\"https:\/\/challengeseconomiques.com\/?p=6714\"},\"author\":{\"name\":\"admin\",\"@id\":\"https:\/\/challengeseconomiques.com\/#\/schema\/person\/b4568c9afebc5a9238a771873801e349\"},\"headline\":\"Premi\u00e8re \u00e9dition du salon du consommer-local pour la valorisation du savoir-faire des artisans\",\"datePublished\":\"2024-07-16T15:32:15+00:00\",\"dateModified\":\"2024-07-16T15:32:48+00:00\",\"mainEntityOfPage\":{\"@id\":\"https:\/\/challengeseconomiques.com\/?p=6714\"},\"wordCount\":373,\"image\":{\"@id\":\"https:\/\/challengeseconomiques.com\/?p=6714#primaryimage\"},\"thumbnailUrl\":\"https:\/\/challengeseconomiques.com\/wp-content\/uploads\/2024\/07\/Foire_Consommer_Local.jpeg\",\"articleSection\":[\"Actualit\u00e9 \u00e9conomique\"],\"inLanguage\":\"fr-FR\"},{\"@type\":\"WebPage\",\"@id\":\"https:\/\/challengeseconomiques.com\/?p=6714\",\"url\":\"https:\/\/challengeseconomiques.com\/?p=6714\",\"name\":\"Premi\u00e8re \u00e9dition du salon du consommer-local pour la valorisation du savoir-faire des artisans - challenges economiques\",\"isPartOf\":{\"@id\":\"https:\/\/challengeseconomiques.com\/#website\"},\"primaryImageOfPage\":{\"@id\":\"https:\/\/challengeseconomiques.com\/?p=6714#primaryimage\"},\"image\":{\"@id\":\"https:\/\/challengeseconomiques.com\/?p=6714#primaryimage\"},\"thumbnailUrl\":\"https:\/\/challengeseconomiques.com\/wp-content\/uploads\/2024\/07\/Foire_Consommer_Local.jpeg\",\"datePublished\":\"2024-07-16T15:32:15+00:00\",\"dateModified\":\"2024-07-16T15:32:48+00:00\",\"author\":{\"@id\":\"https:\/\/challengeseconomiques.com\/#\/schema\/person\/b4568c9afebc5a9238a771873801e349\"},\"breadcrumb\":{\"@id\":\"https:\/\/challengeseconomiques.com\/?p=6714#breadcrumb\"},\"inLanguage\":\"fr-FR\",\"potentialAction\":[{\"@type\":\"ReadAction\",\"target\":[\"https:\/\/challengeseconomiques.com\/?p=6714\"]}]},{\"@type\":\"ImageObject\",\"inLanguage\":\"fr-FR\",\"@id\":\"https:\/\/challengeseconomiques.com\/?p=6714#primaryimage\",\"url\":\"https:\/\/challengeseconomiques.com\/wp-content\/uploads\/2024\/07\/Foire_Consommer_Local.jpeg\",\"contentUrl\":\"https:\/\/challengeseconomiques.com\/wp-content\/uploads\/2024\/07\/Foire_Consommer_Local.jpeg\",\"width\":1280,\"height\":853},{\"@type\":\"BreadcrumbList\",\"@id\":\"https:\/\/challengeseconomiques.com\/?p=6714#breadcrumb\",\"itemListElement\":[{\"@type\":\"ListItem\",\"position\":1,\"name\":\"Home\",\"item\":\"https:\/\/challengeseconomiques.com\/\"},{\"@type\":\"ListItem\",\"position\":2,\"name\":\"Premi\u00e8re \u00e9dition du salon du consommer-local pour la valorisation du savoir-faire des artisans\"}]},{\"@type\":\"WebSite\",\"@id\":\"https:\/\/challengeseconomiques.com\/#website\",\"url\":\"https:\/\/challengeseconomiques.com\/\",\"name\":\"challenges economiques\",\"description\":\"\",\"potentialAction\":[{\"@type\":\"SearchAction\",\"target\":{\"@type\":\"EntryPoint\",\"urlTemplate\":\"https:\/\/challengeseconomiques.com\/?s={search_term_string}\"},\"query-input\":{\"@type\":\"PropertyValueSpecification\",\"valueRequired\":true,\"valueName\":\"search_term_string\"}}],\"inLanguage\":\"fr-FR\"},{\"@type\":\"Person\",\"@id\":\"https:\/\/challengeseconomiques.com\/#\/schema\/person\/b4568c9afebc5a9238a771873801e349\",\"name\":\"admin\",\"image\":{\"@type\":\"ImageObject\",\"inLanguage\":\"fr-FR\",\"@id\":\"https:\/\/challengeseconomiques.com\/#\/schema\/person\/image\/\",\"url\":\"https:\/\/secure.gravatar.com\/avatar\/099e42240b5eea11acdb72751fcce0dd918603f0749d24974b7984ea47ed9fd9?s=96&d=mm&r=g\",\"contentUrl\":\"https:\/\/secure.gravatar.com\/avatar\/099e42240b5eea11acdb72751fcce0dd918603f0749d24974b7984ea47ed9fd9?s=96&d=mm&r=g\",\"caption\":\"admin\"},\"sameAs\":[\"https:\/\/challengeseconomiques.com\"],\"url\":\"https:\/\/challengeseconomiques.com\/?author=1\"}]}<\/script>\n<!-- \/ Yoast SEO plugin. -->","yoast_head_json":{"title":"Premi\u00e8re \u00e9dition du salon du consommer-local pour la valorisation du savoir-faire des artisans - challenges economiques","robots":{"index":"index","follow":"follow","max-snippet":"max-snippet:-1","max-image-preview":"max-image-preview:large","max-video-preview":"max-video-preview:-1"},"canonical":"https:\/\/challengeseconomiques.com\/?p=6714","og_locale":"fr_FR","og_type":"article","og_title":"Premi\u00e8re \u00e9dition du salon du consommer-local pour la valorisation du savoir-faire des artisans - challenges economiques","og_description":"La premi\u00e8re \u00e9dition du salon du consommer local se tient du 12 au 14 juillet 2024 \u00e0 la Place du Souvenir Africain. A travers l\u2019\u00e9v\u00e9nement,...","og_url":"https:\/\/challengeseconomiques.com\/?p=6714","og_site_name":"challenges economiques","article_published_time":"2024-07-16T15:32:15+00:00","article_modified_time":"2024-07-16T15:32:48+00:00","og_image":[{"width":1280,"height":853,"url":"https:\/\/challengeseconomiques.com\/wp-content\/uploads\/2024\/07\/Foire_Consommer_Local.jpeg","type":"image\/jpeg"}],"author":"admin","twitter_card":"summary_large_image","twitter_misc":{"\u00c9crit par":"admin","Dur\u00e9e de lecture estim\u00e9e":"2 minutes"},"schema":{"@context":"https:\/\/schema.org","@graph":[{"@type":"Article","@id":"https:\/\/challengeseconomiques.com\/?p=6714#article","isPartOf":{"@id":"https:\/\/challengeseconomiques.com\/?p=6714"},"author":{"name":"admin","@id":"https:\/\/challengeseconomiques.com\/#\/schema\/person\/b4568c9afebc5a9238a771873801e349"},"headline":"Premi\u00e8re \u00e9dition du salon du consommer-local pour la valorisation du savoir-faire des artisans","datePublished":"2024-07-16T15:32:15+00:00","dateModified":"2024-07-16T15:32:48+00:00","mainEntityOfPage":{"@id":"https:\/\/challengeseconomiques.com\/?p=6714"},"wordCount":373,"image":{"@id":"https:\/\/challengeseconomiques.com\/?p=6714#primaryimage"},"thumbnailUrl":"https:\/\/challengeseconomiques.com\/wp-content\/uploads\/2024\/07\/Foire_Consommer_Local.jpeg","articleSection":["Actualit\u00e9 \u00e9conomique"],"inLanguage":"fr-FR"},{"@type":"WebPage","@id":"https:\/\/challengeseconomiques.com\/?p=6714","url":"https:\/\/challengeseconomiques.com\/?p=6714","name":"Premi\u00e8re \u00e9dition du salon du consommer-local pour la valorisation du savoir-faire des artisans - challenges economiques","isPartOf":{"@id":"https:\/\/challengeseconomiques.com\/#website"},"primaryImageOfPage":{"@id":"https:\/\/challengeseconomiques.com\/?p=6714#primaryimage"},"image":{"@id":"https:\/\/challengeseconomiques.com\/?p=6714#primaryimage"},"thumbnailUrl":"https:\/\/challengeseconomiques.com\/wp-content\/uploads\/2024\/07\/Foire_Consommer_Local.jpeg","datePublished":"2024-07-16T15:32:15+00:00","dateModified":"2024-07-16T15:32:48+00:00","author":{"@id":"https:\/\/challengeseconomiques.com\/#\/schema\/person\/b4568c9afebc5a9238a771873801e349"},"breadcrumb":{"@id":"https:\/\/challengeseconomiques.com\/?p=6714#breadcrumb"},"inLanguage":"fr-FR","potentialAction":[{"@type":"ReadAction","target":["https:\/\/challengeseconomiques.com\/?p=6714"]}]},{"@type":"ImageObject","inLanguage":"fr-FR","@id":"https:\/\/challengeseconomiques.com\/?p=6714#primaryimage","url":"https:\/\/challengeseconomiques.com\/wp-content\/uploads\/2024\/07\/Foire_Consommer_Local.jpeg","contentUrl":"https:\/\/challengeseconomiques.com\/wp-content\/uploads\/2024\/07\/Foire_Consommer_Local.jpeg","width":1280,"height":853},{"@type":"BreadcrumbList","@id":"https:\/\/challengeseconomiques.com\/?p=6714#breadcrumb","itemListElement":[{"@type":"ListItem","position":1,"name":"Home","item":"https:\/\/challengeseconomiques.com\/"},{"@type":"ListItem","position":2,"name":"Premi\u00e8re \u00e9dition du salon du consommer-local pour la valorisation du savoir-faire des artisans"}]},{"@type":"WebSite","@id":"https:\/\/challengeseconomiques.com\/#website","url":"https:\/\/challengeseconomiques.com\/","name":"challenges economiques","description":"","potentialAction":[{"@type":"SearchAction","target":{"@type":"EntryPoint","urlTemplate":"https:\/\/challengeseconomiques.com\/?s={search_term_string}"},"query-input":{"@type":"PropertyValueSpecification","valueRequired":true,"valueName":"search_term_string"}}],"inLanguage":"fr-FR"},{"@type":"Person","@id":"https:\/\/challengeseconomiques.com\/#\/schema\/person\/b4568c9afebc5a9238a771873801e349","name":"admin","image":{"@type":"ImageObject","inLanguage":"fr-FR","@id":"https:\/\/challengeseconomiques.com\/#\/schema\/person\/image\/","url":"https:\/\/secure.gravatar.com\/avatar\/099e42240b5eea11acdb72751fcce0dd918603f0749d24974b7984ea47ed9fd9?s=96&d=mm&r=g","contentUrl":"https:\/\/secure.gravatar.com\/avatar\/099e42240b5eea11acdb72751fcce0dd918603f0749d24974b7984ea47ed9fd9?s=96&d=mm&r=g","caption":"admin"},"sameAs":["https:\/\/challengeseconomiques.com"],"url":"https:\/\/challengeseconomiques.com\/?author=1"}]}},"jetpack_featured_media_url":"https:\/\/challengeseconomiques.com\/wp-content\/uploads\/2024\/07\/Foire_Consommer_Local.jpeg","jetpack_sharing_enabled":true,"_links":{"self":[{"href":"https:\/\/challengeseconomiques.com\/index.php?rest_route=\/wp\/v2\/posts\/6714","targetHints":{"allow":["GET"]}}],"collection":[{"href":"https:\/\/challengeseconomiques.com\/index.php?rest_route=\/wp\/v2\/posts"}],"about":[{"href":"https:\/\/challengeseconomiques.com\/index.php?rest_route=\/wp\/v2\/types\/post"}],"author":[{"embeddable":true,"href":"https:\/\/challengeseconomiques.com\/index.php?rest_route=\/wp\/v2\/users\/1"}],"replies":[{"embeddable":true,"href":"https:\/\/challengeseconomiques.com\/index.php?rest_route=%2Fwp%2Fv2%2Fcomments&post=6714"}],"version-history":[{"count":1,"href":"https:\/\/challengeseconomiques.com\/index.php?rest_route=\/wp\/v2\/posts\/6714\/revisions"}],"predecessor-version":[{"id":6716,"href":"https:\/\/challengeseconomiques.com\/index.php?rest_route=\/wp\/v2\/posts\/6714\/revisions\/6716"}],"wp:featuredmedia":[{"embeddable":true,"href":"https:\/\/challengeseconomiques.com\/index.php?rest_route=\/wp\/v2\/media\/6715"}],"wp:attachment":[{"href":"https:\/\/challengeseconomiques.com\/index.php?rest_route=%2Fwp%2Fv2%2Fmedia&parent=6714"}],"wp:term":[{"taxonomy":"category","embeddable":true,"href":"https:\/\/challengeseconomiques.com\/index.php?rest_route=%2Fwp%2Fv2%2Fcategories&post=6714"},{"taxonomy":"post_tag","embeddable":true,"href":"https:\/\/challengeseconomiques.com\/index.php?rest_route=%2Fwp%2Fv2%2Ftags&post=6714"}],"curies":[{"name":"wp","href":"https:\/\/api.w.org\/{rel}","templated":true}]}}