{"id":6707,"date":"2024-07-16T12:07:45","date_gmt":"2024-07-16T12:07:45","guid":{"rendered":"https:\/\/challengeseconomiques.com\/?p=6707"},"modified":"2024-07-16T12:08:20","modified_gmt":"2024-07-16T12:08:20","slug":"20-20-edtech-des-senegalais-abderrahmane-sow-et-ahmadou-ba-concoit-des-videos-educatives-pour-eleves","status":"publish","type":"post","link":"https:\/\/challengeseconomiques.com\/?p=6707","title":{"rendered":"20\/20 Edtech des S\u00e9n\u00e9galais Abderrahmane Sow et Ahmadou Ba con\u00e7oit des vid\u00e9os \u00e9ducatives pour \u00e9l\u00e8ves"},"content":{"rendered":"<div class=\"itemIntroText\">\n<p class=\"texte textearticle\"><strong>\u00a0Avec le dessein de simplifier la t\u00e2che des \u00e9coliers jusqu&rsquo;\u00e0 la fin de leur cycle secondaire, 2 entrepreneurs s\u00e9n\u00e9galais ont d\u00e9velopp\u00e9 la plateforme d\u2019apprentissage en ligne 20\/20 Edtech. Ils ont sign\u00e9 des partenariats avec plusieurs \u00e9tablissements scolaires.<\/strong><\/p>\n<p class=\"texte textearticle\">20\/20 Edtech est une solution d\u2019apprentissage num\u00e9rique mise au point par une jeune entreprise s\u00e9n\u00e9galaise. Elle permet aux utilisateurs d\u2019acc\u00e9der facilement \u00e0 une vari\u00e9t\u00e9 de contenus \u00e9ducatifs via des interfaces web et mobiles. La start-up, localis\u00e9e \u00e0 Dakar, a \u00e9t\u00e9 fond\u00e9e en 2020 par Abderrahmane Sow et Ahmadou Ba. Son objectif est de d\u00e9velopper une biblioth\u00e8que de ressources \u00e9ducatives abordables pour les \u00e9l\u00e8ves d\u2019Afrique francophone.<\/p>\n<p class=\"texte textearticle\">\u00ab\u00a0<em>En utilisant la plateforme 20\/20, les \u00e9coliers peuvent apprendre gr\u00e2ce \u00e0 des centaines de vid\u00e9os concises, interactives et tr\u00e8s divertissantes qui leur permettent de r\u00e9viser \u00e0 leur propre rythme, sans stress, de s\u2019exercer r\u00e9guli\u00e8rement avec nos quiz pour v\u00e9rifier leur compr\u00e9hension, de progresser en identifiant pr\u00e9cis\u00e9ment les points faibles et de concentrer leurs efforts d\u2019apprentissage sur ces aspects<\/em>\u00a0\u00bb, explique la jeune entreprise.<\/p>\n<p class=\"texte textearticle\">L\u2019application mobile de cette solution est accessible exclusivement sur Android, mais elle ne se trouve pas sur le Play Store. Les utilisateurs doivent t\u00e9l\u00e9charger l\u2019application via le site web et cr\u00e9er un compte en fournissant leurs informations personnelles. \u00c0 partir de l\u00e0, ils peuvent acc\u00e9der \u00e0 divers contenus propos\u00e9s par l\u2019edtech, de la classe de d\u00e9butant \u00e0 celle des \u00e9tudes secondaires. Actuellement, seuls les contenus des classes de d\u00e9butant, de dernier cycle et des \u00e9tudes secondaires sont disponibles sur 20\/20 Edtech.<\/p>\n<p class=\"texte textearticle\">En plus des divers cours propos\u00e9s, des quiz sont disponibles pour permettre \u00e0 l\u2019utilisateur d\u2019\u00e9valuer son niveau. Un tableau de bord analytique permet de visualiser les performances en temps r\u00e9el, d\u2019identifier les faiblesses et de les corriger automatiquement avec les ressources disponibles sur la plateforme.<\/p>\n<p class=\"texte textearticle\">L\u2019objectif est, <a href=\"https:\/\/www.wearetech.africa\/fr\/fils\/solutions\/senegal-20-20-edtech-propose-des-videos-educatives-pour-les-eleves\">informe <em>We Are Tech Africa<\/em><\/a>, de produire 1\u00a0500 vid\u00e9os et 50\u00a0000 quiz dans 7 mati\u00e8res, dont les maths, la physique-chimie, les SVT et la philo, pour les \u00e9l\u00e8ves du cours secondaire. L\u2019ambition de 20\/20 Edtech est de faciliter les \u00e9tudes pour les \u00e9l\u00e8ves des diff\u00e9rents niveaux scolaires mentionn\u00e9s.<\/p>\n<p><strong>(Agence Ecofin)<br \/>\n<\/strong><\/p>\n<\/div>\n","protected":false},"excerpt":{"rendered":"<p>\u00a0Avec le dessein de simplifier la t\u00e2che des \u00e9coliers jusqu&rsquo;\u00e0 la fin de leur cycle secondaire, 2 entrepreneurs s\u00e9n\u00e9galais ont d\u00e9velopp\u00e9 la plateforme d\u2019apprentissage en&#8230;<\/p>\n","protected":false},"author":1,"featured_media":6708,"comment_status":"closed","ping_status":"open","sticky":false,"template":"","format":"standard","meta":{"_jetpack_memberships_contains_paid_content":false,"footnotes":""},"categories":[8],"tags":[],"class_list":["post-6707","post","type-post","status-publish","format-standard","has-post-thumbnail","hentry","category-actualite-economique","wpcat-8-id"],"yoast_head":"<!-- This site is optimized with the Yoast SEO plugin v27.1.1 - https:\/\/yoast.com\/product\/yoast-seo-wordpress\/ -->\n<title>20\/20 Edtech des S\u00e9n\u00e9galais Abderrahmane Sow et Ahmadou Ba con\u00e7oit des vid\u00e9os \u00e9ducatives pour \u00e9l\u00e8ves - challenges economiques<\/title>\n<meta name=\"robots\" content=\"index, follow, max-snippet:-1, max-image-preview:large, max-video-preview:-1\" \/>\n<link rel=\"canonical\" href=\"https:\/\/challengeseconomiques.com\/?p=6707\" \/>\n<meta property=\"og:locale\" content=\"fr_FR\" \/>\n<meta property=\"og:type\" content=\"article\" \/>\n<meta property=\"og:title\" content=\"20\/20 Edtech des S\u00e9n\u00e9galais Abderrahmane Sow et Ahmadou Ba con\u00e7oit des vid\u00e9os \u00e9ducatives pour \u00e9l\u00e8ves - challenges economiques\" \/>\n<meta property=\"og:description\" content=\"\u00a0Avec le dessein de simplifier la t\u00e2che des \u00e9coliers jusqu&rsquo;\u00e0 la fin de leur cycle secondaire, 2 entrepreneurs s\u00e9n\u00e9galais ont d\u00e9velopp\u00e9 la plateforme d\u2019apprentissage en...\" \/>\n<meta property=\"og:url\" content=\"https:\/\/challengeseconomiques.com\/?p=6707\" \/>\n<meta property=\"og:site_name\" content=\"challenges economiques\" \/>\n<meta property=\"article:published_time\" content=\"2024-07-16T12:07:45+00:00\" \/>\n<meta property=\"article:modified_time\" content=\"2024-07-16T12:08:20+00:00\" \/>\n<meta property=\"og:image\" content=\"https:\/\/challengeseconomiques.com\/wp-content\/uploads\/2024\/07\/education.jpg\" \/>\n\t<meta property=\"og:image:width\" content=\"450\" \/>\n\t<meta property=\"og:image:height\" content=\"245\" \/>\n\t<meta property=\"og:image:type\" content=\"image\/jpeg\" \/>\n<meta name=\"author\" content=\"admin\" \/>\n<meta name=\"twitter:card\" content=\"summary_large_image\" \/>\n<meta name=\"twitter:label1\" content=\"\u00c9crit par\" \/>\n\t<meta name=\"twitter:data1\" content=\"admin\" \/>\n\t<meta name=\"twitter:label2\" content=\"Dur\u00e9e de lecture estim\u00e9e\" \/>\n\t<meta name=\"twitter:data2\" content=\"2 minutes\" \/>\n<script type=\"application\/ld+json\" class=\"yoast-schema-graph\">{\"@context\":\"https:\/\/schema.org\",\"@graph\":[{\"@type\":\"Article\",\"@id\":\"https:\/\/challengeseconomiques.com\/?p=6707#article\",\"isPartOf\":{\"@id\":\"https:\/\/challengeseconomiques.com\/?p=6707\"},\"author\":{\"name\":\"admin\",\"@id\":\"https:\/\/challengeseconomiques.com\/#\/schema\/person\/b4568c9afebc5a9238a771873801e349\"},\"headline\":\"20\/20 Edtech des S\u00e9n\u00e9galais Abderrahmane Sow et Ahmadou Ba con\u00e7oit des vid\u00e9os \u00e9ducatives pour \u00e9l\u00e8ves\",\"datePublished\":\"2024-07-16T12:07:45+00:00\",\"dateModified\":\"2024-07-16T12:08:20+00:00\",\"mainEntityOfPage\":{\"@id\":\"https:\/\/challengeseconomiques.com\/?p=6707\"},\"wordCount\":396,\"image\":{\"@id\":\"https:\/\/challengeseconomiques.com\/?p=6707#primaryimage\"},\"thumbnailUrl\":\"https:\/\/challengeseconomiques.com\/wp-content\/uploads\/2024\/07\/education.jpg\",\"articleSection\":[\"Actualit\u00e9 \u00e9conomique\"],\"inLanguage\":\"fr-FR\"},{\"@type\":\"WebPage\",\"@id\":\"https:\/\/challengeseconomiques.com\/?p=6707\",\"url\":\"https:\/\/challengeseconomiques.com\/?p=6707\",\"name\":\"20\/20 Edtech des S\u00e9n\u00e9galais Abderrahmane Sow et Ahmadou Ba con\u00e7oit des vid\u00e9os \u00e9ducatives pour \u00e9l\u00e8ves - challenges economiques\",\"isPartOf\":{\"@id\":\"https:\/\/challengeseconomiques.com\/#website\"},\"primaryImageOfPage\":{\"@id\":\"https:\/\/challengeseconomiques.com\/?p=6707#primaryimage\"},\"image\":{\"@id\":\"https:\/\/challengeseconomiques.com\/?p=6707#primaryimage\"},\"thumbnailUrl\":\"https:\/\/challengeseconomiques.com\/wp-content\/uploads\/2024\/07\/education.jpg\",\"datePublished\":\"2024-07-16T12:07:45+00:00\",\"dateModified\":\"2024-07-16T12:08:20+00:00\",\"author\":{\"@id\":\"https:\/\/challengeseconomiques.com\/#\/schema\/person\/b4568c9afebc5a9238a771873801e349\"},\"breadcrumb\":{\"@id\":\"https:\/\/challengeseconomiques.com\/?p=6707#breadcrumb\"},\"inLanguage\":\"fr-FR\",\"potentialAction\":[{\"@type\":\"ReadAction\",\"target\":[\"https:\/\/challengeseconomiques.com\/?p=6707\"]}]},{\"@type\":\"ImageObject\",\"inLanguage\":\"fr-FR\",\"@id\":\"https:\/\/challengeseconomiques.com\/?p=6707#primaryimage\",\"url\":\"https:\/\/challengeseconomiques.com\/wp-content\/uploads\/2024\/07\/education.jpg\",\"contentUrl\":\"https:\/\/challengeseconomiques.com\/wp-content\/uploads\/2024\/07\/education.jpg\",\"width\":450,\"height\":245},{\"@type\":\"BreadcrumbList\",\"@id\":\"https:\/\/challengeseconomiques.com\/?p=6707#breadcrumb\",\"itemListElement\":[{\"@type\":\"ListItem\",\"position\":1,\"name\":\"Home\",\"item\":\"https:\/\/challengeseconomiques.com\/\"},{\"@type\":\"ListItem\",\"position\":2,\"name\":\"20\/20 Edtech des S\u00e9n\u00e9galais Abderrahmane Sow et Ahmadou Ba con\u00e7oit des vid\u00e9os \u00e9ducatives pour \u00e9l\u00e8ves\"}]},{\"@type\":\"WebSite\",\"@id\":\"https:\/\/challengeseconomiques.com\/#website\",\"url\":\"https:\/\/challengeseconomiques.com\/\",\"name\":\"challenges economiques\",\"description\":\"\",\"potentialAction\":[{\"@type\":\"SearchAction\",\"target\":{\"@type\":\"EntryPoint\",\"urlTemplate\":\"https:\/\/challengeseconomiques.com\/?s={search_term_string}\"},\"query-input\":{\"@type\":\"PropertyValueSpecification\",\"valueRequired\":true,\"valueName\":\"search_term_string\"}}],\"inLanguage\":\"fr-FR\"},{\"@type\":\"Person\",\"@id\":\"https:\/\/challengeseconomiques.com\/#\/schema\/person\/b4568c9afebc5a9238a771873801e349\",\"name\":\"admin\",\"image\":{\"@type\":\"ImageObject\",\"inLanguage\":\"fr-FR\",\"@id\":\"https:\/\/challengeseconomiques.com\/#\/schema\/person\/image\/\",\"url\":\"https:\/\/secure.gravatar.com\/avatar\/099e42240b5eea11acdb72751fcce0dd918603f0749d24974b7984ea47ed9fd9?s=96&d=mm&r=g\",\"contentUrl\":\"https:\/\/secure.gravatar.com\/avatar\/099e42240b5eea11acdb72751fcce0dd918603f0749d24974b7984ea47ed9fd9?s=96&d=mm&r=g\",\"caption\":\"admin\"},\"sameAs\":[\"https:\/\/challengeseconomiques.com\"],\"url\":\"https:\/\/challengeseconomiques.com\/?author=1\"}]}<\/script>\n<!-- \/ Yoast SEO plugin. -->","yoast_head_json":{"title":"20\/20 Edtech des S\u00e9n\u00e9galais Abderrahmane Sow et Ahmadou Ba con\u00e7oit des vid\u00e9os \u00e9ducatives pour \u00e9l\u00e8ves - challenges economiques","robots":{"index":"index","follow":"follow","max-snippet":"max-snippet:-1","max-image-preview":"max-image-preview:large","max-video-preview":"max-video-preview:-1"},"canonical":"https:\/\/challengeseconomiques.com\/?p=6707","og_locale":"fr_FR","og_type":"article","og_title":"20\/20 Edtech des S\u00e9n\u00e9galais Abderrahmane Sow et Ahmadou Ba con\u00e7oit des vid\u00e9os \u00e9ducatives pour \u00e9l\u00e8ves - challenges economiques","og_description":"\u00a0Avec le dessein de simplifier la t\u00e2che des \u00e9coliers jusqu&rsquo;\u00e0 la fin de leur cycle secondaire, 2 entrepreneurs s\u00e9n\u00e9galais ont d\u00e9velopp\u00e9 la plateforme d\u2019apprentissage en...","og_url":"https:\/\/challengeseconomiques.com\/?p=6707","og_site_name":"challenges economiques","article_published_time":"2024-07-16T12:07:45+00:00","article_modified_time":"2024-07-16T12:08:20+00:00","og_image":[{"width":450,"height":245,"url":"https:\/\/challengeseconomiques.com\/wp-content\/uploads\/2024\/07\/education.jpg","type":"image\/jpeg"}],"author":"admin","twitter_card":"summary_large_image","twitter_misc":{"\u00c9crit par":"admin","Dur\u00e9e de lecture estim\u00e9e":"2 minutes"},"schema":{"@context":"https:\/\/schema.org","@graph":[{"@type":"Article","@id":"https:\/\/challengeseconomiques.com\/?p=6707#article","isPartOf":{"@id":"https:\/\/challengeseconomiques.com\/?p=6707"},"author":{"name":"admin","@id":"https:\/\/challengeseconomiques.com\/#\/schema\/person\/b4568c9afebc5a9238a771873801e349"},"headline":"20\/20 Edtech des S\u00e9n\u00e9galais Abderrahmane Sow et Ahmadou Ba con\u00e7oit des vid\u00e9os \u00e9ducatives pour \u00e9l\u00e8ves","datePublished":"2024-07-16T12:07:45+00:00","dateModified":"2024-07-16T12:08:20+00:00","mainEntityOfPage":{"@id":"https:\/\/challengeseconomiques.com\/?p=6707"},"wordCount":396,"image":{"@id":"https:\/\/challengeseconomiques.com\/?p=6707#primaryimage"},"thumbnailUrl":"https:\/\/challengeseconomiques.com\/wp-content\/uploads\/2024\/07\/education.jpg","articleSection":["Actualit\u00e9 \u00e9conomique"],"inLanguage":"fr-FR"},{"@type":"WebPage","@id":"https:\/\/challengeseconomiques.com\/?p=6707","url":"https:\/\/challengeseconomiques.com\/?p=6707","name":"20\/20 Edtech des S\u00e9n\u00e9galais Abderrahmane Sow et Ahmadou Ba con\u00e7oit des vid\u00e9os \u00e9ducatives pour \u00e9l\u00e8ves - challenges economiques","isPartOf":{"@id":"https:\/\/challengeseconomiques.com\/#website"},"primaryImageOfPage":{"@id":"https:\/\/challengeseconomiques.com\/?p=6707#primaryimage"},"image":{"@id":"https:\/\/challengeseconomiques.com\/?p=6707#primaryimage"},"thumbnailUrl":"https:\/\/challengeseconomiques.com\/wp-content\/uploads\/2024\/07\/education.jpg","datePublished":"2024-07-16T12:07:45+00:00","dateModified":"2024-07-16T12:08:20+00:00","author":{"@id":"https:\/\/challengeseconomiques.com\/#\/schema\/person\/b4568c9afebc5a9238a771873801e349"},"breadcrumb":{"@id":"https:\/\/challengeseconomiques.com\/?p=6707#breadcrumb"},"inLanguage":"fr-FR","potentialAction":[{"@type":"ReadAction","target":["https:\/\/challengeseconomiques.com\/?p=6707"]}]},{"@type":"ImageObject","inLanguage":"fr-FR","@id":"https:\/\/challengeseconomiques.com\/?p=6707#primaryimage","url":"https:\/\/challengeseconomiques.com\/wp-content\/uploads\/2024\/07\/education.jpg","contentUrl":"https:\/\/challengeseconomiques.com\/wp-content\/uploads\/2024\/07\/education.jpg","width":450,"height":245},{"@type":"BreadcrumbList","@id":"https:\/\/challengeseconomiques.com\/?p=6707#breadcrumb","itemListElement":[{"@type":"ListItem","position":1,"name":"Home","item":"https:\/\/challengeseconomiques.com\/"},{"@type":"ListItem","position":2,"name":"20\/20 Edtech des S\u00e9n\u00e9galais Abderrahmane Sow et Ahmadou Ba con\u00e7oit des vid\u00e9os \u00e9ducatives pour \u00e9l\u00e8ves"}]},{"@type":"WebSite","@id":"https:\/\/challengeseconomiques.com\/#website","url":"https:\/\/challengeseconomiques.com\/","name":"challenges economiques","description":"","potentialAction":[{"@type":"SearchAction","target":{"@type":"EntryPoint","urlTemplate":"https:\/\/challengeseconomiques.com\/?s={search_term_string}"},"query-input":{"@type":"PropertyValueSpecification","valueRequired":true,"valueName":"search_term_string"}}],"inLanguage":"fr-FR"},{"@type":"Person","@id":"https:\/\/challengeseconomiques.com\/#\/schema\/person\/b4568c9afebc5a9238a771873801e349","name":"admin","image":{"@type":"ImageObject","inLanguage":"fr-FR","@id":"https:\/\/challengeseconomiques.com\/#\/schema\/person\/image\/","url":"https:\/\/secure.gravatar.com\/avatar\/099e42240b5eea11acdb72751fcce0dd918603f0749d24974b7984ea47ed9fd9?s=96&d=mm&r=g","contentUrl":"https:\/\/secure.gravatar.com\/avatar\/099e42240b5eea11acdb72751fcce0dd918603f0749d24974b7984ea47ed9fd9?s=96&d=mm&r=g","caption":"admin"},"sameAs":["https:\/\/challengeseconomiques.com"],"url":"https:\/\/challengeseconomiques.com\/?author=1"}]}},"jetpack_featured_media_url":"https:\/\/challengeseconomiques.com\/wp-content\/uploads\/2024\/07\/education.jpg","jetpack_sharing_enabled":true,"_links":{"self":[{"href":"https:\/\/challengeseconomiques.com\/index.php?rest_route=\/wp\/v2\/posts\/6707","targetHints":{"allow":["GET"]}}],"collection":[{"href":"https:\/\/challengeseconomiques.com\/index.php?rest_route=\/wp\/v2\/posts"}],"about":[{"href":"https:\/\/challengeseconomiques.com\/index.php?rest_route=\/wp\/v2\/types\/post"}],"author":[{"embeddable":true,"href":"https:\/\/challengeseconomiques.com\/index.php?rest_route=\/wp\/v2\/users\/1"}],"replies":[{"embeddable":true,"href":"https:\/\/challengeseconomiques.com\/index.php?rest_route=%2Fwp%2Fv2%2Fcomments&post=6707"}],"version-history":[{"count":1,"href":"https:\/\/challengeseconomiques.com\/index.php?rest_route=\/wp\/v2\/posts\/6707\/revisions"}],"predecessor-version":[{"id":6709,"href":"https:\/\/challengeseconomiques.com\/index.php?rest_route=\/wp\/v2\/posts\/6707\/revisions\/6709"}],"wp:featuredmedia":[{"embeddable":true,"href":"https:\/\/challengeseconomiques.com\/index.php?rest_route=\/wp\/v2\/media\/6708"}],"wp:attachment":[{"href":"https:\/\/challengeseconomiques.com\/index.php?rest_route=%2Fwp%2Fv2%2Fmedia&parent=6707"}],"wp:term":[{"taxonomy":"category","embeddable":true,"href":"https:\/\/challengeseconomiques.com\/index.php?rest_route=%2Fwp%2Fv2%2Fcategories&post=6707"},{"taxonomy":"post_tag","embeddable":true,"href":"https:\/\/challengeseconomiques.com\/index.php?rest_route=%2Fwp%2Fv2%2Ftags&post=6707"}],"curies":[{"name":"wp","href":"https:\/\/api.w.org\/{rel}","templated":true}]}}