{"id":6704,"date":"2024-07-14T14:55:05","date_gmt":"2024-07-14T14:55:05","guid":{"rendered":"https:\/\/challengeseconomiques.com\/?p=6704"},"modified":"2024-07-14T14:55:35","modified_gmt":"2024-07-14T14:55:35","slug":"air-cote-divoire-a-receptionne-un-nouvel-airbus-a319","status":"publish","type":"post","link":"https:\/\/challengeseconomiques.com\/?p=6704","title":{"rendered":"Air C\u00f4te d\u2019Ivoire a r\u00e9ceptionn\u00e9 un nouvel Airbus A319"},"content":{"rendered":"<div class=\"itemIntroText\">\n<p class=\"texte textearticle\"><strong>\u00a0L\u2019acquisition du nouvel Airbus A319 fait partie du plan de renforcement de la flotte d\u2019Air C\u00f4te d\u2019Ivoire, qui en plus de ses vols intra-africains, envisage de lancer la desserte de destinations internationales en Europe, au Moyen-Orient et aux USA.<\/strong><\/p>\n<p class=\"texte textearticle\">Air C\u00f4te d\u2019Ivoire a agrandi sa flotte en r\u00e9ceptionnant un nouvel Airbus A319. Le nouvel appareil \u00e9tait inscrit dans un carnet de commandes constitu\u00e9 d\u2019un premier A319 r\u00e9ceptionn\u00e9 en mai et de deux A320.\u00a0Il porte \u00e0 11 a\u00e9ronefs la flotte du transporteur, dont 4 A319.<\/p>\n<p class=\"texte textearticle\">Cette acquisition entre dans le cadre de la dynamique d\u2019expansion de la compagnie qui d\u00e9veloppe son r\u00e9seau avec l\u2019ouverture de plusieurs nouvelles lignes et l\u2019augmentation des fr\u00e9quences de vol vers certaines destinations.<\/p>\n<p class=\"texte textearticle\">Selon sa feuille de route, Air C\u00f4te d\u2019Ivoire devrait disposer de\u00a018 avions d\u2019ici 2031, dont 5 seront acquis en 2024. Cela lui permettra de porter son r\u00e9seau \u00e0 35 villes desservies, dont 6 intercontinentales \u00e0 l\u2019horizon 2031.<\/p>\n<p class=\"texte textearticle\">En dehors des destinations r\u00e9gionales, le transporteur cherche \u00e0 op\u00e9rer des vols long-courriers vers Paris avant fin 2024, Gen\u00e8ve et Beyrouth en 2025, Londres en 2026 et Washington ainsi que New York en 2027.<\/p>\n<p><strong>(Agence Ecofin)<br \/>\n<\/strong><\/p>\n<\/div>\n","protected":false},"excerpt":{"rendered":"<p>\u00a0L\u2019acquisition du nouvel Airbus A319 fait partie du plan de renforcement de la flotte d\u2019Air C\u00f4te d\u2019Ivoire, qui en plus de ses vols intra-africains, envisage&#8230;<\/p>\n","protected":false},"author":1,"featured_media":6705,"comment_status":"closed","ping_status":"open","sticky":false,"template":"","format":"standard","meta":{"_jetpack_memberships_contains_paid_content":false,"footnotes":""},"categories":[8,10],"tags":[],"class_list":["post-6704","post","type-post","status-publish","format-standard","has-post-thumbnail","hentry","category-actualite-economique","category-infos-eco","wpcat-8-id","wpcat-10-id"],"yoast_head":"<!-- This site is optimized with the Yoast SEO plugin v27.1.1 - https:\/\/yoast.com\/product\/yoast-seo-wordpress\/ -->\n<title>Air C\u00f4te d\u2019Ivoire a r\u00e9ceptionn\u00e9 un nouvel Airbus A319 - challenges economiques<\/title>\n<meta name=\"robots\" content=\"index, follow, max-snippet:-1, max-image-preview:large, max-video-preview:-1\" \/>\n<link rel=\"canonical\" href=\"https:\/\/challengeseconomiques.com\/?p=6704\" \/>\n<meta property=\"og:locale\" content=\"fr_FR\" \/>\n<meta property=\"og:type\" content=\"article\" \/>\n<meta property=\"og:title\" content=\"Air C\u00f4te d\u2019Ivoire a r\u00e9ceptionn\u00e9 un nouvel Airbus A319 - challenges economiques\" \/>\n<meta property=\"og:description\" content=\"\u00a0L\u2019acquisition du nouvel Airbus A319 fait partie du plan de renforcement de la flotte d\u2019Air C\u00f4te d\u2019Ivoire, qui en plus de ses vols intra-africains, envisage...\" \/>\n<meta property=\"og:url\" content=\"https:\/\/challengeseconomiques.com\/?p=6704\" \/>\n<meta property=\"og:site_name\" content=\"challenges economiques\" \/>\n<meta property=\"article:published_time\" content=\"2024-07-14T14:55:05+00:00\" \/>\n<meta property=\"article:modified_time\" content=\"2024-07-14T14:55:35+00:00\" \/>\n<meta property=\"og:image\" content=\"https:\/\/challengeseconomiques.com\/wp-content\/uploads\/2024\/07\/aircotedivoire.jpg\" \/>\n\t<meta property=\"og:image:width\" content=\"2048\" \/>\n\t<meta property=\"og:image:height\" content=\"1364\" \/>\n\t<meta property=\"og:image:type\" content=\"image\/jpeg\" \/>\n<meta name=\"author\" content=\"admin\" \/>\n<meta name=\"twitter:card\" content=\"summary_large_image\" \/>\n<meta name=\"twitter:label1\" content=\"\u00c9crit par\" \/>\n\t<meta name=\"twitter:data1\" content=\"admin\" \/>\n\t<meta name=\"twitter:label2\" content=\"Dur\u00e9e de lecture estim\u00e9e\" \/>\n\t<meta name=\"twitter:data2\" content=\"1 minute\" \/>\n<script type=\"application\/ld+json\" class=\"yoast-schema-graph\">{\"@context\":\"https:\/\/schema.org\",\"@graph\":[{\"@type\":\"Article\",\"@id\":\"https:\/\/challengeseconomiques.com\/?p=6704#article\",\"isPartOf\":{\"@id\":\"https:\/\/challengeseconomiques.com\/?p=6704\"},\"author\":{\"name\":\"admin\",\"@id\":\"https:\/\/challengeseconomiques.com\/#\/schema\/person\/b4568c9afebc5a9238a771873801e349\"},\"headline\":\"Air C\u00f4te d\u2019Ivoire a r\u00e9ceptionn\u00e9 un nouvel Airbus A319\",\"datePublished\":\"2024-07-14T14:55:05+00:00\",\"dateModified\":\"2024-07-14T14:55:35+00:00\",\"mainEntityOfPage\":{\"@id\":\"https:\/\/challengeseconomiques.com\/?p=6704\"},\"wordCount\":210,\"image\":{\"@id\":\"https:\/\/challengeseconomiques.com\/?p=6704#primaryimage\"},\"thumbnailUrl\":\"https:\/\/challengeseconomiques.com\/wp-content\/uploads\/2024\/07\/aircotedivoire.jpg\",\"articleSection\":[\"Actualit\u00e9 \u00e9conomique\",\"Infos \u00e9co\"],\"inLanguage\":\"fr-FR\"},{\"@type\":\"WebPage\",\"@id\":\"https:\/\/challengeseconomiques.com\/?p=6704\",\"url\":\"https:\/\/challengeseconomiques.com\/?p=6704\",\"name\":\"Air C\u00f4te d\u2019Ivoire a r\u00e9ceptionn\u00e9 un nouvel Airbus A319 - challenges economiques\",\"isPartOf\":{\"@id\":\"https:\/\/challengeseconomiques.com\/#website\"},\"primaryImageOfPage\":{\"@id\":\"https:\/\/challengeseconomiques.com\/?p=6704#primaryimage\"},\"image\":{\"@id\":\"https:\/\/challengeseconomiques.com\/?p=6704#primaryimage\"},\"thumbnailUrl\":\"https:\/\/challengeseconomiques.com\/wp-content\/uploads\/2024\/07\/aircotedivoire.jpg\",\"datePublished\":\"2024-07-14T14:55:05+00:00\",\"dateModified\":\"2024-07-14T14:55:35+00:00\",\"author\":{\"@id\":\"https:\/\/challengeseconomiques.com\/#\/schema\/person\/b4568c9afebc5a9238a771873801e349\"},\"breadcrumb\":{\"@id\":\"https:\/\/challengeseconomiques.com\/?p=6704#breadcrumb\"},\"inLanguage\":\"fr-FR\",\"potentialAction\":[{\"@type\":\"ReadAction\",\"target\":[\"https:\/\/challengeseconomiques.com\/?p=6704\"]}]},{\"@type\":\"ImageObject\",\"inLanguage\":\"fr-FR\",\"@id\":\"https:\/\/challengeseconomiques.com\/?p=6704#primaryimage\",\"url\":\"https:\/\/challengeseconomiques.com\/wp-content\/uploads\/2024\/07\/aircotedivoire.jpg\",\"contentUrl\":\"https:\/\/challengeseconomiques.com\/wp-content\/uploads\/2024\/07\/aircotedivoire.jpg\",\"width\":2048,\"height\":1364},{\"@type\":\"BreadcrumbList\",\"@id\":\"https:\/\/challengeseconomiques.com\/?p=6704#breadcrumb\",\"itemListElement\":[{\"@type\":\"ListItem\",\"position\":1,\"name\":\"Home\",\"item\":\"https:\/\/challengeseconomiques.com\/\"},{\"@type\":\"ListItem\",\"position\":2,\"name\":\"Air C\u00f4te d\u2019Ivoire a r\u00e9ceptionn\u00e9 un nouvel Airbus A319\"}]},{\"@type\":\"WebSite\",\"@id\":\"https:\/\/challengeseconomiques.com\/#website\",\"url\":\"https:\/\/challengeseconomiques.com\/\",\"name\":\"challenges economiques\",\"description\":\"\",\"potentialAction\":[{\"@type\":\"SearchAction\",\"target\":{\"@type\":\"EntryPoint\",\"urlTemplate\":\"https:\/\/challengeseconomiques.com\/?s={search_term_string}\"},\"query-input\":{\"@type\":\"PropertyValueSpecification\",\"valueRequired\":true,\"valueName\":\"search_term_string\"}}],\"inLanguage\":\"fr-FR\"},{\"@type\":\"Person\",\"@id\":\"https:\/\/challengeseconomiques.com\/#\/schema\/person\/b4568c9afebc5a9238a771873801e349\",\"name\":\"admin\",\"image\":{\"@type\":\"ImageObject\",\"inLanguage\":\"fr-FR\",\"@id\":\"https:\/\/challengeseconomiques.com\/#\/schema\/person\/image\/\",\"url\":\"https:\/\/secure.gravatar.com\/avatar\/099e42240b5eea11acdb72751fcce0dd918603f0749d24974b7984ea47ed9fd9?s=96&d=mm&r=g\",\"contentUrl\":\"https:\/\/secure.gravatar.com\/avatar\/099e42240b5eea11acdb72751fcce0dd918603f0749d24974b7984ea47ed9fd9?s=96&d=mm&r=g\",\"caption\":\"admin\"},\"sameAs\":[\"https:\/\/challengeseconomiques.com\"],\"url\":\"https:\/\/challengeseconomiques.com\/?author=1\"}]}<\/script>\n<!-- \/ Yoast SEO plugin. -->","yoast_head_json":{"title":"Air C\u00f4te d\u2019Ivoire a r\u00e9ceptionn\u00e9 un nouvel Airbus A319 - challenges economiques","robots":{"index":"index","follow":"follow","max-snippet":"max-snippet:-1","max-image-preview":"max-image-preview:large","max-video-preview":"max-video-preview:-1"},"canonical":"https:\/\/challengeseconomiques.com\/?p=6704","og_locale":"fr_FR","og_type":"article","og_title":"Air C\u00f4te d\u2019Ivoire a r\u00e9ceptionn\u00e9 un nouvel Airbus A319 - challenges economiques","og_description":"\u00a0L\u2019acquisition du nouvel Airbus A319 fait partie du plan de renforcement de la flotte d\u2019Air C\u00f4te d\u2019Ivoire, qui en plus de ses vols intra-africains, envisage...","og_url":"https:\/\/challengeseconomiques.com\/?p=6704","og_site_name":"challenges economiques","article_published_time":"2024-07-14T14:55:05+00:00","article_modified_time":"2024-07-14T14:55:35+00:00","og_image":[{"width":2048,"height":1364,"url":"https:\/\/challengeseconomiques.com\/wp-content\/uploads\/2024\/07\/aircotedivoire.jpg","type":"image\/jpeg"}],"author":"admin","twitter_card":"summary_large_image","twitter_misc":{"\u00c9crit par":"admin","Dur\u00e9e de lecture estim\u00e9e":"1 minute"},"schema":{"@context":"https:\/\/schema.org","@graph":[{"@type":"Article","@id":"https:\/\/challengeseconomiques.com\/?p=6704#article","isPartOf":{"@id":"https:\/\/challengeseconomiques.com\/?p=6704"},"author":{"name":"admin","@id":"https:\/\/challengeseconomiques.com\/#\/schema\/person\/b4568c9afebc5a9238a771873801e349"},"headline":"Air C\u00f4te d\u2019Ivoire a r\u00e9ceptionn\u00e9 un nouvel Airbus A319","datePublished":"2024-07-14T14:55:05+00:00","dateModified":"2024-07-14T14:55:35+00:00","mainEntityOfPage":{"@id":"https:\/\/challengeseconomiques.com\/?p=6704"},"wordCount":210,"image":{"@id":"https:\/\/challengeseconomiques.com\/?p=6704#primaryimage"},"thumbnailUrl":"https:\/\/challengeseconomiques.com\/wp-content\/uploads\/2024\/07\/aircotedivoire.jpg","articleSection":["Actualit\u00e9 \u00e9conomique","Infos \u00e9co"],"inLanguage":"fr-FR"},{"@type":"WebPage","@id":"https:\/\/challengeseconomiques.com\/?p=6704","url":"https:\/\/challengeseconomiques.com\/?p=6704","name":"Air C\u00f4te d\u2019Ivoire a r\u00e9ceptionn\u00e9 un nouvel Airbus A319 - challenges economiques","isPartOf":{"@id":"https:\/\/challengeseconomiques.com\/#website"},"primaryImageOfPage":{"@id":"https:\/\/challengeseconomiques.com\/?p=6704#primaryimage"},"image":{"@id":"https:\/\/challengeseconomiques.com\/?p=6704#primaryimage"},"thumbnailUrl":"https:\/\/challengeseconomiques.com\/wp-content\/uploads\/2024\/07\/aircotedivoire.jpg","datePublished":"2024-07-14T14:55:05+00:00","dateModified":"2024-07-14T14:55:35+00:00","author":{"@id":"https:\/\/challengeseconomiques.com\/#\/schema\/person\/b4568c9afebc5a9238a771873801e349"},"breadcrumb":{"@id":"https:\/\/challengeseconomiques.com\/?p=6704#breadcrumb"},"inLanguage":"fr-FR","potentialAction":[{"@type":"ReadAction","target":["https:\/\/challengeseconomiques.com\/?p=6704"]}]},{"@type":"ImageObject","inLanguage":"fr-FR","@id":"https:\/\/challengeseconomiques.com\/?p=6704#primaryimage","url":"https:\/\/challengeseconomiques.com\/wp-content\/uploads\/2024\/07\/aircotedivoire.jpg","contentUrl":"https:\/\/challengeseconomiques.com\/wp-content\/uploads\/2024\/07\/aircotedivoire.jpg","width":2048,"height":1364},{"@type":"BreadcrumbList","@id":"https:\/\/challengeseconomiques.com\/?p=6704#breadcrumb","itemListElement":[{"@type":"ListItem","position":1,"name":"Home","item":"https:\/\/challengeseconomiques.com\/"},{"@type":"ListItem","position":2,"name":"Air C\u00f4te d\u2019Ivoire a r\u00e9ceptionn\u00e9 un nouvel Airbus A319"}]},{"@type":"WebSite","@id":"https:\/\/challengeseconomiques.com\/#website","url":"https:\/\/challengeseconomiques.com\/","name":"challenges economiques","description":"","potentialAction":[{"@type":"SearchAction","target":{"@type":"EntryPoint","urlTemplate":"https:\/\/challengeseconomiques.com\/?s={search_term_string}"},"query-input":{"@type":"PropertyValueSpecification","valueRequired":true,"valueName":"search_term_string"}}],"inLanguage":"fr-FR"},{"@type":"Person","@id":"https:\/\/challengeseconomiques.com\/#\/schema\/person\/b4568c9afebc5a9238a771873801e349","name":"admin","image":{"@type":"ImageObject","inLanguage":"fr-FR","@id":"https:\/\/challengeseconomiques.com\/#\/schema\/person\/image\/","url":"https:\/\/secure.gravatar.com\/avatar\/099e42240b5eea11acdb72751fcce0dd918603f0749d24974b7984ea47ed9fd9?s=96&d=mm&r=g","contentUrl":"https:\/\/secure.gravatar.com\/avatar\/099e42240b5eea11acdb72751fcce0dd918603f0749d24974b7984ea47ed9fd9?s=96&d=mm&r=g","caption":"admin"},"sameAs":["https:\/\/challengeseconomiques.com"],"url":"https:\/\/challengeseconomiques.com\/?author=1"}]}},"jetpack_featured_media_url":"https:\/\/challengeseconomiques.com\/wp-content\/uploads\/2024\/07\/aircotedivoire.jpg","jetpack_sharing_enabled":true,"_links":{"self":[{"href":"https:\/\/challengeseconomiques.com\/index.php?rest_route=\/wp\/v2\/posts\/6704","targetHints":{"allow":["GET"]}}],"collection":[{"href":"https:\/\/challengeseconomiques.com\/index.php?rest_route=\/wp\/v2\/posts"}],"about":[{"href":"https:\/\/challengeseconomiques.com\/index.php?rest_route=\/wp\/v2\/types\/post"}],"author":[{"embeddable":true,"href":"https:\/\/challengeseconomiques.com\/index.php?rest_route=\/wp\/v2\/users\/1"}],"replies":[{"embeddable":true,"href":"https:\/\/challengeseconomiques.com\/index.php?rest_route=%2Fwp%2Fv2%2Fcomments&post=6704"}],"version-history":[{"count":1,"href":"https:\/\/challengeseconomiques.com\/index.php?rest_route=\/wp\/v2\/posts\/6704\/revisions"}],"predecessor-version":[{"id":6706,"href":"https:\/\/challengeseconomiques.com\/index.php?rest_route=\/wp\/v2\/posts\/6704\/revisions\/6706"}],"wp:featuredmedia":[{"embeddable":true,"href":"https:\/\/challengeseconomiques.com\/index.php?rest_route=\/wp\/v2\/media\/6705"}],"wp:attachment":[{"href":"https:\/\/challengeseconomiques.com\/index.php?rest_route=%2Fwp%2Fv2%2Fmedia&parent=6704"}],"wp:term":[{"taxonomy":"category","embeddable":true,"href":"https:\/\/challengeseconomiques.com\/index.php?rest_route=%2Fwp%2Fv2%2Fcategories&post=6704"},{"taxonomy":"post_tag","embeddable":true,"href":"https:\/\/challengeseconomiques.com\/index.php?rest_route=%2Fwp%2Fv2%2Ftags&post=6704"}],"curies":[{"name":"wp","href":"https:\/\/api.w.org\/{rel}","templated":true}]}}