{"id":6701,"date":"2024-07-14T14:38:18","date_gmt":"2024-07-14T14:38:18","guid":{"rendered":"https:\/\/challengeseconomiques.com\/?p=6701"},"modified":"2024-07-14T14:38:46","modified_gmt":"2024-07-14T14:38:46","slug":"se-former-a-la-zlecaf","status":"publish","type":"post","link":"https:\/\/challengeseconomiques.com\/?p=6701","title":{"rendered":"Se former \u00e0 la ZLECAf"},"content":{"rendered":"<p><strong>Afreximbank et le secr\u00e9tariat de la ZLECAf proposent un programme de renforcement des capacit\u00e9s pour permettre aux entreprises africaines de tirer parti du libre-\u00e9change continental.<\/strong><\/p>\n<p>&nbsp;<\/p>\n<p>La Banque africaine d\u2019import-export vient de proc\u00e9der au lancement d\u2019un programme de renforcement des capacit\u00e9s con\u00e7u pour permettre aux entreprises africaines de tirer parti des opportunit\u00e9s offertes par la ZLECAf (Zone de libre-\u00e9change continentale africaine).<\/p>\n<p>Cette initiative, men\u00e9e par Afreximbank Academy, en collaboration avec le Secr\u00e9tariat de la ZLECAf, vise \u00e0 doter les entreprises des comp\u00e9tences et des connaissances n\u00e9cessaires pour naviguer et prosp\u00e9rer dans le paysage commercial intra-africain.<\/p>\n<blockquote><p>\u00ab\u00a0Investir dans le renforcement des capacit\u00e9s des entreprises et des PME permettra de mobiliser les investissements nationaux et de r\u00e9duire les d\u00e9ficits avec les march\u00e9s des pays tiers.\u00a0\u00bb<\/p><\/blockquote>\n<p>Pr\u00e9vu du 9 au 13 septembre 2024 au Caire, en \u00c9gypte, le programme de formation qui sera dispens\u00e9 en collaboration avec l\u2019Universit\u00e9 am\u00e9ricaine du Caire et le Secr\u00e9tariat de la ZLECAf sera ax\u00e9 sur les incidences commerciales de la ZLECAf et les nombreuses opportunit\u00e9s que l\u2019accord offre aux entreprises africaines.<\/p>\n<p>Le programme de formation fournira \u00e9galement aux membres du TRADAR Club d\u2019Afreximbank et aux autres participants des informations pratiques pour leur permettre de tirer parti des avantages et des opportunit\u00e9s offerts par l\u2019accord. En outre, cette initiative aidera \u00e0 traduire les divers instruments de trait\u00e9 de la ZLECAf dans un langage pratique que les entreprises peuvent facilement comprendre. De plus, la formation fournira un expos\u00e9 sur les exigences que les entreprises doivent satisfaire pour saisir les opportunit\u00e9s du march\u00e9 de la ZLECAf en constante expansion.<\/p>\n<p>Si la ZLECAf pr\u00e9sente un immense potentiel de soutien au d\u00e9veloppement \u00e9conomique, un manque de compr\u00e9hension des nuances techniques li\u00e9es \u00e0 l\u2019interpr\u00e9tation de l\u2019accord emp\u00eache la pleine actualisation de ses avantages. Certaines entreprises ne sont pas non plus en mesure de tirer pleinement parti de l\u2019accord ou de concurrencer l\u2019afflux de nouveaux concurrents d\u2019autres r\u00e9gions, jugent les promoteurs de ce programme de formation.<\/p>\n<p>En cons\u00e9quence, celui-ci mettra l\u2019accent sur l\u2019\u00e9limination des obstacles dans l\u2019environnement commercial et sur les contraintes de capacit\u00e9 des entreprises africaines afin de soutenir la transition du mod\u00e8le actuel de production locale pour la consommation locale vers un mod\u00e8le qui assure une production locale pour les march\u00e9s d\u2019exportation continentaux et internationaux.<\/p>\n<p>&nbsp;<\/p>\n<p><strong>Stimuler le commerce intra-africain<\/strong><\/p>\n<p>Les participants au programme comprennent des entreprises africaines (essentiellement des importateurs et des exportateurs), des institutions d\u2019appui au commerce (y compris des organisations de promotion du commerce, des chambres de commerce et des agences de promotion des investissements), des soci\u00e9t\u00e9s de commerce d\u2019exportation, la communaut\u00e9 du commerce ext\u00e9rieur (y compris des investisseurs) et des cadres de banque.<\/p>\n<p>Commentant le programme, Yemi Kale, le nouvel \u00e9conomiste en chef d\u2019Afreximbank, souligne l\u2019importance de cr\u00e9er les comp\u00e9tences et les capacit\u00e9s requises pour les activit\u00e9s industrielles locales en vue de permettre \u00e0 tous les pays africains de b\u00e9n\u00e9ficier des avantages du march\u00e9 unique de la ZLECAf.<\/p>\n<p>Il rappelle qu\u2019Afreximbank est un partisan cl\u00e9 de la mise en \u0153uvre de la ZLECAf, qui vise \u00e0 transformer l\u2019Afrique d\u2019un ensemble d\u2019\u00e9conomies fragment\u00e9es et d\u00e9pendant des mati\u00e8res premi\u00e8res en un march\u00e9 unique dynamique et int\u00e9gr\u00e9 d\u2019environ deux milliards de personnes avec un PIB combin\u00e9 d\u2019environ 3\u00a0400 milliards de dollars. \u00ab\u00a0<em>\u00c0 cet \u00e9gard, des entreprises bien inform\u00e9es et pr\u00e9par\u00e9es sont essentielles pour stimuler le commerce et l\u2019investissement intra- et extra-africains.\u00a0<\/em>\u00bb<\/p>\n<p><img decoding=\"async\" class=\"alignleft lazyloaded\" src=\"https:\/\/afxm-afracad-web.s3.eu-west-1.amazonaws.com\/2024\/05\/3_0_70_1lbpilot_30-1.jpg\" data-src=\"https:\/\/afxm-afracad-web.s3.eu-west-1.amazonaws.com\/2024\/05\/3_0_70_1lbpilot_30-1.jpg\" \/>Gr\u00e2ce \u00e0 ce programme de formation,\u00a0\u00ab\u00a0<em>nous visons \u00e0 donner aux entreprises africaines les moyens de tirer pleinement parti des vastes opportunit\u00e9s cr\u00e9\u00e9es par la ZLECAf, renfor\u00e7ant ainsi leur comp\u00e9titivit\u00e9 et contribuant \u00e0 une croissance \u00e9conomique durable en Afrique<\/em> \u00bb.<\/p>\n<p>Avis partag\u00e9 par Tsotetsi Makong, en charge du Renforcement des capacit\u00e9s et de l\u2019assistance technique au Secr\u00e9tariat de la ZLECAf. Le responsable souligne l\u2019importance du renforcement des capacit\u00e9s en vue d\u2019assurer une mise en \u0153uvre r\u00e9ussie de la ZLECAf. Tsotetsi Makong souligne l\u2019importance d\u2019une approche du renforcement des capacit\u00e9s ax\u00e9e sur la cha\u00eene de valeur. Laquelle \u00ab\u00a0<em>accorde la priorit\u00e9 aux comp\u00e9tences des ressources humaines, \u00e0 l\u2019ad\u00e9quation des proc\u00e9dures et processus administratifs, \u00e0 la traduction de la ZLECAf en infrastructures r\u00e9glementaires nationales et r\u00e9gionales, \u00e0 la promotion d\u2019un cadre institutionnel pr\u00e9visible dans les institutions publiques impliqu\u00e9es dans la facilitation et l\u2019ex\u00e9cution des transactions commerciales et \u00e0 la garantie que les transactions commerciales sont soutenues par les infrastructures mat\u00e9rielles et immat\u00e9rielles requises<\/em>\u00a0\u00bb.<\/p>\n<p>Ajoutant\u00a0: \u00ab\u00a0<em>Investir dans le renforcement des capacit\u00e9s des entreprises et des PME permettra de mobiliser les investissements nationaux et de r\u00e9duire les d\u00e9ficits avec les march\u00e9s des pays tiers, prouvant ainsi que la ZLECAf est l\u2019instrument le plus important pour r\u00e9duire les risques auxquels le continent africain est expos\u00e9 en mati\u00e8re d\u2019investissements.<\/em> \u00bb<\/p>\n<p><strong>Le Magazine de l&rsquo;Afrique<\/strong><\/p>\n","protected":false},"excerpt":{"rendered":"<p>Afreximbank et le secr\u00e9tariat de la ZLECAf proposent un programme de renforcement des capacit\u00e9s pour permettre aux entreprises africaines de tirer parti du libre-\u00e9change continental&#8230;.<\/p>\n","protected":false},"author":1,"featured_media":6702,"comment_status":"closed","ping_status":"open","sticky":false,"template":"","format":"standard","meta":{"_jetpack_memberships_contains_paid_content":false,"footnotes":""},"categories":[8],"tags":[],"class_list":["post-6701","post","type-post","status-publish","format-standard","has-post-thumbnail","hentry","category-actualite-economique","wpcat-8-id"],"yoast_head":"<!-- This site is optimized with the Yoast SEO plugin v27.1.1 - https:\/\/yoast.com\/product\/yoast-seo-wordpress\/ -->\n<title>Se former \u00e0 la ZLECAf - challenges economiques<\/title>\n<meta name=\"robots\" content=\"index, follow, max-snippet:-1, max-image-preview:large, max-video-preview:-1\" \/>\n<link rel=\"canonical\" href=\"https:\/\/challengeseconomiques.com\/?p=6701\" \/>\n<meta property=\"og:locale\" content=\"fr_FR\" \/>\n<meta property=\"og:type\" content=\"article\" \/>\n<meta property=\"og:title\" content=\"Se former \u00e0 la ZLECAf - challenges economiques\" \/>\n<meta property=\"og:description\" content=\"Afreximbank et le secr\u00e9tariat de la ZLECAf proposent un programme de renforcement des capacit\u00e9s pour permettre aux entreprises africaines de tirer parti du libre-\u00e9change continental....\" \/>\n<meta property=\"og:url\" content=\"https:\/\/challengeseconomiques.com\/?p=6701\" \/>\n<meta property=\"og:site_name\" content=\"challenges economiques\" \/>\n<meta property=\"article:published_time\" content=\"2024-07-14T14:38:18+00:00\" \/>\n<meta property=\"article:modified_time\" content=\"2024-07-14T14:38:46+00:00\" \/>\n<meta property=\"og:image\" content=\"https:\/\/challengeseconomiques.com\/wp-content\/uploads\/2024\/07\/Commerce-international-1-770x470-1.webp\" \/>\n\t<meta property=\"og:image:width\" content=\"770\" \/>\n\t<meta property=\"og:image:height\" content=\"470\" \/>\n\t<meta property=\"og:image:type\" content=\"image\/webp\" \/>\n<meta name=\"author\" content=\"admin\" \/>\n<meta name=\"twitter:card\" content=\"summary_large_image\" \/>\n<meta name=\"twitter:label1\" content=\"\u00c9crit par\" \/>\n\t<meta name=\"twitter:data1\" content=\"admin\" \/>\n\t<meta name=\"twitter:label2\" content=\"Dur\u00e9e de lecture estim\u00e9e\" \/>\n\t<meta name=\"twitter:data2\" content=\"4 minutes\" \/>\n<script type=\"application\/ld+json\" class=\"yoast-schema-graph\">{\"@context\":\"https:\/\/schema.org\",\"@graph\":[{\"@type\":\"Article\",\"@id\":\"https:\/\/challengeseconomiques.com\/?p=6701#article\",\"isPartOf\":{\"@id\":\"https:\/\/challengeseconomiques.com\/?p=6701\"},\"author\":{\"name\":\"admin\",\"@id\":\"https:\/\/challengeseconomiques.com\/#\/schema\/person\/b4568c9afebc5a9238a771873801e349\"},\"headline\":\"Se former \u00e0 la ZLECAf\",\"datePublished\":\"2024-07-14T14:38:18+00:00\",\"dateModified\":\"2024-07-14T14:38:46+00:00\",\"mainEntityOfPage\":{\"@id\":\"https:\/\/challengeseconomiques.com\/?p=6701\"},\"wordCount\":867,\"image\":{\"@id\":\"https:\/\/challengeseconomiques.com\/?p=6701#primaryimage\"},\"thumbnailUrl\":\"https:\/\/challengeseconomiques.com\/wp-content\/uploads\/2024\/07\/Commerce-international-1-770x470-1.webp\",\"articleSection\":[\"Actualit\u00e9 \u00e9conomique\"],\"inLanguage\":\"fr-FR\"},{\"@type\":\"WebPage\",\"@id\":\"https:\/\/challengeseconomiques.com\/?p=6701\",\"url\":\"https:\/\/challengeseconomiques.com\/?p=6701\",\"name\":\"Se former \u00e0 la ZLECAf - challenges economiques\",\"isPartOf\":{\"@id\":\"https:\/\/challengeseconomiques.com\/#website\"},\"primaryImageOfPage\":{\"@id\":\"https:\/\/challengeseconomiques.com\/?p=6701#primaryimage\"},\"image\":{\"@id\":\"https:\/\/challengeseconomiques.com\/?p=6701#primaryimage\"},\"thumbnailUrl\":\"https:\/\/challengeseconomiques.com\/wp-content\/uploads\/2024\/07\/Commerce-international-1-770x470-1.webp\",\"datePublished\":\"2024-07-14T14:38:18+00:00\",\"dateModified\":\"2024-07-14T14:38:46+00:00\",\"author\":{\"@id\":\"https:\/\/challengeseconomiques.com\/#\/schema\/person\/b4568c9afebc5a9238a771873801e349\"},\"breadcrumb\":{\"@id\":\"https:\/\/challengeseconomiques.com\/?p=6701#breadcrumb\"},\"inLanguage\":\"fr-FR\",\"potentialAction\":[{\"@type\":\"ReadAction\",\"target\":[\"https:\/\/challengeseconomiques.com\/?p=6701\"]}]},{\"@type\":\"ImageObject\",\"inLanguage\":\"fr-FR\",\"@id\":\"https:\/\/challengeseconomiques.com\/?p=6701#primaryimage\",\"url\":\"https:\/\/challengeseconomiques.com\/wp-content\/uploads\/2024\/07\/Commerce-international-1-770x470-1.webp\",\"contentUrl\":\"https:\/\/challengeseconomiques.com\/wp-content\/uploads\/2024\/07\/Commerce-international-1-770x470-1.webp\",\"width\":770,\"height\":470},{\"@type\":\"BreadcrumbList\",\"@id\":\"https:\/\/challengeseconomiques.com\/?p=6701#breadcrumb\",\"itemListElement\":[{\"@type\":\"ListItem\",\"position\":1,\"name\":\"Home\",\"item\":\"https:\/\/challengeseconomiques.com\/\"},{\"@type\":\"ListItem\",\"position\":2,\"name\":\"Se former \u00e0 la ZLECAf\"}]},{\"@type\":\"WebSite\",\"@id\":\"https:\/\/challengeseconomiques.com\/#website\",\"url\":\"https:\/\/challengeseconomiques.com\/\",\"name\":\"challenges economiques\",\"description\":\"\",\"potentialAction\":[{\"@type\":\"SearchAction\",\"target\":{\"@type\":\"EntryPoint\",\"urlTemplate\":\"https:\/\/challengeseconomiques.com\/?s={search_term_string}\"},\"query-input\":{\"@type\":\"PropertyValueSpecification\",\"valueRequired\":true,\"valueName\":\"search_term_string\"}}],\"inLanguage\":\"fr-FR\"},{\"@type\":\"Person\",\"@id\":\"https:\/\/challengeseconomiques.com\/#\/schema\/person\/b4568c9afebc5a9238a771873801e349\",\"name\":\"admin\",\"image\":{\"@type\":\"ImageObject\",\"inLanguage\":\"fr-FR\",\"@id\":\"https:\/\/challengeseconomiques.com\/#\/schema\/person\/image\/\",\"url\":\"https:\/\/secure.gravatar.com\/avatar\/099e42240b5eea11acdb72751fcce0dd918603f0749d24974b7984ea47ed9fd9?s=96&d=mm&r=g\",\"contentUrl\":\"https:\/\/secure.gravatar.com\/avatar\/099e42240b5eea11acdb72751fcce0dd918603f0749d24974b7984ea47ed9fd9?s=96&d=mm&r=g\",\"caption\":\"admin\"},\"sameAs\":[\"https:\/\/challengeseconomiques.com\"],\"url\":\"https:\/\/challengeseconomiques.com\/?author=1\"}]}<\/script>\n<!-- \/ Yoast SEO plugin. -->","yoast_head_json":{"title":"Se former \u00e0 la ZLECAf - challenges economiques","robots":{"index":"index","follow":"follow","max-snippet":"max-snippet:-1","max-image-preview":"max-image-preview:large","max-video-preview":"max-video-preview:-1"},"canonical":"https:\/\/challengeseconomiques.com\/?p=6701","og_locale":"fr_FR","og_type":"article","og_title":"Se former \u00e0 la ZLECAf - challenges economiques","og_description":"Afreximbank et le secr\u00e9tariat de la ZLECAf proposent un programme de renforcement des capacit\u00e9s pour permettre aux entreprises africaines de tirer parti du libre-\u00e9change continental....","og_url":"https:\/\/challengeseconomiques.com\/?p=6701","og_site_name":"challenges economiques","article_published_time":"2024-07-14T14:38:18+00:00","article_modified_time":"2024-07-14T14:38:46+00:00","og_image":[{"width":770,"height":470,"url":"https:\/\/challengeseconomiques.com\/wp-content\/uploads\/2024\/07\/Commerce-international-1-770x470-1.webp","type":"image\/webp"}],"author":"admin","twitter_card":"summary_large_image","twitter_misc":{"\u00c9crit par":"admin","Dur\u00e9e de lecture estim\u00e9e":"4 minutes"},"schema":{"@context":"https:\/\/schema.org","@graph":[{"@type":"Article","@id":"https:\/\/challengeseconomiques.com\/?p=6701#article","isPartOf":{"@id":"https:\/\/challengeseconomiques.com\/?p=6701"},"author":{"name":"admin","@id":"https:\/\/challengeseconomiques.com\/#\/schema\/person\/b4568c9afebc5a9238a771873801e349"},"headline":"Se former \u00e0 la ZLECAf","datePublished":"2024-07-14T14:38:18+00:00","dateModified":"2024-07-14T14:38:46+00:00","mainEntityOfPage":{"@id":"https:\/\/challengeseconomiques.com\/?p=6701"},"wordCount":867,"image":{"@id":"https:\/\/challengeseconomiques.com\/?p=6701#primaryimage"},"thumbnailUrl":"https:\/\/challengeseconomiques.com\/wp-content\/uploads\/2024\/07\/Commerce-international-1-770x470-1.webp","articleSection":["Actualit\u00e9 \u00e9conomique"],"inLanguage":"fr-FR"},{"@type":"WebPage","@id":"https:\/\/challengeseconomiques.com\/?p=6701","url":"https:\/\/challengeseconomiques.com\/?p=6701","name":"Se former \u00e0 la ZLECAf - challenges economiques","isPartOf":{"@id":"https:\/\/challengeseconomiques.com\/#website"},"primaryImageOfPage":{"@id":"https:\/\/challengeseconomiques.com\/?p=6701#primaryimage"},"image":{"@id":"https:\/\/challengeseconomiques.com\/?p=6701#primaryimage"},"thumbnailUrl":"https:\/\/challengeseconomiques.com\/wp-content\/uploads\/2024\/07\/Commerce-international-1-770x470-1.webp","datePublished":"2024-07-14T14:38:18+00:00","dateModified":"2024-07-14T14:38:46+00:00","author":{"@id":"https:\/\/challengeseconomiques.com\/#\/schema\/person\/b4568c9afebc5a9238a771873801e349"},"breadcrumb":{"@id":"https:\/\/challengeseconomiques.com\/?p=6701#breadcrumb"},"inLanguage":"fr-FR","potentialAction":[{"@type":"ReadAction","target":["https:\/\/challengeseconomiques.com\/?p=6701"]}]},{"@type":"ImageObject","inLanguage":"fr-FR","@id":"https:\/\/challengeseconomiques.com\/?p=6701#primaryimage","url":"https:\/\/challengeseconomiques.com\/wp-content\/uploads\/2024\/07\/Commerce-international-1-770x470-1.webp","contentUrl":"https:\/\/challengeseconomiques.com\/wp-content\/uploads\/2024\/07\/Commerce-international-1-770x470-1.webp","width":770,"height":470},{"@type":"BreadcrumbList","@id":"https:\/\/challengeseconomiques.com\/?p=6701#breadcrumb","itemListElement":[{"@type":"ListItem","position":1,"name":"Home","item":"https:\/\/challengeseconomiques.com\/"},{"@type":"ListItem","position":2,"name":"Se former \u00e0 la ZLECAf"}]},{"@type":"WebSite","@id":"https:\/\/challengeseconomiques.com\/#website","url":"https:\/\/challengeseconomiques.com\/","name":"challenges economiques","description":"","potentialAction":[{"@type":"SearchAction","target":{"@type":"EntryPoint","urlTemplate":"https:\/\/challengeseconomiques.com\/?s={search_term_string}"},"query-input":{"@type":"PropertyValueSpecification","valueRequired":true,"valueName":"search_term_string"}}],"inLanguage":"fr-FR"},{"@type":"Person","@id":"https:\/\/challengeseconomiques.com\/#\/schema\/person\/b4568c9afebc5a9238a771873801e349","name":"admin","image":{"@type":"ImageObject","inLanguage":"fr-FR","@id":"https:\/\/challengeseconomiques.com\/#\/schema\/person\/image\/","url":"https:\/\/secure.gravatar.com\/avatar\/099e42240b5eea11acdb72751fcce0dd918603f0749d24974b7984ea47ed9fd9?s=96&d=mm&r=g","contentUrl":"https:\/\/secure.gravatar.com\/avatar\/099e42240b5eea11acdb72751fcce0dd918603f0749d24974b7984ea47ed9fd9?s=96&d=mm&r=g","caption":"admin"},"sameAs":["https:\/\/challengeseconomiques.com"],"url":"https:\/\/challengeseconomiques.com\/?author=1"}]}},"jetpack_featured_media_url":"https:\/\/challengeseconomiques.com\/wp-content\/uploads\/2024\/07\/Commerce-international-1-770x470-1.webp","jetpack_sharing_enabled":true,"_links":{"self":[{"href":"https:\/\/challengeseconomiques.com\/index.php?rest_route=\/wp\/v2\/posts\/6701","targetHints":{"allow":["GET"]}}],"collection":[{"href":"https:\/\/challengeseconomiques.com\/index.php?rest_route=\/wp\/v2\/posts"}],"about":[{"href":"https:\/\/challengeseconomiques.com\/index.php?rest_route=\/wp\/v2\/types\/post"}],"author":[{"embeddable":true,"href":"https:\/\/challengeseconomiques.com\/index.php?rest_route=\/wp\/v2\/users\/1"}],"replies":[{"embeddable":true,"href":"https:\/\/challengeseconomiques.com\/index.php?rest_route=%2Fwp%2Fv2%2Fcomments&post=6701"}],"version-history":[{"count":1,"href":"https:\/\/challengeseconomiques.com\/index.php?rest_route=\/wp\/v2\/posts\/6701\/revisions"}],"predecessor-version":[{"id":6703,"href":"https:\/\/challengeseconomiques.com\/index.php?rest_route=\/wp\/v2\/posts\/6701\/revisions\/6703"}],"wp:featuredmedia":[{"embeddable":true,"href":"https:\/\/challengeseconomiques.com\/index.php?rest_route=\/wp\/v2\/media\/6702"}],"wp:attachment":[{"href":"https:\/\/challengeseconomiques.com\/index.php?rest_route=%2Fwp%2Fv2%2Fmedia&parent=6701"}],"wp:term":[{"taxonomy":"category","embeddable":true,"href":"https:\/\/challengeseconomiques.com\/index.php?rest_route=%2Fwp%2Fv2%2Fcategories&post=6701"},{"taxonomy":"post_tag","embeddable":true,"href":"https:\/\/challengeseconomiques.com\/index.php?rest_route=%2Fwp%2Fv2%2Ftags&post=6701"}],"curies":[{"name":"wp","href":"https:\/\/api.w.org\/{rel}","templated":true}]}}