{"id":6695,"date":"2024-07-13T12:00:45","date_gmt":"2024-07-13T12:00:45","guid":{"rendered":"https:\/\/challengeseconomiques.com\/?p=6695"},"modified":"2024-07-13T11:04:17","modified_gmt":"2024-07-13T11:04:17","slug":"port-de-dakar-baisse-de-164-du-trafic-en-avril-2024","status":"publish","type":"post","link":"https:\/\/challengeseconomiques.com\/?p=6695","title":{"rendered":"Port de Dakar : baisse de 16,4% du trafic en avril 2024"},"content":{"rendered":"<div class=\"itemIntroText\">\n<p class=\"texte textearticle\"><strong>La contreperformance d\u2019avril 2024 au port de Dakar remet en exergue quelques d\u00e9fis persistants qui perturbent la dynamique de croissance et d\u2019expansion de la plateforme, qui vise \u00e0 devenir un hub r\u00e9gional \u00e0 l\u2019horizon 2035.<\/strong><\/p>\n<p class=\"texte textearticle\">Les derniers chiffres du Port autonome de Dakar montrent une baisse d\u2019activit\u00e9 de 16,4% en avril 2024 par rapport au mois pr\u00e9c\u00e9dent. En glissement annuel, la baisse du trafic est de l&rsquo;ordre de 9,6%.<\/p>\n<p class=\"texte textearticle\">Ce recul est entre autres d\u00fb \u00e0 la baisse des exp\u00e9ditions de marchandises diverses (-21,8%) et de produits de mer (-12%) dont l\u2019impact s\u2019est observ\u00e9 sur les exportations globales qui ont diminu\u00e9 de 18,6%.<\/p>\n<p class=\"texte textearticle\">Les importations ont aussi connu un repli de 18,6% entra\u00een\u00e9 par une baisse de 13,4% des volumes de marchandises diverses, alors qu\u2019il n\u2019a \u00e9t\u00e9 enregistr\u00e9 sur la p\u00e9riode aucun d\u00e9barquement de p\u00e9trole brut. Dans cette cat\u00e9gorie par contre, les produits de mer ont connu une hausse notable de 73,4% et les hydrocarbures raffin\u00e9s ont augment\u00e9 de 4,5%.<\/p>\n<p class=\"texte textearticle\">Pour ce qui est du fret conteneuris\u00e9, le port dakarois a par ailleurs signal\u00e9 un record d\u2019activit\u00e9, avec 77\u00a0680 EVP (conteneurs standards de 20 pieds) manutentionn\u00e9s, surpassant ainsi la performance de 76\u00a0282 EVP en\u00a02023.<\/p>\n<p class=\"texte textearticle\">Selon les chiffres disponibles, le trafic global du port de Dakar en 2022 s\u2019\u00e9tait \u00e9tabli \u00e0 22,4 millions de tonnes.<\/p>\n<p><strong>(Agence Ecofin)\u00a0 <\/strong><\/p>\n<\/div>\n","protected":false},"excerpt":{"rendered":"<p>La contreperformance d\u2019avril 2024 au port de Dakar remet en exergue quelques d\u00e9fis persistants qui perturbent la dynamique de croissance et d\u2019expansion de la plateforme,&#8230;<\/p>\n","protected":false},"author":1,"featured_media":6696,"comment_status":"closed","ping_status":"open","sticky":false,"template":"","format":"standard","meta":{"_jetpack_memberships_contains_paid_content":false,"footnotes":""},"categories":[8],"tags":[],"class_list":["post-6695","post","type-post","status-publish","format-standard","has-post-thumbnail","hentry","category-actualite-economique","wpcat-8-id"],"yoast_head":"<!-- This site is optimized with the Yoast SEO plugin v27.1.1 - https:\/\/yoast.com\/product\/yoast-seo-wordpress\/ -->\n<title>Port de Dakar : baisse de 16,4% du trafic en avril 2024 - challenges economiques<\/title>\n<meta name=\"robots\" content=\"index, follow, max-snippet:-1, max-image-preview:large, max-video-preview:-1\" \/>\n<link rel=\"canonical\" href=\"https:\/\/challengeseconomiques.com\/?p=6695\" \/>\n<meta property=\"og:locale\" content=\"fr_FR\" \/>\n<meta property=\"og:type\" content=\"article\" \/>\n<meta property=\"og:title\" content=\"Port de Dakar : baisse de 16,4% du trafic en avril 2024 - challenges economiques\" \/>\n<meta property=\"og:description\" content=\"La contreperformance d\u2019avril 2024 au port de Dakar remet en exergue quelques d\u00e9fis persistants qui perturbent la dynamique de croissance et d\u2019expansion de la plateforme,...\" \/>\n<meta property=\"og:url\" content=\"https:\/\/challengeseconomiques.com\/?p=6695\" \/>\n<meta property=\"og:site_name\" content=\"challenges economiques\" \/>\n<meta property=\"article:published_time\" content=\"2024-07-13T12:00:45+00:00\" \/>\n<meta property=\"og:image\" content=\"https:\/\/challengeseconomiques.com\/wp-content\/uploads\/2024\/07\/port-de-dakar2.jpg\" \/>\n\t<meta property=\"og:image:width\" content=\"1068\" \/>\n\t<meta property=\"og:image:height\" content=\"800\" \/>\n\t<meta property=\"og:image:type\" content=\"image\/jpeg\" \/>\n<meta name=\"author\" content=\"admin\" \/>\n<meta name=\"twitter:card\" content=\"summary_large_image\" \/>\n<meta name=\"twitter:label1\" content=\"\u00c9crit par\" \/>\n\t<meta name=\"twitter:data1\" content=\"admin\" \/>\n\t<meta name=\"twitter:label2\" content=\"Dur\u00e9e de lecture estim\u00e9e\" \/>\n\t<meta name=\"twitter:data2\" content=\"1 minute\" \/>\n<script type=\"application\/ld+json\" class=\"yoast-schema-graph\">{\"@context\":\"https:\/\/schema.org\",\"@graph\":[{\"@type\":\"Article\",\"@id\":\"https:\/\/challengeseconomiques.com\/?p=6695#article\",\"isPartOf\":{\"@id\":\"https:\/\/challengeseconomiques.com\/?p=6695\"},\"author\":{\"name\":\"admin\",\"@id\":\"https:\/\/challengeseconomiques.com\/#\/schema\/person\/b4568c9afebc5a9238a771873801e349\"},\"headline\":\"Port de Dakar : baisse de 16,4% du trafic en avril 2024\",\"datePublished\":\"2024-07-13T12:00:45+00:00\",\"mainEntityOfPage\":{\"@id\":\"https:\/\/challengeseconomiques.com\/?p=6695\"},\"wordCount\":229,\"image\":{\"@id\":\"https:\/\/challengeseconomiques.com\/?p=6695#primaryimage\"},\"thumbnailUrl\":\"https:\/\/challengeseconomiques.com\/wp-content\/uploads\/2024\/07\/port-de-dakar2.jpg\",\"articleSection\":[\"Actualit\u00e9 \u00e9conomique\"],\"inLanguage\":\"fr-FR\"},{\"@type\":\"WebPage\",\"@id\":\"https:\/\/challengeseconomiques.com\/?p=6695\",\"url\":\"https:\/\/challengeseconomiques.com\/?p=6695\",\"name\":\"Port de Dakar : baisse de 16,4% du trafic en avril 2024 - challenges economiques\",\"isPartOf\":{\"@id\":\"https:\/\/challengeseconomiques.com\/#website\"},\"primaryImageOfPage\":{\"@id\":\"https:\/\/challengeseconomiques.com\/?p=6695#primaryimage\"},\"image\":{\"@id\":\"https:\/\/challengeseconomiques.com\/?p=6695#primaryimage\"},\"thumbnailUrl\":\"https:\/\/challengeseconomiques.com\/wp-content\/uploads\/2024\/07\/port-de-dakar2.jpg\",\"datePublished\":\"2024-07-13T12:00:45+00:00\",\"author\":{\"@id\":\"https:\/\/challengeseconomiques.com\/#\/schema\/person\/b4568c9afebc5a9238a771873801e349\"},\"breadcrumb\":{\"@id\":\"https:\/\/challengeseconomiques.com\/?p=6695#breadcrumb\"},\"inLanguage\":\"fr-FR\",\"potentialAction\":[{\"@type\":\"ReadAction\",\"target\":[\"https:\/\/challengeseconomiques.com\/?p=6695\"]}]},{\"@type\":\"ImageObject\",\"inLanguage\":\"fr-FR\",\"@id\":\"https:\/\/challengeseconomiques.com\/?p=6695#primaryimage\",\"url\":\"https:\/\/challengeseconomiques.com\/wp-content\/uploads\/2024\/07\/port-de-dakar2.jpg\",\"contentUrl\":\"https:\/\/challengeseconomiques.com\/wp-content\/uploads\/2024\/07\/port-de-dakar2.jpg\",\"width\":1068,\"height\":800},{\"@type\":\"BreadcrumbList\",\"@id\":\"https:\/\/challengeseconomiques.com\/?p=6695#breadcrumb\",\"itemListElement\":[{\"@type\":\"ListItem\",\"position\":1,\"name\":\"Home\",\"item\":\"https:\/\/challengeseconomiques.com\/\"},{\"@type\":\"ListItem\",\"position\":2,\"name\":\"Port de Dakar : baisse de 16,4% du trafic en avril 2024\"}]},{\"@type\":\"WebSite\",\"@id\":\"https:\/\/challengeseconomiques.com\/#website\",\"url\":\"https:\/\/challengeseconomiques.com\/\",\"name\":\"challenges economiques\",\"description\":\"\",\"potentialAction\":[{\"@type\":\"SearchAction\",\"target\":{\"@type\":\"EntryPoint\",\"urlTemplate\":\"https:\/\/challengeseconomiques.com\/?s={search_term_string}\"},\"query-input\":{\"@type\":\"PropertyValueSpecification\",\"valueRequired\":true,\"valueName\":\"search_term_string\"}}],\"inLanguage\":\"fr-FR\"},{\"@type\":\"Person\",\"@id\":\"https:\/\/challengeseconomiques.com\/#\/schema\/person\/b4568c9afebc5a9238a771873801e349\",\"name\":\"admin\",\"image\":{\"@type\":\"ImageObject\",\"inLanguage\":\"fr-FR\",\"@id\":\"https:\/\/challengeseconomiques.com\/#\/schema\/person\/image\/\",\"url\":\"https:\/\/secure.gravatar.com\/avatar\/099e42240b5eea11acdb72751fcce0dd918603f0749d24974b7984ea47ed9fd9?s=96&d=mm&r=g\",\"contentUrl\":\"https:\/\/secure.gravatar.com\/avatar\/099e42240b5eea11acdb72751fcce0dd918603f0749d24974b7984ea47ed9fd9?s=96&d=mm&r=g\",\"caption\":\"admin\"},\"sameAs\":[\"https:\/\/challengeseconomiques.com\"],\"url\":\"https:\/\/challengeseconomiques.com\/?author=1\"}]}<\/script>\n<!-- \/ Yoast SEO plugin. -->","yoast_head_json":{"title":"Port de Dakar : baisse de 16,4% du trafic en avril 2024 - challenges economiques","robots":{"index":"index","follow":"follow","max-snippet":"max-snippet:-1","max-image-preview":"max-image-preview:large","max-video-preview":"max-video-preview:-1"},"canonical":"https:\/\/challengeseconomiques.com\/?p=6695","og_locale":"fr_FR","og_type":"article","og_title":"Port de Dakar : baisse de 16,4% du trafic en avril 2024 - challenges economiques","og_description":"La contreperformance d\u2019avril 2024 au port de Dakar remet en exergue quelques d\u00e9fis persistants qui perturbent la dynamique de croissance et d\u2019expansion de la plateforme,...","og_url":"https:\/\/challengeseconomiques.com\/?p=6695","og_site_name":"challenges economiques","article_published_time":"2024-07-13T12:00:45+00:00","og_image":[{"width":1068,"height":800,"url":"https:\/\/challengeseconomiques.com\/wp-content\/uploads\/2024\/07\/port-de-dakar2.jpg","type":"image\/jpeg"}],"author":"admin","twitter_card":"summary_large_image","twitter_misc":{"\u00c9crit par":"admin","Dur\u00e9e de lecture estim\u00e9e":"1 minute"},"schema":{"@context":"https:\/\/schema.org","@graph":[{"@type":"Article","@id":"https:\/\/challengeseconomiques.com\/?p=6695#article","isPartOf":{"@id":"https:\/\/challengeseconomiques.com\/?p=6695"},"author":{"name":"admin","@id":"https:\/\/challengeseconomiques.com\/#\/schema\/person\/b4568c9afebc5a9238a771873801e349"},"headline":"Port de Dakar : baisse de 16,4% du trafic en avril 2024","datePublished":"2024-07-13T12:00:45+00:00","mainEntityOfPage":{"@id":"https:\/\/challengeseconomiques.com\/?p=6695"},"wordCount":229,"image":{"@id":"https:\/\/challengeseconomiques.com\/?p=6695#primaryimage"},"thumbnailUrl":"https:\/\/challengeseconomiques.com\/wp-content\/uploads\/2024\/07\/port-de-dakar2.jpg","articleSection":["Actualit\u00e9 \u00e9conomique"],"inLanguage":"fr-FR"},{"@type":"WebPage","@id":"https:\/\/challengeseconomiques.com\/?p=6695","url":"https:\/\/challengeseconomiques.com\/?p=6695","name":"Port de Dakar : baisse de 16,4% du trafic en avril 2024 - challenges economiques","isPartOf":{"@id":"https:\/\/challengeseconomiques.com\/#website"},"primaryImageOfPage":{"@id":"https:\/\/challengeseconomiques.com\/?p=6695#primaryimage"},"image":{"@id":"https:\/\/challengeseconomiques.com\/?p=6695#primaryimage"},"thumbnailUrl":"https:\/\/challengeseconomiques.com\/wp-content\/uploads\/2024\/07\/port-de-dakar2.jpg","datePublished":"2024-07-13T12:00:45+00:00","author":{"@id":"https:\/\/challengeseconomiques.com\/#\/schema\/person\/b4568c9afebc5a9238a771873801e349"},"breadcrumb":{"@id":"https:\/\/challengeseconomiques.com\/?p=6695#breadcrumb"},"inLanguage":"fr-FR","potentialAction":[{"@type":"ReadAction","target":["https:\/\/challengeseconomiques.com\/?p=6695"]}]},{"@type":"ImageObject","inLanguage":"fr-FR","@id":"https:\/\/challengeseconomiques.com\/?p=6695#primaryimage","url":"https:\/\/challengeseconomiques.com\/wp-content\/uploads\/2024\/07\/port-de-dakar2.jpg","contentUrl":"https:\/\/challengeseconomiques.com\/wp-content\/uploads\/2024\/07\/port-de-dakar2.jpg","width":1068,"height":800},{"@type":"BreadcrumbList","@id":"https:\/\/challengeseconomiques.com\/?p=6695#breadcrumb","itemListElement":[{"@type":"ListItem","position":1,"name":"Home","item":"https:\/\/challengeseconomiques.com\/"},{"@type":"ListItem","position":2,"name":"Port de Dakar : baisse de 16,4% du trafic en avril 2024"}]},{"@type":"WebSite","@id":"https:\/\/challengeseconomiques.com\/#website","url":"https:\/\/challengeseconomiques.com\/","name":"challenges economiques","description":"","potentialAction":[{"@type":"SearchAction","target":{"@type":"EntryPoint","urlTemplate":"https:\/\/challengeseconomiques.com\/?s={search_term_string}"},"query-input":{"@type":"PropertyValueSpecification","valueRequired":true,"valueName":"search_term_string"}}],"inLanguage":"fr-FR"},{"@type":"Person","@id":"https:\/\/challengeseconomiques.com\/#\/schema\/person\/b4568c9afebc5a9238a771873801e349","name":"admin","image":{"@type":"ImageObject","inLanguage":"fr-FR","@id":"https:\/\/challengeseconomiques.com\/#\/schema\/person\/image\/","url":"https:\/\/secure.gravatar.com\/avatar\/099e42240b5eea11acdb72751fcce0dd918603f0749d24974b7984ea47ed9fd9?s=96&d=mm&r=g","contentUrl":"https:\/\/secure.gravatar.com\/avatar\/099e42240b5eea11acdb72751fcce0dd918603f0749d24974b7984ea47ed9fd9?s=96&d=mm&r=g","caption":"admin"},"sameAs":["https:\/\/challengeseconomiques.com"],"url":"https:\/\/challengeseconomiques.com\/?author=1"}]}},"jetpack_featured_media_url":"https:\/\/challengeseconomiques.com\/wp-content\/uploads\/2024\/07\/port-de-dakar2.jpg","jetpack_sharing_enabled":true,"_links":{"self":[{"href":"https:\/\/challengeseconomiques.com\/index.php?rest_route=\/wp\/v2\/posts\/6695","targetHints":{"allow":["GET"]}}],"collection":[{"href":"https:\/\/challengeseconomiques.com\/index.php?rest_route=\/wp\/v2\/posts"}],"about":[{"href":"https:\/\/challengeseconomiques.com\/index.php?rest_route=\/wp\/v2\/types\/post"}],"author":[{"embeddable":true,"href":"https:\/\/challengeseconomiques.com\/index.php?rest_route=\/wp\/v2\/users\/1"}],"replies":[{"embeddable":true,"href":"https:\/\/challengeseconomiques.com\/index.php?rest_route=%2Fwp%2Fv2%2Fcomments&post=6695"}],"version-history":[{"count":1,"href":"https:\/\/challengeseconomiques.com\/index.php?rest_route=\/wp\/v2\/posts\/6695\/revisions"}],"predecessor-version":[{"id":6697,"href":"https:\/\/challengeseconomiques.com\/index.php?rest_route=\/wp\/v2\/posts\/6695\/revisions\/6697"}],"wp:featuredmedia":[{"embeddable":true,"href":"https:\/\/challengeseconomiques.com\/index.php?rest_route=\/wp\/v2\/media\/6696"}],"wp:attachment":[{"href":"https:\/\/challengeseconomiques.com\/index.php?rest_route=%2Fwp%2Fv2%2Fmedia&parent=6695"}],"wp:term":[{"taxonomy":"category","embeddable":true,"href":"https:\/\/challengeseconomiques.com\/index.php?rest_route=%2Fwp%2Fv2%2Fcategories&post=6695"},{"taxonomy":"post_tag","embeddable":true,"href":"https:\/\/challengeseconomiques.com\/index.php?rest_route=%2Fwp%2Fv2%2Ftags&post=6695"}],"curies":[{"name":"wp","href":"https:\/\/api.w.org\/{rel}","templated":true}]}}