{"id":6654,"date":"2024-07-03T17:48:23","date_gmt":"2024-07-03T17:48:23","guid":{"rendered":"https:\/\/challengeseconomiques.com\/?p=6654"},"modified":"2024-07-03T17:49:04","modified_gmt":"2024-07-03T17:49:04","slug":"senegal-le-taux-dinclusion-financiere-superieur-a-la-moyenne-de-la-zone-uemoa-directeur-national-bceao","status":"publish","type":"post","link":"https:\/\/challengeseconomiques.com\/?p=6654","title":{"rendered":"S\u00e9n\u00e9gal : le taux d\u2019inclusion financi\u00e8re sup\u00e9rieur \u00e0 la moyenne de la zone UEMOA (Directeur national BCEAO)"},"content":{"rendered":"<p>Le taux d\u2019inclusion financi\u00e8re au S\u00e9n\u00e9gal est pass\u00e9 de 61,90% en 2016 \u00e0 83,3% en 2023, soit un taux sup\u00e9rieur \u00e0 la moyenne de 71,4% de l\u2019Union \u00e9conomique et mon\u00e9taire ouest africaine (UEMOA), a d\u00e9clar\u00e9, mardi, le directeur national de la Banque centrale des \u00c9tats de l\u2019Afrique de l\u2019Ouest (BCEAO), Fran\u00e7ois S\u00e8ne.<\/p>\n<p>\u2018\u2019Au S\u00e9n\u00e9gal, le taux global d\u2019utilisation des services financiers ou taux d\u2019inclusion financi\u00e8re a enregistr\u00e9 une progression significative pour se situer \u00e0 83,3% en 2023 contre 61,90% en 2016, au-dessus de la moyenne dans l\u2019UMOA \u00e9tablie \u00e0 71,4%\u201d, a-t-il notamment d\u00e9clar\u00e9.<\/p>\n<p>M. S\u00e8ne s\u2019exprimait lors de la c\u00e9r\u00e9monie d\u2019ouverture d\u2019un atelier de concertation organis\u00e9 dans le cadre de la r\u00e9vision de la Strat\u00e9gie r\u00e9gionale d\u2019inclusion financi\u00e8re (SRIF).<\/p>\n<p>L\u2019objectif de la SRIF, qui s\u2019\u00e9tend sur un horizon de cinq ans (2022\/2026), est, selon lui, d\u2019atteindre un taux d\u2019inclusion financi\u00e8re de 65% des adultes (soit au moins 80% selon l\u2019optique offre) et de 90% des PME\/PMI.<\/p>\n<p>Le taux global d\u2019utilisation des services financiers ou taux d\u2019inclusion financi\u00e8re \u00e9value le pourcentage de la population adulte d\u00e9tenant un compte dans les banques, les services postaux, les caisses nationales d\u2019\u00e9pargne, le Tr\u00e9sor et les institutions de microfinance, auquel s\u2019ajoute celui des titulaires de comptes de monnaie \u00e9lectronique.<\/p>\n<p>Cet atelier national \u00a0de concertation a permis aux participants d\u2019\u00e9changer sur les orientations et les priorit\u00e9s strat\u00e9giques \u00e0 imprimer \u00e0 la strat\u00e9gie r\u00e9gionale d\u2019inclusion financi\u00e8re pour les ann\u00e9es \u00e0 venir en vue de renforcer l\u2019inclusion financi\u00e8re dans l\u2019UEMOA en g\u00e9n\u00e9ral et au S\u00e9n\u00e9gal en particulier.<\/p>\n<p>Le directeur national de la BCEAO a \u00e9galement fait savoir qu\u2019\u00e0 la fin de l\u2019ann\u00e9e 2023, le taux d\u2019utilisation des services de microfinance a atteint 39,24% contre 28,12% en 2016.<\/p>\n<p>Selon M. S\u00e8ne, le secteur de la monnaie \u00e9lectronique est le principal moteur de l\u2019inclusion financi\u00e8re dans la zone UEMOA.<\/p>\n<p>\u2018\u2019Le taux d\u2019utilisation des services de monnaie \u00e9lectronique a progress\u00e9 de 26,40% en 2016 \u00e0 \u00e0 59,86% en 2023, soit une progression de 33,46 %\u2019\u2019, a-t-il soulign\u00e9.<\/p>\n<p>\u2018\u2019Cette situation refl\u00e8te le dynamisme de l\u2019\u00e9cosyst\u00e8me, \u00e0 la faveur de la r\u00e9novation du cadre r\u00e9glementaire r\u00e9gissant la monnaie \u00e9lectronique (et intervenue en 2015 dans l\u2019Union) et de l\u2019innovation des acteurs\u201d, a-t-il ajout\u00e9.<\/p>\n<p><strong>(APS)<\/strong><\/p>\n","protected":false},"excerpt":{"rendered":"<p>Le taux d\u2019inclusion financi\u00e8re au S\u00e9n\u00e9gal est pass\u00e9 de 61,90% en 2016 \u00e0 83,3% en 2023, soit un taux sup\u00e9rieur \u00e0 la moyenne de 71,4%&#8230;<\/p>\n","protected":false},"author":1,"featured_media":675,"comment_status":"closed","ping_status":"open","sticky":false,"template":"","format":"standard","meta":{"_jetpack_memberships_contains_paid_content":false,"footnotes":""},"categories":[23],"tags":[],"class_list":["post-6654","post","type-post","status-publish","format-standard","has-post-thumbnail","hentry","category-a-la-une","wpcat-23-id"],"yoast_head":"<!-- This site is optimized with the Yoast SEO plugin v27.1.1 - https:\/\/yoast.com\/product\/yoast-seo-wordpress\/ -->\n<title>S\u00e9n\u00e9gal : le taux d\u2019inclusion financi\u00e8re sup\u00e9rieur \u00e0 la moyenne de la zone UEMOA (Directeur national BCEAO) - challenges economiques<\/title>\n<meta name=\"robots\" content=\"index, follow, max-snippet:-1, max-image-preview:large, max-video-preview:-1\" \/>\n<link rel=\"canonical\" href=\"https:\/\/challengeseconomiques.com\/?p=6654\" \/>\n<meta property=\"og:locale\" content=\"fr_FR\" \/>\n<meta property=\"og:type\" content=\"article\" \/>\n<meta property=\"og:title\" content=\"S\u00e9n\u00e9gal : le taux d\u2019inclusion financi\u00e8re sup\u00e9rieur \u00e0 la moyenne de la zone UEMOA (Directeur national BCEAO) - challenges economiques\" \/>\n<meta property=\"og:description\" content=\"Le taux d\u2019inclusion financi\u00e8re au S\u00e9n\u00e9gal est pass\u00e9 de 61,90% en 2016 \u00e0 83,3% en 2023, soit un taux sup\u00e9rieur \u00e0 la moyenne de 71,4%...\" \/>\n<meta property=\"og:url\" content=\"https:\/\/challengeseconomiques.com\/?p=6654\" \/>\n<meta property=\"og:site_name\" content=\"challenges economiques\" \/>\n<meta property=\"article:published_time\" content=\"2024-07-03T17:48:23+00:00\" \/>\n<meta property=\"article:modified_time\" content=\"2024-07-03T17:49:04+00:00\" \/>\n<meta property=\"og:image\" content=\"https:\/\/challengeseconomiques.com\/wp-content\/uploads\/2021\/01\/bceao_0352.jpg\" \/>\n\t<meta property=\"og:image:width\" content=\"600\" \/>\n\t<meta property=\"og:image:height\" content=\"399\" \/>\n\t<meta property=\"og:image:type\" content=\"image\/jpeg\" \/>\n<meta name=\"author\" content=\"admin\" \/>\n<meta name=\"twitter:card\" content=\"summary_large_image\" \/>\n<meta name=\"twitter:label1\" content=\"\u00c9crit par\" \/>\n\t<meta name=\"twitter:data1\" content=\"admin\" \/>\n\t<meta name=\"twitter:label2\" content=\"Dur\u00e9e de lecture estim\u00e9e\" \/>\n\t<meta name=\"twitter:data2\" content=\"2 minutes\" \/>\n<script type=\"application\/ld+json\" class=\"yoast-schema-graph\">{\"@context\":\"https:\/\/schema.org\",\"@graph\":[{\"@type\":\"Article\",\"@id\":\"https:\/\/challengeseconomiques.com\/?p=6654#article\",\"isPartOf\":{\"@id\":\"https:\/\/challengeseconomiques.com\/?p=6654\"},\"author\":{\"name\":\"admin\",\"@id\":\"https:\/\/challengeseconomiques.com\/#\/schema\/person\/b4568c9afebc5a9238a771873801e349\"},\"headline\":\"S\u00e9n\u00e9gal : le taux d\u2019inclusion financi\u00e8re sup\u00e9rieur \u00e0 la moyenne de la zone UEMOA (Directeur national BCEAO)\",\"datePublished\":\"2024-07-03T17:48:23+00:00\",\"dateModified\":\"2024-07-03T17:49:04+00:00\",\"mainEntityOfPage\":{\"@id\":\"https:\/\/challengeseconomiques.com\/?p=6654\"},\"wordCount\":419,\"image\":{\"@id\":\"https:\/\/challengeseconomiques.com\/?p=6654#primaryimage\"},\"thumbnailUrl\":\"https:\/\/challengeseconomiques.com\/wp-content\/uploads\/2021\/01\/bceao_0352.jpg\",\"articleSection\":[\"A la une\"],\"inLanguage\":\"fr-FR\"},{\"@type\":\"WebPage\",\"@id\":\"https:\/\/challengeseconomiques.com\/?p=6654\",\"url\":\"https:\/\/challengeseconomiques.com\/?p=6654\",\"name\":\"S\u00e9n\u00e9gal : le taux d\u2019inclusion financi\u00e8re sup\u00e9rieur \u00e0 la moyenne de la zone UEMOA (Directeur national BCEAO) - challenges economiques\",\"isPartOf\":{\"@id\":\"https:\/\/challengeseconomiques.com\/#website\"},\"primaryImageOfPage\":{\"@id\":\"https:\/\/challengeseconomiques.com\/?p=6654#primaryimage\"},\"image\":{\"@id\":\"https:\/\/challengeseconomiques.com\/?p=6654#primaryimage\"},\"thumbnailUrl\":\"https:\/\/challengeseconomiques.com\/wp-content\/uploads\/2021\/01\/bceao_0352.jpg\",\"datePublished\":\"2024-07-03T17:48:23+00:00\",\"dateModified\":\"2024-07-03T17:49:04+00:00\",\"author\":{\"@id\":\"https:\/\/challengeseconomiques.com\/#\/schema\/person\/b4568c9afebc5a9238a771873801e349\"},\"breadcrumb\":{\"@id\":\"https:\/\/challengeseconomiques.com\/?p=6654#breadcrumb\"},\"inLanguage\":\"fr-FR\",\"potentialAction\":[{\"@type\":\"ReadAction\",\"target\":[\"https:\/\/challengeseconomiques.com\/?p=6654\"]}]},{\"@type\":\"ImageObject\",\"inLanguage\":\"fr-FR\",\"@id\":\"https:\/\/challengeseconomiques.com\/?p=6654#primaryimage\",\"url\":\"https:\/\/challengeseconomiques.com\/wp-content\/uploads\/2021\/01\/bceao_0352.jpg\",\"contentUrl\":\"https:\/\/challengeseconomiques.com\/wp-content\/uploads\/2021\/01\/bceao_0352.jpg\",\"width\":600,\"height\":399},{\"@type\":\"BreadcrumbList\",\"@id\":\"https:\/\/challengeseconomiques.com\/?p=6654#breadcrumb\",\"itemListElement\":[{\"@type\":\"ListItem\",\"position\":1,\"name\":\"Home\",\"item\":\"https:\/\/challengeseconomiques.com\/\"},{\"@type\":\"ListItem\",\"position\":2,\"name\":\"S\u00e9n\u00e9gal : le taux d\u2019inclusion financi\u00e8re sup\u00e9rieur \u00e0 la moyenne de la zone UEMOA (Directeur national BCEAO)\"}]},{\"@type\":\"WebSite\",\"@id\":\"https:\/\/challengeseconomiques.com\/#website\",\"url\":\"https:\/\/challengeseconomiques.com\/\",\"name\":\"challenges economiques\",\"description\":\"\",\"potentialAction\":[{\"@type\":\"SearchAction\",\"target\":{\"@type\":\"EntryPoint\",\"urlTemplate\":\"https:\/\/challengeseconomiques.com\/?s={search_term_string}\"},\"query-input\":{\"@type\":\"PropertyValueSpecification\",\"valueRequired\":true,\"valueName\":\"search_term_string\"}}],\"inLanguage\":\"fr-FR\"},{\"@type\":\"Person\",\"@id\":\"https:\/\/challengeseconomiques.com\/#\/schema\/person\/b4568c9afebc5a9238a771873801e349\",\"name\":\"admin\",\"image\":{\"@type\":\"ImageObject\",\"inLanguage\":\"fr-FR\",\"@id\":\"https:\/\/challengeseconomiques.com\/#\/schema\/person\/image\/\",\"url\":\"https:\/\/secure.gravatar.com\/avatar\/099e42240b5eea11acdb72751fcce0dd918603f0749d24974b7984ea47ed9fd9?s=96&d=mm&r=g\",\"contentUrl\":\"https:\/\/secure.gravatar.com\/avatar\/099e42240b5eea11acdb72751fcce0dd918603f0749d24974b7984ea47ed9fd9?s=96&d=mm&r=g\",\"caption\":\"admin\"},\"sameAs\":[\"https:\/\/challengeseconomiques.com\"],\"url\":\"https:\/\/challengeseconomiques.com\/?author=1\"}]}<\/script>\n<!-- \/ Yoast SEO plugin. -->","yoast_head_json":{"title":"S\u00e9n\u00e9gal : le taux d\u2019inclusion financi\u00e8re sup\u00e9rieur \u00e0 la moyenne de la zone UEMOA (Directeur national BCEAO) - challenges economiques","robots":{"index":"index","follow":"follow","max-snippet":"max-snippet:-1","max-image-preview":"max-image-preview:large","max-video-preview":"max-video-preview:-1"},"canonical":"https:\/\/challengeseconomiques.com\/?p=6654","og_locale":"fr_FR","og_type":"article","og_title":"S\u00e9n\u00e9gal : le taux d\u2019inclusion financi\u00e8re sup\u00e9rieur \u00e0 la moyenne de la zone UEMOA (Directeur national BCEAO) - challenges economiques","og_description":"Le taux d\u2019inclusion financi\u00e8re au S\u00e9n\u00e9gal est pass\u00e9 de 61,90% en 2016 \u00e0 83,3% en 2023, soit un taux sup\u00e9rieur \u00e0 la moyenne de 71,4%...","og_url":"https:\/\/challengeseconomiques.com\/?p=6654","og_site_name":"challenges economiques","article_published_time":"2024-07-03T17:48:23+00:00","article_modified_time":"2024-07-03T17:49:04+00:00","og_image":[{"width":600,"height":399,"url":"https:\/\/challengeseconomiques.com\/wp-content\/uploads\/2021\/01\/bceao_0352.jpg","type":"image\/jpeg"}],"author":"admin","twitter_card":"summary_large_image","twitter_misc":{"\u00c9crit par":"admin","Dur\u00e9e de lecture estim\u00e9e":"2 minutes"},"schema":{"@context":"https:\/\/schema.org","@graph":[{"@type":"Article","@id":"https:\/\/challengeseconomiques.com\/?p=6654#article","isPartOf":{"@id":"https:\/\/challengeseconomiques.com\/?p=6654"},"author":{"name":"admin","@id":"https:\/\/challengeseconomiques.com\/#\/schema\/person\/b4568c9afebc5a9238a771873801e349"},"headline":"S\u00e9n\u00e9gal : le taux d\u2019inclusion financi\u00e8re sup\u00e9rieur \u00e0 la moyenne de la zone UEMOA (Directeur national BCEAO)","datePublished":"2024-07-03T17:48:23+00:00","dateModified":"2024-07-03T17:49:04+00:00","mainEntityOfPage":{"@id":"https:\/\/challengeseconomiques.com\/?p=6654"},"wordCount":419,"image":{"@id":"https:\/\/challengeseconomiques.com\/?p=6654#primaryimage"},"thumbnailUrl":"https:\/\/challengeseconomiques.com\/wp-content\/uploads\/2021\/01\/bceao_0352.jpg","articleSection":["A la une"],"inLanguage":"fr-FR"},{"@type":"WebPage","@id":"https:\/\/challengeseconomiques.com\/?p=6654","url":"https:\/\/challengeseconomiques.com\/?p=6654","name":"S\u00e9n\u00e9gal : le taux d\u2019inclusion financi\u00e8re sup\u00e9rieur \u00e0 la moyenne de la zone UEMOA (Directeur national BCEAO) - challenges economiques","isPartOf":{"@id":"https:\/\/challengeseconomiques.com\/#website"},"primaryImageOfPage":{"@id":"https:\/\/challengeseconomiques.com\/?p=6654#primaryimage"},"image":{"@id":"https:\/\/challengeseconomiques.com\/?p=6654#primaryimage"},"thumbnailUrl":"https:\/\/challengeseconomiques.com\/wp-content\/uploads\/2021\/01\/bceao_0352.jpg","datePublished":"2024-07-03T17:48:23+00:00","dateModified":"2024-07-03T17:49:04+00:00","author":{"@id":"https:\/\/challengeseconomiques.com\/#\/schema\/person\/b4568c9afebc5a9238a771873801e349"},"breadcrumb":{"@id":"https:\/\/challengeseconomiques.com\/?p=6654#breadcrumb"},"inLanguage":"fr-FR","potentialAction":[{"@type":"ReadAction","target":["https:\/\/challengeseconomiques.com\/?p=6654"]}]},{"@type":"ImageObject","inLanguage":"fr-FR","@id":"https:\/\/challengeseconomiques.com\/?p=6654#primaryimage","url":"https:\/\/challengeseconomiques.com\/wp-content\/uploads\/2021\/01\/bceao_0352.jpg","contentUrl":"https:\/\/challengeseconomiques.com\/wp-content\/uploads\/2021\/01\/bceao_0352.jpg","width":600,"height":399},{"@type":"BreadcrumbList","@id":"https:\/\/challengeseconomiques.com\/?p=6654#breadcrumb","itemListElement":[{"@type":"ListItem","position":1,"name":"Home","item":"https:\/\/challengeseconomiques.com\/"},{"@type":"ListItem","position":2,"name":"S\u00e9n\u00e9gal : le taux d\u2019inclusion financi\u00e8re sup\u00e9rieur \u00e0 la moyenne de la zone UEMOA (Directeur national BCEAO)"}]},{"@type":"WebSite","@id":"https:\/\/challengeseconomiques.com\/#website","url":"https:\/\/challengeseconomiques.com\/","name":"challenges economiques","description":"","potentialAction":[{"@type":"SearchAction","target":{"@type":"EntryPoint","urlTemplate":"https:\/\/challengeseconomiques.com\/?s={search_term_string}"},"query-input":{"@type":"PropertyValueSpecification","valueRequired":true,"valueName":"search_term_string"}}],"inLanguage":"fr-FR"},{"@type":"Person","@id":"https:\/\/challengeseconomiques.com\/#\/schema\/person\/b4568c9afebc5a9238a771873801e349","name":"admin","image":{"@type":"ImageObject","inLanguage":"fr-FR","@id":"https:\/\/challengeseconomiques.com\/#\/schema\/person\/image\/","url":"https:\/\/secure.gravatar.com\/avatar\/099e42240b5eea11acdb72751fcce0dd918603f0749d24974b7984ea47ed9fd9?s=96&d=mm&r=g","contentUrl":"https:\/\/secure.gravatar.com\/avatar\/099e42240b5eea11acdb72751fcce0dd918603f0749d24974b7984ea47ed9fd9?s=96&d=mm&r=g","caption":"admin"},"sameAs":["https:\/\/challengeseconomiques.com"],"url":"https:\/\/challengeseconomiques.com\/?author=1"}]}},"jetpack_featured_media_url":"https:\/\/challengeseconomiques.com\/wp-content\/uploads\/2021\/01\/bceao_0352.jpg","jetpack_sharing_enabled":true,"_links":{"self":[{"href":"https:\/\/challengeseconomiques.com\/index.php?rest_route=\/wp\/v2\/posts\/6654","targetHints":{"allow":["GET"]}}],"collection":[{"href":"https:\/\/challengeseconomiques.com\/index.php?rest_route=\/wp\/v2\/posts"}],"about":[{"href":"https:\/\/challengeseconomiques.com\/index.php?rest_route=\/wp\/v2\/types\/post"}],"author":[{"embeddable":true,"href":"https:\/\/challengeseconomiques.com\/index.php?rest_route=\/wp\/v2\/users\/1"}],"replies":[{"embeddable":true,"href":"https:\/\/challengeseconomiques.com\/index.php?rest_route=%2Fwp%2Fv2%2Fcomments&post=6654"}],"version-history":[{"count":1,"href":"https:\/\/challengeseconomiques.com\/index.php?rest_route=\/wp\/v2\/posts\/6654\/revisions"}],"predecessor-version":[{"id":6655,"href":"https:\/\/challengeseconomiques.com\/index.php?rest_route=\/wp\/v2\/posts\/6654\/revisions\/6655"}],"wp:featuredmedia":[{"embeddable":true,"href":"https:\/\/challengeseconomiques.com\/index.php?rest_route=\/wp\/v2\/media\/675"}],"wp:attachment":[{"href":"https:\/\/challengeseconomiques.com\/index.php?rest_route=%2Fwp%2Fv2%2Fmedia&parent=6654"}],"wp:term":[{"taxonomy":"category","embeddable":true,"href":"https:\/\/challengeseconomiques.com\/index.php?rest_route=%2Fwp%2Fv2%2Fcategories&post=6654"},{"taxonomy":"post_tag","embeddable":true,"href":"https:\/\/challengeseconomiques.com\/index.php?rest_route=%2Fwp%2Fv2%2Ftags&post=6654"}],"curies":[{"name":"wp","href":"https:\/\/api.w.org\/{rel}","templated":true}]}}