{"id":6638,"date":"2024-06-28T12:41:07","date_gmt":"2024-06-28T12:41:07","guid":{"rendered":"https:\/\/challengeseconomiques.com\/?p=6638"},"modified":"2024-06-28T12:41:27","modified_gmt":"2024-06-28T12:41:27","slug":"la-cote-divoire-ameliore-son-statut-economique","status":"publish","type":"post","link":"https:\/\/challengeseconomiques.com\/?p=6638","title":{"rendered":"La C\u00f4te d\u2019Ivoire am\u00e9liore son statut \u00e9conomique"},"content":{"rendered":"<p><strong>La croissance de la C\u00f4te d\u2019Ivoire devrait s\u2019installer autour de 6,4% l\u2019an ces trois prochaines ann\u00e9es, pour une inflation revenant progressivement dans les normes communautaires.<\/strong><\/p>\n<p>Satisfecit du FMI (Fonds mon\u00e9taire international) \u00e0 l\u2019\u00e9gard de ses programmes engag\u00e9s en C\u00f4te d\u2019Ivoire, qui repr\u00e9sentent un total de 4,8 milliards de dollars. Dans ce contexte, l\u2019institution va accorder 570 millions d\u2019euros tr\u00e8s prochainement, afin d\u2019appuyer les initiatives \u00e9conomiques en cours.<\/p>\n<p>Techniquement, cette d\u00e9cision fait suite \u00e0 une \u00ab\u00a0<em>\u00e9valuation des services<\/em>\u00a0\u00bb de la facilit\u00e9 \u00e9largie de cr\u00e9dit (FEC) et de la facilit\u00e9 de r\u00e9silience et durabilit\u00e9 (FRD). Les accords approuv\u00e9s en mai 2023, estime le FMI, ont contribu\u00e9 \u00e0 pr\u00e9server la stabilit\u00e9 macro\u00e9conomique, ainsi qu\u2019un risque mod\u00e9r\u00e9 de surendettement.<\/p>\n<blockquote><p>Le maintien de la dette \u00e0 un niveau compatible avec une note mod\u00e9r\u00e9e de surendettement \u00ab\u00a0<em>devra rester une priorit\u00e9<\/em>\u00a0\u00bb, consid\u00e8re le FMI qui salue la gestion prudente de la dette par le gouvernement ivoirien.<\/p><\/blockquote>\n<p>Si les d\u00e9fis li\u00e9s au changement climatique demeurent, et sont m\u00eame \u00ab\u00a0<em>croissants\u00a0<\/em>\u00bb, ils font l\u2019objet d\u2019un appui distinct. \u00ab\u00a0<em>L\u2019engagement continu des autorit\u00e9s en faveur des r\u00e9formes dans le cadre des deux programmes devrait soutenir la transformation de la C\u00f4te d\u2019Ivoire vers le statut de pays \u00e0 revenu interm\u00e9diaire de la tranche sup\u00e9rieure \u00e0 moyen terme et renforcer sa r\u00e9silience au changement climatique<\/em>.\u00a0\u00bb<\/p>\n<p>Et le FMI d\u2019insister\u00a0: la mise en \u0153uvre du programme a \u00e9t\u00e9 \u00ab\u00a0<em>solide<\/em>\u00a0\u00bb jusqu\u2019\u00e0 pr\u00e9sent, tous les crit\u00e8res de r\u00e9alisation \u00e9tant respect\u00e9s.<\/p>\n<p>Plus g\u00e9n\u00e9ralement, l\u2019\u00e9conomie de la C\u00f4te d\u2019Ivoire reste r\u00e9siliente dans un contexte mondial toujours difficile, consid\u00e8rent les \u00e9conomistes du FMI. Malgr\u00e9 une production de cacao plus faible que pr\u00e9vu, les perspectives \u00e0 moyen terme restent favorables et ont \u00e9t\u00e9 stimul\u00e9es par une consommation et une demande d\u2019investissement toujours fortes, ainsi que par de nouvelles activit\u00e9s dans le secteur de l\u2019exploration et de la production d\u2019hydrocarbures.<\/p>\n<p>Les risques sont devenus plus \u00e9quilibr\u00e9s, ce qui se traduit par un int\u00e9r\u00eat accru de la part des investisseurs \u00e9trangers et par le rel\u00e8vement des notations et des perspectives par les agences de notation, note le FMI, qui fait allusion au rel\u00e8vement de la note de Moody\u2019s, en mars 2024.<\/p>\n<p><strong>Ne pas se laisser griser<\/strong><\/p>\n<p>Les \u00e9conomistes pr\u00e9voient une croissance de 6,5% cette ann\u00e9e, pour une inflation qui reviendrait \u00e0 un rythme annuel inf\u00e9rieur \u00e0 3%, en fin d\u2019ann\u00e9e. En 2024, le d\u00e9ficit des comptes courants devrait se r\u00e9duire \u00e0 3,8 % du PIB, et le d\u00e9ficit budg\u00e9taire devrait se consolider davantage pour atteindre 4 % du PIB. La croissance devrait atteindre 6,4\u00a0% tant en 2025 qu\u2019en 2026.<\/p>\n<p>Et le FMI de f\u00e9liciter les autorit\u00e9s ivoiriennes dans leur d\u00e9termination \u00e0 accro\u00eetre les recettes fiscales \u00e0 moyen terme et \u00e0 mettre en \u0153uvre la strat\u00e9gie nationale de mobilisation de recettes, approuv\u00e9e en mai 2024. Un effort soutenu est attendu de la part des autorit\u00e9s pour augmenter les recettes fiscales de 0,5 point de PIB, chaque ann\u00e9e entre 2024 et 2026, gr\u00e2ce \u00e0 des mesures nouvelles, permanentes et de haute qualit\u00e9 en mati\u00e8re de politique fiscale et d\u2019administration de l\u2019imp\u00f4t.<\/p>\n<p>D\u2019importantes r\u00e9formes structurelles sont en cours, afin d\u2019am\u00e9liorer le climat des affaires et d\u2019accro\u00eetre la participation du secteur priv\u00e9 au d\u00e9veloppement du pays. \u00c0 cette fin, les am\u00e9liorations de la transparence et de la responsabilit\u00e9 des entreprises publiques, le renforcement de la gouvernance et de l\u2019int\u00e9grit\u00e9 financi\u00e8re, ainsi que l\u2019investissement dans le capital humain, l\u2019inclusion financi\u00e8re \u00e9largie et la r\u00e9silience climatique, afin de soutenir une croissance plus \u00e9lev\u00e9e de la productivit\u00e9, seront d\u00e9terminants.<\/p>\n<p>Attention \u00e0 la tentation du rel\u00e2chement, pr\u00e9vient l\u2019exigeant FMI. Les recettes fiscales attendues, ainsi que toute manne provenant de prix \u00e0 l\u2019exportation du cacao plus favorables, \u00ab\u00a0<em>ne devraient pas affaiblir la d\u00e9termination \u00e0 mener des r\u00e9formes<\/em>\u00a0\u00bb. Ainsi, sera-t-il essentiel de red\u00e9finir les priorit\u00e9s en mati\u00e8re de d\u00e9penses d\u2019investissement et de d\u00e9penses non prioritaires pour pr\u00e9server l\u2019objectif de d\u00e9ficit, si des pressions impr\u00e9vues sur les d\u00e9penses devaient r\u00e9sulter de la d\u00e9t\u00e9rioration de la situation en mati\u00e8re de s\u00e9curit\u00e9 r\u00e9gionale. \u00ab\u00a0<em>En outre, les efforts d\u00e9ploy\u00e9s par les autorit\u00e9s pour continuer \u00e0 rationaliser les d\u00e9penses non prioritaires sont les bienvenus\u00a0<\/em>\u00bb, pr\u00e9viennent les \u00e9conomistes.<\/p>\n<p>De m\u00eame, le maintien de la dette \u00e0 un niveau compatible avec une note mod\u00e9r\u00e9e de surendettement \u00ab\u00a0<em>devra rester une priorit\u00e9<\/em>\u00a0\u00bb, consid\u00e8re le FMI qui salue la gestion prudente de la dette par le gouvernement ivoirien.<\/p>\n<p>Enfin, l\u2019institution de Washington invite le gouvernement \u00e0 poursuivre une politique de croissance \u00e9lev\u00e9e et \u00ab\u00a0<em>inclusive<\/em>\u00a0\u00bb, tir\u00e9e par le secteur priv\u00e9, notamment en renfor\u00e7ant la gouvernance, l\u2019inclusion financi\u00e8re et en r\u00e9duisant le co\u00fbt de l\u2019activit\u00e9 \u00e9conomique. Ce dernier point fait allusion au co\u00fbt \u00e9lev\u00e9 du secteur de l\u2019\u00e9lectricit\u00e9.<\/p>\n<p><strong>Le Magazine de l&rsquo;Afrique<\/strong><\/p>\n","protected":false},"excerpt":{"rendered":"<p>La croissance de la C\u00f4te d\u2019Ivoire devrait s\u2019installer autour de 6,4% l\u2019an ces trois prochaines ann\u00e9es, pour une inflation revenant progressivement dans les normes communautaires&#8230;.<\/p>\n","protected":false},"author":1,"featured_media":2681,"comment_status":"closed","ping_status":"open","sticky":false,"template":"","format":"standard","meta":{"_jetpack_memberships_contains_paid_content":false,"footnotes":""},"categories":[15],"tags":[],"class_list":["post-6638","post","type-post","status-publish","format-standard","has-post-thumbnail","hentry","category-analyse","wpcat-15-id"],"yoast_head":"<!-- This site is optimized with the Yoast SEO plugin v27.1.1 - https:\/\/yoast.com\/product\/yoast-seo-wordpress\/ -->\n<title>La C\u00f4te d\u2019Ivoire am\u00e9liore son statut \u00e9conomique - challenges economiques<\/title>\n<meta name=\"robots\" content=\"index, follow, max-snippet:-1, max-image-preview:large, max-video-preview:-1\" \/>\n<link rel=\"canonical\" href=\"https:\/\/challengeseconomiques.com\/?p=6638\" \/>\n<meta property=\"og:locale\" content=\"fr_FR\" \/>\n<meta property=\"og:type\" content=\"article\" \/>\n<meta property=\"og:title\" content=\"La C\u00f4te d\u2019Ivoire am\u00e9liore son statut \u00e9conomique - challenges economiques\" \/>\n<meta property=\"og:description\" content=\"La croissance de la C\u00f4te d\u2019Ivoire devrait s\u2019installer autour de 6,4% l\u2019an ces trois prochaines ann\u00e9es, pour une inflation revenant progressivement dans les normes communautaires....\" \/>\n<meta property=\"og:url\" content=\"https:\/\/challengeseconomiques.com\/?p=6638\" \/>\n<meta property=\"og:site_name\" content=\"challenges economiques\" \/>\n<meta property=\"article:published_time\" content=\"2024-06-28T12:41:07+00:00\" \/>\n<meta property=\"article:modified_time\" content=\"2024-06-28T12:41:27+00:00\" \/>\n<meta property=\"og:image\" content=\"https:\/\/challengeseconomiques.com\/wp-content\/uploads\/2022\/02\/Cote-dIvoire-Le-Plateau.jpg\" \/>\n\t<meta property=\"og:image:width\" content=\"800\" \/>\n\t<meta property=\"og:image:height\" content=\"500\" \/>\n\t<meta property=\"og:image:type\" content=\"image\/jpeg\" \/>\n<meta name=\"author\" content=\"admin\" \/>\n<meta name=\"twitter:card\" content=\"summary_large_image\" \/>\n<meta name=\"twitter:label1\" content=\"\u00c9crit par\" \/>\n\t<meta name=\"twitter:data1\" content=\"admin\" \/>\n\t<meta name=\"twitter:label2\" content=\"Dur\u00e9e de lecture estim\u00e9e\" \/>\n\t<meta name=\"twitter:data2\" content=\"4 minutes\" \/>\n<script type=\"application\/ld+json\" class=\"yoast-schema-graph\">{\"@context\":\"https:\/\/schema.org\",\"@graph\":[{\"@type\":\"Article\",\"@id\":\"https:\/\/challengeseconomiques.com\/?p=6638#article\",\"isPartOf\":{\"@id\":\"https:\/\/challengeseconomiques.com\/?p=6638\"},\"author\":{\"name\":\"admin\",\"@id\":\"https:\/\/challengeseconomiques.com\/#\/schema\/person\/b4568c9afebc5a9238a771873801e349\"},\"headline\":\"La C\u00f4te d\u2019Ivoire am\u00e9liore son statut \u00e9conomique\",\"datePublished\":\"2024-06-28T12:41:07+00:00\",\"dateModified\":\"2024-06-28T12:41:27+00:00\",\"mainEntityOfPage\":{\"@id\":\"https:\/\/challengeseconomiques.com\/?p=6638\"},\"wordCount\":874,\"image\":{\"@id\":\"https:\/\/challengeseconomiques.com\/?p=6638#primaryimage\"},\"thumbnailUrl\":\"https:\/\/challengeseconomiques.com\/wp-content\/uploads\/2022\/02\/Cote-dIvoire-Le-Plateau.jpg\",\"articleSection\":[\"Analyse\"],\"inLanguage\":\"fr-FR\"},{\"@type\":\"WebPage\",\"@id\":\"https:\/\/challengeseconomiques.com\/?p=6638\",\"url\":\"https:\/\/challengeseconomiques.com\/?p=6638\",\"name\":\"La C\u00f4te d\u2019Ivoire am\u00e9liore son statut \u00e9conomique - challenges economiques\",\"isPartOf\":{\"@id\":\"https:\/\/challengeseconomiques.com\/#website\"},\"primaryImageOfPage\":{\"@id\":\"https:\/\/challengeseconomiques.com\/?p=6638#primaryimage\"},\"image\":{\"@id\":\"https:\/\/challengeseconomiques.com\/?p=6638#primaryimage\"},\"thumbnailUrl\":\"https:\/\/challengeseconomiques.com\/wp-content\/uploads\/2022\/02\/Cote-dIvoire-Le-Plateau.jpg\",\"datePublished\":\"2024-06-28T12:41:07+00:00\",\"dateModified\":\"2024-06-28T12:41:27+00:00\",\"author\":{\"@id\":\"https:\/\/challengeseconomiques.com\/#\/schema\/person\/b4568c9afebc5a9238a771873801e349\"},\"breadcrumb\":{\"@id\":\"https:\/\/challengeseconomiques.com\/?p=6638#breadcrumb\"},\"inLanguage\":\"fr-FR\",\"potentialAction\":[{\"@type\":\"ReadAction\",\"target\":[\"https:\/\/challengeseconomiques.com\/?p=6638\"]}]},{\"@type\":\"ImageObject\",\"inLanguage\":\"fr-FR\",\"@id\":\"https:\/\/challengeseconomiques.com\/?p=6638#primaryimage\",\"url\":\"https:\/\/challengeseconomiques.com\/wp-content\/uploads\/2022\/02\/Cote-dIvoire-Le-Plateau.jpg\",\"contentUrl\":\"https:\/\/challengeseconomiques.com\/wp-content\/uploads\/2022\/02\/Cote-dIvoire-Le-Plateau.jpg\",\"width\":800,\"height\":500},{\"@type\":\"BreadcrumbList\",\"@id\":\"https:\/\/challengeseconomiques.com\/?p=6638#breadcrumb\",\"itemListElement\":[{\"@type\":\"ListItem\",\"position\":1,\"name\":\"Home\",\"item\":\"https:\/\/challengeseconomiques.com\/\"},{\"@type\":\"ListItem\",\"position\":2,\"name\":\"La C\u00f4te d\u2019Ivoire am\u00e9liore son statut \u00e9conomique\"}]},{\"@type\":\"WebSite\",\"@id\":\"https:\/\/challengeseconomiques.com\/#website\",\"url\":\"https:\/\/challengeseconomiques.com\/\",\"name\":\"challenges economiques\",\"description\":\"\",\"potentialAction\":[{\"@type\":\"SearchAction\",\"target\":{\"@type\":\"EntryPoint\",\"urlTemplate\":\"https:\/\/challengeseconomiques.com\/?s={search_term_string}\"},\"query-input\":{\"@type\":\"PropertyValueSpecification\",\"valueRequired\":true,\"valueName\":\"search_term_string\"}}],\"inLanguage\":\"fr-FR\"},{\"@type\":\"Person\",\"@id\":\"https:\/\/challengeseconomiques.com\/#\/schema\/person\/b4568c9afebc5a9238a771873801e349\",\"name\":\"admin\",\"image\":{\"@type\":\"ImageObject\",\"inLanguage\":\"fr-FR\",\"@id\":\"https:\/\/challengeseconomiques.com\/#\/schema\/person\/image\/\",\"url\":\"https:\/\/secure.gravatar.com\/avatar\/099e42240b5eea11acdb72751fcce0dd918603f0749d24974b7984ea47ed9fd9?s=96&d=mm&r=g\",\"contentUrl\":\"https:\/\/secure.gravatar.com\/avatar\/099e42240b5eea11acdb72751fcce0dd918603f0749d24974b7984ea47ed9fd9?s=96&d=mm&r=g\",\"caption\":\"admin\"},\"sameAs\":[\"https:\/\/challengeseconomiques.com\"],\"url\":\"https:\/\/challengeseconomiques.com\/?author=1\"}]}<\/script>\n<!-- \/ Yoast SEO plugin. -->","yoast_head_json":{"title":"La C\u00f4te d\u2019Ivoire am\u00e9liore son statut \u00e9conomique - challenges economiques","robots":{"index":"index","follow":"follow","max-snippet":"max-snippet:-1","max-image-preview":"max-image-preview:large","max-video-preview":"max-video-preview:-1"},"canonical":"https:\/\/challengeseconomiques.com\/?p=6638","og_locale":"fr_FR","og_type":"article","og_title":"La C\u00f4te d\u2019Ivoire am\u00e9liore son statut \u00e9conomique - challenges economiques","og_description":"La croissance de la C\u00f4te d\u2019Ivoire devrait s\u2019installer autour de 6,4% l\u2019an ces trois prochaines ann\u00e9es, pour une inflation revenant progressivement dans les normes communautaires....","og_url":"https:\/\/challengeseconomiques.com\/?p=6638","og_site_name":"challenges economiques","article_published_time":"2024-06-28T12:41:07+00:00","article_modified_time":"2024-06-28T12:41:27+00:00","og_image":[{"width":800,"height":500,"url":"https:\/\/challengeseconomiques.com\/wp-content\/uploads\/2022\/02\/Cote-dIvoire-Le-Plateau.jpg","type":"image\/jpeg"}],"author":"admin","twitter_card":"summary_large_image","twitter_misc":{"\u00c9crit par":"admin","Dur\u00e9e de lecture estim\u00e9e":"4 minutes"},"schema":{"@context":"https:\/\/schema.org","@graph":[{"@type":"Article","@id":"https:\/\/challengeseconomiques.com\/?p=6638#article","isPartOf":{"@id":"https:\/\/challengeseconomiques.com\/?p=6638"},"author":{"name":"admin","@id":"https:\/\/challengeseconomiques.com\/#\/schema\/person\/b4568c9afebc5a9238a771873801e349"},"headline":"La C\u00f4te d\u2019Ivoire am\u00e9liore son statut \u00e9conomique","datePublished":"2024-06-28T12:41:07+00:00","dateModified":"2024-06-28T12:41:27+00:00","mainEntityOfPage":{"@id":"https:\/\/challengeseconomiques.com\/?p=6638"},"wordCount":874,"image":{"@id":"https:\/\/challengeseconomiques.com\/?p=6638#primaryimage"},"thumbnailUrl":"https:\/\/challengeseconomiques.com\/wp-content\/uploads\/2022\/02\/Cote-dIvoire-Le-Plateau.jpg","articleSection":["Analyse"],"inLanguage":"fr-FR"},{"@type":"WebPage","@id":"https:\/\/challengeseconomiques.com\/?p=6638","url":"https:\/\/challengeseconomiques.com\/?p=6638","name":"La C\u00f4te d\u2019Ivoire am\u00e9liore son statut \u00e9conomique - challenges economiques","isPartOf":{"@id":"https:\/\/challengeseconomiques.com\/#website"},"primaryImageOfPage":{"@id":"https:\/\/challengeseconomiques.com\/?p=6638#primaryimage"},"image":{"@id":"https:\/\/challengeseconomiques.com\/?p=6638#primaryimage"},"thumbnailUrl":"https:\/\/challengeseconomiques.com\/wp-content\/uploads\/2022\/02\/Cote-dIvoire-Le-Plateau.jpg","datePublished":"2024-06-28T12:41:07+00:00","dateModified":"2024-06-28T12:41:27+00:00","author":{"@id":"https:\/\/challengeseconomiques.com\/#\/schema\/person\/b4568c9afebc5a9238a771873801e349"},"breadcrumb":{"@id":"https:\/\/challengeseconomiques.com\/?p=6638#breadcrumb"},"inLanguage":"fr-FR","potentialAction":[{"@type":"ReadAction","target":["https:\/\/challengeseconomiques.com\/?p=6638"]}]},{"@type":"ImageObject","inLanguage":"fr-FR","@id":"https:\/\/challengeseconomiques.com\/?p=6638#primaryimage","url":"https:\/\/challengeseconomiques.com\/wp-content\/uploads\/2022\/02\/Cote-dIvoire-Le-Plateau.jpg","contentUrl":"https:\/\/challengeseconomiques.com\/wp-content\/uploads\/2022\/02\/Cote-dIvoire-Le-Plateau.jpg","width":800,"height":500},{"@type":"BreadcrumbList","@id":"https:\/\/challengeseconomiques.com\/?p=6638#breadcrumb","itemListElement":[{"@type":"ListItem","position":1,"name":"Home","item":"https:\/\/challengeseconomiques.com\/"},{"@type":"ListItem","position":2,"name":"La C\u00f4te d\u2019Ivoire am\u00e9liore son statut \u00e9conomique"}]},{"@type":"WebSite","@id":"https:\/\/challengeseconomiques.com\/#website","url":"https:\/\/challengeseconomiques.com\/","name":"challenges economiques","description":"","potentialAction":[{"@type":"SearchAction","target":{"@type":"EntryPoint","urlTemplate":"https:\/\/challengeseconomiques.com\/?s={search_term_string}"},"query-input":{"@type":"PropertyValueSpecification","valueRequired":true,"valueName":"search_term_string"}}],"inLanguage":"fr-FR"},{"@type":"Person","@id":"https:\/\/challengeseconomiques.com\/#\/schema\/person\/b4568c9afebc5a9238a771873801e349","name":"admin","image":{"@type":"ImageObject","inLanguage":"fr-FR","@id":"https:\/\/challengeseconomiques.com\/#\/schema\/person\/image\/","url":"https:\/\/secure.gravatar.com\/avatar\/099e42240b5eea11acdb72751fcce0dd918603f0749d24974b7984ea47ed9fd9?s=96&d=mm&r=g","contentUrl":"https:\/\/secure.gravatar.com\/avatar\/099e42240b5eea11acdb72751fcce0dd918603f0749d24974b7984ea47ed9fd9?s=96&d=mm&r=g","caption":"admin"},"sameAs":["https:\/\/challengeseconomiques.com"],"url":"https:\/\/challengeseconomiques.com\/?author=1"}]}},"jetpack_featured_media_url":"https:\/\/challengeseconomiques.com\/wp-content\/uploads\/2022\/02\/Cote-dIvoire-Le-Plateau.jpg","jetpack_sharing_enabled":true,"_links":{"self":[{"href":"https:\/\/challengeseconomiques.com\/index.php?rest_route=\/wp\/v2\/posts\/6638","targetHints":{"allow":["GET"]}}],"collection":[{"href":"https:\/\/challengeseconomiques.com\/index.php?rest_route=\/wp\/v2\/posts"}],"about":[{"href":"https:\/\/challengeseconomiques.com\/index.php?rest_route=\/wp\/v2\/types\/post"}],"author":[{"embeddable":true,"href":"https:\/\/challengeseconomiques.com\/index.php?rest_route=\/wp\/v2\/users\/1"}],"replies":[{"embeddable":true,"href":"https:\/\/challengeseconomiques.com\/index.php?rest_route=%2Fwp%2Fv2%2Fcomments&post=6638"}],"version-history":[{"count":1,"href":"https:\/\/challengeseconomiques.com\/index.php?rest_route=\/wp\/v2\/posts\/6638\/revisions"}],"predecessor-version":[{"id":6639,"href":"https:\/\/challengeseconomiques.com\/index.php?rest_route=\/wp\/v2\/posts\/6638\/revisions\/6639"}],"wp:featuredmedia":[{"embeddable":true,"href":"https:\/\/challengeseconomiques.com\/index.php?rest_route=\/wp\/v2\/media\/2681"}],"wp:attachment":[{"href":"https:\/\/challengeseconomiques.com\/index.php?rest_route=%2Fwp%2Fv2%2Fmedia&parent=6638"}],"wp:term":[{"taxonomy":"category","embeddable":true,"href":"https:\/\/challengeseconomiques.com\/index.php?rest_route=%2Fwp%2Fv2%2Fcategories&post=6638"},{"taxonomy":"post_tag","embeddable":true,"href":"https:\/\/challengeseconomiques.com\/index.php?rest_route=%2Fwp%2Fv2%2Ftags&post=6638"}],"curies":[{"name":"wp","href":"https:\/\/api.w.org\/{rel}","templated":true}]}}