{"id":6602,"date":"2024-06-24T16:08:49","date_gmt":"2024-06-24T16:08:49","guid":{"rendered":"https:\/\/challengeseconomiques.com\/?p=6602"},"modified":"2024-06-24T16:11:51","modified_gmt":"2024-06-24T16:11:51","slug":"a-quel-jeu-joue-lassociation-des-meuniers-et-industriels-du-senegal-amis","status":"publish","type":"post","link":"https:\/\/challengeseconomiques.com\/?p=6602","title":{"rendered":"A quel jeu joue l\u2019Association des meuniers et industriels du S\u00e9n\u00e9gal (AMIS) ?"},"content":{"rendered":"<p>Les efforts importants consentis (renoncement \u00e0 plus de 53 milliards FCFA) par le gouvernement n\u2019auront apparemment \u00a0pas suffi \u00a0pour r\u00e9ussir le pari de baisser les prix de certaines denr\u00e9es de grande consommation comme le pain. En effet, l\u2019association des meuniers industriels du S\u00e9n\u00e9gal (AMIS), compos\u00e9e de sept membres a d\u00e9cid\u00e9 d\u2019arr\u00eater sa production au pr\u00e9texte qu\u2019elle ne trouve pas son compte dans les mesures prises par le gouvernement, pour accompagner les diff\u00e9rents acteurs de la fili\u00e8re dans la baisse du prix du pain de 190 grammes. D\u2019apr\u00e8s les calculs de cette association, avec la baisse du sac de farine qui passe de 19200 \u00e0 15200 FCFA, le gouvernement ne prend en charge que 1355 FCFA \u00a0sur le prix du sac de farine \u00e0 travers le renoncement sur les droits de douane et autres taxes sur la valeur ajout\u00e9e. Les 2645 FCFA restants demeurent incertains, selon eux. Face \u00e0 cette situation, ils annoncent un retrait dans la production de la farine de bl\u00e9, principal \u00e9l\u00e9ment dans la fabrication du pain. Cela signifie que les boulangers, qui malgr\u00e9 tout avaient accept\u00e9 de vendre le pain de 190 grammes \u00e0 150 FCFA, ne pourront plus le faire d\u2019ici quelques jours car, ils n\u2019auront plus de farine \u00e0 disposition. A quoi joue alors l\u2019AMIS\u00a0?<\/p>\n<p>Dans leur communiqu\u00e9, ils expliquent qu\u2019ils ne peuvent pas vendre \u00e0 perte conform\u00e9ment \u00e0 la loi. Ils avancent \u00e9galement qu\u2019ils risquent de proc\u00e9der \u00e0 des licenciements. Ces affirmations ressemblent fort \u00e0 des menaces face \u00e0 un gouvernement qui vient juste de s\u2019installer. Un gouvernement qui n\u2019a \u00e0 la v\u00e9rit\u00e9 comme seul tort de vouloir am\u00e9liorer les conditions de vie des millions de s\u00e9n\u00e9galais gravement \u00e9prouv\u00e9s par un co\u00fbt de la vie intenable et qu\u2019ils ont pourtant dignement support\u00e9 au cours de ces derni\u00e8res ann\u00e9es. Une p\u00e9riode marqu\u00e9e \u00a0par les effets n\u00e9fastes de la crise russo-ukrainienne.<\/p>\n<p>L\u2019\u00e9tat doit-il \u00eatre le seul \u00e0 consentir des sacrifices pour faire avancer la situation\u00a0? Assur\u00e9ment non. Tous les acteurs \u00e9conomiques doivent participer \u00e0 cet effort national dans lequel s\u2019est engag\u00e9 le nouveau gouvernement et dont le but principal n\u2019est rien d\u2019autre que l\u2019am\u00e9lioration des conditions de vie des populations les plus vuln\u00e9rables. L\u2019Association des meuniers se doit d\u2019accompagner le gouvernement dans cette entreprise. Ils ont plusieurs fois b\u00e9n\u00e9fici\u00e9 de situations favorables. Les cours mondiaux du bl\u00e9 ont connu plusieurs fois des baisses qui n\u2019ont pas \u00e9t\u00e9 r\u00e9percut\u00e9es sur les prix du pain. Combien de fois les boulangers ont r\u00e9clam\u00e9 une baisse sur le prix du sac de farine sans que \u00a0l\u2019\u00e9tat ne les suive.<\/p>\n<p>Cette mesure de baisse du prix du pain de 190 grammes doit \u00eatre appliqu\u00e9e. Elle doit rencontrer un succ\u00e8s. Elle ne doit pas \u00e9chouer \u00e0 cause \u00a0des int\u00e9r\u00eats \u00e9go\u00efstes de certains milieux d\u2019affaires. L\u2019Etat se doit de prendre d\u00e8s lors toutes ses responsabilit\u00e9s.<\/p>\n","protected":false},"excerpt":{"rendered":"<p>Les efforts importants consentis (renoncement \u00e0 plus de 53 milliards FCFA) par le gouvernement n\u2019auront apparemment \u00a0pas suffi \u00a0pour r\u00e9ussir le pari de baisser les&#8230;<\/p>\n","protected":false},"author":3,"featured_media":6605,"comment_status":"closed","ping_status":"open","sticky":false,"template":"","format":"standard","meta":{"_jetpack_memberships_contains_paid_content":false,"footnotes":""},"categories":[23,16],"tags":[],"class_list":["post-6602","post","type-post","status-publish","format-standard","has-post-thumbnail","hentry","category-a-la-une","category-contribution","wpcat-23-id","wpcat-16-id"],"yoast_head":"<!-- This site is optimized with the Yoast SEO plugin v27.1.1 - https:\/\/yoast.com\/product\/yoast-seo-wordpress\/ -->\n<title>A quel jeu joue l\u2019Association des meuniers et industriels du S\u00e9n\u00e9gal (AMIS) ? - challenges economiques<\/title>\n<meta name=\"robots\" content=\"index, follow, max-snippet:-1, max-image-preview:large, max-video-preview:-1\" \/>\n<link rel=\"canonical\" href=\"https:\/\/challengeseconomiques.com\/?p=6602\" \/>\n<meta property=\"og:locale\" content=\"fr_FR\" \/>\n<meta property=\"og:type\" content=\"article\" \/>\n<meta property=\"og:title\" content=\"A quel jeu joue l\u2019Association des meuniers et industriels du S\u00e9n\u00e9gal (AMIS) ? - challenges economiques\" \/>\n<meta property=\"og:description\" content=\"Les efforts importants consentis (renoncement \u00e0 plus de 53 milliards FCFA) par le gouvernement n\u2019auront apparemment \u00a0pas suffi \u00a0pour r\u00e9ussir le pari de baisser les...\" \/>\n<meta property=\"og:url\" content=\"https:\/\/challengeseconomiques.com\/?p=6602\" \/>\n<meta property=\"og:site_name\" content=\"challenges economiques\" \/>\n<meta property=\"article:published_time\" content=\"2024-06-24T16:08:49+00:00\" \/>\n<meta property=\"article:modified_time\" content=\"2024-06-24T16:11:51+00:00\" \/>\n<meta property=\"og:image\" content=\"https:\/\/challengeseconomiques.com\/wp-content\/uploads\/2024\/06\/amis.jpg\" \/>\n\t<meta property=\"og:image:width\" content=\"818\" \/>\n\t<meta property=\"og:image:height\" content=\"474\" \/>\n\t<meta property=\"og:image:type\" content=\"image\/jpeg\" \/>\n<meta name=\"author\" content=\"aliou kane ndiaye\" \/>\n<meta name=\"twitter:card\" content=\"summary_large_image\" \/>\n<meta name=\"twitter:label1\" content=\"\u00c9crit par\" \/>\n\t<meta name=\"twitter:data1\" content=\"aliou kane ndiaye\" \/>\n\t<meta name=\"twitter:label2\" content=\"Dur\u00e9e de lecture estim\u00e9e\" \/>\n\t<meta name=\"twitter:data2\" content=\"3 minutes\" \/>\n<script type=\"application\/ld+json\" class=\"yoast-schema-graph\">{\"@context\":\"https:\/\/schema.org\",\"@graph\":[{\"@type\":\"Article\",\"@id\":\"https:\/\/challengeseconomiques.com\/?p=6602#article\",\"isPartOf\":{\"@id\":\"https:\/\/challengeseconomiques.com\/?p=6602\"},\"author\":{\"name\":\"aliou kane ndiaye\",\"@id\":\"https:\/\/challengeseconomiques.com\/#\/schema\/person\/2f70a31e102db1741c1a1c00c2bbd8a6\"},\"headline\":\"A quel jeu joue l\u2019Association des meuniers et industriels du S\u00e9n\u00e9gal (AMIS) ?\",\"datePublished\":\"2024-06-24T16:08:49+00:00\",\"dateModified\":\"2024-06-24T16:11:51+00:00\",\"mainEntityOfPage\":{\"@id\":\"https:\/\/challengeseconomiques.com\/?p=6602\"},\"wordCount\":518,\"image\":{\"@id\":\"https:\/\/challengeseconomiques.com\/?p=6602#primaryimage\"},\"thumbnailUrl\":\"https:\/\/challengeseconomiques.com\/wp-content\/uploads\/2024\/06\/amis.jpg\",\"articleSection\":[\"A la une\",\"Contribution\"],\"inLanguage\":\"fr-FR\"},{\"@type\":\"WebPage\",\"@id\":\"https:\/\/challengeseconomiques.com\/?p=6602\",\"url\":\"https:\/\/challengeseconomiques.com\/?p=6602\",\"name\":\"A quel jeu joue l\u2019Association des meuniers et industriels du S\u00e9n\u00e9gal (AMIS) ? - challenges economiques\",\"isPartOf\":{\"@id\":\"https:\/\/challengeseconomiques.com\/#website\"},\"primaryImageOfPage\":{\"@id\":\"https:\/\/challengeseconomiques.com\/?p=6602#primaryimage\"},\"image\":{\"@id\":\"https:\/\/challengeseconomiques.com\/?p=6602#primaryimage\"},\"thumbnailUrl\":\"https:\/\/challengeseconomiques.com\/wp-content\/uploads\/2024\/06\/amis.jpg\",\"datePublished\":\"2024-06-24T16:08:49+00:00\",\"dateModified\":\"2024-06-24T16:11:51+00:00\",\"author\":{\"@id\":\"https:\/\/challengeseconomiques.com\/#\/schema\/person\/2f70a31e102db1741c1a1c00c2bbd8a6\"},\"breadcrumb\":{\"@id\":\"https:\/\/challengeseconomiques.com\/?p=6602#breadcrumb\"},\"inLanguage\":\"fr-FR\",\"potentialAction\":[{\"@type\":\"ReadAction\",\"target\":[\"https:\/\/challengeseconomiques.com\/?p=6602\"]}]},{\"@type\":\"ImageObject\",\"inLanguage\":\"fr-FR\",\"@id\":\"https:\/\/challengeseconomiques.com\/?p=6602#primaryimage\",\"url\":\"https:\/\/challengeseconomiques.com\/wp-content\/uploads\/2024\/06\/amis.jpg\",\"contentUrl\":\"https:\/\/challengeseconomiques.com\/wp-content\/uploads\/2024\/06\/amis.jpg\",\"width\":818,\"height\":474},{\"@type\":\"BreadcrumbList\",\"@id\":\"https:\/\/challengeseconomiques.com\/?p=6602#breadcrumb\",\"itemListElement\":[{\"@type\":\"ListItem\",\"position\":1,\"name\":\"Home\",\"item\":\"https:\/\/challengeseconomiques.com\/\"},{\"@type\":\"ListItem\",\"position\":2,\"name\":\"A quel jeu joue l\u2019Association des meuniers et industriels du S\u00e9n\u00e9gal (AMIS) ?\"}]},{\"@type\":\"WebSite\",\"@id\":\"https:\/\/challengeseconomiques.com\/#website\",\"url\":\"https:\/\/challengeseconomiques.com\/\",\"name\":\"challenges economiques\",\"description\":\"\",\"potentialAction\":[{\"@type\":\"SearchAction\",\"target\":{\"@type\":\"EntryPoint\",\"urlTemplate\":\"https:\/\/challengeseconomiques.com\/?s={search_term_string}\"},\"query-input\":{\"@type\":\"PropertyValueSpecification\",\"valueRequired\":true,\"valueName\":\"search_term_string\"}}],\"inLanguage\":\"fr-FR\"},{\"@type\":\"Person\",\"@id\":\"https:\/\/challengeseconomiques.com\/#\/schema\/person\/2f70a31e102db1741c1a1c00c2bbd8a6\",\"name\":\"aliou kane ndiaye\",\"image\":{\"@type\":\"ImageObject\",\"inLanguage\":\"fr-FR\",\"@id\":\"https:\/\/challengeseconomiques.com\/#\/schema\/person\/image\/\",\"url\":\"https:\/\/secure.gravatar.com\/avatar\/df942321e58711a9f1fee838e446766660477bacd4b42fa20400d2c7cf4da7ca?s=96&d=mm&r=g\",\"contentUrl\":\"https:\/\/secure.gravatar.com\/avatar\/df942321e58711a9f1fee838e446766660477bacd4b42fa20400d2c7cf4da7ca?s=96&d=mm&r=g\",\"caption\":\"aliou kane ndiaye\"},\"sameAs\":[\"http:\/\/www.challengeseconomiques.com\"],\"url\":\"https:\/\/challengeseconomiques.com\/?author=3\"}]}<\/script>\n<!-- \/ Yoast SEO plugin. -->","yoast_head_json":{"title":"A quel jeu joue l\u2019Association des meuniers et industriels du S\u00e9n\u00e9gal (AMIS) ? - challenges economiques","robots":{"index":"index","follow":"follow","max-snippet":"max-snippet:-1","max-image-preview":"max-image-preview:large","max-video-preview":"max-video-preview:-1"},"canonical":"https:\/\/challengeseconomiques.com\/?p=6602","og_locale":"fr_FR","og_type":"article","og_title":"A quel jeu joue l\u2019Association des meuniers et industriels du S\u00e9n\u00e9gal (AMIS) ? - challenges economiques","og_description":"Les efforts importants consentis (renoncement \u00e0 plus de 53 milliards FCFA) par le gouvernement n\u2019auront apparemment \u00a0pas suffi \u00a0pour r\u00e9ussir le pari de baisser les...","og_url":"https:\/\/challengeseconomiques.com\/?p=6602","og_site_name":"challenges economiques","article_published_time":"2024-06-24T16:08:49+00:00","article_modified_time":"2024-06-24T16:11:51+00:00","og_image":[{"width":818,"height":474,"url":"https:\/\/challengeseconomiques.com\/wp-content\/uploads\/2024\/06\/amis.jpg","type":"image\/jpeg"}],"author":"aliou kane ndiaye","twitter_card":"summary_large_image","twitter_misc":{"\u00c9crit par":"aliou kane ndiaye","Dur\u00e9e de lecture estim\u00e9e":"3 minutes"},"schema":{"@context":"https:\/\/schema.org","@graph":[{"@type":"Article","@id":"https:\/\/challengeseconomiques.com\/?p=6602#article","isPartOf":{"@id":"https:\/\/challengeseconomiques.com\/?p=6602"},"author":{"name":"aliou kane ndiaye","@id":"https:\/\/challengeseconomiques.com\/#\/schema\/person\/2f70a31e102db1741c1a1c00c2bbd8a6"},"headline":"A quel jeu joue l\u2019Association des meuniers et industriels du S\u00e9n\u00e9gal (AMIS) ?","datePublished":"2024-06-24T16:08:49+00:00","dateModified":"2024-06-24T16:11:51+00:00","mainEntityOfPage":{"@id":"https:\/\/challengeseconomiques.com\/?p=6602"},"wordCount":518,"image":{"@id":"https:\/\/challengeseconomiques.com\/?p=6602#primaryimage"},"thumbnailUrl":"https:\/\/challengeseconomiques.com\/wp-content\/uploads\/2024\/06\/amis.jpg","articleSection":["A la une","Contribution"],"inLanguage":"fr-FR"},{"@type":"WebPage","@id":"https:\/\/challengeseconomiques.com\/?p=6602","url":"https:\/\/challengeseconomiques.com\/?p=6602","name":"A quel jeu joue l\u2019Association des meuniers et industriels du S\u00e9n\u00e9gal (AMIS) ? - challenges economiques","isPartOf":{"@id":"https:\/\/challengeseconomiques.com\/#website"},"primaryImageOfPage":{"@id":"https:\/\/challengeseconomiques.com\/?p=6602#primaryimage"},"image":{"@id":"https:\/\/challengeseconomiques.com\/?p=6602#primaryimage"},"thumbnailUrl":"https:\/\/challengeseconomiques.com\/wp-content\/uploads\/2024\/06\/amis.jpg","datePublished":"2024-06-24T16:08:49+00:00","dateModified":"2024-06-24T16:11:51+00:00","author":{"@id":"https:\/\/challengeseconomiques.com\/#\/schema\/person\/2f70a31e102db1741c1a1c00c2bbd8a6"},"breadcrumb":{"@id":"https:\/\/challengeseconomiques.com\/?p=6602#breadcrumb"},"inLanguage":"fr-FR","potentialAction":[{"@type":"ReadAction","target":["https:\/\/challengeseconomiques.com\/?p=6602"]}]},{"@type":"ImageObject","inLanguage":"fr-FR","@id":"https:\/\/challengeseconomiques.com\/?p=6602#primaryimage","url":"https:\/\/challengeseconomiques.com\/wp-content\/uploads\/2024\/06\/amis.jpg","contentUrl":"https:\/\/challengeseconomiques.com\/wp-content\/uploads\/2024\/06\/amis.jpg","width":818,"height":474},{"@type":"BreadcrumbList","@id":"https:\/\/challengeseconomiques.com\/?p=6602#breadcrumb","itemListElement":[{"@type":"ListItem","position":1,"name":"Home","item":"https:\/\/challengeseconomiques.com\/"},{"@type":"ListItem","position":2,"name":"A quel jeu joue l\u2019Association des meuniers et industriels du S\u00e9n\u00e9gal (AMIS) ?"}]},{"@type":"WebSite","@id":"https:\/\/challengeseconomiques.com\/#website","url":"https:\/\/challengeseconomiques.com\/","name":"challenges economiques","description":"","potentialAction":[{"@type":"SearchAction","target":{"@type":"EntryPoint","urlTemplate":"https:\/\/challengeseconomiques.com\/?s={search_term_string}"},"query-input":{"@type":"PropertyValueSpecification","valueRequired":true,"valueName":"search_term_string"}}],"inLanguage":"fr-FR"},{"@type":"Person","@id":"https:\/\/challengeseconomiques.com\/#\/schema\/person\/2f70a31e102db1741c1a1c00c2bbd8a6","name":"aliou kane ndiaye","image":{"@type":"ImageObject","inLanguage":"fr-FR","@id":"https:\/\/challengeseconomiques.com\/#\/schema\/person\/image\/","url":"https:\/\/secure.gravatar.com\/avatar\/df942321e58711a9f1fee838e446766660477bacd4b42fa20400d2c7cf4da7ca?s=96&d=mm&r=g","contentUrl":"https:\/\/secure.gravatar.com\/avatar\/df942321e58711a9f1fee838e446766660477bacd4b42fa20400d2c7cf4da7ca?s=96&d=mm&r=g","caption":"aliou kane ndiaye"},"sameAs":["http:\/\/www.challengeseconomiques.com"],"url":"https:\/\/challengeseconomiques.com\/?author=3"}]}},"jetpack_featured_media_url":"https:\/\/challengeseconomiques.com\/wp-content\/uploads\/2024\/06\/amis.jpg","jetpack_sharing_enabled":true,"_links":{"self":[{"href":"https:\/\/challengeseconomiques.com\/index.php?rest_route=\/wp\/v2\/posts\/6602","targetHints":{"allow":["GET"]}}],"collection":[{"href":"https:\/\/challengeseconomiques.com\/index.php?rest_route=\/wp\/v2\/posts"}],"about":[{"href":"https:\/\/challengeseconomiques.com\/index.php?rest_route=\/wp\/v2\/types\/post"}],"author":[{"embeddable":true,"href":"https:\/\/challengeseconomiques.com\/index.php?rest_route=\/wp\/v2\/users\/3"}],"replies":[{"embeddable":true,"href":"https:\/\/challengeseconomiques.com\/index.php?rest_route=%2Fwp%2Fv2%2Fcomments&post=6602"}],"version-history":[{"count":1,"href":"https:\/\/challengeseconomiques.com\/index.php?rest_route=\/wp\/v2\/posts\/6602\/revisions"}],"predecessor-version":[{"id":6604,"href":"https:\/\/challengeseconomiques.com\/index.php?rest_route=\/wp\/v2\/posts\/6602\/revisions\/6604"}],"wp:featuredmedia":[{"embeddable":true,"href":"https:\/\/challengeseconomiques.com\/index.php?rest_route=\/wp\/v2\/media\/6605"}],"wp:attachment":[{"href":"https:\/\/challengeseconomiques.com\/index.php?rest_route=%2Fwp%2Fv2%2Fmedia&parent=6602"}],"wp:term":[{"taxonomy":"category","embeddable":true,"href":"https:\/\/challengeseconomiques.com\/index.php?rest_route=%2Fwp%2Fv2%2Fcategories&post=6602"},{"taxonomy":"post_tag","embeddable":true,"href":"https:\/\/challengeseconomiques.com\/index.php?rest_route=%2Fwp%2Fv2%2Ftags&post=6602"}],"curies":[{"name":"wp","href":"https:\/\/api.w.org\/{rel}","templated":true}]}}