{"id":6595,"date":"2024-06-24T14:36:22","date_gmt":"2024-06-24T14:36:22","guid":{"rendered":"https:\/\/challengeseconomiques.com\/?p=6595"},"modified":"2024-06-24T14:39:23","modified_gmt":"2024-06-24T14:39:23","slug":"pacasen-financement-additionnel-de-110-millions-de-dollars","status":"publish","type":"post","link":"https:\/\/challengeseconomiques.com\/?p=6595","title":{"rendered":"PACASEN : Financement  additionnel de 110 millions de dollars"},"content":{"rendered":"<p><strong>Keiko Miwa, Directrice des op\u00e9rations de la Banque Mondiale pour\u00a0 le S\u00e9n\u00e9gal<\/strong><\/p>\n<p><strong>La Banque mondiale a octroy\u00e9 un financement additionnel de 110 millions de dollars dans le cadre du Programme d&rsquo;Appui aux Communes et Agglom\u00e9rations du S\u00e9n\u00e9gal (PACASEN), le vendredi 21 juin 2024. L\u2019objectif est d\u2019intensifier les efforts pour am\u00e9liorer le financement des collectivit\u00e9s locales et leur gestion des investissements publics. Le m\u00e9canisme s\u2019inscrit dans le cadre du programme de financement ax\u00e9 sur les r\u00e9sultats, d\u2019apr\u00e8s le communiqu\u00e9 de l\u2019Institution financi\u00e8re internationale.\u00a0<\/strong><\/p>\n<p>Le financement est constitu\u00e9 entre autres des 50 millions de dollars de l\u2019Association Internationale de D\u00e9veloppement (IDA), des 37 millions de dollars de l\u2019Agence Fran\u00e7aise de D\u00e9veloppement (AFD) et 27 millions de l\u2019Etat du S\u00e9n\u00e9gal.<\/p>\n<p>Les domaines cibl\u00e9s sont les r\u00e9formes fiscales, la transparence, la redevabilit\u00e9 et le financement en mettant l\u2019accent sur la performance des collectivit\u00e9s territoriales. Le financement prend \u00e9galement en compte la r\u00e9silience climatique dans le cadre r\u00e9glementaire s\u00e9n\u00e9galais pour les investissements des collectivit\u00e9s locales, leur \u00e9valuation annuelle de la performance et le renforcement des capacit\u00e9s.<\/p>\n<p>La directrice des op\u00e9rations de la Banque Mondiale pour le Cabo Verde, la Gambie, la Guin\u00e9e-Bissau, la Mauritanie et le S\u00e9n\u00e9gal, Keiko Miwa s\u2019est r\u00e9jouie que depuis 2018, le PACASEN a am\u00e9lior\u00e9 les performances de 124 collectivit\u00e9s locales b\u00e9n\u00e9ficiaires en mati\u00e8re de planification des investissements, de gestion fiduciaire, de garanties et d&rsquo;engagement des citoyens. Elle assure que ce financement additionnel va s\u2019appuyer sur ces avanc\u00e9es en promouvant un cadre r\u00e9glementaire pour lutter contre le changement climatique au niveau local et en guidant les collectivit\u00e9s locales dans la mise en \u0153uvre des politiques climatiques du S\u00e9n\u00e9gal.<\/p>\n<p>Lanc\u00e9\u00a0 en 2018, le PACASEN est \u00e0 son quatri\u00e8me cycle de transferts dans le syst\u00e8me budg\u00e9taire du S\u00e9n\u00e9gal. Ce financement additionnel de deux ans prolonge l&rsquo;horizon temporel du Programme jusqu&rsquo;en d\u00e9cembre 2026 et augmente son enveloppe initiale de 260 millions de dollars \u00e0 un total de 370 millions de dollars.<\/p>\n","protected":false},"excerpt":{"rendered":"<p>Keiko Miwa, Directrice des op\u00e9rations de la Banque Mondiale pour\u00a0 le S\u00e9n\u00e9gal La Banque mondiale a octroy\u00e9 un financement additionnel de 110 millions de dollars&#8230;<\/p>\n","protected":false},"author":3,"featured_media":6597,"comment_status":"closed","ping_status":"open","sticky":false,"template":"","format":"standard","meta":{"_jetpack_memberships_contains_paid_content":false,"footnotes":""},"categories":[8],"tags":[],"class_list":["post-6595","post","type-post","status-publish","format-standard","has-post-thumbnail","hentry","category-actualite-economique","wpcat-8-id"],"yoast_head":"<!-- This site is optimized with the Yoast SEO plugin v27.1.1 - https:\/\/yoast.com\/product\/yoast-seo-wordpress\/ -->\n<title>PACASEN : Financement additionnel de 110 millions de dollars - challenges economiques<\/title>\n<meta name=\"robots\" content=\"index, follow, max-snippet:-1, max-image-preview:large, max-video-preview:-1\" \/>\n<link rel=\"canonical\" href=\"https:\/\/challengeseconomiques.com\/?p=6595\" \/>\n<meta property=\"og:locale\" content=\"fr_FR\" \/>\n<meta property=\"og:type\" content=\"article\" \/>\n<meta property=\"og:title\" content=\"PACASEN : Financement additionnel de 110 millions de dollars - challenges economiques\" \/>\n<meta property=\"og:description\" content=\"Keiko Miwa, Directrice des op\u00e9rations de la Banque Mondiale pour\u00a0 le S\u00e9n\u00e9gal La Banque mondiale a octroy\u00e9 un financement additionnel de 110 millions de dollars...\" \/>\n<meta property=\"og:url\" content=\"https:\/\/challengeseconomiques.com\/?p=6595\" \/>\n<meta property=\"og:site_name\" content=\"challenges economiques\" \/>\n<meta property=\"article:published_time\" content=\"2024-06-24T14:36:22+00:00\" \/>\n<meta property=\"article:modified_time\" content=\"2024-06-24T14:39:23+00:00\" \/>\n<meta property=\"og:image\" content=\"https:\/\/challengeseconomiques.com\/wp-content\/uploads\/2024\/06\/keiko-miwa.jpg\" \/>\n\t<meta property=\"og:image:width\" content=\"1080\" \/>\n\t<meta property=\"og:image:height\" content=\"720\" \/>\n\t<meta property=\"og:image:type\" content=\"image\/jpeg\" \/>\n<meta name=\"author\" content=\"aliou kane ndiaye\" \/>\n<meta name=\"twitter:card\" content=\"summary_large_image\" \/>\n<meta name=\"twitter:label1\" content=\"\u00c9crit par\" \/>\n\t<meta name=\"twitter:data1\" content=\"aliou kane ndiaye\" \/>\n\t<meta name=\"twitter:label2\" content=\"Dur\u00e9e de lecture estim\u00e9e\" \/>\n\t<meta name=\"twitter:data2\" content=\"2 minutes\" \/>\n<script type=\"application\/ld+json\" class=\"yoast-schema-graph\">{\"@context\":\"https:\/\/schema.org\",\"@graph\":[{\"@type\":\"Article\",\"@id\":\"https:\/\/challengeseconomiques.com\/?p=6595#article\",\"isPartOf\":{\"@id\":\"https:\/\/challengeseconomiques.com\/?p=6595\"},\"author\":{\"name\":\"aliou kane ndiaye\",\"@id\":\"https:\/\/challengeseconomiques.com\/#\/schema\/person\/2f70a31e102db1741c1a1c00c2bbd8a6\"},\"headline\":\"PACASEN : Financement additionnel de 110 millions de dollars\",\"datePublished\":\"2024-06-24T14:36:22+00:00\",\"dateModified\":\"2024-06-24T14:39:23+00:00\",\"mainEntityOfPage\":{\"@id\":\"https:\/\/challengeseconomiques.com\/?p=6595\"},\"wordCount\":371,\"image\":{\"@id\":\"https:\/\/challengeseconomiques.com\/?p=6595#primaryimage\"},\"thumbnailUrl\":\"https:\/\/challengeseconomiques.com\/wp-content\/uploads\/2024\/06\/keiko-miwa.jpg\",\"articleSection\":[\"Actualit\u00e9 \u00e9conomique\"],\"inLanguage\":\"fr-FR\"},{\"@type\":\"WebPage\",\"@id\":\"https:\/\/challengeseconomiques.com\/?p=6595\",\"url\":\"https:\/\/challengeseconomiques.com\/?p=6595\",\"name\":\"PACASEN : Financement additionnel de 110 millions de dollars - challenges economiques\",\"isPartOf\":{\"@id\":\"https:\/\/challengeseconomiques.com\/#website\"},\"primaryImageOfPage\":{\"@id\":\"https:\/\/challengeseconomiques.com\/?p=6595#primaryimage\"},\"image\":{\"@id\":\"https:\/\/challengeseconomiques.com\/?p=6595#primaryimage\"},\"thumbnailUrl\":\"https:\/\/challengeseconomiques.com\/wp-content\/uploads\/2024\/06\/keiko-miwa.jpg\",\"datePublished\":\"2024-06-24T14:36:22+00:00\",\"dateModified\":\"2024-06-24T14:39:23+00:00\",\"author\":{\"@id\":\"https:\/\/challengeseconomiques.com\/#\/schema\/person\/2f70a31e102db1741c1a1c00c2bbd8a6\"},\"breadcrumb\":{\"@id\":\"https:\/\/challengeseconomiques.com\/?p=6595#breadcrumb\"},\"inLanguage\":\"fr-FR\",\"potentialAction\":[{\"@type\":\"ReadAction\",\"target\":[\"https:\/\/challengeseconomiques.com\/?p=6595\"]}]},{\"@type\":\"ImageObject\",\"inLanguage\":\"fr-FR\",\"@id\":\"https:\/\/challengeseconomiques.com\/?p=6595#primaryimage\",\"url\":\"https:\/\/challengeseconomiques.com\/wp-content\/uploads\/2024\/06\/keiko-miwa.jpg\",\"contentUrl\":\"https:\/\/challengeseconomiques.com\/wp-content\/uploads\/2024\/06\/keiko-miwa.jpg\",\"width\":1080,\"height\":720},{\"@type\":\"BreadcrumbList\",\"@id\":\"https:\/\/challengeseconomiques.com\/?p=6595#breadcrumb\",\"itemListElement\":[{\"@type\":\"ListItem\",\"position\":1,\"name\":\"Home\",\"item\":\"https:\/\/challengeseconomiques.com\/\"},{\"@type\":\"ListItem\",\"position\":2,\"name\":\"PACASEN : Financement additionnel de 110 millions de dollars\"}]},{\"@type\":\"WebSite\",\"@id\":\"https:\/\/challengeseconomiques.com\/#website\",\"url\":\"https:\/\/challengeseconomiques.com\/\",\"name\":\"challenges economiques\",\"description\":\"\",\"potentialAction\":[{\"@type\":\"SearchAction\",\"target\":{\"@type\":\"EntryPoint\",\"urlTemplate\":\"https:\/\/challengeseconomiques.com\/?s={search_term_string}\"},\"query-input\":{\"@type\":\"PropertyValueSpecification\",\"valueRequired\":true,\"valueName\":\"search_term_string\"}}],\"inLanguage\":\"fr-FR\"},{\"@type\":\"Person\",\"@id\":\"https:\/\/challengeseconomiques.com\/#\/schema\/person\/2f70a31e102db1741c1a1c00c2bbd8a6\",\"name\":\"aliou kane ndiaye\",\"image\":{\"@type\":\"ImageObject\",\"inLanguage\":\"fr-FR\",\"@id\":\"https:\/\/challengeseconomiques.com\/#\/schema\/person\/image\/\",\"url\":\"https:\/\/secure.gravatar.com\/avatar\/df942321e58711a9f1fee838e446766660477bacd4b42fa20400d2c7cf4da7ca?s=96&d=mm&r=g\",\"contentUrl\":\"https:\/\/secure.gravatar.com\/avatar\/df942321e58711a9f1fee838e446766660477bacd4b42fa20400d2c7cf4da7ca?s=96&d=mm&r=g\",\"caption\":\"aliou kane ndiaye\"},\"sameAs\":[\"http:\/\/www.challengeseconomiques.com\"],\"url\":\"https:\/\/challengeseconomiques.com\/?author=3\"}]}<\/script>\n<!-- \/ Yoast SEO plugin. -->","yoast_head_json":{"title":"PACASEN : Financement additionnel de 110 millions de dollars - challenges economiques","robots":{"index":"index","follow":"follow","max-snippet":"max-snippet:-1","max-image-preview":"max-image-preview:large","max-video-preview":"max-video-preview:-1"},"canonical":"https:\/\/challengeseconomiques.com\/?p=6595","og_locale":"fr_FR","og_type":"article","og_title":"PACASEN : Financement additionnel de 110 millions de dollars - challenges economiques","og_description":"Keiko Miwa, Directrice des op\u00e9rations de la Banque Mondiale pour\u00a0 le S\u00e9n\u00e9gal La Banque mondiale a octroy\u00e9 un financement additionnel de 110 millions de dollars...","og_url":"https:\/\/challengeseconomiques.com\/?p=6595","og_site_name":"challenges economiques","article_published_time":"2024-06-24T14:36:22+00:00","article_modified_time":"2024-06-24T14:39:23+00:00","og_image":[{"width":1080,"height":720,"url":"https:\/\/challengeseconomiques.com\/wp-content\/uploads\/2024\/06\/keiko-miwa.jpg","type":"image\/jpeg"}],"author":"aliou kane ndiaye","twitter_card":"summary_large_image","twitter_misc":{"\u00c9crit par":"aliou kane ndiaye","Dur\u00e9e de lecture estim\u00e9e":"2 minutes"},"schema":{"@context":"https:\/\/schema.org","@graph":[{"@type":"Article","@id":"https:\/\/challengeseconomiques.com\/?p=6595#article","isPartOf":{"@id":"https:\/\/challengeseconomiques.com\/?p=6595"},"author":{"name":"aliou kane ndiaye","@id":"https:\/\/challengeseconomiques.com\/#\/schema\/person\/2f70a31e102db1741c1a1c00c2bbd8a6"},"headline":"PACASEN : Financement additionnel de 110 millions de dollars","datePublished":"2024-06-24T14:36:22+00:00","dateModified":"2024-06-24T14:39:23+00:00","mainEntityOfPage":{"@id":"https:\/\/challengeseconomiques.com\/?p=6595"},"wordCount":371,"image":{"@id":"https:\/\/challengeseconomiques.com\/?p=6595#primaryimage"},"thumbnailUrl":"https:\/\/challengeseconomiques.com\/wp-content\/uploads\/2024\/06\/keiko-miwa.jpg","articleSection":["Actualit\u00e9 \u00e9conomique"],"inLanguage":"fr-FR"},{"@type":"WebPage","@id":"https:\/\/challengeseconomiques.com\/?p=6595","url":"https:\/\/challengeseconomiques.com\/?p=6595","name":"PACASEN : Financement additionnel de 110 millions de dollars - challenges economiques","isPartOf":{"@id":"https:\/\/challengeseconomiques.com\/#website"},"primaryImageOfPage":{"@id":"https:\/\/challengeseconomiques.com\/?p=6595#primaryimage"},"image":{"@id":"https:\/\/challengeseconomiques.com\/?p=6595#primaryimage"},"thumbnailUrl":"https:\/\/challengeseconomiques.com\/wp-content\/uploads\/2024\/06\/keiko-miwa.jpg","datePublished":"2024-06-24T14:36:22+00:00","dateModified":"2024-06-24T14:39:23+00:00","author":{"@id":"https:\/\/challengeseconomiques.com\/#\/schema\/person\/2f70a31e102db1741c1a1c00c2bbd8a6"},"breadcrumb":{"@id":"https:\/\/challengeseconomiques.com\/?p=6595#breadcrumb"},"inLanguage":"fr-FR","potentialAction":[{"@type":"ReadAction","target":["https:\/\/challengeseconomiques.com\/?p=6595"]}]},{"@type":"ImageObject","inLanguage":"fr-FR","@id":"https:\/\/challengeseconomiques.com\/?p=6595#primaryimage","url":"https:\/\/challengeseconomiques.com\/wp-content\/uploads\/2024\/06\/keiko-miwa.jpg","contentUrl":"https:\/\/challengeseconomiques.com\/wp-content\/uploads\/2024\/06\/keiko-miwa.jpg","width":1080,"height":720},{"@type":"BreadcrumbList","@id":"https:\/\/challengeseconomiques.com\/?p=6595#breadcrumb","itemListElement":[{"@type":"ListItem","position":1,"name":"Home","item":"https:\/\/challengeseconomiques.com\/"},{"@type":"ListItem","position":2,"name":"PACASEN : Financement additionnel de 110 millions de dollars"}]},{"@type":"WebSite","@id":"https:\/\/challengeseconomiques.com\/#website","url":"https:\/\/challengeseconomiques.com\/","name":"challenges economiques","description":"","potentialAction":[{"@type":"SearchAction","target":{"@type":"EntryPoint","urlTemplate":"https:\/\/challengeseconomiques.com\/?s={search_term_string}"},"query-input":{"@type":"PropertyValueSpecification","valueRequired":true,"valueName":"search_term_string"}}],"inLanguage":"fr-FR"},{"@type":"Person","@id":"https:\/\/challengeseconomiques.com\/#\/schema\/person\/2f70a31e102db1741c1a1c00c2bbd8a6","name":"aliou kane ndiaye","image":{"@type":"ImageObject","inLanguage":"fr-FR","@id":"https:\/\/challengeseconomiques.com\/#\/schema\/person\/image\/","url":"https:\/\/secure.gravatar.com\/avatar\/df942321e58711a9f1fee838e446766660477bacd4b42fa20400d2c7cf4da7ca?s=96&d=mm&r=g","contentUrl":"https:\/\/secure.gravatar.com\/avatar\/df942321e58711a9f1fee838e446766660477bacd4b42fa20400d2c7cf4da7ca?s=96&d=mm&r=g","caption":"aliou kane ndiaye"},"sameAs":["http:\/\/www.challengeseconomiques.com"],"url":"https:\/\/challengeseconomiques.com\/?author=3"}]}},"jetpack_featured_media_url":"https:\/\/challengeseconomiques.com\/wp-content\/uploads\/2024\/06\/keiko-miwa.jpg","jetpack_sharing_enabled":true,"_links":{"self":[{"href":"https:\/\/challengeseconomiques.com\/index.php?rest_route=\/wp\/v2\/posts\/6595","targetHints":{"allow":["GET"]}}],"collection":[{"href":"https:\/\/challengeseconomiques.com\/index.php?rest_route=\/wp\/v2\/posts"}],"about":[{"href":"https:\/\/challengeseconomiques.com\/index.php?rest_route=\/wp\/v2\/types\/post"}],"author":[{"embeddable":true,"href":"https:\/\/challengeseconomiques.com\/index.php?rest_route=\/wp\/v2\/users\/3"}],"replies":[{"embeddable":true,"href":"https:\/\/challengeseconomiques.com\/index.php?rest_route=%2Fwp%2Fv2%2Fcomments&post=6595"}],"version-history":[{"count":1,"href":"https:\/\/challengeseconomiques.com\/index.php?rest_route=\/wp\/v2\/posts\/6595\/revisions"}],"predecessor-version":[{"id":6598,"href":"https:\/\/challengeseconomiques.com\/index.php?rest_route=\/wp\/v2\/posts\/6595\/revisions\/6598"}],"wp:featuredmedia":[{"embeddable":true,"href":"https:\/\/challengeseconomiques.com\/index.php?rest_route=\/wp\/v2\/media\/6597"}],"wp:attachment":[{"href":"https:\/\/challengeseconomiques.com\/index.php?rest_route=%2Fwp%2Fv2%2Fmedia&parent=6595"}],"wp:term":[{"taxonomy":"category","embeddable":true,"href":"https:\/\/challengeseconomiques.com\/index.php?rest_route=%2Fwp%2Fv2%2Fcategories&post=6595"},{"taxonomy":"post_tag","embeddable":true,"href":"https:\/\/challengeseconomiques.com\/index.php?rest_route=%2Fwp%2Fv2%2Ftags&post=6595"}],"curies":[{"name":"wp","href":"https:\/\/api.w.org\/{rel}","templated":true}]}}